{"id":43128,"date":"2011-02-09T15:18:34","date_gmt":"2011-02-09T14:18:34","guid":{"rendered":"http:\/\/www.visit-ulcinj.com\/blog\/?p=43128"},"modified":"2011-02-09T15:19:44","modified_gmt":"2011-02-09T14:19:44","slug":"forca-trazi-od-monstata-da-popise-i-albansku-dijasporu","status":"publish","type":"post","link":"https:\/\/www.visit-ulcinj.com\/blog\/2011\/02\/09\/forca-trazi-od-monstata-da-popise-i-albansku-dijasporu\/","title":{"rendered":"Forca tra\u017ei od Monstata da popi\u0161e i albansku dijasporu"},"content":{"rendered":"<p><a href=\"http:\/\/www.visit-ulcinj.com\/blog\/wp-content\/uploads\/2011\/02\/Nail-Draga_Forca_Ulcinj.jpg\"><img loading=\"lazy\" class=\"alignleft size-full wp-image-43129\" title=\"Nail Draga_Forca_Ulcinj\" src=\"http:\/\/www.visit-ulcinj.com\/blog\/wp-content\/uploads\/2011\/02\/Nail-Draga_Forca_Ulcinj.jpg\" alt=\"\" width=\"490\" height=\"380\" \/><\/a>Odbornik Force Nailj Draga, na konferenciji za novinare, kazao je da je popis stanovni\u0161tva i deklarisanje nacionalne, jezi\u010dke i vjerske pripadnosti, individualna stvar gra\u0111ana.<br \/>\nNumeri\u010dki podaci sa predstoje\u0107eg popisa mogu biti presudni za izradu Zakona o izboru odbornika i poslanika a posebno u dijelu koji obuhvata autenti\u010dno predstavljanje manjinskih naroda, saop\u0161tila je albanska stranka Forca.<\/p>\n<p>Odbornik Force Nailj Draga, na konferenciji za novinare, kazao je da je popis stanovni\u0161tva i deklarisanje nacionalne, jezi\u010dke i vjerske pripadnosti, individualna stvar gra\u0111ana te \u201cda ne bi trebalo da imamo predrasuda kao u vremenu monizma\u201d.<\/p>\n<p>\u201cMe\u0111utim, upravo u vrijeme odr\u017eavanja popisa, parlamentarna komisija treba da privede kraju radnu verziju Predloga izbornog zakona za odbornike i poslanike. Po\u0161to do sada nije postignut konsenzus, svi su izgledi da \u0107e rok ponovo biti prolongiran zbog kona\u010dnih rezultata popisa\u201d, kazao je Draga.<\/p>\n<p>Ocijenio je da je popis stanovni\u0161tva ve\u0107 politizovan te \u201eda su u tom va\u017enom dru\u0161tvenom poduhvatu najglasniji predstavnici Srba koji su izrazili uznemirenost zbog eventualno manjeg procenta nego na prethodnom izja\u0161njavanju 2003\u201c.<\/p>\n<p>\u201cProfesionalna obaveza Monstata je popisivanje dijaspore, i ovdje mislim konkretno na albansku dijasporu, jer po statisti\u010dkim podacima, svaki tre\u0107i Albanac koji je dr\u017eavljanin Crne Gore, nalazi se u inostranstvu. Po\u0161to se zna\u010dajan broj njih nalazi na bira\u010dkom spisku, oni moraju imati ravnopravan tretman sa ostalim gra\u0111anima\u201d, kazao je Draga.<\/p>\n<p><a href=\"http:\/\/www.vijesti.me\/vijesti\/forca-trazi-monstata-da-popise-albansku-dijasporu-clanak-5747\" target=\"_blank\"><strong>Vijesti<\/strong><\/a><\/p>\n","protected":false},"excerpt":{"rendered":"<p>Odbornik Force Nailj Draga, na konferenciji za novinare, kazao je da je popis stanovni\u0161tva i deklarisanje nacionalne, jezi\u010dke i vjerske pripadnosti, individualna stvar gra\u0111ana. Numeri\u010dki podaci sa predstoje\u0107eg popisa mogu biti presudni za izradu Zakona o izboru odbornika i poslanika a posebno u dijelu koji obuhvata autenti\u010dno predstavljanje manjinskih naroda, saop\u0161tila je albanska stranka Forca. [&hellip;]<\/p>\n","protected":false},"author":1,"featured_media":0,"comment_status":"open","ping_status":"closed","sticky":false,"template":"","format":"standard","meta":{"spay_email":"","jetpack_publicize_message":"","jetpack_is_tweetstorm":false,"jetpack_publicize_feature_enabled":true},"categories":[8337],"tags":[1520,2787,17206,180,13471,12617,942],"jetpack_publicize_connections":[],"yoast_head":"<!-- This site is optimized with the Yoast SEO plugin v19.1 - https:\/\/yoast.com\/wordpress\/plugins\/seo\/ -->\n<title>Forca tra\u017ei od Monstata da popi\u0161e i albansku dijasporu - Lajme nga Ulqini<\/title>\n<meta name=\"description\" content=\"Odbornik Force Nailj Draga, na konferenciji za novinare, kazao je da je popis stanovni\u0161tva i deklarisanje nacionalne, jezi\u010dke i vjerske pripadnosti,\" \/>\n<meta name=\"robots\" content=\"index, follow, max-snippet:-1, max-image-preview:large, max-video-preview:-1\" \/>\n<link rel=\"canonical\" href=\"https:\/\/www.visit-ulcinj.com\/blog\/2011\/02\/09\/forca-trazi-od-monstata-da-popise-i-albansku-dijasporu\/\" \/>\n<meta property=\"og:locale\" content=\"en_US\" \/>\n<meta property=\"og:type\" content=\"article\" \/>\n<meta property=\"og:title\" content=\"Forca tra\u017ei od Monstata da popi\u0161e i albansku dijasporu - Lajme nga Ulqini\" \/>\n<meta property=\"og:description\" content=\"Odbornik Force Nailj Draga, na konferenciji za novinare, kazao je da je popis stanovni\u0161tva i deklarisanje nacionalne, jezi\u010dke i vjerske pripadnosti,\" \/>\n<meta property=\"og:url\" content=\"https:\/\/www.visit-ulcinj.com\/blog\/2011\/02\/09\/forca-trazi-od-monstata-da-popise-i-albansku-dijasporu\/\" \/>\n<meta property=\"og:site_name\" content=\"Lajme nga Ulqini\" \/>\n<meta property=\"article:published_time\" content=\"2011-02-09T14:18:34+00:00\" \/>\n<meta property=\"article:modified_time\" content=\"2011-02-09T14:19:44+00:00\" \/>\n<meta property=\"og:image\" content=\"http:\/\/www.visit-ulcinj.com\/blog\/wp-content\/uploads\/2011\/02\/Nail-Draga_Forca_Ulcinj.jpg\" \/>\n<meta name=\"twitter:label1\" content=\"Written by\" \/>\n\t<meta name=\"twitter:data1\" content=\"ulqini\" \/>\n\t<meta name=\"twitter:label2\" content=\"Est. reading time\" \/>\n\t<meta name=\"twitter:data2\" content=\"1 minute\" \/>\n<script type=\"application\/ld+json\" class=\"yoast-schema-graph\">{\"@context\":\"https:\/\/schema.org\",\"@graph\":[{\"@type\":\"WebSite\",\"@id\":\"https:\/\/www.visit-ulcinj.com\/blog\/#website\",\"url\":\"https:\/\/www.visit-ulcinj.com\/blog\/\",\"name\":\"Lajme nga Ulqini\",\"description\":\"Lajme,Vijesti,Ulqini,Ulqin,Crna Gora,Mali i Zi\",\"potentialAction\":[{\"@type\":\"SearchAction\",\"target\":{\"@type\":\"EntryPoint\",\"urlTemplate\":\"https:\/\/www.visit-ulcinj.com\/blog\/?s={search_term_string}\"},\"query-input\":\"required name=search_term_string\"}],\"inLanguage\":\"en-US\"},{\"@type\":\"ImageObject\",\"inLanguage\":\"en-US\",\"@id\":\"https:\/\/www.visit-ulcinj.com\/blog\/2011\/02\/09\/forca-trazi-od-monstata-da-popise-i-albansku-dijasporu\/#primaryimage\",\"url\":\"https:\/\/www.visit-ulcinj.com\/blog\/wp-content\/uploads\/2011\/02\/Nail-Draga_Forca_Ulcinj.jpg\",\"contentUrl\":\"https:\/\/www.visit-ulcinj.com\/blog\/wp-content\/uploads\/2011\/02\/Nail-Draga_Forca_Ulcinj.jpg\",\"width\":\"640\",\"height\":\"425\"},{\"@type\":\"WebPage\",\"@id\":\"https:\/\/www.visit-ulcinj.com\/blog\/2011\/02\/09\/forca-trazi-od-monstata-da-popise-i-albansku-dijasporu\/#webpage\",\"url\":\"https:\/\/www.visit-ulcinj.com\/blog\/2011\/02\/09\/forca-trazi-od-monstata-da-popise-i-albansku-dijasporu\/\",\"name\":\"Forca tra\u017ei od Monstata da popi\u0161e i albansku dijasporu - Lajme nga Ulqini\",\"isPartOf\":{\"@id\":\"https:\/\/www.visit-ulcinj.com\/blog\/#website\"},\"primaryImageOfPage\":{\"@id\":\"https:\/\/www.visit-ulcinj.com\/blog\/2011\/02\/09\/forca-trazi-od-monstata-da-popise-i-albansku-dijasporu\/#primaryimage\"},\"datePublished\":\"2011-02-09T14:18:34+00:00\",\"dateModified\":\"2011-02-09T14:19:44+00:00\",\"author\":{\"@id\":\"https:\/\/www.visit-ulcinj.com\/blog\/#\/schema\/person\/dcab619c614d3038751c63bc2aadc06d\"},\"description\":\"Odbornik Force Nailj Draga, na konferenciji za novinare, kazao je da je popis stanovni\u0161tva i deklarisanje nacionalne, jezi\u010dke i vjerske pripadnosti,\",\"breadcrumb\":{\"@id\":\"https:\/\/www.visit-ulcinj.com\/blog\/2011\/02\/09\/forca-trazi-od-monstata-da-popise-i-albansku-dijasporu\/#breadcrumb\"},\"inLanguage\":\"en-US\",\"potentialAction\":[{\"@type\":\"ReadAction\",\"target\":[\"https:\/\/www.visit-ulcinj.com\/blog\/2011\/02\/09\/forca-trazi-od-monstata-da-popise-i-albansku-dijasporu\/\"]}]},{\"@type\":\"BreadcrumbList\",\"@id\":\"https:\/\/www.visit-ulcinj.com\/blog\/2011\/02\/09\/forca-trazi-od-monstata-da-popise-i-albansku-dijasporu\/#breadcrumb\",\"itemListElement\":[{\"@type\":\"ListItem\",\"position\":1,\"name\":\"Forca tra\u017ei od Monstata da popi\u0161e i albansku dijasporu\"}]},{\"@type\":\"Person\",\"@id\":\"https:\/\/www.visit-ulcinj.com\/blog\/#\/schema\/person\/dcab619c614d3038751c63bc2aadc06d\",\"name\":\"ulqini\",\"sameAs\":[\"http:\/\/www.visit-ulcinj.com\"],\"url\":\"https:\/\/www.visit-ulcinj.com\/blog\/author\/admin\/\"}]}<\/script>\n<!-- \/ Yoast SEO plugin. -->","yoast_head_json":{"title":"Forca tra\u017ei od Monstata da popi\u0161e i albansku dijasporu - Lajme nga Ulqini","description":"Odbornik Force Nailj Draga, na konferenciji za novinare, kazao je da je popis stanovni\u0161tva i deklarisanje nacionalne, jezi\u010dke i vjerske pripadnosti,","robots":{"index":"index","follow":"follow","max-snippet":"max-snippet:-1","max-image-preview":"max-image-preview:large","max-video-preview":"max-video-preview:-1"},"canonical":"https:\/\/www.visit-ulcinj.com\/blog\/2011\/02\/09\/forca-trazi-od-monstata-da-popise-i-albansku-dijasporu\/","og_locale":"en_US","og_type":"article","og_title":"Forca tra\u017ei od Monstata da popi\u0161e i albansku dijasporu - Lajme nga Ulqini","og_description":"Odbornik Force Nailj Draga, na konferenciji za novinare, kazao je da je popis stanovni\u0161tva i deklarisanje nacionalne, jezi\u010dke i vjerske pripadnosti,","og_url":"https:\/\/www.visit-ulcinj.com\/blog\/2011\/02\/09\/forca-trazi-od-monstata-da-popise-i-albansku-dijasporu\/","og_site_name":"Lajme nga Ulqini","article_published_time":"2011-02-09T14:18:34+00:00","article_modified_time":"2011-02-09T14:19:44+00:00","og_image":[{"url":"http:\/\/www.visit-ulcinj.com\/blog\/wp-content\/uploads\/2011\/02\/Nail-Draga_Forca_Ulcinj.jpg"}],"twitter_misc":{"Written by":"ulqini","Est. reading time":"1 minute"},"schema":{"@context":"https:\/\/schema.org","@graph":[{"@type":"WebSite","@id":"https:\/\/www.visit-ulcinj.com\/blog\/#website","url":"https:\/\/www.visit-ulcinj.com\/blog\/","name":"Lajme nga Ulqini","description":"Lajme,Vijesti,Ulqini,Ulqin,Crna Gora,Mali i Zi","potentialAction":[{"@type":"SearchAction","target":{"@type":"EntryPoint","urlTemplate":"https:\/\/www.visit-ulcinj.com\/blog\/?s={search_term_string}"},"query-input":"required name=search_term_string"}],"inLanguage":"en-US"},{"@type":"ImageObject","inLanguage":"en-US","@id":"https:\/\/www.visit-ulcinj.com\/blog\/2011\/02\/09\/forca-trazi-od-monstata-da-popise-i-albansku-dijasporu\/#primaryimage","url":"https:\/\/www.visit-ulcinj.com\/blog\/wp-content\/uploads\/2011\/02\/Nail-Draga_Forca_Ulcinj.jpg","contentUrl":"https:\/\/www.visit-ulcinj.com\/blog\/wp-content\/uploads\/2011\/02\/Nail-Draga_Forca_Ulcinj.jpg","width":"640","height":"425"},{"@type":"WebPage","@id":"https:\/\/www.visit-ulcinj.com\/blog\/2011\/02\/09\/forca-trazi-od-monstata-da-popise-i-albansku-dijasporu\/#webpage","url":"https:\/\/www.visit-ulcinj.com\/blog\/2011\/02\/09\/forca-trazi-od-monstata-da-popise-i-albansku-dijasporu\/","name":"Forca tra\u017ei od Monstata da popi\u0161e i albansku dijasporu - Lajme nga Ulqini","isPartOf":{"@id":"https:\/\/www.visit-ulcinj.com\/blog\/#website"},"primaryImageOfPage":{"@id":"https:\/\/www.visit-ulcinj.com\/blog\/2011\/02\/09\/forca-trazi-od-monstata-da-popise-i-albansku-dijasporu\/#primaryimage"},"datePublished":"2011-02-09T14:18:34+00:00","dateModified":"2011-02-09T14:19:44+00:00","author":{"@id":"https:\/\/www.visit-ulcinj.com\/blog\/#\/schema\/person\/dcab619c614d3038751c63bc2aadc06d"},"description":"Odbornik Force Nailj Draga, na konferenciji za novinare, kazao je da je popis stanovni\u0161tva i deklarisanje nacionalne, jezi\u010dke i vjerske pripadnosti,","breadcrumb":{"@id":"https:\/\/www.visit-ulcinj.com\/blog\/2011\/02\/09\/forca-trazi-od-monstata-da-popise-i-albansku-dijasporu\/#breadcrumb"},"inLanguage":"en-US","potentialAction":[{"@type":"ReadAction","target":["https:\/\/www.visit-ulcinj.com\/blog\/2011\/02\/09\/forca-trazi-od-monstata-da-popise-i-albansku-dijasporu\/"]}]},{"@type":"BreadcrumbList","@id":"https:\/\/www.visit-ulcinj.com\/blog\/2011\/02\/09\/forca-trazi-od-monstata-da-popise-i-albansku-dijasporu\/#breadcrumb","itemListElement":[{"@type":"ListItem","position":1,"name":"Forca tra\u017ei od Monstata da popi\u0161e i albansku dijasporu"}]},{"@type":"Person","@id":"https:\/\/www.visit-ulcinj.com\/blog\/#\/schema\/person\/dcab619c614d3038751c63bc2aadc06d","name":"ulqini","sameAs":["http:\/\/www.visit-ulcinj.com"],"url":"https:\/\/www.visit-ulcinj.com\/blog\/author\/admin\/"}]}},"jetpack_featured_media_url":"","jetpack_sharing_enabled":true,"jetpack_shortlink":"https:\/\/wp.me\/pe6lTn-bdC","_links":{"self":[{"href":"https:\/\/www.visit-ulcinj.com\/blog\/wp-json\/wp\/v2\/posts\/43128"}],"collection":[{"href":"https:\/\/www.visit-ulcinj.com\/blog\/wp-json\/wp\/v2\/posts"}],"about":[{"href":"https:\/\/www.visit-ulcinj.com\/blog\/wp-json\/wp\/v2\/types\/post"}],"author":[{"embeddable":true,"href":"https:\/\/www.visit-ulcinj.com\/blog\/wp-json\/wp\/v2\/users\/1"}],"replies":[{"embeddable":true,"href":"https:\/\/www.visit-ulcinj.com\/blog\/wp-json\/wp\/v2\/comments?post=43128"}],"version-history":[{"count":0,"href":"https:\/\/www.visit-ulcinj.com\/blog\/wp-json\/wp\/v2\/posts\/43128\/revisions"}],"wp:attachment":[{"href":"https:\/\/www.visit-ulcinj.com\/blog\/wp-json\/wp\/v2\/media?parent=43128"}],"wp:term":[{"taxonomy":"category","embeddable":true,"href":"https:\/\/www.visit-ulcinj.com\/blog\/wp-json\/wp\/v2\/categories?post=43128"},{"taxonomy":"post_tag","embeddable":true,"href":"https:\/\/www.visit-ulcinj.com\/blog\/wp-json\/wp\/v2\/tags?post=43128"}],"curies":[{"name":"wp","href":"https:\/\/api.w.org\/{rel}","templated":true}]}}