{"id":43138,"date":"2011-02-09T18:09:12","date_gmt":"2011-02-09T17:09:12","guid":{"rendered":"http:\/\/www.visit-ulcinj.com\/blog\/?p=43138"},"modified":"2011-02-09T18:13:32","modified_gmt":"2011-02-09T17:13:32","slug":"ne-gryken-e-bunes-rrenohen-14-vila-400-te-tjera-legalizohen","status":"publish","type":"post","link":"https:\/\/www.visit-ulcinj.com\/blog\/2011\/02\/09\/ne-gryken-e-bunes-rrenohen-14-vila-400-te-tjera-legalizohen\/","title":{"rendered":"N\u00eb Gryk\u00ebn e Bun\u00ebs rr\u00ebnohen 14 vila, 400 t\u00eb tjera legalizohen"},"content":{"rendered":"<p><a href=\"http:\/\/www.visit-ulcinj.com\/blog\/wp-content\/uploads\/2011\/02\/USCE-RIJEKE-BOJANA_ULCINJ.jpg\"><img loading=\"lazy\" class=\"alignleft size-full wp-image-43139\" title=\"USCE RIJEKE BOJANA_ULCINJ\" src=\"http:\/\/www.visit-ulcinj.com\/blog\/wp-content\/uploads\/2011\/02\/USCE-RIJEKE-BOJANA_ULCINJ.jpg\" alt=\"\" width=\"490\" height=\"380\" \/><\/a>Ulqin, 9 shkurt &#8211; N\u00eb aksionin e inspeksionit t\u00eb Ministris\u00eb s\u00eb zhvillimit t\u00eb q\u00ebndruesh\u00ebm dhe t\u00eb turizmit n\u00eb Mal t\u00eb Zi, i filluar tash dy dit\u00eb, n\u00eb Gryk\u00ebn e lumit Buna jan\u00eb rr\u00ebnuar 14 vila, pronar\u00ebt e t\u00eb cilave nuk kan\u00eb n\u00ebnshkruar kontrat\u00eb me Nd\u00ebrmarrjen e t\u00eb mirave detare q\u00eb menaxhon bregdetin malazias, pra edhe at\u00eb t\u00eb Ulqinit. Por, 400 t\u00eb tjera jan\u00eb legalizuar, pas n\u00ebnshkrimit t\u00eb kontratave p\u00ebrkat\u00ebse, njofton KosovaLive.<strong><\/strong><\/p>\n<p><strong>KOHA NET<br \/>\n<\/strong><strong><!--YouTube Error: bad URL entered--><br \/>\n<\/strong><\/p>\n","protected":false},"excerpt":{"rendered":"<p>Ulqin, 9 shkurt &#8211; N\u00eb aksionin e inspeksionit t\u00eb Ministris\u00eb s\u00eb zhvillimit t\u00eb q\u00ebndruesh\u00ebm dhe t\u00eb turizmit n\u00eb Mal t\u00eb Zi, i filluar tash dy dit\u00eb, n\u00eb Gryk\u00ebn e lumit Buna jan\u00eb rr\u00ebnuar 14 vila, pronar\u00ebt e t\u00eb cilave nuk kan\u00eb n\u00ebnshkruar kontrat\u00eb me Nd\u00ebrmarrjen e t\u00eb mirave detare q\u00eb menaxhon bregdetin malazias, pra edhe [&hellip;]<\/p>\n","protected":false},"author":1,"featured_media":0,"comment_status":"open","ping_status":"closed","sticky":false,"template":"","format":"standard","meta":{"spay_email":"","jetpack_publicize_message":"","jetpack_is_tweetstorm":false,"jetpack_publicize_feature_enabled":true},"categories":[12],"tags":[17240,14929,22010,200,18],"jetpack_publicize_connections":[],"yoast_head":"<!-- This site is optimized with the Yoast SEO plugin v19.1 - https:\/\/yoast.com\/wordpress\/plugins\/seo\/ -->\n<title>N\u00eb Gryk\u00ebn e Bun\u00ebs rr\u00ebnohen 14 vila, 400 t\u00eb tjera legalizohen - Lajme nga Ulqini<\/title>\n<meta name=\"description\" content=\"Ulqin, 9 shkurt - N\u00eb aksionin e inspeksionit t\u00eb Ministris\u00eb s\u00eb zhvillimit t\u00eb q\u00ebndruesh\u00ebm dhe t\u00eb turizmit n\u00eb Mal t\u00eb Zi, i filluar tash dy dit\u00eb, n\u00eb Gryk\u00ebn e\" \/>\n<meta name=\"robots\" content=\"index, follow, max-snippet:-1, max-image-preview:large, max-video-preview:-1\" \/>\n<link rel=\"canonical\" href=\"https:\/\/www.visit-ulcinj.com\/blog\/2011\/02\/09\/ne-gryken-e-bunes-rrenohen-14-vila-400-te-tjera-legalizohen\/\" \/>\n<meta property=\"og:locale\" content=\"en_US\" \/>\n<meta property=\"og:type\" content=\"article\" \/>\n<meta property=\"og:title\" content=\"N\u00eb Gryk\u00ebn e Bun\u00ebs rr\u00ebnohen 14 vila, 400 t\u00eb tjera legalizohen - Lajme nga Ulqini\" \/>\n<meta property=\"og:description\" content=\"Ulqin, 9 shkurt - N\u00eb aksionin e inspeksionit t\u00eb Ministris\u00eb s\u00eb zhvillimit t\u00eb q\u00ebndruesh\u00ebm dhe t\u00eb turizmit n\u00eb Mal t\u00eb Zi, i filluar tash dy dit\u00eb, n\u00eb Gryk\u00ebn e\" \/>\n<meta property=\"og:url\" content=\"https:\/\/www.visit-ulcinj.com\/blog\/2011\/02\/09\/ne-gryken-e-bunes-rrenohen-14-vila-400-te-tjera-legalizohen\/\" \/>\n<meta property=\"og:site_name\" content=\"Lajme nga Ulqini\" \/>\n<meta property=\"article:published_time\" content=\"2011-02-09T17:09:12+00:00\" \/>\n<meta property=\"article:modified_time\" content=\"2011-02-09T17:13:32+00:00\" \/>\n<meta property=\"og:image\" content=\"http:\/\/www.visit-ulcinj.com\/blog\/wp-content\/uploads\/2011\/02\/USCE-RIJEKE-BOJANA_ULCINJ.jpg\" \/>\n<meta name=\"twitter:label1\" content=\"Written by\" \/>\n\t<meta name=\"twitter:data1\" content=\"ulqini\" \/>\n<script type=\"application\/ld+json\" class=\"yoast-schema-graph\">{\"@context\":\"https:\/\/schema.org\",\"@graph\":[{\"@type\":\"WebSite\",\"@id\":\"https:\/\/www.visit-ulcinj.com\/blog\/#website\",\"url\":\"https:\/\/www.visit-ulcinj.com\/blog\/\",\"name\":\"Lajme nga Ulqini\",\"description\":\"Lajme,Vijesti,Ulqini,Ulqin,Crna Gora,Mali i Zi\",\"potentialAction\":[{\"@type\":\"SearchAction\",\"target\":{\"@type\":\"EntryPoint\",\"urlTemplate\":\"https:\/\/www.visit-ulcinj.com\/blog\/?s={search_term_string}\"},\"query-input\":\"required name=search_term_string\"}],\"inLanguage\":\"en-US\"},{\"@type\":\"ImageObject\",\"inLanguage\":\"en-US\",\"@id\":\"https:\/\/www.visit-ulcinj.com\/blog\/2011\/02\/09\/ne-gryken-e-bunes-rrenohen-14-vila-400-te-tjera-legalizohen\/#primaryimage\",\"url\":\"https:\/\/www.visit-ulcinj.com\/blog\/wp-content\/uploads\/2011\/02\/USCE-RIJEKE-BOJANA_ULCINJ.jpg\",\"contentUrl\":\"https:\/\/www.visit-ulcinj.com\/blog\/wp-content\/uploads\/2011\/02\/USCE-RIJEKE-BOJANA_ULCINJ.jpg\",\"width\":\"1024\",\"height\":\"430\"},{\"@type\":\"WebPage\",\"@id\":\"https:\/\/www.visit-ulcinj.com\/blog\/2011\/02\/09\/ne-gryken-e-bunes-rrenohen-14-vila-400-te-tjera-legalizohen\/#webpage\",\"url\":\"https:\/\/www.visit-ulcinj.com\/blog\/2011\/02\/09\/ne-gryken-e-bunes-rrenohen-14-vila-400-te-tjera-legalizohen\/\",\"name\":\"N\u00eb Gryk\u00ebn e Bun\u00ebs rr\u00ebnohen 14 vila, 400 t\u00eb tjera legalizohen - Lajme nga Ulqini\",\"isPartOf\":{\"@id\":\"https:\/\/www.visit-ulcinj.com\/blog\/#website\"},\"primaryImageOfPage\":{\"@id\":\"https:\/\/www.visit-ulcinj.com\/blog\/2011\/02\/09\/ne-gryken-e-bunes-rrenohen-14-vila-400-te-tjera-legalizohen\/#primaryimage\"},\"datePublished\":\"2011-02-09T17:09:12+00:00\",\"dateModified\":\"2011-02-09T17:13:32+00:00\",\"author\":{\"@id\":\"https:\/\/www.visit-ulcinj.com\/blog\/#\/schema\/person\/dcab619c614d3038751c63bc2aadc06d\"},\"description\":\"Ulqin, 9 shkurt - N\u00eb aksionin e inspeksionit t\u00eb Ministris\u00eb s\u00eb zhvillimit t\u00eb q\u00ebndruesh\u00ebm dhe t\u00eb turizmit n\u00eb Mal t\u00eb Zi, i filluar tash dy dit\u00eb, n\u00eb Gryk\u00ebn e\",\"breadcrumb\":{\"@id\":\"https:\/\/www.visit-ulcinj.com\/blog\/2011\/02\/09\/ne-gryken-e-bunes-rrenohen-14-vila-400-te-tjera-legalizohen\/#breadcrumb\"},\"inLanguage\":\"en-US\",\"potentialAction\":[{\"@type\":\"ReadAction\",\"target\":[\"https:\/\/www.visit-ulcinj.com\/blog\/2011\/02\/09\/ne-gryken-e-bunes-rrenohen-14-vila-400-te-tjera-legalizohen\/\"]}]},{\"@type\":\"BreadcrumbList\",\"@id\":\"https:\/\/www.visit-ulcinj.com\/blog\/2011\/02\/09\/ne-gryken-e-bunes-rrenohen-14-vila-400-te-tjera-legalizohen\/#breadcrumb\",\"itemListElement\":[{\"@type\":\"ListItem\",\"position\":1,\"name\":\"N\u00eb Gryk\u00ebn e Bun\u00ebs rr\u00ebnohen 14 vila, 400 t\u00eb tjera legalizohen\"}]},{\"@type\":\"Person\",\"@id\":\"https:\/\/www.visit-ulcinj.com\/blog\/#\/schema\/person\/dcab619c614d3038751c63bc2aadc06d\",\"name\":\"ulqini\",\"sameAs\":[\"http:\/\/www.visit-ulcinj.com\"],\"url\":\"https:\/\/www.visit-ulcinj.com\/blog\/author\/admin\/\"}]}<\/script>\n<!-- \/ Yoast SEO plugin. -->","yoast_head_json":{"title":"N\u00eb Gryk\u00ebn e Bun\u00ebs rr\u00ebnohen 14 vila, 400 t\u00eb tjera legalizohen - Lajme nga Ulqini","description":"Ulqin, 9 shkurt - N\u00eb aksionin e inspeksionit t\u00eb Ministris\u00eb s\u00eb zhvillimit t\u00eb q\u00ebndruesh\u00ebm dhe t\u00eb turizmit n\u00eb Mal t\u00eb Zi, i filluar tash dy dit\u00eb, n\u00eb Gryk\u00ebn e","robots":{"index":"index","follow":"follow","max-snippet":"max-snippet:-1","max-image-preview":"max-image-preview:large","max-video-preview":"max-video-preview:-1"},"canonical":"https:\/\/www.visit-ulcinj.com\/blog\/2011\/02\/09\/ne-gryken-e-bunes-rrenohen-14-vila-400-te-tjera-legalizohen\/","og_locale":"en_US","og_type":"article","og_title":"N\u00eb Gryk\u00ebn e Bun\u00ebs rr\u00ebnohen 14 vila, 400 t\u00eb tjera legalizohen - Lajme nga Ulqini","og_description":"Ulqin, 9 shkurt - N\u00eb aksionin e inspeksionit t\u00eb Ministris\u00eb s\u00eb zhvillimit t\u00eb q\u00ebndruesh\u00ebm dhe t\u00eb turizmit n\u00eb Mal t\u00eb Zi, i filluar tash dy dit\u00eb, n\u00eb Gryk\u00ebn e","og_url":"https:\/\/www.visit-ulcinj.com\/blog\/2011\/02\/09\/ne-gryken-e-bunes-rrenohen-14-vila-400-te-tjera-legalizohen\/","og_site_name":"Lajme nga Ulqini","article_published_time":"2011-02-09T17:09:12+00:00","article_modified_time":"2011-02-09T17:13:32+00:00","og_image":[{"url":"http:\/\/www.visit-ulcinj.com\/blog\/wp-content\/uploads\/2011\/02\/USCE-RIJEKE-BOJANA_ULCINJ.jpg"}],"twitter_misc":{"Written by":"ulqini"},"schema":{"@context":"https:\/\/schema.org","@graph":[{"@type":"WebSite","@id":"https:\/\/www.visit-ulcinj.com\/blog\/#website","url":"https:\/\/www.visit-ulcinj.com\/blog\/","name":"Lajme nga Ulqini","description":"Lajme,Vijesti,Ulqini,Ulqin,Crna Gora,Mali i Zi","potentialAction":[{"@type":"SearchAction","target":{"@type":"EntryPoint","urlTemplate":"https:\/\/www.visit-ulcinj.com\/blog\/?s={search_term_string}"},"query-input":"required name=search_term_string"}],"inLanguage":"en-US"},{"@type":"ImageObject","inLanguage":"en-US","@id":"https:\/\/www.visit-ulcinj.com\/blog\/2011\/02\/09\/ne-gryken-e-bunes-rrenohen-14-vila-400-te-tjera-legalizohen\/#primaryimage","url":"https:\/\/www.visit-ulcinj.com\/blog\/wp-content\/uploads\/2011\/02\/USCE-RIJEKE-BOJANA_ULCINJ.jpg","contentUrl":"https:\/\/www.visit-ulcinj.com\/blog\/wp-content\/uploads\/2011\/02\/USCE-RIJEKE-BOJANA_ULCINJ.jpg","width":"1024","height":"430"},{"@type":"WebPage","@id":"https:\/\/www.visit-ulcinj.com\/blog\/2011\/02\/09\/ne-gryken-e-bunes-rrenohen-14-vila-400-te-tjera-legalizohen\/#webpage","url":"https:\/\/www.visit-ulcinj.com\/blog\/2011\/02\/09\/ne-gryken-e-bunes-rrenohen-14-vila-400-te-tjera-legalizohen\/","name":"N\u00eb Gryk\u00ebn e Bun\u00ebs rr\u00ebnohen 14 vila, 400 t\u00eb tjera legalizohen - Lajme nga Ulqini","isPartOf":{"@id":"https:\/\/www.visit-ulcinj.com\/blog\/#website"},"primaryImageOfPage":{"@id":"https:\/\/www.visit-ulcinj.com\/blog\/2011\/02\/09\/ne-gryken-e-bunes-rrenohen-14-vila-400-te-tjera-legalizohen\/#primaryimage"},"datePublished":"2011-02-09T17:09:12+00:00","dateModified":"2011-02-09T17:13:32+00:00","author":{"@id":"https:\/\/www.visit-ulcinj.com\/blog\/#\/schema\/person\/dcab619c614d3038751c63bc2aadc06d"},"description":"Ulqin, 9 shkurt - N\u00eb aksionin e inspeksionit t\u00eb Ministris\u00eb s\u00eb zhvillimit t\u00eb q\u00ebndruesh\u00ebm dhe t\u00eb turizmit n\u00eb Mal t\u00eb Zi, i filluar tash dy dit\u00eb, n\u00eb Gryk\u00ebn e","breadcrumb":{"@id":"https:\/\/www.visit-ulcinj.com\/blog\/2011\/02\/09\/ne-gryken-e-bunes-rrenohen-14-vila-400-te-tjera-legalizohen\/#breadcrumb"},"inLanguage":"en-US","potentialAction":[{"@type":"ReadAction","target":["https:\/\/www.visit-ulcinj.com\/blog\/2011\/02\/09\/ne-gryken-e-bunes-rrenohen-14-vila-400-te-tjera-legalizohen\/"]}]},{"@type":"BreadcrumbList","@id":"https:\/\/www.visit-ulcinj.com\/blog\/2011\/02\/09\/ne-gryken-e-bunes-rrenohen-14-vila-400-te-tjera-legalizohen\/#breadcrumb","itemListElement":[{"@type":"ListItem","position":1,"name":"N\u00eb Gryk\u00ebn e Bun\u00ebs rr\u00ebnohen 14 vila, 400 t\u00eb tjera legalizohen"}]},{"@type":"Person","@id":"https:\/\/www.visit-ulcinj.com\/blog\/#\/schema\/person\/dcab619c614d3038751c63bc2aadc06d","name":"ulqini","sameAs":["http:\/\/www.visit-ulcinj.com"],"url":"https:\/\/www.visit-ulcinj.com\/blog\/author\/admin\/"}]}},"jetpack_featured_media_url":"","jetpack_sharing_enabled":true,"jetpack_shortlink":"https:\/\/wp.me\/pe6lTn-bdM","_links":{"self":[{"href":"https:\/\/www.visit-ulcinj.com\/blog\/wp-json\/wp\/v2\/posts\/43138"}],"collection":[{"href":"https:\/\/www.visit-ulcinj.com\/blog\/wp-json\/wp\/v2\/posts"}],"about":[{"href":"https:\/\/www.visit-ulcinj.com\/blog\/wp-json\/wp\/v2\/types\/post"}],"author":[{"embeddable":true,"href":"https:\/\/www.visit-ulcinj.com\/blog\/wp-json\/wp\/v2\/users\/1"}],"replies":[{"embeddable":true,"href":"https:\/\/www.visit-ulcinj.com\/blog\/wp-json\/wp\/v2\/comments?post=43138"}],"version-history":[{"count":0,"href":"https:\/\/www.visit-ulcinj.com\/blog\/wp-json\/wp\/v2\/posts\/43138\/revisions"}],"wp:attachment":[{"href":"https:\/\/www.visit-ulcinj.com\/blog\/wp-json\/wp\/v2\/media?parent=43138"}],"wp:term":[{"taxonomy":"category","embeddable":true,"href":"https:\/\/www.visit-ulcinj.com\/blog\/wp-json\/wp\/v2\/categories?post=43138"},{"taxonomy":"post_tag","embeddable":true,"href":"https:\/\/www.visit-ulcinj.com\/blog\/wp-json\/wp\/v2\/tags?post=43138"}],"curies":[{"name":"wp","href":"https:\/\/api.w.org\/{rel}","templated":true}]}}