{"id":43145,"date":"2011-02-10T15:15:13","date_gmt":"2011-02-10T14:15:13","guid":{"rendered":"http:\/\/www.visit-ulcinj.com\/blog\/?p=43145"},"modified":"2011-02-10T15:16:16","modified_gmt":"2011-02-10T14:16:16","slug":"uba-ulcinjskoj-privredi-neophodna-pomoc","status":"publish","type":"post","link":"https:\/\/www.visit-ulcinj.com\/blog\/2011\/02\/10\/uba-ulcinjskoj-privredi-neophodna-pomoc\/","title":{"rendered":"UBA: Ulcinjskoj privredi neophodna pomo\u0107"},"content":{"rendered":"<p><strong><a href=\"http:\/\/www.visit-ulcinj.com\/blog\/wp-content\/uploads\/2011\/02\/Ulcinj-biznis-asocijacija_UBA.jpg\"><img loading=\"lazy\" class=\"alignleft size-full wp-image-43146\" title=\"Ulcinj biznis asocijacija_UBA\" src=\"http:\/\/www.visit-ulcinj.com\/blog\/wp-content\/uploads\/2011\/02\/Ulcinj-biznis-asocijacija_UBA.jpg\" alt=\"\" width=\"490\" height=\"380\" \/><\/a>Ulcinj biznis asocijacija poru\u010duje:<\/strong><br \/>\nTrenutna ekonomska situacija u Ulcinju je jako lo\u0161a: malo preduze\u0107a mo\u017ee biti zadovoljno poslovanjem, ve\u0107ina njih kasno izmiruje obaveze prema bankama i radnicima, a me\u0111usobna dugovanja samo rastu, konstatovano je na okruglom stolu, koji je organizovala Ulcinj biznis asocijacija (UBA).<\/p>\n<p>Na skupu je zaklju\u010deno da je neophodno aktiviranje rada lokalnog Socijalnog savjeta, \u201cpreko koga bi trebalo institucionalizovano saop\u0161tavati stavove i o\u010dekivanja u politici ure\u0111ivanja odluka i ostalih propisa od zna\u010daja za privredu\u201c.<\/p>\n<p>&#8220;Na pripremi sezone trebalo bi uklju\u010diti Vladu, Op\u0161tinu, Turisti\u010dku organizaciju Ulcinj, privredne subjekte i sve preduzetnike. Tako\u0111e, trebalo bi organizovati sastanke sa Vladom, lokalnom upravom i me\u0111unarodnim organizacijama, na kojima bi se tra\u017eila pomo\u0107 privredi i ekonomiji Ulcinja&#8221;, stoji, pored ostalog, u saop\u0161tenju UBA.<br \/>\n<a href=\"http:\/\/www.visit-ulcinj.com\/blog\/wp-content\/uploads\/2011\/02\/Ulcinj-biznis-asocijacija_UBA_1.jpg\"><img loading=\"lazy\" class=\"alignleft size-full wp-image-43147\" title=\"Ulcinj biznis asocijacija_UBA_1\" src=\"http:\/\/www.visit-ulcinj.com\/blog\/wp-content\/uploads\/2011\/02\/Ulcinj-biznis-asocijacija_UBA_1.jpg\" alt=\"\" width=\"490\" height=\"380\" \/><\/a><br \/>\nEkonomisti su zaklju\u010dili da bi trebalo napraviti izvje\u0161taj o stanju u pojedinim privatnim preduze\u0107ima, obratiti pa\u017enju na razvoj poljoprivrede i izradi prostorno-planske dokumentacije, intenzivirati dijalog sa krovnim organizacijama privrednika i preduzetnika i uspostaviti tje\u0161nju saradnju sa bankama kao partnerima.<\/p>\n<p><a href=\"http:\/\/www.vijesti.me\/vijesti\/ulcinjskoj-privredi-neophodna-pomoc-clanak-5767\" target=\"_blank\"><strong>Vijesti<\/strong><\/a><br \/>\n<!--YouTube Error: bad URL entered--><\/p>\n","protected":false},"excerpt":{"rendered":"<p>Ulcinj biznis asocijacija poru\u010duje: Trenutna ekonomska situacija u Ulcinju je jako lo\u0161a: malo preduze\u0107a mo\u017ee biti zadovoljno poslovanjem, ve\u0107ina njih kasno izmiruje obaveze prema bankama i radnicima, a me\u0111usobna dugovanja samo rastu, konstatovano je na okruglom stolu, koji je organizovala Ulcinj biznis asocijacija (UBA). Na skupu je zaklju\u010deno da je neophodno aktiviranje rada lokalnog Socijalnog [&hellip;]<\/p>\n","protected":false},"author":1,"featured_media":0,"comment_status":"open","ping_status":"closed","sticky":false,"template":"","format":"standard","meta":{"spay_email":"","jetpack_publicize_message":"","jetpack_is_tweetstorm":false,"jetpack_publicize_feature_enabled":true},"categories":[8337],"tags":[17242,17243,2219,19,8332,17241],"jetpack_publicize_connections":[],"yoast_head":"<!-- This site is optimized with the Yoast SEO plugin v19.1 - https:\/\/yoast.com\/wordpress\/plugins\/seo\/ -->\n<title>UBA: Ulcinjskoj privredi neophodna pomo\u0107 - Lajme nga Ulqini<\/title>\n<meta name=\"description\" content=\"Ulcinj biznis asocijacija poru\u010duje: Trenutna ekonomska situacija u Ulcinju je jako lo\u0161a: malo preduze\u0107a mo\u017ee biti zadovoljno poslovanjem, ve\u0107ina njih\" \/>\n<meta name=\"robots\" content=\"index, follow, max-snippet:-1, max-image-preview:large, max-video-preview:-1\" \/>\n<link rel=\"canonical\" href=\"https:\/\/www.visit-ulcinj.com\/blog\/2011\/02\/10\/uba-ulcinjskoj-privredi-neophodna-pomoc\/\" \/>\n<meta property=\"og:locale\" content=\"en_US\" \/>\n<meta property=\"og:type\" content=\"article\" \/>\n<meta property=\"og:title\" content=\"UBA: Ulcinjskoj privredi neophodna pomo\u0107 - Lajme nga Ulqini\" \/>\n<meta property=\"og:description\" content=\"Ulcinj biznis asocijacija poru\u010duje: Trenutna ekonomska situacija u Ulcinju je jako lo\u0161a: malo preduze\u0107a mo\u017ee biti zadovoljno poslovanjem, ve\u0107ina njih\" \/>\n<meta property=\"og:url\" content=\"https:\/\/www.visit-ulcinj.com\/blog\/2011\/02\/10\/uba-ulcinjskoj-privredi-neophodna-pomoc\/\" \/>\n<meta property=\"og:site_name\" content=\"Lajme nga Ulqini\" \/>\n<meta property=\"article:published_time\" content=\"2011-02-10T14:15:13+00:00\" \/>\n<meta property=\"article:modified_time\" content=\"2011-02-10T14:16:16+00:00\" \/>\n<meta property=\"og:image\" content=\"http:\/\/www.visit-ulcinj.com\/blog\/wp-content\/uploads\/2011\/02\/Ulcinj-biznis-asocijacija_UBA.jpg\" \/>\n<meta name=\"twitter:label1\" content=\"Written by\" \/>\n\t<meta name=\"twitter:data1\" content=\"ulqini\" \/>\n\t<meta name=\"twitter:label2\" content=\"Est. reading time\" \/>\n\t<meta name=\"twitter:data2\" content=\"1 minute\" \/>\n<script type=\"application\/ld+json\" class=\"yoast-schema-graph\">{\"@context\":\"https:\/\/schema.org\",\"@graph\":[{\"@type\":\"WebSite\",\"@id\":\"https:\/\/www.visit-ulcinj.com\/blog\/#website\",\"url\":\"https:\/\/www.visit-ulcinj.com\/blog\/\",\"name\":\"Lajme nga Ulqini\",\"description\":\"Lajme,Vijesti,Ulqini,Ulqin,Crna Gora,Mali i Zi\",\"potentialAction\":[{\"@type\":\"SearchAction\",\"target\":{\"@type\":\"EntryPoint\",\"urlTemplate\":\"https:\/\/www.visit-ulcinj.com\/blog\/?s={search_term_string}\"},\"query-input\":\"required name=search_term_string\"}],\"inLanguage\":\"en-US\"},{\"@type\":\"ImageObject\",\"inLanguage\":\"en-US\",\"@id\":\"https:\/\/www.visit-ulcinj.com\/blog\/2011\/02\/10\/uba-ulcinjskoj-privredi-neophodna-pomoc\/#primaryimage\",\"url\":\"https:\/\/www.visit-ulcinj.com\/blog\/wp-content\/uploads\/2011\/02\/Ulcinj-biznis-asocijacija_UBA.jpg\",\"contentUrl\":\"https:\/\/www.visit-ulcinj.com\/blog\/wp-content\/uploads\/2011\/02\/Ulcinj-biznis-asocijacija_UBA.jpg\",\"width\":\"640\",\"height\":\"480\"},{\"@type\":\"WebPage\",\"@id\":\"https:\/\/www.visit-ulcinj.com\/blog\/2011\/02\/10\/uba-ulcinjskoj-privredi-neophodna-pomoc\/#webpage\",\"url\":\"https:\/\/www.visit-ulcinj.com\/blog\/2011\/02\/10\/uba-ulcinjskoj-privredi-neophodna-pomoc\/\",\"name\":\"UBA: Ulcinjskoj privredi neophodna pomo\u0107 - Lajme nga Ulqini\",\"isPartOf\":{\"@id\":\"https:\/\/www.visit-ulcinj.com\/blog\/#website\"},\"primaryImageOfPage\":{\"@id\":\"https:\/\/www.visit-ulcinj.com\/blog\/2011\/02\/10\/uba-ulcinjskoj-privredi-neophodna-pomoc\/#primaryimage\"},\"datePublished\":\"2011-02-10T14:15:13+00:00\",\"dateModified\":\"2011-02-10T14:16:16+00:00\",\"author\":{\"@id\":\"https:\/\/www.visit-ulcinj.com\/blog\/#\/schema\/person\/dcab619c614d3038751c63bc2aadc06d\"},\"description\":\"Ulcinj biznis asocijacija poru\u010duje: Trenutna ekonomska situacija u Ulcinju je jako lo\u0161a: malo preduze\u0107a mo\u017ee biti zadovoljno poslovanjem, ve\u0107ina njih\",\"breadcrumb\":{\"@id\":\"https:\/\/www.visit-ulcinj.com\/blog\/2011\/02\/10\/uba-ulcinjskoj-privredi-neophodna-pomoc\/#breadcrumb\"},\"inLanguage\":\"en-US\",\"potentialAction\":[{\"@type\":\"ReadAction\",\"target\":[\"https:\/\/www.visit-ulcinj.com\/blog\/2011\/02\/10\/uba-ulcinjskoj-privredi-neophodna-pomoc\/\"]}]},{\"@type\":\"BreadcrumbList\",\"@id\":\"https:\/\/www.visit-ulcinj.com\/blog\/2011\/02\/10\/uba-ulcinjskoj-privredi-neophodna-pomoc\/#breadcrumb\",\"itemListElement\":[{\"@type\":\"ListItem\",\"position\":1,\"name\":\"UBA: Ulcinjskoj privredi neophodna pomo\u0107\"}]},{\"@type\":\"Person\",\"@id\":\"https:\/\/www.visit-ulcinj.com\/blog\/#\/schema\/person\/dcab619c614d3038751c63bc2aadc06d\",\"name\":\"ulqini\",\"sameAs\":[\"http:\/\/www.visit-ulcinj.com\"],\"url\":\"https:\/\/www.visit-ulcinj.com\/blog\/author\/admin\/\"}]}<\/script>\n<!-- \/ Yoast SEO plugin. -->","yoast_head_json":{"title":"UBA: Ulcinjskoj privredi neophodna pomo\u0107 - Lajme nga Ulqini","description":"Ulcinj biznis asocijacija poru\u010duje: Trenutna ekonomska situacija u Ulcinju je jako lo\u0161a: malo preduze\u0107a mo\u017ee biti zadovoljno poslovanjem, ve\u0107ina njih","robots":{"index":"index","follow":"follow","max-snippet":"max-snippet:-1","max-image-preview":"max-image-preview:large","max-video-preview":"max-video-preview:-1"},"canonical":"https:\/\/www.visit-ulcinj.com\/blog\/2011\/02\/10\/uba-ulcinjskoj-privredi-neophodna-pomoc\/","og_locale":"en_US","og_type":"article","og_title":"UBA: Ulcinjskoj privredi neophodna pomo\u0107 - Lajme nga Ulqini","og_description":"Ulcinj biznis asocijacija poru\u010duje: Trenutna ekonomska situacija u Ulcinju je jako lo\u0161a: malo preduze\u0107a mo\u017ee biti zadovoljno poslovanjem, ve\u0107ina njih","og_url":"https:\/\/www.visit-ulcinj.com\/blog\/2011\/02\/10\/uba-ulcinjskoj-privredi-neophodna-pomoc\/","og_site_name":"Lajme nga Ulqini","article_published_time":"2011-02-10T14:15:13+00:00","article_modified_time":"2011-02-10T14:16:16+00:00","og_image":[{"url":"http:\/\/www.visit-ulcinj.com\/blog\/wp-content\/uploads\/2011\/02\/Ulcinj-biznis-asocijacija_UBA.jpg"}],"twitter_misc":{"Written by":"ulqini","Est. reading time":"1 minute"},"schema":{"@context":"https:\/\/schema.org","@graph":[{"@type":"WebSite","@id":"https:\/\/www.visit-ulcinj.com\/blog\/#website","url":"https:\/\/www.visit-ulcinj.com\/blog\/","name":"Lajme nga Ulqini","description":"Lajme,Vijesti,Ulqini,Ulqin,Crna Gora,Mali i Zi","potentialAction":[{"@type":"SearchAction","target":{"@type":"EntryPoint","urlTemplate":"https:\/\/www.visit-ulcinj.com\/blog\/?s={search_term_string}"},"query-input":"required name=search_term_string"}],"inLanguage":"en-US"},{"@type":"ImageObject","inLanguage":"en-US","@id":"https:\/\/www.visit-ulcinj.com\/blog\/2011\/02\/10\/uba-ulcinjskoj-privredi-neophodna-pomoc\/#primaryimage","url":"https:\/\/www.visit-ulcinj.com\/blog\/wp-content\/uploads\/2011\/02\/Ulcinj-biznis-asocijacija_UBA.jpg","contentUrl":"https:\/\/www.visit-ulcinj.com\/blog\/wp-content\/uploads\/2011\/02\/Ulcinj-biznis-asocijacija_UBA.jpg","width":"640","height":"480"},{"@type":"WebPage","@id":"https:\/\/www.visit-ulcinj.com\/blog\/2011\/02\/10\/uba-ulcinjskoj-privredi-neophodna-pomoc\/#webpage","url":"https:\/\/www.visit-ulcinj.com\/blog\/2011\/02\/10\/uba-ulcinjskoj-privredi-neophodna-pomoc\/","name":"UBA: Ulcinjskoj privredi neophodna pomo\u0107 - Lajme nga Ulqini","isPartOf":{"@id":"https:\/\/www.visit-ulcinj.com\/blog\/#website"},"primaryImageOfPage":{"@id":"https:\/\/www.visit-ulcinj.com\/blog\/2011\/02\/10\/uba-ulcinjskoj-privredi-neophodna-pomoc\/#primaryimage"},"datePublished":"2011-02-10T14:15:13+00:00","dateModified":"2011-02-10T14:16:16+00:00","author":{"@id":"https:\/\/www.visit-ulcinj.com\/blog\/#\/schema\/person\/dcab619c614d3038751c63bc2aadc06d"},"description":"Ulcinj biznis asocijacija poru\u010duje: Trenutna ekonomska situacija u Ulcinju je jako lo\u0161a: malo preduze\u0107a mo\u017ee biti zadovoljno poslovanjem, ve\u0107ina njih","breadcrumb":{"@id":"https:\/\/www.visit-ulcinj.com\/blog\/2011\/02\/10\/uba-ulcinjskoj-privredi-neophodna-pomoc\/#breadcrumb"},"inLanguage":"en-US","potentialAction":[{"@type":"ReadAction","target":["https:\/\/www.visit-ulcinj.com\/blog\/2011\/02\/10\/uba-ulcinjskoj-privredi-neophodna-pomoc\/"]}]},{"@type":"BreadcrumbList","@id":"https:\/\/www.visit-ulcinj.com\/blog\/2011\/02\/10\/uba-ulcinjskoj-privredi-neophodna-pomoc\/#breadcrumb","itemListElement":[{"@type":"ListItem","position":1,"name":"UBA: Ulcinjskoj privredi neophodna pomo\u0107"}]},{"@type":"Person","@id":"https:\/\/www.visit-ulcinj.com\/blog\/#\/schema\/person\/dcab619c614d3038751c63bc2aadc06d","name":"ulqini","sameAs":["http:\/\/www.visit-ulcinj.com"],"url":"https:\/\/www.visit-ulcinj.com\/blog\/author\/admin\/"}]}},"jetpack_featured_media_url":"","jetpack_sharing_enabled":true,"jetpack_shortlink":"https:\/\/wp.me\/pe6lTn-bdT","_links":{"self":[{"href":"https:\/\/www.visit-ulcinj.com\/blog\/wp-json\/wp\/v2\/posts\/43145"}],"collection":[{"href":"https:\/\/www.visit-ulcinj.com\/blog\/wp-json\/wp\/v2\/posts"}],"about":[{"href":"https:\/\/www.visit-ulcinj.com\/blog\/wp-json\/wp\/v2\/types\/post"}],"author":[{"embeddable":true,"href":"https:\/\/www.visit-ulcinj.com\/blog\/wp-json\/wp\/v2\/users\/1"}],"replies":[{"embeddable":true,"href":"https:\/\/www.visit-ulcinj.com\/blog\/wp-json\/wp\/v2\/comments?post=43145"}],"version-history":[{"count":0,"href":"https:\/\/www.visit-ulcinj.com\/blog\/wp-json\/wp\/v2\/posts\/43145\/revisions"}],"wp:attachment":[{"href":"https:\/\/www.visit-ulcinj.com\/blog\/wp-json\/wp\/v2\/media?parent=43145"}],"wp:term":[{"taxonomy":"category","embeddable":true,"href":"https:\/\/www.visit-ulcinj.com\/blog\/wp-json\/wp\/v2\/categories?post=43145"},{"taxonomy":"post_tag","embeddable":true,"href":"https:\/\/www.visit-ulcinj.com\/blog\/wp-json\/wp\/v2\/tags?post=43145"}],"curies":[{"name":"wp","href":"https:\/\/api.w.org\/{rel}","templated":true}]}}