{"id":43174,"date":"2011-02-10T21:06:11","date_gmt":"2011-02-10T20:06:11","guid":{"rendered":"http:\/\/www.visit-ulcinj.com\/blog\/?p=43174"},"modified":"2011-02-10T21:06:11","modified_gmt":"2011-02-10T20:06:11","slug":"nvo-green-home-masline-se-ne-presaduju","status":"publish","type":"post","link":"https:\/\/www.visit-ulcinj.com\/blog\/2011\/02\/10\/nvo-green-home-masline-se-ne-presaduju\/","title":{"rendered":"NVO Green Home: Masline se ne presa\u0111uju"},"content":{"rendered":"<p><a href=\"http:\/\/www.visit-ulcinj.com\/blog\/wp-content\/uploads\/2011\/02\/Masline-se-ne-presadjuju-svaki-dan.jpg\"><img loading=\"lazy\" class=\"alignleft size-full wp-image-43175\" title=\"Masline se ne presadjuju svaki dan\" src=\"http:\/\/www.visit-ulcinj.com\/blog\/wp-content\/uploads\/2011\/02\/Masline-se-ne-presadjuju-svaki-dan.jpg\" alt=\"\" width=\"490\" height=\"380\" \/><\/a>Izvr\u0161ni direktor NVO &#8220;Grin hom&#8221; Darko Pajovi\u0107 pozvao je Vladu da preispita odluku o davanju pod zakup uvale Valdanos u Ulcinju. Pajovi\u0107 u saop\u0161tenju navodi da bi eventualno presa\u0111ivanje stoljetnih maslina, kako je navedeno u studiji lokacije, predstavljalo pogre\u0161an i nedopustiv potez.<br \/>\nNavedeni plan presa\u0111ivanja stoljetnih maslina u studiji lokacije predstavlja zapravo izlazak u susret zemljama samog investitora, po scenariju ve\u0107 vidljivom mnogo puta u Crnoj Gori. Masline ne smiju biti uklonjene. Kompleks od 18.000 maslina je uvijek bio najbolji i najkvalitetniji dio ulcinjske maslinijade, koji je danas, na\u017ealost, zbog velike nebrige dr\u017eave u velikom procentu devastiran, a ekonomske \u0161tete su ogromne. Prema procjeni Udru\u017eenja maslinara u Ulcinju, samo zbog neprikupljanja maslina i njihovog neprera\u0111ivanja u ulje, dosad je izgubljeno preko 100 miliona eura \u2013 upozorio je Pajovi\u0107.<br \/>\nPajovi\u0107 navodi da na toj lokaciji jo\u0161 nijesu rije\u0161eni svojinski odnosi i da su u toku brojni sprovi pred sudovima o zahtjevima vlasnika za povra\u0107aj vlasni\u0161tva nad maslinjacima u Valdanosu.<br \/>\nNjihova prodaja ili davanje u zakup predstavlja kr\u0161enje interesa lokalne zajednice i povredu prava gra\u0111ana na povra\u0107aj svojine. O\u010dekujemo da Vlada prepozna interes gra\u0111ana Ulcinja i Crne Gore, ali i ekonomski potencijal Valdanosa i vrijednost njegovih maslinjaka \u2013 poru\u010duje Pajovi\u0107.<\/p>\n<p><a href=\"http:\/\/www.dan.co.me\/?nivo=3&amp;rubrika=Povodi&amp;datum=2011-02-09&amp;clanak=267377\" target=\"_blank\"><strong>M.M.K.<br \/>\nDAN<\/strong><\/a><strong><br \/>\n<!--YouTube Error: bad URL entered--><br \/>\n<\/strong><\/p>\n","protected":false},"excerpt":{"rendered":"<p>Izvr\u0161ni direktor NVO &#8220;Grin hom&#8221; Darko Pajovi\u0107 pozvao je Vladu da preispita odluku o davanju pod zakup uvale Valdanos u Ulcinju. Pajovi\u0107 u saop\u0161tenju navodi da bi eventualno presa\u0111ivanje stoljetnih maslina, kako je navedeno u studiji lokacije, predstavljalo pogre\u0161an i nedopustiv potez. Navedeni plan presa\u0111ivanja stoljetnih maslina u studiji lokacije predstavlja zapravo izlazak u susret [&hellip;]<\/p>\n","protected":false},"author":1,"featured_media":0,"comment_status":"open","ping_status":"closed","sticky":false,"template":"","format":"standard","meta":{"spay_email":"","jetpack_publicize_message":"","jetpack_is_tweetstorm":false,"jetpack_publicize_feature_enabled":true},"categories":[8337],"tags":[17208,17246,19,136],"jetpack_publicize_connections":[],"yoast_head":"<!-- This site is optimized with the Yoast SEO plugin v19.1 - https:\/\/yoast.com\/wordpress\/plugins\/seo\/ -->\n<title>NVO Green Home: Masline se ne presa\u0111uju - Lajme nga Ulqini<\/title>\n<meta name=\"description\" content=\"Izvr\u0161ni direktor NVO &quot;Grin hom&quot; Darko Pajovi\u0107 pozvao je Vladu da preispita odluku o davanju pod zakup uvale Valdanos u Ulcinju. Pajovi\u0107 u saop\u0161tenju\" \/>\n<meta name=\"robots\" content=\"index, follow, max-snippet:-1, max-image-preview:large, max-video-preview:-1\" \/>\n<link rel=\"canonical\" href=\"https:\/\/www.visit-ulcinj.com\/blog\/2011\/02\/10\/nvo-green-home-masline-se-ne-presaduju\/\" \/>\n<meta property=\"og:locale\" content=\"en_US\" \/>\n<meta property=\"og:type\" content=\"article\" \/>\n<meta property=\"og:title\" content=\"NVO Green Home: Masline se ne presa\u0111uju - Lajme nga Ulqini\" \/>\n<meta property=\"og:description\" content=\"Izvr\u0161ni direktor NVO &quot;Grin hom&quot; Darko Pajovi\u0107 pozvao je Vladu da preispita odluku o davanju pod zakup uvale Valdanos u Ulcinju. Pajovi\u0107 u saop\u0161tenju\" \/>\n<meta property=\"og:url\" content=\"https:\/\/www.visit-ulcinj.com\/blog\/2011\/02\/10\/nvo-green-home-masline-se-ne-presaduju\/\" \/>\n<meta property=\"og:site_name\" content=\"Lajme nga Ulqini\" \/>\n<meta property=\"article:published_time\" content=\"2011-02-10T20:06:11+00:00\" \/>\n<meta property=\"og:image\" content=\"http:\/\/www.visit-ulcinj.com\/blog\/wp-content\/uploads\/2011\/02\/Masline-se-ne-presadjuju-svaki-dan.jpg\" \/>\n<meta name=\"twitter:label1\" content=\"Written by\" \/>\n\t<meta name=\"twitter:data1\" content=\"ulqini\" \/>\n\t<meta name=\"twitter:label2\" content=\"Est. reading time\" \/>\n\t<meta name=\"twitter:data2\" content=\"1 minute\" \/>\n<script type=\"application\/ld+json\" class=\"yoast-schema-graph\">{\"@context\":\"https:\/\/schema.org\",\"@graph\":[{\"@type\":\"WebSite\",\"@id\":\"https:\/\/www.visit-ulcinj.com\/blog\/#website\",\"url\":\"https:\/\/www.visit-ulcinj.com\/blog\/\",\"name\":\"Lajme nga Ulqini\",\"description\":\"Lajme,Vijesti,Ulqini,Ulqin,Crna Gora,Mali i Zi\",\"potentialAction\":[{\"@type\":\"SearchAction\",\"target\":{\"@type\":\"EntryPoint\",\"urlTemplate\":\"https:\/\/www.visit-ulcinj.com\/blog\/?s={search_term_string}\"},\"query-input\":\"required name=search_term_string\"}],\"inLanguage\":\"en-US\"},{\"@type\":\"ImageObject\",\"inLanguage\":\"en-US\",\"@id\":\"https:\/\/www.visit-ulcinj.com\/blog\/2011\/02\/10\/nvo-green-home-masline-se-ne-presaduju\/#primaryimage\",\"url\":\"https:\/\/www.visit-ulcinj.com\/blog\/wp-content\/uploads\/2011\/02\/Masline-se-ne-presadjuju-svaki-dan.jpg\",\"contentUrl\":\"https:\/\/www.visit-ulcinj.com\/blog\/wp-content\/uploads\/2011\/02\/Masline-se-ne-presadjuju-svaki-dan.jpg\",\"width\":\"600\",\"height\":\"450\"},{\"@type\":\"WebPage\",\"@id\":\"https:\/\/www.visit-ulcinj.com\/blog\/2011\/02\/10\/nvo-green-home-masline-se-ne-presaduju\/#webpage\",\"url\":\"https:\/\/www.visit-ulcinj.com\/blog\/2011\/02\/10\/nvo-green-home-masline-se-ne-presaduju\/\",\"name\":\"NVO Green Home: Masline se ne presa\u0111uju - Lajme nga Ulqini\",\"isPartOf\":{\"@id\":\"https:\/\/www.visit-ulcinj.com\/blog\/#website\"},\"primaryImageOfPage\":{\"@id\":\"https:\/\/www.visit-ulcinj.com\/blog\/2011\/02\/10\/nvo-green-home-masline-se-ne-presaduju\/#primaryimage\"},\"datePublished\":\"2011-02-10T20:06:11+00:00\",\"dateModified\":\"2011-02-10T20:06:11+00:00\",\"author\":{\"@id\":\"https:\/\/www.visit-ulcinj.com\/blog\/#\/schema\/person\/dcab619c614d3038751c63bc2aadc06d\"},\"description\":\"Izvr\u0161ni direktor NVO \\\"Grin hom\\\" Darko Pajovi\u0107 pozvao je Vladu da preispita odluku o davanju pod zakup uvale Valdanos u Ulcinju. Pajovi\u0107 u saop\u0161tenju\",\"breadcrumb\":{\"@id\":\"https:\/\/www.visit-ulcinj.com\/blog\/2011\/02\/10\/nvo-green-home-masline-se-ne-presaduju\/#breadcrumb\"},\"inLanguage\":\"en-US\",\"potentialAction\":[{\"@type\":\"ReadAction\",\"target\":[\"https:\/\/www.visit-ulcinj.com\/blog\/2011\/02\/10\/nvo-green-home-masline-se-ne-presaduju\/\"]}]},{\"@type\":\"BreadcrumbList\",\"@id\":\"https:\/\/www.visit-ulcinj.com\/blog\/2011\/02\/10\/nvo-green-home-masline-se-ne-presaduju\/#breadcrumb\",\"itemListElement\":[{\"@type\":\"ListItem\",\"position\":1,\"name\":\"NVO Green Home: Masline se ne presa\u0111uju\"}]},{\"@type\":\"Person\",\"@id\":\"https:\/\/www.visit-ulcinj.com\/blog\/#\/schema\/person\/dcab619c614d3038751c63bc2aadc06d\",\"name\":\"ulqini\",\"sameAs\":[\"http:\/\/www.visit-ulcinj.com\"],\"url\":\"https:\/\/www.visit-ulcinj.com\/blog\/author\/admin\/\"}]}<\/script>\n<!-- \/ Yoast SEO plugin. -->","yoast_head_json":{"title":"NVO Green Home: Masline se ne presa\u0111uju - Lajme nga Ulqini","description":"Izvr\u0161ni direktor NVO \"Grin hom\" Darko Pajovi\u0107 pozvao je Vladu da preispita odluku o davanju pod zakup uvale Valdanos u Ulcinju. Pajovi\u0107 u saop\u0161tenju","robots":{"index":"index","follow":"follow","max-snippet":"max-snippet:-1","max-image-preview":"max-image-preview:large","max-video-preview":"max-video-preview:-1"},"canonical":"https:\/\/www.visit-ulcinj.com\/blog\/2011\/02\/10\/nvo-green-home-masline-se-ne-presaduju\/","og_locale":"en_US","og_type":"article","og_title":"NVO Green Home: Masline se ne presa\u0111uju - Lajme nga Ulqini","og_description":"Izvr\u0161ni direktor NVO \"Grin hom\" Darko Pajovi\u0107 pozvao je Vladu da preispita odluku o davanju pod zakup uvale Valdanos u Ulcinju. Pajovi\u0107 u saop\u0161tenju","og_url":"https:\/\/www.visit-ulcinj.com\/blog\/2011\/02\/10\/nvo-green-home-masline-se-ne-presaduju\/","og_site_name":"Lajme nga Ulqini","article_published_time":"2011-02-10T20:06:11+00:00","og_image":[{"url":"http:\/\/www.visit-ulcinj.com\/blog\/wp-content\/uploads\/2011\/02\/Masline-se-ne-presadjuju-svaki-dan.jpg"}],"twitter_misc":{"Written by":"ulqini","Est. reading time":"1 minute"},"schema":{"@context":"https:\/\/schema.org","@graph":[{"@type":"WebSite","@id":"https:\/\/www.visit-ulcinj.com\/blog\/#website","url":"https:\/\/www.visit-ulcinj.com\/blog\/","name":"Lajme nga Ulqini","description":"Lajme,Vijesti,Ulqini,Ulqin,Crna Gora,Mali i Zi","potentialAction":[{"@type":"SearchAction","target":{"@type":"EntryPoint","urlTemplate":"https:\/\/www.visit-ulcinj.com\/blog\/?s={search_term_string}"},"query-input":"required name=search_term_string"}],"inLanguage":"en-US"},{"@type":"ImageObject","inLanguage":"en-US","@id":"https:\/\/www.visit-ulcinj.com\/blog\/2011\/02\/10\/nvo-green-home-masline-se-ne-presaduju\/#primaryimage","url":"https:\/\/www.visit-ulcinj.com\/blog\/wp-content\/uploads\/2011\/02\/Masline-se-ne-presadjuju-svaki-dan.jpg","contentUrl":"https:\/\/www.visit-ulcinj.com\/blog\/wp-content\/uploads\/2011\/02\/Masline-se-ne-presadjuju-svaki-dan.jpg","width":"600","height":"450"},{"@type":"WebPage","@id":"https:\/\/www.visit-ulcinj.com\/blog\/2011\/02\/10\/nvo-green-home-masline-se-ne-presaduju\/#webpage","url":"https:\/\/www.visit-ulcinj.com\/blog\/2011\/02\/10\/nvo-green-home-masline-se-ne-presaduju\/","name":"NVO Green Home: Masline se ne presa\u0111uju - Lajme nga Ulqini","isPartOf":{"@id":"https:\/\/www.visit-ulcinj.com\/blog\/#website"},"primaryImageOfPage":{"@id":"https:\/\/www.visit-ulcinj.com\/blog\/2011\/02\/10\/nvo-green-home-masline-se-ne-presaduju\/#primaryimage"},"datePublished":"2011-02-10T20:06:11+00:00","dateModified":"2011-02-10T20:06:11+00:00","author":{"@id":"https:\/\/www.visit-ulcinj.com\/blog\/#\/schema\/person\/dcab619c614d3038751c63bc2aadc06d"},"description":"Izvr\u0161ni direktor NVO \"Grin hom\" Darko Pajovi\u0107 pozvao je Vladu da preispita odluku o davanju pod zakup uvale Valdanos u Ulcinju. Pajovi\u0107 u saop\u0161tenju","breadcrumb":{"@id":"https:\/\/www.visit-ulcinj.com\/blog\/2011\/02\/10\/nvo-green-home-masline-se-ne-presaduju\/#breadcrumb"},"inLanguage":"en-US","potentialAction":[{"@type":"ReadAction","target":["https:\/\/www.visit-ulcinj.com\/blog\/2011\/02\/10\/nvo-green-home-masline-se-ne-presaduju\/"]}]},{"@type":"BreadcrumbList","@id":"https:\/\/www.visit-ulcinj.com\/blog\/2011\/02\/10\/nvo-green-home-masline-se-ne-presaduju\/#breadcrumb","itemListElement":[{"@type":"ListItem","position":1,"name":"NVO Green Home: Masline se ne presa\u0111uju"}]},{"@type":"Person","@id":"https:\/\/www.visit-ulcinj.com\/blog\/#\/schema\/person\/dcab619c614d3038751c63bc2aadc06d","name":"ulqini","sameAs":["http:\/\/www.visit-ulcinj.com"],"url":"https:\/\/www.visit-ulcinj.com\/blog\/author\/admin\/"}]}},"jetpack_featured_media_url":"","jetpack_sharing_enabled":true,"jetpack_shortlink":"https:\/\/wp.me\/pe6lTn-bem","_links":{"self":[{"href":"https:\/\/www.visit-ulcinj.com\/blog\/wp-json\/wp\/v2\/posts\/43174"}],"collection":[{"href":"https:\/\/www.visit-ulcinj.com\/blog\/wp-json\/wp\/v2\/posts"}],"about":[{"href":"https:\/\/www.visit-ulcinj.com\/blog\/wp-json\/wp\/v2\/types\/post"}],"author":[{"embeddable":true,"href":"https:\/\/www.visit-ulcinj.com\/blog\/wp-json\/wp\/v2\/users\/1"}],"replies":[{"embeddable":true,"href":"https:\/\/www.visit-ulcinj.com\/blog\/wp-json\/wp\/v2\/comments?post=43174"}],"version-history":[{"count":0,"href":"https:\/\/www.visit-ulcinj.com\/blog\/wp-json\/wp\/v2\/posts\/43174\/revisions"}],"wp:attachment":[{"href":"https:\/\/www.visit-ulcinj.com\/blog\/wp-json\/wp\/v2\/media?parent=43174"}],"wp:term":[{"taxonomy":"category","embeddable":true,"href":"https:\/\/www.visit-ulcinj.com\/blog\/wp-json\/wp\/v2\/categories?post=43174"},{"taxonomy":"post_tag","embeddable":true,"href":"https:\/\/www.visit-ulcinj.com\/blog\/wp-json\/wp\/v2\/tags?post=43174"}],"curies":[{"name":"wp","href":"https:\/\/api.w.org\/{rel}","templated":true}]}}