{"id":43178,"date":"2011-02-10T21:34:31","date_gmt":"2011-02-10T20:34:31","guid":{"rendered":"http:\/\/www.visit-ulcinj.com\/blog\/?p=43178"},"modified":"2011-02-10T21:34:31","modified_gmt":"2011-02-10T20:34:31","slug":"shkolla-e-integrimeve-euro-atlantike-per-gjimnazistet-e-ulqinit","status":"publish","type":"post","link":"https:\/\/www.visit-ulcinj.com\/blog\/2011\/02\/10\/shkolla-e-integrimeve-euro-atlantike-per-gjimnazistet-e-ulqinit\/","title":{"rendered":"Shkolla e integrimeve euro-atlantike p\u00ebr gjimnazist\u00ebt e Ulqinit"},"content":{"rendered":"<p><a href=\"http:\/\/www.visit-ulcinj.com\/blog\/wp-content\/uploads\/2011\/02\/SHKOLLA-E-INTEGRIMEVE-EURO-ATLANTIKE.1.jpg\"><img loading=\"lazy\" class=\"alignleft size-full wp-image-43180\" title=\"SHKOLLA E INTEGRIMEVE EURO-ATLANTIKE.1\" src=\"http:\/\/www.visit-ulcinj.com\/blog\/wp-content\/uploads\/2011\/02\/SHKOLLA-E-INTEGRIMEVE-EURO-ATLANTIKE.1.jpg\" alt=\"\" width=\"490\" height=\"230\" \/><\/a>Me d\u00ebshir\u00ebn q\u00eb t\u00eb rinjve t&#8217;iu ofrohen njohuri dhe informacione mbi proceset m\u00eb t\u00eb\u00a0r\u00ebnd\u00ebsishme p\u00ebr shoq\u00ebrin\u00eb ton\u00eb q\u00eb do t\u00eb zhvillohen n\u00eb vitet e ardhshme, Organizata e\u00a0shoq\u00ebris\u00eb civile \u201eHORIZONTI i RI\u201c me mb\u00ebshtetjen e Ambasad\u00ebs amerikan n\u00eb Mal t\u00eb Zi,\u00a0organizon <strong>Shkoll\u00ebn e integrimeve euro<\/strong><strong>\u2010<\/strong><strong>atlantike<\/strong>.<br \/>\nShkolla p\u00ebr Integrimet euro\u2010atlantike \u00ebsht\u00eb program i edukimit joformal i cili ofron nj\u00eb\u00a0mund\u00ebsi t\u00eb ve\u00e7ant\u00eb p\u00ebr informim cil\u00ebsor p\u00ebr historikun, iden\u00eb, korniz\u00ebn institucionale\u00a0t\u00eb Bashkimit Evropian e t\u00eb Aleanc\u00ebs Veri\u2010Atlantike (NATO), por edhe p\u00ebr proceset\u00a0aktuale t\u00eb integrimeve n\u00eb k\u00ebto struktura, n\u00ebp\u00ebr t\u00eb cil\u00ebt po kalon Mali i Zi.\u00a0Shkolla iu dedikohet nx\u00ebn\u00ebsve t\u00eb shkollave t\u00eb mesme t\u00eb Ulqinit q\u00eb kan\u00eb interesim n\u00eb\u00a0zhvillimin e njohurive dhe eksperiencave p\u00ebr Bashkimin Evropian dhe NATO\u2010n si dhe\u00a0\u00e7\u00ebshtjeve tjera q\u00eb kan\u00eb t\u00eb b\u00ebjn\u00eb me proceset Integruese.\u00a0Ky program edukativ p\u00ebrfshin\u00eb 10 module. Ligj\u00ebratat do t\u00eb mbahen nj\u00eb her\u00eb n\u00eb jav\u00eb\u00a0(\u00e7do t\u00eb shtun\u00eb), n\u00eb periudh\u00ebn shkurt \u2013 maj 2011.<br \/>\nP\u00ebrve\u00e7 ciklit t\u00eb ligj\u00ebratave, projekti p\u00ebrfshin edhe aktivitete tjera kreative,prezantime,\u00a0performance, etj.\u00a0Projekti finalizohet me kremtimin e Dit\u00ebs s\u00eb Evrop\u00ebs, me 9 maj.\u00a0N\u00eb fund t\u00eb k\u00ebtij cikli, kandidat\u00ebt do t\u00eb marrin edhe diplomat p\u00ebrkat\u00ebse p\u00ebr njohurit\u00eb e\u00a0fituara.\u00a0Paraqitja p\u00ebr k\u00ebt\u00eb Program b\u00ebhet duke plot\u00ebsuar form\u00ebn aplikuese t\u00eb cil\u00ebn mund ta\u00a0merrni n\u00eb web\u2010sajtin e OJQ \u201cHorizonti i Ri\u201d: <strong><a href=\"http:\/\/www.ngo%E2%80%90horizonti.org\/\">www.ngo\u2010horizonti.org<\/a><\/strong><\/p>\n<p><strong> <\/strong>Afati i paraqitjes \u00ebsht\u00eb deri me 10 shkurt 2011.\u00a0Numri i kandidat\u00ebve \u00ebsht\u00eb i kufizuar.<\/p>\n<p><strong>PARAQITU DHE NJIHU ME MUND\u00cbSIT\u00cb P\u00cbR T\u00cb ARDHMEN T\u00cbNDE!<\/strong><\/p>\n<p><strong><a href=\"http:\/\/www.facebook.com\/profile.php?id=100001634242248\">Horizonti  Ngo -Video<\/a><br \/>\n\n\t\t<style type=\"text\/css\">\n\t\t\t#gallery-1 {\n\t\t\t\tmargin: auto;\n\t\t\t}\n\t\t\t#gallery-1 .gallery-item {\n\t\t\t\tfloat: left;\n\t\t\t\tmargin-top: 10px;\n\t\t\t\ttext-align: center;\n\t\t\t\twidth: 33%;\n\t\t\t}\n\t\t\t#gallery-1 img {\n\t\t\t\tborder: 2px solid #cfcfcf;\n\t\t\t}\n\t\t\t#gallery-1 .gallery-caption {\n\t\t\t\tmargin-left: 0;\n\t\t\t}\n\t\t\t\/* see gallery_shortcode() in wp-includes\/media.php *\/\n\t\t<\/style>\n\t\t<div id='gallery-1' class='gallery galleryid-43178 gallery-columns-3 gallery-size-thumbnail'><dl class='gallery-item'>\n\t\t\t<dt class='gallery-icon landscape'>\n\t\t\t\t<a href='https:\/\/www.visit-ulcinj.com\/blog\/wp-content\/uploads\/2011\/02\/SHKOLLA-E-INTEGRIMEVE-EURO-ATLANTIKE.jpg'><img width=\"150\" height=\"150\" src=\"https:\/\/www.visit-ulcinj.com\/blog\/wp-content\/uploads\/2011\/02\/SHKOLLA-E-INTEGRIMEVE-EURO-ATLANTIKE-150x150.jpg\" class=\"attachment-thumbnail size-thumbnail\" alt=\"\" loading=\"lazy\" \/><\/a>\n\t\t\t<\/dt><\/dl><dl class='gallery-item'>\n\t\t\t<dt class='gallery-icon landscape'>\n\t\t\t\t<a href='https:\/\/www.visit-ulcinj.com\/blog\/wp-content\/uploads\/2011\/02\/SHKOLLA-E-INTEGRIMEVE-EURO-ATLANTIKE.1.jpg'><img width=\"150\" height=\"150\" src=\"https:\/\/www.visit-ulcinj.com\/blog\/wp-content\/uploads\/2011\/02\/SHKOLLA-E-INTEGRIMEVE-EURO-ATLANTIKE.1-150x150.jpg\" class=\"attachment-thumbnail size-thumbnail\" alt=\"\" loading=\"lazy\" \/><\/a>\n\t\t\t<\/dt><\/dl><dl class='gallery-item'>\n\t\t\t<dt class='gallery-icon landscape'>\n\t\t\t\t<a href='https:\/\/www.visit-ulcinj.com\/blog\/wp-content\/uploads\/2011\/02\/SHKOLLA-E-INTEGRIMEVE-EURO-ATLANTIKE.2.jpg'><img width=\"150\" height=\"150\" src=\"https:\/\/www.visit-ulcinj.com\/blog\/wp-content\/uploads\/2011\/02\/SHKOLLA-E-INTEGRIMEVE-EURO-ATLANTIKE.2-150x150.jpg\" class=\"attachment-thumbnail size-thumbnail\" alt=\"\" loading=\"lazy\" \/><\/a>\n\t\t\t<\/dt><\/dl><br style=\"clear: both\" \/>\n\t\t<\/div>\n<br \/>\n<\/strong><\/p>\n","protected":false},"excerpt":{"rendered":"<p>Me d\u00ebshir\u00ebn q\u00eb t\u00eb rinjve t&#8217;iu ofrohen njohuri dhe informacione mbi proceset m\u00eb t\u00eb\u00a0r\u00ebnd\u00ebsishme p\u00ebr shoq\u00ebrin\u00eb ton\u00eb q\u00eb do t\u00eb zhvillohen n\u00eb vitet e ardhshme, Organizata e\u00a0shoq\u00ebris\u00eb civile \u201eHORIZONTI i RI\u201c me mb\u00ebshtetjen e Ambasad\u00ebs amerikan n\u00eb Mal t\u00eb Zi,\u00a0organizon Shkoll\u00ebn e integrimeve euro\u2010atlantike. Shkolla p\u00ebr Integrimet euro\u2010atlantike \u00ebsht\u00eb program i edukimit joformal i cili [&hellip;]<\/p>\n","protected":false},"author":1,"featured_media":0,"comment_status":"open","ping_status":"closed","sticky":false,"template":"","format":"standard","meta":{"spay_email":"","jetpack_publicize_message":"","jetpack_is_tweetstorm":false,"jetpack_publicize_feature_enabled":true},"categories":[11],"tags":[17248,17247,200,18],"jetpack_publicize_connections":[],"yoast_head":"<!-- This site is optimized with the Yoast SEO plugin v19.1 - https:\/\/yoast.com\/wordpress\/plugins\/seo\/ -->\n<title>Shkolla e integrimeve euro-atlantike p\u00ebr gjimnazist\u00ebt e Ulqinit - Lajme nga Ulqini<\/title>\n<meta name=\"description\" content=\"Me d\u00ebshir\u00ebn q\u00eb t\u00eb rinjve t&#039;iu ofrohen njohuri dhe informacione mbi proceset m\u00eb t\u00eb\u00a0r\u00ebnd\u00ebsishme p\u00ebr shoq\u00ebrin\u00eb ton\u00eb q\u00eb do t\u00eb zhvillohen n\u00eb vitet e ardhshme,\" \/>\n<meta name=\"robots\" content=\"index, follow, max-snippet:-1, max-image-preview:large, max-video-preview:-1\" \/>\n<link rel=\"canonical\" href=\"https:\/\/www.visit-ulcinj.com\/blog\/2011\/02\/10\/shkolla-e-integrimeve-euro-atlantike-per-gjimnazistet-e-ulqinit\/\" \/>\n<meta property=\"og:locale\" content=\"en_US\" \/>\n<meta property=\"og:type\" content=\"article\" \/>\n<meta property=\"og:title\" content=\"Shkolla e integrimeve euro-atlantike p\u00ebr gjimnazist\u00ebt e Ulqinit - Lajme nga Ulqini\" \/>\n<meta property=\"og:description\" content=\"Me d\u00ebshir\u00ebn q\u00eb t\u00eb rinjve t&#039;iu ofrohen njohuri dhe informacione mbi proceset m\u00eb t\u00eb\u00a0r\u00ebnd\u00ebsishme p\u00ebr shoq\u00ebrin\u00eb ton\u00eb q\u00eb do t\u00eb zhvillohen n\u00eb vitet e ardhshme,\" \/>\n<meta property=\"og:url\" content=\"https:\/\/www.visit-ulcinj.com\/blog\/2011\/02\/10\/shkolla-e-integrimeve-euro-atlantike-per-gjimnazistet-e-ulqinit\/\" \/>\n<meta property=\"og:site_name\" content=\"Lajme nga Ulqini\" \/>\n<meta property=\"article:published_time\" content=\"2011-02-10T20:34:31+00:00\" \/>\n<meta property=\"og:image\" content=\"https:\/\/www.visit-ulcinj.com\/blog\/wp-content\/uploads\/2011\/02\/SHKOLLA-E-INTEGRIMEVE-EURO-ATLANTIKE-150x150.jpg\" \/>\n<meta name=\"twitter:label1\" content=\"Written by\" \/>\n\t<meta name=\"twitter:data1\" content=\"ulqini\" \/>\n\t<meta name=\"twitter:label2\" content=\"Est. reading time\" \/>\n\t<meta name=\"twitter:data2\" content=\"1 minute\" \/>\n<script type=\"application\/ld+json\" class=\"yoast-schema-graph\">{\"@context\":\"https:\/\/schema.org\",\"@graph\":[{\"@type\":\"WebSite\",\"@id\":\"https:\/\/www.visit-ulcinj.com\/blog\/#website\",\"url\":\"https:\/\/www.visit-ulcinj.com\/blog\/\",\"name\":\"Lajme nga Ulqini\",\"description\":\"Lajme,Vijesti,Ulqini,Ulqin,Crna Gora,Mali i Zi\",\"potentialAction\":[{\"@type\":\"SearchAction\",\"target\":{\"@type\":\"EntryPoint\",\"urlTemplate\":\"https:\/\/www.visit-ulcinj.com\/blog\/?s={search_term_string}\"},\"query-input\":\"required name=search_term_string\"}],\"inLanguage\":\"en-US\"},{\"@type\":\"ImageObject\",\"inLanguage\":\"en-US\",\"@id\":\"https:\/\/www.visit-ulcinj.com\/blog\/2011\/02\/10\/shkolla-e-integrimeve-euro-atlantike-per-gjimnazistet-e-ulqinit\/#primaryimage\",\"url\":\"https:\/\/www.visit-ulcinj.com\/blog\/wp-content\/uploads\/2011\/02\/SHKOLLA-E-INTEGRIMEVE-EURO-ATLANTIKE.1.jpg\",\"contentUrl\":\"https:\/\/www.visit-ulcinj.com\/blog\/wp-content\/uploads\/2011\/02\/SHKOLLA-E-INTEGRIMEVE-EURO-ATLANTIKE.1.jpg\",\"width\":\"638\",\"height\":\"230\"},{\"@type\":\"WebPage\",\"@id\":\"https:\/\/www.visit-ulcinj.com\/blog\/2011\/02\/10\/shkolla-e-integrimeve-euro-atlantike-per-gjimnazistet-e-ulqinit\/#webpage\",\"url\":\"https:\/\/www.visit-ulcinj.com\/blog\/2011\/02\/10\/shkolla-e-integrimeve-euro-atlantike-per-gjimnazistet-e-ulqinit\/\",\"name\":\"Shkolla e integrimeve euro-atlantike p\u00ebr gjimnazist\u00ebt e Ulqinit - Lajme nga Ulqini\",\"isPartOf\":{\"@id\":\"https:\/\/www.visit-ulcinj.com\/blog\/#website\"},\"primaryImageOfPage\":{\"@id\":\"https:\/\/www.visit-ulcinj.com\/blog\/2011\/02\/10\/shkolla-e-integrimeve-euro-atlantike-per-gjimnazistet-e-ulqinit\/#primaryimage\"},\"datePublished\":\"2011-02-10T20:34:31+00:00\",\"dateModified\":\"2011-02-10T20:34:31+00:00\",\"author\":{\"@id\":\"https:\/\/www.visit-ulcinj.com\/blog\/#\/schema\/person\/dcab619c614d3038751c63bc2aadc06d\"},\"description\":\"Me d\u00ebshir\u00ebn q\u00eb t\u00eb rinjve t'iu ofrohen njohuri dhe informacione mbi proceset m\u00eb t\u00eb\u00a0r\u00ebnd\u00ebsishme p\u00ebr shoq\u00ebrin\u00eb ton\u00eb q\u00eb do t\u00eb zhvillohen n\u00eb vitet e ardhshme,\",\"breadcrumb\":{\"@id\":\"https:\/\/www.visit-ulcinj.com\/blog\/2011\/02\/10\/shkolla-e-integrimeve-euro-atlantike-per-gjimnazistet-e-ulqinit\/#breadcrumb\"},\"inLanguage\":\"en-US\",\"potentialAction\":[{\"@type\":\"ReadAction\",\"target\":[\"https:\/\/www.visit-ulcinj.com\/blog\/2011\/02\/10\/shkolla-e-integrimeve-euro-atlantike-per-gjimnazistet-e-ulqinit\/\"]}]},{\"@type\":\"BreadcrumbList\",\"@id\":\"https:\/\/www.visit-ulcinj.com\/blog\/2011\/02\/10\/shkolla-e-integrimeve-euro-atlantike-per-gjimnazistet-e-ulqinit\/#breadcrumb\",\"itemListElement\":[{\"@type\":\"ListItem\",\"position\":1,\"name\":\"Shkolla e integrimeve euro-atlantike p\u00ebr gjimnazist\u00ebt e Ulqinit\"}]},{\"@type\":\"Person\",\"@id\":\"https:\/\/www.visit-ulcinj.com\/blog\/#\/schema\/person\/dcab619c614d3038751c63bc2aadc06d\",\"name\":\"ulqini\",\"sameAs\":[\"http:\/\/www.visit-ulcinj.com\"],\"url\":\"https:\/\/www.visit-ulcinj.com\/blog\/author\/admin\/\"}]}<\/script>\n<!-- \/ Yoast SEO plugin. -->","yoast_head_json":{"title":"Shkolla e integrimeve euro-atlantike p\u00ebr gjimnazist\u00ebt e Ulqinit - Lajme nga Ulqini","description":"Me d\u00ebshir\u00ebn q\u00eb t\u00eb rinjve t'iu ofrohen njohuri dhe informacione mbi proceset m\u00eb t\u00eb\u00a0r\u00ebnd\u00ebsishme p\u00ebr shoq\u00ebrin\u00eb ton\u00eb q\u00eb do t\u00eb zhvillohen n\u00eb vitet e ardhshme,","robots":{"index":"index","follow":"follow","max-snippet":"max-snippet:-1","max-image-preview":"max-image-preview:large","max-video-preview":"max-video-preview:-1"},"canonical":"https:\/\/www.visit-ulcinj.com\/blog\/2011\/02\/10\/shkolla-e-integrimeve-euro-atlantike-per-gjimnazistet-e-ulqinit\/","og_locale":"en_US","og_type":"article","og_title":"Shkolla e integrimeve euro-atlantike p\u00ebr gjimnazist\u00ebt e Ulqinit - Lajme nga Ulqini","og_description":"Me d\u00ebshir\u00ebn q\u00eb t\u00eb rinjve t'iu ofrohen njohuri dhe informacione mbi proceset m\u00eb t\u00eb\u00a0r\u00ebnd\u00ebsishme p\u00ebr shoq\u00ebrin\u00eb ton\u00eb q\u00eb do t\u00eb zhvillohen n\u00eb vitet e ardhshme,","og_url":"https:\/\/www.visit-ulcinj.com\/blog\/2011\/02\/10\/shkolla-e-integrimeve-euro-atlantike-per-gjimnazistet-e-ulqinit\/","og_site_name":"Lajme nga Ulqini","article_published_time":"2011-02-10T20:34:31+00:00","og_image":[{"url":"https:\/\/www.visit-ulcinj.com\/blog\/wp-content\/uploads\/2011\/02\/SHKOLLA-E-INTEGRIMEVE-EURO-ATLANTIKE-150x150.jpg"}],"twitter_misc":{"Written by":"ulqini","Est. reading time":"1 minute"},"schema":{"@context":"https:\/\/schema.org","@graph":[{"@type":"WebSite","@id":"https:\/\/www.visit-ulcinj.com\/blog\/#website","url":"https:\/\/www.visit-ulcinj.com\/blog\/","name":"Lajme nga Ulqini","description":"Lajme,Vijesti,Ulqini,Ulqin,Crna Gora,Mali i Zi","potentialAction":[{"@type":"SearchAction","target":{"@type":"EntryPoint","urlTemplate":"https:\/\/www.visit-ulcinj.com\/blog\/?s={search_term_string}"},"query-input":"required name=search_term_string"}],"inLanguage":"en-US"},{"@type":"ImageObject","inLanguage":"en-US","@id":"https:\/\/www.visit-ulcinj.com\/blog\/2011\/02\/10\/shkolla-e-integrimeve-euro-atlantike-per-gjimnazistet-e-ulqinit\/#primaryimage","url":"https:\/\/www.visit-ulcinj.com\/blog\/wp-content\/uploads\/2011\/02\/SHKOLLA-E-INTEGRIMEVE-EURO-ATLANTIKE.1.jpg","contentUrl":"https:\/\/www.visit-ulcinj.com\/blog\/wp-content\/uploads\/2011\/02\/SHKOLLA-E-INTEGRIMEVE-EURO-ATLANTIKE.1.jpg","width":"638","height":"230"},{"@type":"WebPage","@id":"https:\/\/www.visit-ulcinj.com\/blog\/2011\/02\/10\/shkolla-e-integrimeve-euro-atlantike-per-gjimnazistet-e-ulqinit\/#webpage","url":"https:\/\/www.visit-ulcinj.com\/blog\/2011\/02\/10\/shkolla-e-integrimeve-euro-atlantike-per-gjimnazistet-e-ulqinit\/","name":"Shkolla e integrimeve euro-atlantike p\u00ebr gjimnazist\u00ebt e Ulqinit - Lajme nga Ulqini","isPartOf":{"@id":"https:\/\/www.visit-ulcinj.com\/blog\/#website"},"primaryImageOfPage":{"@id":"https:\/\/www.visit-ulcinj.com\/blog\/2011\/02\/10\/shkolla-e-integrimeve-euro-atlantike-per-gjimnazistet-e-ulqinit\/#primaryimage"},"datePublished":"2011-02-10T20:34:31+00:00","dateModified":"2011-02-10T20:34:31+00:00","author":{"@id":"https:\/\/www.visit-ulcinj.com\/blog\/#\/schema\/person\/dcab619c614d3038751c63bc2aadc06d"},"description":"Me d\u00ebshir\u00ebn q\u00eb t\u00eb rinjve t'iu ofrohen njohuri dhe informacione mbi proceset m\u00eb t\u00eb\u00a0r\u00ebnd\u00ebsishme p\u00ebr shoq\u00ebrin\u00eb ton\u00eb q\u00eb do t\u00eb zhvillohen n\u00eb vitet e ardhshme,","breadcrumb":{"@id":"https:\/\/www.visit-ulcinj.com\/blog\/2011\/02\/10\/shkolla-e-integrimeve-euro-atlantike-per-gjimnazistet-e-ulqinit\/#breadcrumb"},"inLanguage":"en-US","potentialAction":[{"@type":"ReadAction","target":["https:\/\/www.visit-ulcinj.com\/blog\/2011\/02\/10\/shkolla-e-integrimeve-euro-atlantike-per-gjimnazistet-e-ulqinit\/"]}]},{"@type":"BreadcrumbList","@id":"https:\/\/www.visit-ulcinj.com\/blog\/2011\/02\/10\/shkolla-e-integrimeve-euro-atlantike-per-gjimnazistet-e-ulqinit\/#breadcrumb","itemListElement":[{"@type":"ListItem","position":1,"name":"Shkolla e integrimeve euro-atlantike p\u00ebr gjimnazist\u00ebt e Ulqinit"}]},{"@type":"Person","@id":"https:\/\/www.visit-ulcinj.com\/blog\/#\/schema\/person\/dcab619c614d3038751c63bc2aadc06d","name":"ulqini","sameAs":["http:\/\/www.visit-ulcinj.com"],"url":"https:\/\/www.visit-ulcinj.com\/blog\/author\/admin\/"}]}},"jetpack_featured_media_url":"","jetpack_sharing_enabled":true,"jetpack_shortlink":"https:\/\/wp.me\/pe6lTn-beq","_links":{"self":[{"href":"https:\/\/www.visit-ulcinj.com\/blog\/wp-json\/wp\/v2\/posts\/43178"}],"collection":[{"href":"https:\/\/www.visit-ulcinj.com\/blog\/wp-json\/wp\/v2\/posts"}],"about":[{"href":"https:\/\/www.visit-ulcinj.com\/blog\/wp-json\/wp\/v2\/types\/post"}],"author":[{"embeddable":true,"href":"https:\/\/www.visit-ulcinj.com\/blog\/wp-json\/wp\/v2\/users\/1"}],"replies":[{"embeddable":true,"href":"https:\/\/www.visit-ulcinj.com\/blog\/wp-json\/wp\/v2\/comments?post=43178"}],"version-history":[{"count":0,"href":"https:\/\/www.visit-ulcinj.com\/blog\/wp-json\/wp\/v2\/posts\/43178\/revisions"}],"wp:attachment":[{"href":"https:\/\/www.visit-ulcinj.com\/blog\/wp-json\/wp\/v2\/media?parent=43178"}],"wp:term":[{"taxonomy":"category","embeddable":true,"href":"https:\/\/www.visit-ulcinj.com\/blog\/wp-json\/wp\/v2\/categories?post=43178"},{"taxonomy":"post_tag","embeddable":true,"href":"https:\/\/www.visit-ulcinj.com\/blog\/wp-json\/wp\/v2\/tags?post=43178"}],"curies":[{"name":"wp","href":"https:\/\/api.w.org\/{rel}","templated":true}]}}