{"id":43195,"date":"2011-02-11T11:01:50","date_gmt":"2011-02-11T10:01:50","guid":{"rendered":"http:\/\/www.visit-ulcinj.com\/blog\/?p=43195"},"modified":"2016-03-21T21:58:35","modified_gmt":"2016-03-21T20:58:35","slug":"festoni-shen-valentinin-ne-hotelin-mediteran-ulqin","status":"publish","type":"post","link":"https:\/\/www.visit-ulcinj.com\/blog\/2011\/02\/11\/festoni-shen-valentinin-ne-hotelin-mediteran-ulqin\/","title":{"rendered":"Festoni Shen Valentinin ne Hotelin Mediteran Ulqin"},"content":{"rendered":"<p><a href=\"http:\/\/www.visit-ulcinj.com\/blog\/wp-content\/uploads\/2011\/02\/Festoni-Shen-Valentinin-ne-Hotelin-Mediteran-Ulqin.1.jpg\"><img loading=\"lazy\" class=\"alignleft size-full wp-image-43202\" title=\"Festoni Shen Valentinin ne Hotelin Mediteran Ulqin.1,G\u00ebzuar Sh\u00ebn Valentinin,Gl\u00fccklich Valentin TagHappy Valentin Day, Joyeux St Valentin, Boldog Valentin nap, Felice Valentin, Buon San Valentino, Alles Liebe zum Valentinstag!, Feliz D\u00eda de San Valent\u00edn, Sretan Valentin dan, Happy Valentine's Day,Hotel Mediteran Ulcinj Montenegro,\" src=\"http:\/\/www.visit-ulcinj.com\/blog\/wp-content\/uploads\/2011\/02\/Festoni-Shen-Valentinin-ne-Hotelin-Mediteran-Ulqin.1.jpg\" alt=\"\" width=\"508\" height=\"300\" \/><\/a>Beni tentativ\u00eb p\u00ebr t\u00eb sh\u00ebnuar dit\u00ebn e sakt\u00eb t\u00eb s\u00eb ashtuquajtur\u00ebs Sh\u00ebn Valentini apo Dita e t\u00eb dashuruarve \u00a0n\u00eb\u00a0 Hotelin Mediteran Ulqin.<\/p>\n<p>Qe ti jepni kuptim festes se Shen Valentinit, kaloni momente me nj\u00eb drek\u00eb t\u00eb vecant\u00eb n\u00eb ambjentet e Hotel Mediteranit n\u00eb Ulqin. Me nj\u00eb menu t\u00eb ve\u00e7ant\u00eb dhe muzik\u00eb te zgjedhur Hotel Mediterani \u00a0ju ofron zgjedhjen me te mire.<\/p>\n<p>Menu e festes\u00a0p\u00ebr Shen Valentinin n\u00eb Hotel Mediteran Ulqin<\/p>\n<p>&nbsp;<\/p>\n<p><strong>Di\u00e7ka p\u00ebr Hotel Mediteran<\/strong><\/p>\n<p>Hotel Mediterani \u00ebsht\u00eb qendra e par\u00eb e turizmit ditor dhe m\u00eb e madhja e argetimit ne vendin ton\u00eb.<br \/>\nI rrethuar nga nj\u00eb mjedis ekzotik, dhe pamje piktoreske, &#8221; Hotel Mediterani n\u00eb Ulqin&#8221; garanton freskine absolute n\u00eb dit\u00ebt e nxehta verore, qetesin\u00eb dhe relaksin e deshiruar nga t\u00eb gjith\u00eb. Kompleksi yn\u00eb ka p\u00ebr q\u00ebllim p\u00ebrcjelljen tek vizitor\u00ebt t\u00eb arg\u00ebtimit, zbavitj\u00ebs, komoditetit q\u00eb gjat\u00eb monotonies s\u00eb dit\u00ebve te zakonshme mungon pothuajse plotesisht.<br \/>\nK\u00ebnde lojerash p\u00ebr femij\u00ebt dhe t\u00eb rriturit, bare, restorante, piceri, ambiente mahnitese, muzik\u00eb live \u00e7do fundjave, sherbim i kulturuar, gjith\u00e7ka ju nevojitet per ti thene \u201dJO\u201d per disa ore streseve dhe problemeve te dit\u00ebs.<\/p>\n<p><span style=\"color: #ffffff;\">G\u00ebzuar Sh\u00ebn Valentinin,Gl\u00fccklich Valentin TagHappy Valentin Day, <em>Joyeux<\/em> St <em>Valentin<\/em>, Boldog Valentin nap, Felice Valentin, Buon San Valentino, Alles Liebe zum Valentinstag!, Feliz D\u00eda de San Valent\u00edn, <em>Sretan Valentin dan<\/em>, Happy Valentine&#8217;s Day,Hotel Mediteran Ulcinj Montenegro,<\/span><\/p>\n","protected":false},"excerpt":{"rendered":"<p>Beni tentativ\u00eb p\u00ebr t\u00eb sh\u00ebnuar dit\u00ebn e sakt\u00eb t\u00eb s\u00eb ashtuquajtur\u00ebs Sh\u00ebn Valentini apo Dita e t\u00eb dashuruarve \u00a0n\u00eb\u00a0 Hotelin Mediteran Ulqin. Qe ti jepni kuptim festes se Shen Valentinit, kaloni momente me nj\u00eb drek\u00eb t\u00eb vecant\u00eb n\u00eb ambjentet e Hotel Mediteranit n\u00eb Ulqin. Me nj\u00eb menu t\u00eb ve\u00e7ant\u00eb dhe muzik\u00eb te zgjedhur Hotel Mediterani [&hellip;]<\/p>\n","protected":false},"author":1,"featured_media":0,"comment_status":"open","ping_status":"closed","sticky":false,"template":"","format":"standard","meta":{"spay_email":"","jetpack_publicize_message":"","jetpack_is_tweetstorm":false,"jetpack_publicize_feature_enabled":true},"categories":[1],"tags":[17260,17257,17259,17258,17261,17252,17254,17255,17263,13382,17264,15892,17256,17251,17262,13475,17253],"jetpack_publicize_connections":[],"yoast_head":"<!-- This site is optimized with the Yoast SEO plugin v19.1 - https:\/\/yoast.com\/wordpress\/plugins\/seo\/ -->\n<title>Festoni Shen Valentinin ne Hotelin Mediteran Ulqin - Lajme nga Ulqini<\/title>\n<meta name=\"description\" content=\"Beni tentativ\u00eb p\u00ebr t\u00eb sh\u00ebnuar dit\u00ebn e sakt\u00eb t\u00eb s\u00eb ashtuquajtur\u00ebs Sh\u00ebn Valentini apo Dita e t\u00eb dashuruarve \u00a0n\u00eb\u00a0 Hotelin Mediteran Ulqin. Qe ti jepni kuptim\" \/>\n<meta name=\"robots\" content=\"index, follow, max-snippet:-1, max-image-preview:large, max-video-preview:-1\" \/>\n<link rel=\"canonical\" href=\"https:\/\/www.visit-ulcinj.com\/blog\/2011\/02\/11\/festoni-shen-valentinin-ne-hotelin-mediteran-ulqin\/\" \/>\n<meta property=\"og:locale\" content=\"en_US\" \/>\n<meta property=\"og:type\" content=\"article\" \/>\n<meta property=\"og:title\" content=\"Festoni Shen Valentinin ne Hotelin Mediteran Ulqin - Lajme nga Ulqini\" \/>\n<meta property=\"og:description\" content=\"Beni tentativ\u00eb p\u00ebr t\u00eb sh\u00ebnuar dit\u00ebn e sakt\u00eb t\u00eb s\u00eb ashtuquajtur\u00ebs Sh\u00ebn Valentini apo Dita e t\u00eb dashuruarve \u00a0n\u00eb\u00a0 Hotelin Mediteran Ulqin. Qe ti jepni kuptim\" \/>\n<meta property=\"og:url\" content=\"https:\/\/www.visit-ulcinj.com\/blog\/2011\/02\/11\/festoni-shen-valentinin-ne-hotelin-mediteran-ulqin\/\" \/>\n<meta property=\"og:site_name\" content=\"Lajme nga Ulqini\" \/>\n<meta property=\"article:published_time\" content=\"2011-02-11T10:01:50+00:00\" \/>\n<meta property=\"article:modified_time\" content=\"2016-03-21T20:58:35+00:00\" \/>\n<meta property=\"og:image\" content=\"http:\/\/www.visit-ulcinj.com\/blog\/wp-content\/uploads\/2011\/02\/Festoni-Shen-Valentinin-ne-Hotelin-Mediteran-Ulqin.1.jpg\" \/>\n<meta name=\"twitter:label1\" content=\"Written by\" \/>\n\t<meta name=\"twitter:data1\" content=\"ulqini\" \/>\n\t<meta name=\"twitter:label2\" content=\"Est. reading time\" \/>\n\t<meta name=\"twitter:data2\" content=\"1 minute\" \/>\n<script type=\"application\/ld+json\" class=\"yoast-schema-graph\">{\"@context\":\"https:\/\/schema.org\",\"@graph\":[{\"@type\":\"WebSite\",\"@id\":\"https:\/\/www.visit-ulcinj.com\/blog\/#website\",\"url\":\"https:\/\/www.visit-ulcinj.com\/blog\/\",\"name\":\"Lajme nga Ulqini\",\"description\":\"Lajme,Vijesti,Ulqini,Ulqin,Crna Gora,Mali i Zi\",\"potentialAction\":[{\"@type\":\"SearchAction\",\"target\":{\"@type\":\"EntryPoint\",\"urlTemplate\":\"https:\/\/www.visit-ulcinj.com\/blog\/?s={search_term_string}\"},\"query-input\":\"required name=search_term_string\"}],\"inLanguage\":\"en-US\"},{\"@type\":\"ImageObject\",\"inLanguage\":\"en-US\",\"@id\":\"https:\/\/www.visit-ulcinj.com\/blog\/2011\/02\/11\/festoni-shen-valentinin-ne-hotelin-mediteran-ulqin\/#primaryimage\",\"url\":\"https:\/\/www.visit-ulcinj.com\/blog\/wp-content\/uploads\/2011\/02\/Festoni-Shen-Valentinin-ne-Hotelin-Mediteran-Ulqin.1.jpg\",\"contentUrl\":\"https:\/\/www.visit-ulcinj.com\/blog\/wp-content\/uploads\/2011\/02\/Festoni-Shen-Valentinin-ne-Hotelin-Mediteran-Ulqin.1.jpg\",\"width\":\"1207\",\"height\":\"379\"},{\"@type\":\"WebPage\",\"@id\":\"https:\/\/www.visit-ulcinj.com\/blog\/2011\/02\/11\/festoni-shen-valentinin-ne-hotelin-mediteran-ulqin\/#webpage\",\"url\":\"https:\/\/www.visit-ulcinj.com\/blog\/2011\/02\/11\/festoni-shen-valentinin-ne-hotelin-mediteran-ulqin\/\",\"name\":\"Festoni Shen Valentinin ne Hotelin Mediteran Ulqin - Lajme nga Ulqini\",\"isPartOf\":{\"@id\":\"https:\/\/www.visit-ulcinj.com\/blog\/#website\"},\"primaryImageOfPage\":{\"@id\":\"https:\/\/www.visit-ulcinj.com\/blog\/2011\/02\/11\/festoni-shen-valentinin-ne-hotelin-mediteran-ulqin\/#primaryimage\"},\"datePublished\":\"2011-02-11T10:01:50+00:00\",\"dateModified\":\"2016-03-21T20:58:35+00:00\",\"author\":{\"@id\":\"https:\/\/www.visit-ulcinj.com\/blog\/#\/schema\/person\/dcab619c614d3038751c63bc2aadc06d\"},\"description\":\"Beni tentativ\u00eb p\u00ebr t\u00eb sh\u00ebnuar dit\u00ebn e sakt\u00eb t\u00eb s\u00eb ashtuquajtur\u00ebs Sh\u00ebn Valentini apo Dita e t\u00eb dashuruarve \u00a0n\u00eb\u00a0 Hotelin Mediteran Ulqin. Qe ti jepni kuptim\",\"breadcrumb\":{\"@id\":\"https:\/\/www.visit-ulcinj.com\/blog\/2011\/02\/11\/festoni-shen-valentinin-ne-hotelin-mediteran-ulqin\/#breadcrumb\"},\"inLanguage\":\"en-US\",\"potentialAction\":[{\"@type\":\"ReadAction\",\"target\":[\"https:\/\/www.visit-ulcinj.com\/blog\/2011\/02\/11\/festoni-shen-valentinin-ne-hotelin-mediteran-ulqin\/\"]}]},{\"@type\":\"BreadcrumbList\",\"@id\":\"https:\/\/www.visit-ulcinj.com\/blog\/2011\/02\/11\/festoni-shen-valentinin-ne-hotelin-mediteran-ulqin\/#breadcrumb\",\"itemListElement\":[{\"@type\":\"ListItem\",\"position\":1,\"name\":\"Festoni Shen Valentinin ne Hotelin Mediteran Ulqin\"}]},{\"@type\":\"Person\",\"@id\":\"https:\/\/www.visit-ulcinj.com\/blog\/#\/schema\/person\/dcab619c614d3038751c63bc2aadc06d\",\"name\":\"ulqini\",\"sameAs\":[\"http:\/\/www.visit-ulcinj.com\"],\"url\":\"https:\/\/www.visit-ulcinj.com\/blog\/author\/admin\/\"}]}<\/script>\n<!-- \/ Yoast SEO plugin. -->","yoast_head_json":{"title":"Festoni Shen Valentinin ne Hotelin Mediteran Ulqin - Lajme nga Ulqini","description":"Beni tentativ\u00eb p\u00ebr t\u00eb sh\u00ebnuar dit\u00ebn e sakt\u00eb t\u00eb s\u00eb ashtuquajtur\u00ebs Sh\u00ebn Valentini apo Dita e t\u00eb dashuruarve \u00a0n\u00eb\u00a0 Hotelin Mediteran Ulqin. Qe ti jepni kuptim","robots":{"index":"index","follow":"follow","max-snippet":"max-snippet:-1","max-image-preview":"max-image-preview:large","max-video-preview":"max-video-preview:-1"},"canonical":"https:\/\/www.visit-ulcinj.com\/blog\/2011\/02\/11\/festoni-shen-valentinin-ne-hotelin-mediteran-ulqin\/","og_locale":"en_US","og_type":"article","og_title":"Festoni Shen Valentinin ne Hotelin Mediteran Ulqin - Lajme nga Ulqini","og_description":"Beni tentativ\u00eb p\u00ebr t\u00eb sh\u00ebnuar dit\u00ebn e sakt\u00eb t\u00eb s\u00eb ashtuquajtur\u00ebs Sh\u00ebn Valentini apo Dita e t\u00eb dashuruarve \u00a0n\u00eb\u00a0 Hotelin Mediteran Ulqin. Qe ti jepni kuptim","og_url":"https:\/\/www.visit-ulcinj.com\/blog\/2011\/02\/11\/festoni-shen-valentinin-ne-hotelin-mediteran-ulqin\/","og_site_name":"Lajme nga Ulqini","article_published_time":"2011-02-11T10:01:50+00:00","article_modified_time":"2016-03-21T20:58:35+00:00","og_image":[{"url":"http:\/\/www.visit-ulcinj.com\/blog\/wp-content\/uploads\/2011\/02\/Festoni-Shen-Valentinin-ne-Hotelin-Mediteran-Ulqin.1.jpg"}],"twitter_misc":{"Written by":"ulqini","Est. reading time":"1 minute"},"schema":{"@context":"https:\/\/schema.org","@graph":[{"@type":"WebSite","@id":"https:\/\/www.visit-ulcinj.com\/blog\/#website","url":"https:\/\/www.visit-ulcinj.com\/blog\/","name":"Lajme nga Ulqini","description":"Lajme,Vijesti,Ulqini,Ulqin,Crna Gora,Mali i Zi","potentialAction":[{"@type":"SearchAction","target":{"@type":"EntryPoint","urlTemplate":"https:\/\/www.visit-ulcinj.com\/blog\/?s={search_term_string}"},"query-input":"required name=search_term_string"}],"inLanguage":"en-US"},{"@type":"ImageObject","inLanguage":"en-US","@id":"https:\/\/www.visit-ulcinj.com\/blog\/2011\/02\/11\/festoni-shen-valentinin-ne-hotelin-mediteran-ulqin\/#primaryimage","url":"https:\/\/www.visit-ulcinj.com\/blog\/wp-content\/uploads\/2011\/02\/Festoni-Shen-Valentinin-ne-Hotelin-Mediteran-Ulqin.1.jpg","contentUrl":"https:\/\/www.visit-ulcinj.com\/blog\/wp-content\/uploads\/2011\/02\/Festoni-Shen-Valentinin-ne-Hotelin-Mediteran-Ulqin.1.jpg","width":"1207","height":"379"},{"@type":"WebPage","@id":"https:\/\/www.visit-ulcinj.com\/blog\/2011\/02\/11\/festoni-shen-valentinin-ne-hotelin-mediteran-ulqin\/#webpage","url":"https:\/\/www.visit-ulcinj.com\/blog\/2011\/02\/11\/festoni-shen-valentinin-ne-hotelin-mediteran-ulqin\/","name":"Festoni Shen Valentinin ne Hotelin Mediteran Ulqin - Lajme nga Ulqini","isPartOf":{"@id":"https:\/\/www.visit-ulcinj.com\/blog\/#website"},"primaryImageOfPage":{"@id":"https:\/\/www.visit-ulcinj.com\/blog\/2011\/02\/11\/festoni-shen-valentinin-ne-hotelin-mediteran-ulqin\/#primaryimage"},"datePublished":"2011-02-11T10:01:50+00:00","dateModified":"2016-03-21T20:58:35+00:00","author":{"@id":"https:\/\/www.visit-ulcinj.com\/blog\/#\/schema\/person\/dcab619c614d3038751c63bc2aadc06d"},"description":"Beni tentativ\u00eb p\u00ebr t\u00eb sh\u00ebnuar dit\u00ebn e sakt\u00eb t\u00eb s\u00eb ashtuquajtur\u00ebs Sh\u00ebn Valentini apo Dita e t\u00eb dashuruarve \u00a0n\u00eb\u00a0 Hotelin Mediteran Ulqin. Qe ti jepni kuptim","breadcrumb":{"@id":"https:\/\/www.visit-ulcinj.com\/blog\/2011\/02\/11\/festoni-shen-valentinin-ne-hotelin-mediteran-ulqin\/#breadcrumb"},"inLanguage":"en-US","potentialAction":[{"@type":"ReadAction","target":["https:\/\/www.visit-ulcinj.com\/blog\/2011\/02\/11\/festoni-shen-valentinin-ne-hotelin-mediteran-ulqin\/"]}]},{"@type":"BreadcrumbList","@id":"https:\/\/www.visit-ulcinj.com\/blog\/2011\/02\/11\/festoni-shen-valentinin-ne-hotelin-mediteran-ulqin\/#breadcrumb","itemListElement":[{"@type":"ListItem","position":1,"name":"Festoni Shen Valentinin ne Hotelin Mediteran Ulqin"}]},{"@type":"Person","@id":"https:\/\/www.visit-ulcinj.com\/blog\/#\/schema\/person\/dcab619c614d3038751c63bc2aadc06d","name":"ulqini","sameAs":["http:\/\/www.visit-ulcinj.com"],"url":"https:\/\/www.visit-ulcinj.com\/blog\/author\/admin\/"}]}},"jetpack_featured_media_url":"","jetpack_sharing_enabled":true,"jetpack_shortlink":"https:\/\/wp.me\/pe6lTn-beH","_links":{"self":[{"href":"https:\/\/www.visit-ulcinj.com\/blog\/wp-json\/wp\/v2\/posts\/43195"}],"collection":[{"href":"https:\/\/www.visit-ulcinj.com\/blog\/wp-json\/wp\/v2\/posts"}],"about":[{"href":"https:\/\/www.visit-ulcinj.com\/blog\/wp-json\/wp\/v2\/types\/post"}],"author":[{"embeddable":true,"href":"https:\/\/www.visit-ulcinj.com\/blog\/wp-json\/wp\/v2\/users\/1"}],"replies":[{"embeddable":true,"href":"https:\/\/www.visit-ulcinj.com\/blog\/wp-json\/wp\/v2\/comments?post=43195"}],"version-history":[{"count":1,"href":"https:\/\/www.visit-ulcinj.com\/blog\/wp-json\/wp\/v2\/posts\/43195\/revisions"}],"predecessor-version":[{"id":95405,"href":"https:\/\/www.visit-ulcinj.com\/blog\/wp-json\/wp\/v2\/posts\/43195\/revisions\/95405"}],"wp:attachment":[{"href":"https:\/\/www.visit-ulcinj.com\/blog\/wp-json\/wp\/v2\/media?parent=43195"}],"wp:term":[{"taxonomy":"category","embeddable":true,"href":"https:\/\/www.visit-ulcinj.com\/blog\/wp-json\/wp\/v2\/categories?post=43195"},{"taxonomy":"post_tag","embeddable":true,"href":"https:\/\/www.visit-ulcinj.com\/blog\/wp-json\/wp\/v2\/tags?post=43195"}],"curies":[{"name":"wp","href":"https:\/\/api.w.org\/{rel}","templated":true}]}}