{"id":432,"date":"2008-02-07T17:34:16","date_gmt":"2008-02-07T22:34:16","guid":{"rendered":"http:\/\/www.visit-ulcinj.com\/blog\/2008\/02\/07\/kokrrat-e-shperndara-te-sheges-nga-naim-dhe-sami-flamuri\/"},"modified":"2008-02-12T14:17:10","modified_gmt":"2008-02-12T19:17:10","slug":"kokrrat-e-shperndara-te-sheges-nga-naim-dhe-sami-flamuri","status":"publish","type":"post","link":"https:\/\/www.visit-ulcinj.com\/blog\/2008\/02\/07\/kokrrat-e-shperndara-te-sheges-nga-naim-dhe-sami-flamuri\/","title":{"rendered":"Kokrrat e shp\u00ebrndara t\u00eb sheg\u00ebs nga Naim dhe Sami Flamuri"},"content":{"rendered":"<p><a href=\"http:\/\/www.visit-ulcinj.com\/blog\/2008\/02\/04\/fati-dhe-metafora-e-sheges-nga-naim-dhe-sami-flamuri\/koha-e-sheges\/\" rel=\"attachment wp-att-373\" title=\"koha e Sheg\u00ebs\"><img loading=\"lazy\" src=\"http:\/\/www.visit-ulcinj.com\/blog\/wp-content\/uploads\/2008\/02\/koha-e-sheges.JPG\" alt=\"koha e Sheg\u00ebs\" align=\"left\" height=\"245\" hspace=\"2\" vspace=\"2\" width=\"172\" \/><\/a>N\u00eb tekst lexuesi do t\u00eb takoj\u00eb Fatin e rrall\u00eb t\u00eb nj\u00eb familjeje shqiptare, ulqinake, t\u00eb familjes s\u00eb cil\u00ebs i p\u00ebrkasin autor\u00ebt e k\u00ebtij libri. \u00cbsht\u00eb jeta q\u00eb u ra p\u00ebr short. T\u00eb detyruar nga rrethanat kjo familje u shtr\u00ebngua t\u00eb shk\u00ebrmoqet, por jo t\u00eb zhb\u00ebhet. Autor\u00ebt kan\u00eb krijuar k\u00ebshtu nj\u00eb metafor\u00eb t\u00eb pazakont\u00eb, metafor\u00ebn e sheg\u00ebs &#8211; kokrr\u00ebs s\u00eb sheg\u00ebs, si nj\u00ebsi dhe t\u00ebr\u00ebsi, metafor\u00ebn e nj\u00eb familjeje t\u00eb shp\u00ebrb\u00ebr\u00eb n\u00ebp\u00ebr bot\u00eb p\u00ebr t\u00eb mb\u00ebrritur m\u00eb pas tek historia e nj\u00eb kombi q\u00eb edhe pse i ndar\u00eb dhe i shp\u00ebrndar\u00eb, po fillon t\u00eb mblidhet s\u00ebrish.<br \/>\nIdeart \u00e7eli botimet 2008 me nj\u00eb lib\u00ebr t\u00eb pazakont\u00eb, titulluar `Koha e Sheg\u00ebs`, me autor\u00eb Naim dhe Sami Flamurin, t\u00eb njohur edhe me par\u00eb nga lexuesi shqiptar p\u00ebrmes librit `E p\u00ebrjetshme \u00ebsht\u00eb<!--more--> Shqip\u00ebria`.<br \/>\nN\u00eb fjal\u00ebt hyr\u00ebse t\u00eb librit autor\u00ebt shprehen: &#8220;P\u00ebr leht\u00ebsi e marr\u00ebveshje me lexuesin po e quajm\u00eb `roman` k\u00ebt\u00eb tekst q\u00eb n\u00eb vetvete s`\u00ebsht\u00eb gj\u00eb tjet\u00ebr ve\u00e7se nj\u00eb shkrim a jet\u00ebshkrim mbi at\u00eb q\u00eb v\u00ebrtet ka ndodhur n\u00eb jet\u00ebn ton\u00eb. T\u00eb tjer\u00eb njer\u00ebz, m\u00eb t\u00eb latuar n\u00eb k\u00ebt\u00eb fush\u00eb, jan\u00eb t\u00eb lir\u00eb ta klasifikojn\u00eb librin si nj\u00eb `real story`. I k\u00ebtill\u00eb edhe \u00ebsht\u00eb, por m\u00eb mir\u00eb le t\u00eb mbetet pa em\u00ebrtes\u00eb, pa mb\u00ebrtheck\u00eb a etiket\u00eb zhanresh, pasi ky lib\u00ebr nuk \u00ebsht\u00eb nj\u00eb lib\u00ebr `i past\u00ebr-pure` nga ana stilistike. Ai \u00ebsht\u00eb nj\u00ebkoh\u00ebsisht fiction dhe nonfiction, monolog dhe dialog; jan\u00eb kujtime, histori dhe hamendje, \u00ebsht\u00eb katalog fotosh dhe herbarium b\u00ebr\u00eb me gjethet-vite t\u00eb r\u00ebna nga koha, vite q\u00eb nuk jetojn\u00eb tjet\u00ebrkund ve\u00e7 kujtes\u00ebs. Me pak fjal\u00eb ky lib\u00ebr \u00ebsht\u00eb nj\u00eb tekst i hapur, gjithmon\u00eb n\u00eb p\u00ebrpunim, n\u00eb vijim\u00ebsi e sip\u00ebr&#8221;.<br \/>\nN\u00eb tekst lexuesi do t\u00eb takoj\u00eb Fatin e rrall\u00eb t\u00eb nj\u00eb familjeje shqiptare, ulqinake, t\u00eb familjes s\u00eb cil\u00ebs i p\u00ebrkasin autor\u00ebt e k\u00ebtij libri. \u00cbsht\u00eb jeta q\u00eb u ra p\u00ebr short. T\u00eb detyruar nga rrethanat kjo familje u shtr\u00ebngua t\u00eb shk\u00ebrmoqet, por jo t\u00eb zhb\u00ebhet. Autor\u00ebt kan\u00eb krijuar k\u00ebshtu nj\u00eb metafor\u00eb t\u00eb pazakont\u00eb, metafor\u00ebn e sheg\u00ebs &#8211; kokrr\u00ebs s\u00eb sheg\u00ebs, si nj\u00ebsi dhe t\u00ebr\u00ebsi, metafor\u00ebn e nj\u00eb familjeje t\u00eb shp\u00ebrb\u00ebr\u00eb n\u00ebp\u00ebr bot\u00eb p\u00ebr t\u00eb mb\u00ebrritur m\u00eb pas tek historia e nj\u00eb kombi q\u00eb edhe pse i ndar\u00eb dhe i shp\u00ebrndar\u00eb, po fillon t\u00eb mblidhet s\u00ebrish.<br \/>\n&#8220;Nuk ka qen\u00eb fort e leht\u00eb t`i sjell\u00ebsh s\u00ebrish n\u00ebn po at\u00eb l\u00ebkur\u00eb kokrrat e shp\u00ebrndara t\u00eb sheg\u00ebs- kujtimet dhe njer\u00ebzit e ikur anek\u00ebnd bot\u00ebs. Ndaj dhe ne, `lib\u00ebrb\u00ebr\u00ebsit`, e kemi sjell\u00eb k\u00ebt\u00eb historin\u00eb ton\u00eb p\u00ebrmes teknikash e p\u00ebrvojash t\u00eb shumta shkrimore, pa u shqet\u00ebsuar n\u00ebse kjo ka ekzistuar m\u00eb par\u00eb, \u00ebsht\u00eb apo do t\u00eb jet\u00eb pas nesh. D\u00ebshira ka qen\u00eb vet\u00ebm nj\u00eb; e gjitha kjo, ngjarja dhe stili, t`i ndihmoj\u00eb kuptimit, p\u00ebrcjelljes s\u00eb emocionit dhe njohjes s\u00eb historis\u00eb vetjake dhe cop\u00ebzave t\u00eb fshehta t\u00eb historis\u00eb s\u00eb kombit&#8221;.<br \/>\nT\u00eb shp\u00ebrndara mes tekstit dhe jet\u00ebs s\u00eb p\u00ebrditshme vjen gjith\u00eb \u00e7far\u00eb mbeti n\u00eb kujtes\u00ebn e njer\u00ebzve t\u00eb atyre viseve: aventura n\u00eb k\u00ebrkim t\u00eb varrit t\u00eb motr\u00ebs s\u00eb Skanderbegut, zonj\u00ebs Mara Kastriota, t\u00eb dh\u00ebnat dhe interpretimet mbi Otellon-arapin e Venedikut dhe takimin e Shekspirit me t\u00eb, vijn\u00eb k\u00ebng\u00eb e goj\u00ebdh\u00ebna mbi at\u00eb njeri q\u00eb e gjith\u00eb bota e njeh si<br \/>\nServantes &#8211; krijuesin e Don Kishotit, nd\u00ebrsa Ulqini si e njeh si Servet &#8211; t\u00eb dashurin\u00eb e fsheht\u00eb<br \/>\nt\u00eb bukuroshes nga nga Ulqini. Historit\u00eb vijojn\u00eb me Sabatai Zevin &#8211; Mesin\u00eb e rrem\u00eb apo shenjtorin e mohuar &#8211; Mjeshtrin e m\u00ebrguar t\u00eb Kabalas\u00eb me varr n\u00eb Ulqin, mbi Gjon Bdek Buzukun, mbi kusar\u00ebt, Haxhi Aliun dhe shum\u00eb histori t\u00eb njohura e t\u00eb panjohura q\u00eb k\u00ebto vise t\u00eb bukura fshehin nga k\u00ebshtjella gjer n\u00eb det, nga Ana e Malit gjer tek krahu i Kraj\u00ebs, nga Liqeni i Shkodr\u00ebs gjer n\u00eb Gryk\u00ebderdhje t\u00eb Bun\u00ebs, nga Terra Australis, tek mitologjia e udh\u00ebtimit t\u00eb Jasonit n\u00eb krye t\u00eb argonautve si ndjellje e p\u00ebrhershme.<br \/>\nAtij q\u00eb mendon se kam vdekur thuaj se un\u00eb jam gjall\u00eb,<br \/>\nkurse kujt mendon se jam gjall\u00eb, thuaju se kam vdekur&#8230;&#8221;!<\/p>\n<p>K\u00ebshtu thon\u00eb mistik\u00ebt.&#8221;Ky lib\u00ebr frym\u00ebzohet nga k\u00ebto th\u00ebnie si dhe gjith\u00e7ka tjet\u00ebr e men\u00e7ur dhe e vyer, e virtytshme dhe e drejt\u00eb q\u00eb do t\u00eb ndeshni n\u00eb vijim&#8230;&#8221;<\/p>\n<p><strong>Historia e dy v\u00ebllez\u00ebrve binjak\u00eb<\/strong><\/p>\n<p>Rozi Theohari Kjo \u00ebsht\u00eb nj\u00eb pjes\u00eb e historis\u00eb s\u00eb dy v\u00ebllez\u00ebrve binjak\u00eb &#8211; Sami e Naim Flamuri, emnak\u00ebve t\u00eb frash\u00ebriot\u00ebve, t\u00eb cil\u00ebt, t\u00eb &#8220;ngarkuar&#8221; me gjeografin\u00eb e At-M\u00ebm\u00ebdheut, udh\u00ebtojn\u00eb virtualisht dhe fizikisht n\u00ebp\u00ebr bot\u00eb p\u00ebr t\u00eb dh\u00ebn\u00eb ndihmes\u00ebn e tyre, pa harruar t\u00eb kthehen te sht\u00ebpiza e tyre n\u00eb Ulqin dhe pa m\u00ebtuar t`i ngulisin n\u00eb fjal\u00eb e n\u00eb libra gjith\u00e7ka q\u00eb jetojn\u00eb dhe p\u00ebrjetojn\u00eb. N\u00eb k\u00ebt\u00eb bot\u00eb t\u00eb madhe ku jetojm\u00eb ka koh\u00eb p\u00ebr lindje, ka koh\u00eb p\u00ebr vdekje, ka koh\u00eb p\u00ebr plagosje dhe koh\u00eb p\u00ebr sh\u00ebrim. `Koha e sheg\u00ebs`, me kokrrat e saj t\u00eb shk\u00ebrmuara nga v\u00ebllez\u00ebrit Flamuri, fillon nga vendlindja e tyre, Australia p\u00ebr t\u00eb na d\u00ebshumar kalvarin e jet\u00ebs s\u00eb nj\u00eb n\u00ebne &#8211; nan\u00ebs, rrethin vicioz t\u00eb kurbetit t\u00eb zogjve t\u00eb qyqes, por q\u00eb mbart edhe misterin e shkronjave p\u00ebr t`i ngulitur me pen\u00eb si rr\u00ebnj\u00eb e thell\u00eb n\u00eb nd\u00ebrgjegjen e quajtur Ulqin. Narracioni i librit t\u00eb binjak\u00ebve Naim e Sami Flamuri \u00ebsht\u00eb Bota e gjith\u00eb Koh\u00ebs q\u00eb ata e quajt\u00ebn, &#8220;e SHEG`S&#8221;, t\u00eb cil\u00ebn ata shnd\u00ebrruan nj\u00eb autobiografi intime n\u00eb histori. Kjo i ka frym\u00ebzuar t\u00eb pikasin pa ndrojtje kujtes\u00ebn dhe t\u00eb m\u00ebrgohen nga padituria &#8211; armiku i bot\u00ebs. Kjo `real story`, e af\u00ebrt p\u00ebr nga lloji me at\u00eb q\u00eb \u00ebsht\u00eb b\u00ebr\u00eb aq e famshme sot prej romanit `Stamboll` t\u00eb nobelistit Orhan Pamuk, bashkon lexuesit p\u00ebr histori &#8211; pandehma &#8211; hamendje e fakte t\u00eb panjohura e fare pak t\u00eb njohura q\u00eb lexohen her\u00eb me kureshtje, her\u00eb me mahnitje e her\u00eb me buz\u00eb n\u00eb gaz.<\/p>\n<p><a href=\"http:\/\/www.kohajavore.cg.yu\/index.phtml?akcija=vijest&amp;id=6778\" target=\"_blank\">http:\/\/www.kohajavore.cg.yu\/<\/a><\/p>\n","protected":false},"excerpt":{"rendered":"<p><img loading=\"lazy\" src=\"http:\/\/www.visit-ulcinj.com\/blog\/wp-content\/uploads\/2008\/02\/koha-e-sheges.JPG\" alt=\"koha e Sheg\u00ebs\" height=\"140\" width=\"140\" \/><\/p>\n","protected":false},"author":1,"featured_media":0,"comment_status":"open","ping_status":"closed","sticky":false,"template":"","format":"standard","meta":{"spay_email":"","jetpack_publicize_message":"","jetpack_is_tweetstorm":false,"jetpack_publicize_feature_enabled":true},"categories":[4],"tags":[],"jetpack_publicize_connections":[],"yoast_head":"<!-- This site is optimized with the Yoast SEO plugin v19.1 - https:\/\/yoast.com\/wordpress\/plugins\/seo\/ -->\n<title>Kokrrat e shp\u00ebrndara t\u00eb sheg\u00ebs nga Naim dhe Sami Flamuri - Lajme nga Ulqini<\/title>\n<meta name=\"robots\" content=\"index, follow, max-snippet:-1, max-image-preview:large, max-video-preview:-1\" \/>\n<link rel=\"canonical\" href=\"https:\/\/www.visit-ulcinj.com\/blog\/2008\/02\/07\/kokrrat-e-shperndara-te-sheges-nga-naim-dhe-sami-flamuri\/\" \/>\n<meta property=\"og:locale\" content=\"en_US\" \/>\n<meta property=\"og:type\" content=\"article\" \/>\n<meta property=\"og:title\" content=\"Kokrrat e shp\u00ebrndara t\u00eb sheg\u00ebs nga Naim dhe Sami Flamuri - Lajme nga Ulqini\" \/>\n<meta property=\"og:url\" content=\"https:\/\/www.visit-ulcinj.com\/blog\/2008\/02\/07\/kokrrat-e-shperndara-te-sheges-nga-naim-dhe-sami-flamuri\/\" \/>\n<meta property=\"og:site_name\" content=\"Lajme nga Ulqini\" \/>\n<meta property=\"article:published_time\" content=\"2008-02-07T22:34:16+00:00\" \/>\n<meta property=\"article:modified_time\" content=\"2008-02-12T19:17:10+00:00\" \/>\n<meta property=\"og:image\" content=\"http:\/\/www.visit-ulcinj.com\/blog\/wp-content\/uploads\/2008\/02\/koha-e-sheges.JPG\" \/>\n<meta name=\"twitter:label1\" content=\"Written by\" \/>\n\t<meta name=\"twitter:data1\" content=\"ulqini\" \/>\n\t<meta name=\"twitter:label2\" content=\"Est. reading time\" \/>\n\t<meta name=\"twitter:data2\" content=\"6 minutes\" \/>\n<script type=\"application\/ld+json\" class=\"yoast-schema-graph\">{\"@context\":\"https:\/\/schema.org\",\"@graph\":[{\"@type\":\"WebSite\",\"@id\":\"https:\/\/www.visit-ulcinj.com\/blog\/#website\",\"url\":\"https:\/\/www.visit-ulcinj.com\/blog\/\",\"name\":\"Lajme nga Ulqini\",\"description\":\"Lajme,Vijesti,Ulqini,Ulqin,Crna Gora,Mali i Zi\",\"potentialAction\":[{\"@type\":\"SearchAction\",\"target\":{\"@type\":\"EntryPoint\",\"urlTemplate\":\"https:\/\/www.visit-ulcinj.com\/blog\/?s={search_term_string}\"},\"query-input\":\"required name=search_term_string\"}],\"inLanguage\":\"en-US\"},{\"@type\":\"ImageObject\",\"inLanguage\":\"en-US\",\"@id\":\"https:\/\/www.visit-ulcinj.com\/blog\/2008\/02\/07\/kokrrat-e-shperndara-te-sheges-nga-naim-dhe-sami-flamuri\/#primaryimage\",\"url\":\"http:\/\/www.visit-ulcinj.com\/blog\/wp-content\/uploads\/2008\/02\/koha-e-sheges.JPG\",\"contentUrl\":\"http:\/\/www.visit-ulcinj.com\/blog\/wp-content\/uploads\/2008\/02\/koha-e-sheges.JPG\"},{\"@type\":\"WebPage\",\"@id\":\"https:\/\/www.visit-ulcinj.com\/blog\/2008\/02\/07\/kokrrat-e-shperndara-te-sheges-nga-naim-dhe-sami-flamuri\/#webpage\",\"url\":\"https:\/\/www.visit-ulcinj.com\/blog\/2008\/02\/07\/kokrrat-e-shperndara-te-sheges-nga-naim-dhe-sami-flamuri\/\",\"name\":\"Kokrrat e shp\u00ebrndara t\u00eb sheg\u00ebs nga Naim dhe Sami Flamuri - Lajme nga Ulqini\",\"isPartOf\":{\"@id\":\"https:\/\/www.visit-ulcinj.com\/blog\/#website\"},\"primaryImageOfPage\":{\"@id\":\"https:\/\/www.visit-ulcinj.com\/blog\/2008\/02\/07\/kokrrat-e-shperndara-te-sheges-nga-naim-dhe-sami-flamuri\/#primaryimage\"},\"datePublished\":\"2008-02-07T22:34:16+00:00\",\"dateModified\":\"2008-02-12T19:17:10+00:00\",\"author\":{\"@id\":\"https:\/\/www.visit-ulcinj.com\/blog\/#\/schema\/person\/dcab619c614d3038751c63bc2aadc06d\"},\"breadcrumb\":{\"@id\":\"https:\/\/www.visit-ulcinj.com\/blog\/2008\/02\/07\/kokrrat-e-shperndara-te-sheges-nga-naim-dhe-sami-flamuri\/#breadcrumb\"},\"inLanguage\":\"en-US\",\"potentialAction\":[{\"@type\":\"ReadAction\",\"target\":[\"https:\/\/www.visit-ulcinj.com\/blog\/2008\/02\/07\/kokrrat-e-shperndara-te-sheges-nga-naim-dhe-sami-flamuri\/\"]}]},{\"@type\":\"BreadcrumbList\",\"@id\":\"https:\/\/www.visit-ulcinj.com\/blog\/2008\/02\/07\/kokrrat-e-shperndara-te-sheges-nga-naim-dhe-sami-flamuri\/#breadcrumb\",\"itemListElement\":[{\"@type\":\"ListItem\",\"position\":1,\"name\":\"Kokrrat e shp\u00ebrndara t\u00eb sheg\u00ebs nga Naim dhe Sami Flamuri\"}]},{\"@type\":\"Person\",\"@id\":\"https:\/\/www.visit-ulcinj.com\/blog\/#\/schema\/person\/dcab619c614d3038751c63bc2aadc06d\",\"name\":\"ulqini\",\"sameAs\":[\"http:\/\/www.visit-ulcinj.com\"],\"url\":\"https:\/\/www.visit-ulcinj.com\/blog\/author\/admin\/\"}]}<\/script>\n<!-- \/ Yoast SEO plugin. -->","yoast_head_json":{"title":"Kokrrat e shp\u00ebrndara t\u00eb sheg\u00ebs nga Naim dhe Sami Flamuri - Lajme nga Ulqini","robots":{"index":"index","follow":"follow","max-snippet":"max-snippet:-1","max-image-preview":"max-image-preview:large","max-video-preview":"max-video-preview:-1"},"canonical":"https:\/\/www.visit-ulcinj.com\/blog\/2008\/02\/07\/kokrrat-e-shperndara-te-sheges-nga-naim-dhe-sami-flamuri\/","og_locale":"en_US","og_type":"article","og_title":"Kokrrat e shp\u00ebrndara t\u00eb sheg\u00ebs nga Naim dhe Sami Flamuri - Lajme nga Ulqini","og_url":"https:\/\/www.visit-ulcinj.com\/blog\/2008\/02\/07\/kokrrat-e-shperndara-te-sheges-nga-naim-dhe-sami-flamuri\/","og_site_name":"Lajme nga Ulqini","article_published_time":"2008-02-07T22:34:16+00:00","article_modified_time":"2008-02-12T19:17:10+00:00","og_image":[{"url":"http:\/\/www.visit-ulcinj.com\/blog\/wp-content\/uploads\/2008\/02\/koha-e-sheges.JPG"}],"twitter_misc":{"Written by":"ulqini","Est. reading time":"6 minutes"},"schema":{"@context":"https:\/\/schema.org","@graph":[{"@type":"WebSite","@id":"https:\/\/www.visit-ulcinj.com\/blog\/#website","url":"https:\/\/www.visit-ulcinj.com\/blog\/","name":"Lajme nga Ulqini","description":"Lajme,Vijesti,Ulqini,Ulqin,Crna Gora,Mali i Zi","potentialAction":[{"@type":"SearchAction","target":{"@type":"EntryPoint","urlTemplate":"https:\/\/www.visit-ulcinj.com\/blog\/?s={search_term_string}"},"query-input":"required name=search_term_string"}],"inLanguage":"en-US"},{"@type":"ImageObject","inLanguage":"en-US","@id":"https:\/\/www.visit-ulcinj.com\/blog\/2008\/02\/07\/kokrrat-e-shperndara-te-sheges-nga-naim-dhe-sami-flamuri\/#primaryimage","url":"http:\/\/www.visit-ulcinj.com\/blog\/wp-content\/uploads\/2008\/02\/koha-e-sheges.JPG","contentUrl":"http:\/\/www.visit-ulcinj.com\/blog\/wp-content\/uploads\/2008\/02\/koha-e-sheges.JPG"},{"@type":"WebPage","@id":"https:\/\/www.visit-ulcinj.com\/blog\/2008\/02\/07\/kokrrat-e-shperndara-te-sheges-nga-naim-dhe-sami-flamuri\/#webpage","url":"https:\/\/www.visit-ulcinj.com\/blog\/2008\/02\/07\/kokrrat-e-shperndara-te-sheges-nga-naim-dhe-sami-flamuri\/","name":"Kokrrat e shp\u00ebrndara t\u00eb sheg\u00ebs nga Naim dhe Sami Flamuri - Lajme nga Ulqini","isPartOf":{"@id":"https:\/\/www.visit-ulcinj.com\/blog\/#website"},"primaryImageOfPage":{"@id":"https:\/\/www.visit-ulcinj.com\/blog\/2008\/02\/07\/kokrrat-e-shperndara-te-sheges-nga-naim-dhe-sami-flamuri\/#primaryimage"},"datePublished":"2008-02-07T22:34:16+00:00","dateModified":"2008-02-12T19:17:10+00:00","author":{"@id":"https:\/\/www.visit-ulcinj.com\/blog\/#\/schema\/person\/dcab619c614d3038751c63bc2aadc06d"},"breadcrumb":{"@id":"https:\/\/www.visit-ulcinj.com\/blog\/2008\/02\/07\/kokrrat-e-shperndara-te-sheges-nga-naim-dhe-sami-flamuri\/#breadcrumb"},"inLanguage":"en-US","potentialAction":[{"@type":"ReadAction","target":["https:\/\/www.visit-ulcinj.com\/blog\/2008\/02\/07\/kokrrat-e-shperndara-te-sheges-nga-naim-dhe-sami-flamuri\/"]}]},{"@type":"BreadcrumbList","@id":"https:\/\/www.visit-ulcinj.com\/blog\/2008\/02\/07\/kokrrat-e-shperndara-te-sheges-nga-naim-dhe-sami-flamuri\/#breadcrumb","itemListElement":[{"@type":"ListItem","position":1,"name":"Kokrrat e shp\u00ebrndara t\u00eb sheg\u00ebs nga Naim dhe Sami Flamuri"}]},{"@type":"Person","@id":"https:\/\/www.visit-ulcinj.com\/blog\/#\/schema\/person\/dcab619c614d3038751c63bc2aadc06d","name":"ulqini","sameAs":["http:\/\/www.visit-ulcinj.com"],"url":"https:\/\/www.visit-ulcinj.com\/blog\/author\/admin\/"}]}},"jetpack_featured_media_url":"","jetpack_sharing_enabled":true,"jetpack_shortlink":"https:\/\/wp.me\/pe6lTn-6Y","_links":{"self":[{"href":"https:\/\/www.visit-ulcinj.com\/blog\/wp-json\/wp\/v2\/posts\/432"}],"collection":[{"href":"https:\/\/www.visit-ulcinj.com\/blog\/wp-json\/wp\/v2\/posts"}],"about":[{"href":"https:\/\/www.visit-ulcinj.com\/blog\/wp-json\/wp\/v2\/types\/post"}],"author":[{"embeddable":true,"href":"https:\/\/www.visit-ulcinj.com\/blog\/wp-json\/wp\/v2\/users\/1"}],"replies":[{"embeddable":true,"href":"https:\/\/www.visit-ulcinj.com\/blog\/wp-json\/wp\/v2\/comments?post=432"}],"version-history":[{"count":0,"href":"https:\/\/www.visit-ulcinj.com\/blog\/wp-json\/wp\/v2\/posts\/432\/revisions"}],"wp:attachment":[{"href":"https:\/\/www.visit-ulcinj.com\/blog\/wp-json\/wp\/v2\/media?parent=432"}],"wp:term":[{"taxonomy":"category","embeddable":true,"href":"https:\/\/www.visit-ulcinj.com\/blog\/wp-json\/wp\/v2\/categories?post=432"},{"taxonomy":"post_tag","embeddable":true,"href":"https:\/\/www.visit-ulcinj.com\/blog\/wp-json\/wp\/v2\/tags?post=432"}],"curies":[{"name":"wp","href":"https:\/\/api.w.org\/{rel}","templated":true}]}}