{"id":43229,"date":"2011-02-11T14:04:20","date_gmt":"2011-02-11T13:04:20","guid":{"rendered":"http:\/\/www.visit-ulcinj.com\/blog\/?p=43229"},"modified":"2011-02-11T14:04:20","modified_gmt":"2011-02-11T13:04:20","slug":"beqaj-te-thellohen-marredheniet-kosove-mal-i-zi-pa-barriera","status":"publish","type":"post","link":"https:\/\/www.visit-ulcinj.com\/blog\/2011\/02\/11\/beqaj-te-thellohen-marredheniet-kosove-mal-i-zi-pa-barriera\/","title":{"rendered":"Beqaj:  T\u00eb thellohen marr\u00ebdh\u00ebniet Kosov\u00eb &#8211; Mal i Zi pa barriera"},"content":{"rendered":"<p><a href=\"http:\/\/www.visit-ulcinj.com\/blog\/wp-content\/uploads\/2011\/02\/Besim-Beqaj_Velimir-Mijushkoviq.jpg\"><img loading=\"lazy\" class=\"alignleft size-full wp-image-43230\" title=\"Besim Beqaj_Velimir Mijushkoviq\" src=\"http:\/\/www.visit-ulcinj.com\/blog\/wp-content\/uploads\/2011\/02\/Besim-Beqaj_Velimir-Mijushkoviq.jpg\" alt=\"\" width=\"508\" height=\"380\" \/><\/a>Prishtin\u00eb, 10. shkurt 2011. <strong>\u2013<\/strong> Ministri i Integrimit Europian, Besim Beqaj priti sot delegacionin e Od\u00ebs Ekonomike t\u00eb Malit t\u00eb Zi t\u00eb kryesuar nga kryetari Velimir Mijushkoviq.<\/p>\n<p>N\u00eb takim u bisedua lidhur me marr\u00ebdh\u00ebniet n\u00eb mes t\u00eb dy vendeve dhe bashk\u00ebpunimin n\u00eb l\u00ebmin e ekonomis\u00eb me theks te ve\u00e7ant\u00eb lidhur me rolin e komunitetit t\u00eb biznesit n\u00eb proceset integruese europiane n\u00ebp\u00ebr t\u00eb cilat kalojn\u00eb dy vendet .<br \/>\nMinistri Beqaj theksoi se bashk\u00ebpunimi n\u00eb mes t\u00eb dy vendeve, si n\u00eb aspektin politik ashtu edhe at\u00eb\u00a0 ekonomik duhet t\u00eb zhvillohet dhe thellohet edhe m\u00eb tej. K\u00ebsaj sigurisht do ti kontribuon edhe vendosja e pritur e marr\u00ebdh\u00ebnieve diplomatike n\u00eb mes t\u00eb dy vendeve.<\/p>\n<p>U vler\u00ebsua se bashk\u00ebpunimi n\u00eb mes t\u00eb asociacioneve t\u00eb biznesit t\u00eb dy vendeve, Od\u00ebs Ekonomike te Kosov\u00ebs dhe Malit t\u00eb Zi mund t\u00eb jet\u00eb shembull p\u00ebr bashk\u00ebpunimin edhe n\u00eb l\u00ebmit tjera dhe se institucionet e dy vendeve duhet zgjidhur \u00e7\u00ebshtjet t\u00eb cilat r\u00ebndojn\u00eb bashk\u00ebpunimin n\u00eb mes t\u00eb komunitetit t\u00eb biznesit t\u00eb dy vendeve.<\/p>\n<p>N\u00eb takim ishte i pranish\u00ebm edhe kryetari i OEK-ut Safet G\u00ebrxhaliu.<\/p>\n<p>Ndryshe delegacioni i OE t\u00eb Malit t\u00eb Zi q\u00ebndron n\u00eb vizit\u00eb nj\u00ebdit\u00ebshe n\u00eb Kosov\u00eb dhe merr pjes\u00eb n\u00eb takimet e bizneseve nga dy vendet.<\/p>\n<p><strong>Ministria e Integrimit<br \/>\n<\/strong><\/p>\n","protected":false},"excerpt":{"rendered":"<p>Prishtin\u00eb, 10. shkurt 2011. \u2013 Ministri i Integrimit Europian, Besim Beqaj priti sot delegacionin e Od\u00ebs Ekonomike t\u00eb Malit t\u00eb Zi t\u00eb kryesuar nga kryetari Velimir Mijushkoviq. N\u00eb takim u bisedua lidhur me marr\u00ebdh\u00ebniet n\u00eb mes t\u00eb dy vendeve dhe bashk\u00ebpunimin n\u00eb l\u00ebmin e ekonomis\u00eb me theks te ve\u00e7ant\u00eb lidhur me rolin e komunitetit t\u00eb [&hellip;]<\/p>\n","protected":false},"author":1,"featured_media":0,"comment_status":"open","ping_status":"closed","sticky":false,"template":"","format":"standard","meta":{"spay_email":"","jetpack_publicize_message":"","jetpack_is_tweetstorm":false,"jetpack_publicize_feature_enabled":true},"categories":[14],"tags":[17271,49,95],"jetpack_publicize_connections":[],"yoast_head":"<!-- This site is optimized with the Yoast SEO plugin v19.1 - https:\/\/yoast.com\/wordpress\/plugins\/seo\/ -->\n<title>Beqaj: T\u00eb thellohen marr\u00ebdh\u00ebniet Kosov\u00eb - Mal i Zi pa barriera - Lajme nga Ulqini<\/title>\n<meta name=\"description\" content=\"Prishtin\u00eb, 10. shkurt 2011. \u2013 Ministri i Integrimit Europian, Besim Beqaj priti sot delegacionin e Od\u00ebs Ekonomike t\u00eb Malit t\u00eb Zi t\u00eb kryesuar nga kryetari\" \/>\n<meta name=\"robots\" content=\"index, follow, max-snippet:-1, max-image-preview:large, max-video-preview:-1\" \/>\n<link rel=\"canonical\" href=\"https:\/\/www.visit-ulcinj.com\/blog\/2011\/02\/11\/beqaj-te-thellohen-marredheniet-kosove-mal-i-zi-pa-barriera\/\" \/>\n<meta property=\"og:locale\" content=\"en_US\" \/>\n<meta property=\"og:type\" content=\"article\" \/>\n<meta property=\"og:title\" content=\"Beqaj: T\u00eb thellohen marr\u00ebdh\u00ebniet Kosov\u00eb - Mal i Zi pa barriera - Lajme nga Ulqini\" \/>\n<meta property=\"og:description\" content=\"Prishtin\u00eb, 10. shkurt 2011. \u2013 Ministri i Integrimit Europian, Besim Beqaj priti sot delegacionin e Od\u00ebs Ekonomike t\u00eb Malit t\u00eb Zi t\u00eb kryesuar nga kryetari\" \/>\n<meta property=\"og:url\" content=\"https:\/\/www.visit-ulcinj.com\/blog\/2011\/02\/11\/beqaj-te-thellohen-marredheniet-kosove-mal-i-zi-pa-barriera\/\" \/>\n<meta property=\"og:site_name\" content=\"Lajme nga Ulqini\" \/>\n<meta property=\"article:published_time\" content=\"2011-02-11T13:04:20+00:00\" \/>\n<meta property=\"og:image\" content=\"http:\/\/www.visit-ulcinj.com\/blog\/wp-content\/uploads\/2011\/02\/Besim-Beqaj_Velimir-Mijushkoviq.jpg\" \/>\n<meta name=\"twitter:label1\" content=\"Written by\" \/>\n\t<meta name=\"twitter:data1\" content=\"ulqini\" \/>\n\t<meta name=\"twitter:label2\" content=\"Est. reading time\" \/>\n\t<meta name=\"twitter:data2\" content=\"1 minute\" \/>\n<script type=\"application\/ld+json\" class=\"yoast-schema-graph\">{\"@context\":\"https:\/\/schema.org\",\"@graph\":[{\"@type\":\"WebSite\",\"@id\":\"https:\/\/www.visit-ulcinj.com\/blog\/#website\",\"url\":\"https:\/\/www.visit-ulcinj.com\/blog\/\",\"name\":\"Lajme nga Ulqini\",\"description\":\"Lajme,Vijesti,Ulqini,Ulqin,Crna Gora,Mali i Zi\",\"potentialAction\":[{\"@type\":\"SearchAction\",\"target\":{\"@type\":\"EntryPoint\",\"urlTemplate\":\"https:\/\/www.visit-ulcinj.com\/blog\/?s={search_term_string}\"},\"query-input\":\"required name=search_term_string\"}],\"inLanguage\":\"en-US\"},{\"@type\":\"ImageObject\",\"inLanguage\":\"en-US\",\"@id\":\"https:\/\/www.visit-ulcinj.com\/blog\/2011\/02\/11\/beqaj-te-thellohen-marredheniet-kosove-mal-i-zi-pa-barriera\/#primaryimage\",\"url\":\"https:\/\/www.visit-ulcinj.com\/blog\/wp-content\/uploads\/2011\/02\/Besim-Beqaj_Velimir-Mijushkoviq.jpg\",\"contentUrl\":\"https:\/\/www.visit-ulcinj.com\/blog\/wp-content\/uploads\/2011\/02\/Besim-Beqaj_Velimir-Mijushkoviq.jpg\",\"width\":\"648\",\"height\":\"437\"},{\"@type\":\"WebPage\",\"@id\":\"https:\/\/www.visit-ulcinj.com\/blog\/2011\/02\/11\/beqaj-te-thellohen-marredheniet-kosove-mal-i-zi-pa-barriera\/#webpage\",\"url\":\"https:\/\/www.visit-ulcinj.com\/blog\/2011\/02\/11\/beqaj-te-thellohen-marredheniet-kosove-mal-i-zi-pa-barriera\/\",\"name\":\"Beqaj: T\u00eb thellohen marr\u00ebdh\u00ebniet Kosov\u00eb - Mal i Zi pa barriera - Lajme nga Ulqini\",\"isPartOf\":{\"@id\":\"https:\/\/www.visit-ulcinj.com\/blog\/#website\"},\"primaryImageOfPage\":{\"@id\":\"https:\/\/www.visit-ulcinj.com\/blog\/2011\/02\/11\/beqaj-te-thellohen-marredheniet-kosove-mal-i-zi-pa-barriera\/#primaryimage\"},\"datePublished\":\"2011-02-11T13:04:20+00:00\",\"dateModified\":\"2011-02-11T13:04:20+00:00\",\"author\":{\"@id\":\"https:\/\/www.visit-ulcinj.com\/blog\/#\/schema\/person\/dcab619c614d3038751c63bc2aadc06d\"},\"description\":\"Prishtin\u00eb, 10. shkurt 2011. \u2013 Ministri i Integrimit Europian, Besim Beqaj priti sot delegacionin e Od\u00ebs Ekonomike t\u00eb Malit t\u00eb Zi t\u00eb kryesuar nga kryetari\",\"breadcrumb\":{\"@id\":\"https:\/\/www.visit-ulcinj.com\/blog\/2011\/02\/11\/beqaj-te-thellohen-marredheniet-kosove-mal-i-zi-pa-barriera\/#breadcrumb\"},\"inLanguage\":\"en-US\",\"potentialAction\":[{\"@type\":\"ReadAction\",\"target\":[\"https:\/\/www.visit-ulcinj.com\/blog\/2011\/02\/11\/beqaj-te-thellohen-marredheniet-kosove-mal-i-zi-pa-barriera\/\"]}]},{\"@type\":\"BreadcrumbList\",\"@id\":\"https:\/\/www.visit-ulcinj.com\/blog\/2011\/02\/11\/beqaj-te-thellohen-marredheniet-kosove-mal-i-zi-pa-barriera\/#breadcrumb\",\"itemListElement\":[{\"@type\":\"ListItem\",\"position\":1,\"name\":\"Beqaj: T\u00eb thellohen marr\u00ebdh\u00ebniet Kosov\u00eb &#8211; Mal i Zi pa barriera\"}]},{\"@type\":\"Person\",\"@id\":\"https:\/\/www.visit-ulcinj.com\/blog\/#\/schema\/person\/dcab619c614d3038751c63bc2aadc06d\",\"name\":\"ulqini\",\"sameAs\":[\"http:\/\/www.visit-ulcinj.com\"],\"url\":\"https:\/\/www.visit-ulcinj.com\/blog\/author\/admin\/\"}]}<\/script>\n<!-- \/ Yoast SEO plugin. -->","yoast_head_json":{"title":"Beqaj: T\u00eb thellohen marr\u00ebdh\u00ebniet Kosov\u00eb - Mal i Zi pa barriera - Lajme nga Ulqini","description":"Prishtin\u00eb, 10. shkurt 2011. \u2013 Ministri i Integrimit Europian, Besim Beqaj priti sot delegacionin e Od\u00ebs Ekonomike t\u00eb Malit t\u00eb Zi t\u00eb kryesuar nga kryetari","robots":{"index":"index","follow":"follow","max-snippet":"max-snippet:-1","max-image-preview":"max-image-preview:large","max-video-preview":"max-video-preview:-1"},"canonical":"https:\/\/www.visit-ulcinj.com\/blog\/2011\/02\/11\/beqaj-te-thellohen-marredheniet-kosove-mal-i-zi-pa-barriera\/","og_locale":"en_US","og_type":"article","og_title":"Beqaj: T\u00eb thellohen marr\u00ebdh\u00ebniet Kosov\u00eb - Mal i Zi pa barriera - Lajme nga Ulqini","og_description":"Prishtin\u00eb, 10. shkurt 2011. \u2013 Ministri i Integrimit Europian, Besim Beqaj priti sot delegacionin e Od\u00ebs Ekonomike t\u00eb Malit t\u00eb Zi t\u00eb kryesuar nga kryetari","og_url":"https:\/\/www.visit-ulcinj.com\/blog\/2011\/02\/11\/beqaj-te-thellohen-marredheniet-kosove-mal-i-zi-pa-barriera\/","og_site_name":"Lajme nga Ulqini","article_published_time":"2011-02-11T13:04:20+00:00","og_image":[{"url":"http:\/\/www.visit-ulcinj.com\/blog\/wp-content\/uploads\/2011\/02\/Besim-Beqaj_Velimir-Mijushkoviq.jpg"}],"twitter_misc":{"Written by":"ulqini","Est. reading time":"1 minute"},"schema":{"@context":"https:\/\/schema.org","@graph":[{"@type":"WebSite","@id":"https:\/\/www.visit-ulcinj.com\/blog\/#website","url":"https:\/\/www.visit-ulcinj.com\/blog\/","name":"Lajme nga Ulqini","description":"Lajme,Vijesti,Ulqini,Ulqin,Crna Gora,Mali i Zi","potentialAction":[{"@type":"SearchAction","target":{"@type":"EntryPoint","urlTemplate":"https:\/\/www.visit-ulcinj.com\/blog\/?s={search_term_string}"},"query-input":"required name=search_term_string"}],"inLanguage":"en-US"},{"@type":"ImageObject","inLanguage":"en-US","@id":"https:\/\/www.visit-ulcinj.com\/blog\/2011\/02\/11\/beqaj-te-thellohen-marredheniet-kosove-mal-i-zi-pa-barriera\/#primaryimage","url":"https:\/\/www.visit-ulcinj.com\/blog\/wp-content\/uploads\/2011\/02\/Besim-Beqaj_Velimir-Mijushkoviq.jpg","contentUrl":"https:\/\/www.visit-ulcinj.com\/blog\/wp-content\/uploads\/2011\/02\/Besim-Beqaj_Velimir-Mijushkoviq.jpg","width":"648","height":"437"},{"@type":"WebPage","@id":"https:\/\/www.visit-ulcinj.com\/blog\/2011\/02\/11\/beqaj-te-thellohen-marredheniet-kosove-mal-i-zi-pa-barriera\/#webpage","url":"https:\/\/www.visit-ulcinj.com\/blog\/2011\/02\/11\/beqaj-te-thellohen-marredheniet-kosove-mal-i-zi-pa-barriera\/","name":"Beqaj: T\u00eb thellohen marr\u00ebdh\u00ebniet Kosov\u00eb - Mal i Zi pa barriera - Lajme nga Ulqini","isPartOf":{"@id":"https:\/\/www.visit-ulcinj.com\/blog\/#website"},"primaryImageOfPage":{"@id":"https:\/\/www.visit-ulcinj.com\/blog\/2011\/02\/11\/beqaj-te-thellohen-marredheniet-kosove-mal-i-zi-pa-barriera\/#primaryimage"},"datePublished":"2011-02-11T13:04:20+00:00","dateModified":"2011-02-11T13:04:20+00:00","author":{"@id":"https:\/\/www.visit-ulcinj.com\/blog\/#\/schema\/person\/dcab619c614d3038751c63bc2aadc06d"},"description":"Prishtin\u00eb, 10. shkurt 2011. \u2013 Ministri i Integrimit Europian, Besim Beqaj priti sot delegacionin e Od\u00ebs Ekonomike t\u00eb Malit t\u00eb Zi t\u00eb kryesuar nga kryetari","breadcrumb":{"@id":"https:\/\/www.visit-ulcinj.com\/blog\/2011\/02\/11\/beqaj-te-thellohen-marredheniet-kosove-mal-i-zi-pa-barriera\/#breadcrumb"},"inLanguage":"en-US","potentialAction":[{"@type":"ReadAction","target":["https:\/\/www.visit-ulcinj.com\/blog\/2011\/02\/11\/beqaj-te-thellohen-marredheniet-kosove-mal-i-zi-pa-barriera\/"]}]},{"@type":"BreadcrumbList","@id":"https:\/\/www.visit-ulcinj.com\/blog\/2011\/02\/11\/beqaj-te-thellohen-marredheniet-kosove-mal-i-zi-pa-barriera\/#breadcrumb","itemListElement":[{"@type":"ListItem","position":1,"name":"Beqaj: T\u00eb thellohen marr\u00ebdh\u00ebniet Kosov\u00eb &#8211; Mal i Zi pa barriera"}]},{"@type":"Person","@id":"https:\/\/www.visit-ulcinj.com\/blog\/#\/schema\/person\/dcab619c614d3038751c63bc2aadc06d","name":"ulqini","sameAs":["http:\/\/www.visit-ulcinj.com"],"url":"https:\/\/www.visit-ulcinj.com\/blog\/author\/admin\/"}]}},"jetpack_featured_media_url":"","jetpack_sharing_enabled":true,"jetpack_shortlink":"https:\/\/wp.me\/pe6lTn-bff","_links":{"self":[{"href":"https:\/\/www.visit-ulcinj.com\/blog\/wp-json\/wp\/v2\/posts\/43229"}],"collection":[{"href":"https:\/\/www.visit-ulcinj.com\/blog\/wp-json\/wp\/v2\/posts"}],"about":[{"href":"https:\/\/www.visit-ulcinj.com\/blog\/wp-json\/wp\/v2\/types\/post"}],"author":[{"embeddable":true,"href":"https:\/\/www.visit-ulcinj.com\/blog\/wp-json\/wp\/v2\/users\/1"}],"replies":[{"embeddable":true,"href":"https:\/\/www.visit-ulcinj.com\/blog\/wp-json\/wp\/v2\/comments?post=43229"}],"version-history":[{"count":0,"href":"https:\/\/www.visit-ulcinj.com\/blog\/wp-json\/wp\/v2\/posts\/43229\/revisions"}],"wp:attachment":[{"href":"https:\/\/www.visit-ulcinj.com\/blog\/wp-json\/wp\/v2\/media?parent=43229"}],"wp:term":[{"taxonomy":"category","embeddable":true,"href":"https:\/\/www.visit-ulcinj.com\/blog\/wp-json\/wp\/v2\/categories?post=43229"},{"taxonomy":"post_tag","embeddable":true,"href":"https:\/\/www.visit-ulcinj.com\/blog\/wp-json\/wp\/v2\/tags?post=43229"}],"curies":[{"name":"wp","href":"https:\/\/api.w.org\/{rel}","templated":true}]}}