{"id":43232,"date":"2011-02-11T14:12:05","date_gmt":"2011-02-11T13:12:05","guid":{"rendered":"http:\/\/www.visit-ulcinj.com\/blog\/?p=43232"},"modified":"2011-02-11T14:12:28","modified_gmt":"2011-02-11T13:12:28","slug":"dafina-ata-me-kane-borxh-mua","status":"publish","type":"post","link":"https:\/\/www.visit-ulcinj.com\/blog\/2011\/02\/11\/dafina-ata-me-kane-borxh-mua\/","title":{"rendered":"Dafina: Ata m\u00eb kan\u00eb borxh mua"},"content":{"rendered":"<p><strong><a href=\"http:\/\/www.visit-ulcinj.com\/blog\/wp-content\/uploads\/2011\/02\/Dafina-Zeqiri.jpg\"><img loading=\"lazy\" class=\"alignleft size-medium wp-image-43233\" title=\"Dafina Zeqiri\" src=\"http:\/\/www.visit-ulcinj.com\/blog\/wp-content\/uploads\/2011\/02\/Dafina-Zeqiri-216x300.jpg\" alt=\"\" width=\"216\" height=\"300\" \/><\/a>Dafina Zeqiri ka mohuar akuzat e nj\u00eb organizatori koncertesh, i cili pretendon se kjo e para duhet t\u2019i paguaj atij 2500 euro p\u00ebr anulim t\u00eb koncertit.<\/strong><\/p>\n<p>Nd\u00ebrkoh\u00eb k\u00ebng\u00ebtarja ka th\u00ebn\u00eb p\u00ebr \u201dInfopress\u201d se i vetmi borxhli n\u00eb k\u00ebt\u00eb mes \u00ebsht\u00eb organizatori, i cili nuk u \u00ebsht\u00eb p\u00ebrmbajtur fjal\u00ebve t\u00eb dh\u00ebna, por pa dh\u00ebn\u00eb detaje se cilat jan\u00eb ato \u2018fjal\u00eb\u2019.<\/p>\n<p>Dafina ishte \u2019akuzuar\u2019 p\u00ebr mospjes\u00ebmarrjen e saj n\u00eb koncertin, i cili ishte parapar\u00eb t\u00eb mbahet n\u00eb Danimark\u00eb m\u00eb 30 janar, e q\u00eb kjo e fundit e kishte anuluar gjith\u00e7ka nj\u00eb dit\u00eb m\u00eb par\u00eb. Dafi p\u00ebr mos realizimin e koncertit ka faj\u00ebsuar organizatorin Samir Kuqi. Nd\u00ebrsa ky i fundit p\u00ebr shkak t\u00eb anulimit t\u00eb koncertit dhe p\u00ebr korrekt\u00ebsi i ka k\u00ebrkuar nj\u00eb shum\u00eb parash prej 2500 euro k\u00ebng\u00ebtares.<\/p>\n<p>Por, Dafina hedh posht\u00eb \u00e7do akuz\u00eb q\u00eb i drejtohet duke th\u00ebn\u00eb t\u00eb v\u00ebrtet\u00ebn e saj.<\/p>\n<p>\u201dPat\u00ebm nj\u00eb marr\u00ebveshje me organizatorin nga Suedia p\u00ebr dy mbr\u00ebmje, nj\u00eb n\u00eb Suedi e nj\u00eb tjet\u00ebr n\u00eb Danimark\u00eb. Ne nuk kemi pasur lidhje me ata njer\u00ebz t\u00eb cil\u00ebt kan\u00eb pasur t\u00eb organizojn\u00eb koncertin n\u00eb Danimark\u00eb. Por, organizatori nga Suedia nuk ra n\u00eb fjal\u00eb n\u00eb asgj\u00eb q\u00eb ka premtuar sa u p\u00ebrket koncerteve dhe kushteve q\u00eb duhet plot\u00ebsonte\u201d.<\/p>\n<p>\u201dK\u00ebshtu q\u00eb ne u detyruam ta anulojm\u00eb koncertin n\u00eb Danimark\u00eb. Ata po thon\u00eb se un\u00eb iu kam borxh, por e v\u00ebrteta \u00ebsht\u00eb se ata m\u00eb kan\u00eb borxh mua, p\u00ebr faktin q\u00eb kam humbur nj\u00eb dit\u00eb, e cila p\u00ebr mua ka qen\u00eb e r\u00ebnd\u00ebsishme e q\u00eb kam pasur mund\u00ebsi t\u00eb shkoj t\u00eb k\u00ebndoj e t\u00eb fitoj para. Ata le t\u00eb flasin sa t\u00eb duan, por nuk \u00ebsht\u00eb n\u00eb rregull t\u00eb g\u00ebnjejn\u00eb fansat, e t\u00eb thon\u00eb se u kam borxh, kur faktikisht ata m\u00eb kan\u00eb mua\u201d, ka p\u00ebrfunduar Dafina.<\/p>\n<p><strong>Telegrafi<br \/>\n<!--YouTube Error: bad URL entered--><\/strong><\/p>\n","protected":false},"excerpt":{"rendered":"<p>Dafina Zeqiri ka mohuar akuzat e nj\u00eb organizatori koncertesh, i cili pretendon se kjo e para duhet t\u2019i paguaj atij 2500 euro p\u00ebr anulim t\u00eb koncertit. Nd\u00ebrkoh\u00eb k\u00ebng\u00ebtarja ka th\u00ebn\u00eb p\u00ebr \u201dInfopress\u201d se i vetmi borxhli n\u00eb k\u00ebt\u00eb mes \u00ebsht\u00eb organizatori, i cili nuk u \u00ebsht\u00eb p\u00ebrmbajtur fjal\u00ebve t\u00eb dh\u00ebna, por pa dh\u00ebn\u00eb detaje se [&hellip;]<\/p>\n","protected":false},"author":1,"featured_media":0,"comment_status":"open","ping_status":"closed","sticky":false,"template":"","format":"standard","meta":{"spay_email":"","jetpack_publicize_message":"","jetpack_is_tweetstorm":false,"jetpack_publicize_feature_enabled":true},"categories":[1],"tags":[4926],"jetpack_publicize_connections":[],"yoast_head":"<!-- This site is optimized with the Yoast SEO plugin v19.1 - https:\/\/yoast.com\/wordpress\/plugins\/seo\/ -->\n<title>Dafina: Ata m\u00eb kan\u00eb borxh mua - Lajme nga Ulqini<\/title>\n<meta name=\"description\" content=\"Dafina Zeqiri ka mohuar akuzat e nj\u00eb organizatori koncertesh, i cili pretendon se kjo e para duhet t\u2019i paguaj atij 2500 euro p\u00ebr anulim t\u00eb koncertit.\" \/>\n<meta name=\"robots\" content=\"index, follow, max-snippet:-1, max-image-preview:large, max-video-preview:-1\" \/>\n<link rel=\"canonical\" href=\"https:\/\/www.visit-ulcinj.com\/blog\/2011\/02\/11\/dafina-ata-me-kane-borxh-mua\/\" \/>\n<meta property=\"og:locale\" content=\"en_US\" \/>\n<meta property=\"og:type\" content=\"article\" \/>\n<meta property=\"og:title\" content=\"Dafina: Ata m\u00eb kan\u00eb borxh mua - Lajme nga Ulqini\" \/>\n<meta property=\"og:description\" content=\"Dafina Zeqiri ka mohuar akuzat e nj\u00eb organizatori koncertesh, i cili pretendon se kjo e para duhet t\u2019i paguaj atij 2500 euro p\u00ebr anulim t\u00eb koncertit.\" \/>\n<meta property=\"og:url\" content=\"https:\/\/www.visit-ulcinj.com\/blog\/2011\/02\/11\/dafina-ata-me-kane-borxh-mua\/\" \/>\n<meta property=\"og:site_name\" content=\"Lajme nga Ulqini\" \/>\n<meta property=\"article:published_time\" content=\"2011-02-11T13:12:05+00:00\" \/>\n<meta property=\"article:modified_time\" content=\"2011-02-11T13:12:28+00:00\" \/>\n<meta property=\"og:image\" content=\"http:\/\/www.visit-ulcinj.com\/blog\/wp-content\/uploads\/2011\/02\/Dafina-Zeqiri-216x300.jpg\" \/>\n<meta name=\"twitter:label1\" content=\"Written by\" \/>\n\t<meta name=\"twitter:data1\" content=\"ulqini\" \/>\n\t<meta name=\"twitter:label2\" content=\"Est. reading time\" \/>\n\t<meta name=\"twitter:data2\" content=\"2 minutes\" \/>\n<script type=\"application\/ld+json\" class=\"yoast-schema-graph\">{\"@context\":\"https:\/\/schema.org\",\"@graph\":[{\"@type\":\"WebSite\",\"@id\":\"https:\/\/www.visit-ulcinj.com\/blog\/#website\",\"url\":\"https:\/\/www.visit-ulcinj.com\/blog\/\",\"name\":\"Lajme nga Ulqini\",\"description\":\"Lajme,Vijesti,Ulqini,Ulqin,Crna Gora,Mali i Zi\",\"potentialAction\":[{\"@type\":\"SearchAction\",\"target\":{\"@type\":\"EntryPoint\",\"urlTemplate\":\"https:\/\/www.visit-ulcinj.com\/blog\/?s={search_term_string}\"},\"query-input\":\"required name=search_term_string\"}],\"inLanguage\":\"en-US\"},{\"@type\":\"ImageObject\",\"inLanguage\":\"en-US\",\"@id\":\"https:\/\/www.visit-ulcinj.com\/blog\/2011\/02\/11\/dafina-ata-me-kane-borxh-mua\/#primaryimage\",\"url\":\"http:\/\/www.visit-ulcinj.com\/blog\/wp-content\/uploads\/2011\/02\/Dafina-Zeqiri-216x300.jpg\",\"contentUrl\":\"http:\/\/www.visit-ulcinj.com\/blog\/wp-content\/uploads\/2011\/02\/Dafina-Zeqiri-216x300.jpg\"},{\"@type\":\"WebPage\",\"@id\":\"https:\/\/www.visit-ulcinj.com\/blog\/2011\/02\/11\/dafina-ata-me-kane-borxh-mua\/#webpage\",\"url\":\"https:\/\/www.visit-ulcinj.com\/blog\/2011\/02\/11\/dafina-ata-me-kane-borxh-mua\/\",\"name\":\"Dafina: Ata m\u00eb kan\u00eb borxh mua - Lajme nga Ulqini\",\"isPartOf\":{\"@id\":\"https:\/\/www.visit-ulcinj.com\/blog\/#website\"},\"primaryImageOfPage\":{\"@id\":\"https:\/\/www.visit-ulcinj.com\/blog\/2011\/02\/11\/dafina-ata-me-kane-borxh-mua\/#primaryimage\"},\"datePublished\":\"2011-02-11T13:12:05+00:00\",\"dateModified\":\"2011-02-11T13:12:28+00:00\",\"author\":{\"@id\":\"https:\/\/www.visit-ulcinj.com\/blog\/#\/schema\/person\/dcab619c614d3038751c63bc2aadc06d\"},\"description\":\"Dafina Zeqiri ka mohuar akuzat e nj\u00eb organizatori koncertesh, i cili pretendon se kjo e para duhet t\u2019i paguaj atij 2500 euro p\u00ebr anulim t\u00eb koncertit.\",\"breadcrumb\":{\"@id\":\"https:\/\/www.visit-ulcinj.com\/blog\/2011\/02\/11\/dafina-ata-me-kane-borxh-mua\/#breadcrumb\"},\"inLanguage\":\"en-US\",\"potentialAction\":[{\"@type\":\"ReadAction\",\"target\":[\"https:\/\/www.visit-ulcinj.com\/blog\/2011\/02\/11\/dafina-ata-me-kane-borxh-mua\/\"]}]},{\"@type\":\"BreadcrumbList\",\"@id\":\"https:\/\/www.visit-ulcinj.com\/blog\/2011\/02\/11\/dafina-ata-me-kane-borxh-mua\/#breadcrumb\",\"itemListElement\":[{\"@type\":\"ListItem\",\"position\":1,\"name\":\"Dafina: Ata m\u00eb kan\u00eb borxh mua\"}]},{\"@type\":\"Person\",\"@id\":\"https:\/\/www.visit-ulcinj.com\/blog\/#\/schema\/person\/dcab619c614d3038751c63bc2aadc06d\",\"name\":\"ulqini\",\"sameAs\":[\"http:\/\/www.visit-ulcinj.com\"],\"url\":\"https:\/\/www.visit-ulcinj.com\/blog\/author\/admin\/\"}]}<\/script>\n<!-- \/ Yoast SEO plugin. -->","yoast_head_json":{"title":"Dafina: Ata m\u00eb kan\u00eb borxh mua - Lajme nga Ulqini","description":"Dafina Zeqiri ka mohuar akuzat e nj\u00eb organizatori koncertesh, i cili pretendon se kjo e para duhet t\u2019i paguaj atij 2500 euro p\u00ebr anulim t\u00eb koncertit.","robots":{"index":"index","follow":"follow","max-snippet":"max-snippet:-1","max-image-preview":"max-image-preview:large","max-video-preview":"max-video-preview:-1"},"canonical":"https:\/\/www.visit-ulcinj.com\/blog\/2011\/02\/11\/dafina-ata-me-kane-borxh-mua\/","og_locale":"en_US","og_type":"article","og_title":"Dafina: Ata m\u00eb kan\u00eb borxh mua - Lajme nga Ulqini","og_description":"Dafina Zeqiri ka mohuar akuzat e nj\u00eb organizatori koncertesh, i cili pretendon se kjo e para duhet t\u2019i paguaj atij 2500 euro p\u00ebr anulim t\u00eb koncertit.","og_url":"https:\/\/www.visit-ulcinj.com\/blog\/2011\/02\/11\/dafina-ata-me-kane-borxh-mua\/","og_site_name":"Lajme nga Ulqini","article_published_time":"2011-02-11T13:12:05+00:00","article_modified_time":"2011-02-11T13:12:28+00:00","og_image":[{"url":"http:\/\/www.visit-ulcinj.com\/blog\/wp-content\/uploads\/2011\/02\/Dafina-Zeqiri-216x300.jpg"}],"twitter_misc":{"Written by":"ulqini","Est. reading time":"2 minutes"},"schema":{"@context":"https:\/\/schema.org","@graph":[{"@type":"WebSite","@id":"https:\/\/www.visit-ulcinj.com\/blog\/#website","url":"https:\/\/www.visit-ulcinj.com\/blog\/","name":"Lajme nga Ulqini","description":"Lajme,Vijesti,Ulqini,Ulqin,Crna Gora,Mali i Zi","potentialAction":[{"@type":"SearchAction","target":{"@type":"EntryPoint","urlTemplate":"https:\/\/www.visit-ulcinj.com\/blog\/?s={search_term_string}"},"query-input":"required name=search_term_string"}],"inLanguage":"en-US"},{"@type":"ImageObject","inLanguage":"en-US","@id":"https:\/\/www.visit-ulcinj.com\/blog\/2011\/02\/11\/dafina-ata-me-kane-borxh-mua\/#primaryimage","url":"http:\/\/www.visit-ulcinj.com\/blog\/wp-content\/uploads\/2011\/02\/Dafina-Zeqiri-216x300.jpg","contentUrl":"http:\/\/www.visit-ulcinj.com\/blog\/wp-content\/uploads\/2011\/02\/Dafina-Zeqiri-216x300.jpg"},{"@type":"WebPage","@id":"https:\/\/www.visit-ulcinj.com\/blog\/2011\/02\/11\/dafina-ata-me-kane-borxh-mua\/#webpage","url":"https:\/\/www.visit-ulcinj.com\/blog\/2011\/02\/11\/dafina-ata-me-kane-borxh-mua\/","name":"Dafina: Ata m\u00eb kan\u00eb borxh mua - Lajme nga Ulqini","isPartOf":{"@id":"https:\/\/www.visit-ulcinj.com\/blog\/#website"},"primaryImageOfPage":{"@id":"https:\/\/www.visit-ulcinj.com\/blog\/2011\/02\/11\/dafina-ata-me-kane-borxh-mua\/#primaryimage"},"datePublished":"2011-02-11T13:12:05+00:00","dateModified":"2011-02-11T13:12:28+00:00","author":{"@id":"https:\/\/www.visit-ulcinj.com\/blog\/#\/schema\/person\/dcab619c614d3038751c63bc2aadc06d"},"description":"Dafina Zeqiri ka mohuar akuzat e nj\u00eb organizatori koncertesh, i cili pretendon se kjo e para duhet t\u2019i paguaj atij 2500 euro p\u00ebr anulim t\u00eb koncertit.","breadcrumb":{"@id":"https:\/\/www.visit-ulcinj.com\/blog\/2011\/02\/11\/dafina-ata-me-kane-borxh-mua\/#breadcrumb"},"inLanguage":"en-US","potentialAction":[{"@type":"ReadAction","target":["https:\/\/www.visit-ulcinj.com\/blog\/2011\/02\/11\/dafina-ata-me-kane-borxh-mua\/"]}]},{"@type":"BreadcrumbList","@id":"https:\/\/www.visit-ulcinj.com\/blog\/2011\/02\/11\/dafina-ata-me-kane-borxh-mua\/#breadcrumb","itemListElement":[{"@type":"ListItem","position":1,"name":"Dafina: Ata m\u00eb kan\u00eb borxh mua"}]},{"@type":"Person","@id":"https:\/\/www.visit-ulcinj.com\/blog\/#\/schema\/person\/dcab619c614d3038751c63bc2aadc06d","name":"ulqini","sameAs":["http:\/\/www.visit-ulcinj.com"],"url":"https:\/\/www.visit-ulcinj.com\/blog\/author\/admin\/"}]}},"jetpack_featured_media_url":"","jetpack_sharing_enabled":true,"jetpack_shortlink":"https:\/\/wp.me\/pe6lTn-bfi","_links":{"self":[{"href":"https:\/\/www.visit-ulcinj.com\/blog\/wp-json\/wp\/v2\/posts\/43232"}],"collection":[{"href":"https:\/\/www.visit-ulcinj.com\/blog\/wp-json\/wp\/v2\/posts"}],"about":[{"href":"https:\/\/www.visit-ulcinj.com\/blog\/wp-json\/wp\/v2\/types\/post"}],"author":[{"embeddable":true,"href":"https:\/\/www.visit-ulcinj.com\/blog\/wp-json\/wp\/v2\/users\/1"}],"replies":[{"embeddable":true,"href":"https:\/\/www.visit-ulcinj.com\/blog\/wp-json\/wp\/v2\/comments?post=43232"}],"version-history":[{"count":0,"href":"https:\/\/www.visit-ulcinj.com\/blog\/wp-json\/wp\/v2\/posts\/43232\/revisions"}],"wp:attachment":[{"href":"https:\/\/www.visit-ulcinj.com\/blog\/wp-json\/wp\/v2\/media?parent=43232"}],"wp:term":[{"taxonomy":"category","embeddable":true,"href":"https:\/\/www.visit-ulcinj.com\/blog\/wp-json\/wp\/v2\/categories?post=43232"},{"taxonomy":"post_tag","embeddable":true,"href":"https:\/\/www.visit-ulcinj.com\/blog\/wp-json\/wp\/v2\/tags?post=43232"}],"curies":[{"name":"wp","href":"https:\/\/api.w.org\/{rel}","templated":true}]}}