{"id":43238,"date":"2011-02-11T23:12:13","date_gmt":"2011-02-11T22:12:13","guid":{"rendered":"http:\/\/www.visit-ulcinj.com\/blog\/?p=43238"},"modified":"2011-02-11T23:14:21","modified_gmt":"2011-02-11T22:14:21","slug":"mans-podnio-krivicnu-prijavu-protiv-vujice-lazovica-video","status":"publish","type":"post","link":"https:\/\/www.visit-ulcinj.com\/blog\/2011\/02\/11\/mans-podnio-krivicnu-prijavu-protiv-vujice-lazovica-video\/","title":{"rendered":"MANS podnio krivi\u010dnu prijavu protiv Vujice Lazovi\u0107a &#8211; Video"},"content":{"rendered":"<p><a href=\"http:\/\/www.visit-ulcinj.com\/blog\/wp-content\/uploads\/2011\/02\/Vujica-Lazovic.jpg\"><img loading=\"lazy\" class=\"alignleft size-medium wp-image-43239\" title=\"Vujica Lazovic\" src=\"http:\/\/www.visit-ulcinj.com\/blog\/wp-content\/uploads\/2011\/02\/Vujica-Lazovic-300x153.jpg\" alt=\"\" width=\"300\" height=\"153\" srcset=\"https:\/\/www.visit-ulcinj.com\/blog\/wp-content\/uploads\/2011\/02\/Vujica-Lazovic-300x153.jpg 300w, https:\/\/www.visit-ulcinj.com\/blog\/wp-content\/uploads\/2011\/02\/Vujica-Lazovic.jpg 488w\" sizes=\"(max-width: 300px) 100vw, 300px\" \/><\/a>MANS je danas Vrhovnom dr\u017eavnom tu\u017eiocu podnio krivi\u010dnu prijavu protiv Potpredsjednika Vlade Crne Gore i biv\u0161eg predsjednika Savjeta za privatizaciju, Vujice Lazovi\u0107a podnio krivi\u010dnu prijavu zbog sumnje na zloupotrebu slu\u017ebenog polo\u017eaja u postupku odabira najpovoljnijeg ponu\u0111a\u010da na tenderu za valorizaciju lokaliteta Valdanos pored Ulcinja.<\/p>\n<p>Prvi seta uslova iz tendera je propisivao da ponu\u0111a\u010d mora biti me\u0111unarodni hotelski operater na nivou od \u010detiri plus ili pet zvjezdica, da mora da poka\u017ee finansijsku sposobnost za realizaciju ugovorenog posla, kao i da mora dokazati da je u posljednjoj godini ostvario ukupan promet od najmanje 100 miliona Eura. Drugi set uslova je od budu\u0107eg zakupca zahtijevao da mora dokazati da je u najmanje tri poslovne godine ostvario pozitivan finansijski rezultat, te da je u toku posljednje poslovne godine ostvario ukupan promet od najmanje 200 miliona Eura.<\/p>\n<p>Tenderska komisija i Savjet za privatizaciju na \u010dijem \u010delu je bio Vujica Lazovi\u0107 je krajem novembra pro\u0161le godine prihvatila ponudu kompanije Cubus Lux iz Velike Britanije.<\/p>\n<p>Finansijski izvje\u0161taji kompanije Cubus Lux u koje je MANS imao uvid ukazuju na \u010dinjenicu da je ova kompanija 2009 godinu zavr\u0161ila sa gubitkom od oko 2 miliona britanskih funti, dok je poslovni gubitak za 2010 bio jo\u0161 ve\u0107i i to na nivou od preko 3,5 miliona funti. Prema podacima iz izvje\u0161taja, ukupna sredstva sa kojima je raspolagala kompanija Cubus Lux su na nivou od oko 56 miliona eura. Ukupna ulaganja na koja se Cubus Lux obavezuje ugovorom su planirana na nivou od preko 222 miliona eura. Zanimljivo je da za ova ulaganja Cubus Lux o\u010dekuje pomo\u0107 lokalnih crnogorskih banaka, kako se i navodi u finansijskom izvje\u0161taju ove kompanije.<\/p>\n<p>Iz svega navedenog proizilazi osnovana sumnja da kompanija Cubus Lux nije zadovoljila klju\u010dne tenderske uslove za turisti\u010dku valorizaciju Valdanosa \u2013 u poslednjoj godini nije ostvarila ukupan promet od najmanje 100 miliona eura, \u0161to je predvi\u0111eno uslovima iz grupe A, odnosno u najmanje tri poslovne godine u poslednjih pet kalendarskih godina nije ostvarila pozitivan finansijski rezultat i u toku poslednje poslovne godine nije ostvarila ukupan promet od najmanje 200 miliona eura, \u0161to je predvi\u0111eno uslovima iz grupe B.<\/p>\n<p>I pored ovih \u010dinjenica Savjet za privatizaciju je prihvatio ponudu kompanije Cubus Lux kao ispravnu i Vladi predlo\u017eio da se ugovor sa tom kompanijom zaklju\u010di. Nije jasno na osnovu kojih kriterijuma i u kojoj proceduri je ova kompanija dobila glasove \u010dlanova tenderske komisije i samog predsjednika Savjeta za privatizaciju Vujice Lazovi\u0107a, koji mjesecima uporno odbija sa saop\u0161ti kako je to Cubus Lux uspio da zadovolji uslove tendera. Kao predsjednik Savjeta za privatizaciju, Lazovi\u0107 je morao biti upoznat sa svim relevantnim informacijama vezanim za ponu\u0111a\u010da kojemu namjerava da dodijeli ugovor, a podatak da kompanija Cubus Lux iz godine u godinu posluje sa vi\u0161emilionskim gubicima je svakako informacija koja je trebala da opredijeli odluku Savjeta.<\/p>\n<p>Imaju\u0107i u vidu prezentovane informacije o poslovanju kompanije Cubus Lux-a, smatramo da postoje uslovi da Vujica Lazovi\u0107 svoje pona\u0161anje i rad Savjeta za privatizaciju objasni pred dr\u017eavnim tu\u017eiocem, ako to ve\u0107 ne \u017eeli pred gra\u0111anima Crne Gore.<\/p>\n<p>MANS je ju\u010de pozvao novog predsjednika Savjeta za privatizaciju i Premijera Igora Luk\u0161i\u0107a da suspenduje odluku o davanju u dugoro\u010dni zakup uvale Valdanos i pozvao ga da objavi predugovor koji se sprema za kompaniju Cubus Lux. Vlada je danas zaista objavila tra\u017eeni Predlog ugovora, ali nije objavila i sedam aneksa Ugovora koji sadr\u017ee investicioni plan, obra\u010dun godi\u0161nje zakupnine, te opis lokacije i sredstava koja se daju u zakup. Smatramo da ovakva \u201etransparentnost\u201c Vlade samo kozmeti\u010dka, ali i nedovoljna za otklon od stare prakse Vlade Crne Gore da se informacije o najbitinijim ugovorima od javnog interesa daju \u201ena ka\u0161i\u010dicu\u201c.<\/p>\n<p>Imaju\u0107i u vidu da se radi o poslu koji potencijalo mo\u017ee imati \u0161tetne posljedice, o\u010dekujemo da \u0107e tu\u017eila\u0161tvo pravovremeno reagovati i sprije\u010diti ve\u0107e \u0161tet po dr\u017eavni interes kada je u pitanju valorizacija uvale Valdanos.<\/p>\n<p>Dejan Milovac<br \/>\nDirektor programa za urbanizam<\/p>\n<p><a href=\"http:\/\/www.mans.co.me\/arhiva\/2011\/02\/krivicna-prijava-protiv-potpredsjednika-vlade-crne-gore-i-bivseg-predsjednika-savjeta-za-privatizaciju-vujice-lazovica\/\" target=\"_blank\"><strong>Izvor\u00a0: MANS<\/strong><\/a><\/p>\n<p><strong>VIDEO TV VIJESTI<br \/>\n<!--YouTube Error: bad URL entered--><br \/>\n<\/strong><\/p>\n","protected":false},"excerpt":{"rendered":"<p>MANS je danas Vrhovnom dr\u017eavnom tu\u017eiocu podnio krivi\u010dnu prijavu protiv Potpredsjednika Vlade Crne Gore i biv\u0161eg predsjednika Savjeta za privatizaciju, Vujice Lazovi\u0107a podnio krivi\u010dnu prijavu zbog sumnje na zloupotrebu slu\u017ebenog polo\u017eaja u postupku odabira najpovoljnijeg ponu\u0111a\u010da na tenderu za valorizaciju lokaliteta Valdanos pored Ulcinja. Prvi seta uslova iz tendera je propisivao da ponu\u0111a\u010d mora biti [&hellip;]<\/p>\n","protected":false},"author":1,"featured_media":0,"comment_status":"open","ping_status":"closed","sticky":false,"template":"","format":"standard","meta":{"spay_email":"","jetpack_publicize_message":"","jetpack_is_tweetstorm":false,"jetpack_publicize_feature_enabled":true},"categories":[8337],"tags":[20,19,136,17272],"jetpack_publicize_connections":[],"yoast_head":"<!-- This site is optimized with the Yoast SEO plugin v19.1 - https:\/\/yoast.com\/wordpress\/plugins\/seo\/ -->\n<title>MANS podnio krivi\u010dnu prijavu protiv Vujice Lazovi\u0107a - Video - Lajme nga Ulqini<\/title>\n<meta name=\"description\" content=\"MANS je danas Vrhovnom dr\u017eavnom tu\u017eiocu podnio krivi\u010dnu prijavu protiv Potpredsjednika Vlade Crne Gore i biv\u0161eg predsjednika Savjeta za privatizaciju,\" \/>\n<meta name=\"robots\" content=\"index, follow, max-snippet:-1, max-image-preview:large, max-video-preview:-1\" \/>\n<link rel=\"canonical\" href=\"https:\/\/www.visit-ulcinj.com\/blog\/2011\/02\/11\/mans-podnio-krivicnu-prijavu-protiv-vujice-lazovica-video\/\" \/>\n<meta property=\"og:locale\" content=\"en_US\" \/>\n<meta property=\"og:type\" content=\"article\" \/>\n<meta property=\"og:title\" content=\"MANS podnio krivi\u010dnu prijavu protiv Vujice Lazovi\u0107a - Video - Lajme nga Ulqini\" \/>\n<meta property=\"og:description\" content=\"MANS je danas Vrhovnom dr\u017eavnom tu\u017eiocu podnio krivi\u010dnu prijavu protiv Potpredsjednika Vlade Crne Gore i biv\u0161eg predsjednika Savjeta za privatizaciju,\" \/>\n<meta property=\"og:url\" content=\"https:\/\/www.visit-ulcinj.com\/blog\/2011\/02\/11\/mans-podnio-krivicnu-prijavu-protiv-vujice-lazovica-video\/\" \/>\n<meta property=\"og:site_name\" content=\"Lajme nga Ulqini\" \/>\n<meta property=\"article:published_time\" content=\"2011-02-11T22:12:13+00:00\" \/>\n<meta property=\"article:modified_time\" content=\"2011-02-11T22:14:21+00:00\" \/>\n<meta property=\"og:image\" content=\"http:\/\/www.visit-ulcinj.com\/blog\/wp-content\/uploads\/2011\/02\/Vujica-Lazovic-300x153.jpg\" \/>\n<meta name=\"twitter:label1\" content=\"Written by\" \/>\n\t<meta name=\"twitter:data1\" content=\"ulqini\" \/>\n\t<meta name=\"twitter:label2\" content=\"Est. reading time\" \/>\n\t<meta name=\"twitter:data2\" content=\"3 minutes\" \/>\n<script type=\"application\/ld+json\" class=\"yoast-schema-graph\">{\"@context\":\"https:\/\/schema.org\",\"@graph\":[{\"@type\":\"WebSite\",\"@id\":\"https:\/\/www.visit-ulcinj.com\/blog\/#website\",\"url\":\"https:\/\/www.visit-ulcinj.com\/blog\/\",\"name\":\"Lajme nga Ulqini\",\"description\":\"Lajme,Vijesti,Ulqini,Ulqin,Crna Gora,Mali i Zi\",\"potentialAction\":[{\"@type\":\"SearchAction\",\"target\":{\"@type\":\"EntryPoint\",\"urlTemplate\":\"https:\/\/www.visit-ulcinj.com\/blog\/?s={search_term_string}\"},\"query-input\":\"required name=search_term_string\"}],\"inLanguage\":\"en-US\"},{\"@type\":\"ImageObject\",\"inLanguage\":\"en-US\",\"@id\":\"https:\/\/www.visit-ulcinj.com\/blog\/2011\/02\/11\/mans-podnio-krivicnu-prijavu-protiv-vujice-lazovica-video\/#primaryimage\",\"url\":\"https:\/\/www.visit-ulcinj.com\/blog\/wp-content\/uploads\/2011\/02\/Vujica-Lazovic.jpg\",\"contentUrl\":\"https:\/\/www.visit-ulcinj.com\/blog\/wp-content\/uploads\/2011\/02\/Vujica-Lazovic.jpg\",\"width\":\"488\",\"height\":\"250\"},{\"@type\":\"WebPage\",\"@id\":\"https:\/\/www.visit-ulcinj.com\/blog\/2011\/02\/11\/mans-podnio-krivicnu-prijavu-protiv-vujice-lazovica-video\/#webpage\",\"url\":\"https:\/\/www.visit-ulcinj.com\/blog\/2011\/02\/11\/mans-podnio-krivicnu-prijavu-protiv-vujice-lazovica-video\/\",\"name\":\"MANS podnio krivi\u010dnu prijavu protiv Vujice Lazovi\u0107a - Video - Lajme nga Ulqini\",\"isPartOf\":{\"@id\":\"https:\/\/www.visit-ulcinj.com\/blog\/#website\"},\"primaryImageOfPage\":{\"@id\":\"https:\/\/www.visit-ulcinj.com\/blog\/2011\/02\/11\/mans-podnio-krivicnu-prijavu-protiv-vujice-lazovica-video\/#primaryimage\"},\"datePublished\":\"2011-02-11T22:12:13+00:00\",\"dateModified\":\"2011-02-11T22:14:21+00:00\",\"author\":{\"@id\":\"https:\/\/www.visit-ulcinj.com\/blog\/#\/schema\/person\/dcab619c614d3038751c63bc2aadc06d\"},\"description\":\"MANS je danas Vrhovnom dr\u017eavnom tu\u017eiocu podnio krivi\u010dnu prijavu protiv Potpredsjednika Vlade Crne Gore i biv\u0161eg predsjednika Savjeta za privatizaciju,\",\"breadcrumb\":{\"@id\":\"https:\/\/www.visit-ulcinj.com\/blog\/2011\/02\/11\/mans-podnio-krivicnu-prijavu-protiv-vujice-lazovica-video\/#breadcrumb\"},\"inLanguage\":\"en-US\",\"potentialAction\":[{\"@type\":\"ReadAction\",\"target\":[\"https:\/\/www.visit-ulcinj.com\/blog\/2011\/02\/11\/mans-podnio-krivicnu-prijavu-protiv-vujice-lazovica-video\/\"]}]},{\"@type\":\"BreadcrumbList\",\"@id\":\"https:\/\/www.visit-ulcinj.com\/blog\/2011\/02\/11\/mans-podnio-krivicnu-prijavu-protiv-vujice-lazovica-video\/#breadcrumb\",\"itemListElement\":[{\"@type\":\"ListItem\",\"position\":1,\"name\":\"MANS podnio krivi\u010dnu prijavu protiv Vujice Lazovi\u0107a &#8211; Video\"}]},{\"@type\":\"Person\",\"@id\":\"https:\/\/www.visit-ulcinj.com\/blog\/#\/schema\/person\/dcab619c614d3038751c63bc2aadc06d\",\"name\":\"ulqini\",\"sameAs\":[\"http:\/\/www.visit-ulcinj.com\"],\"url\":\"https:\/\/www.visit-ulcinj.com\/blog\/author\/admin\/\"}]}<\/script>\n<!-- \/ Yoast SEO plugin. -->","yoast_head_json":{"title":"MANS podnio krivi\u010dnu prijavu protiv Vujice Lazovi\u0107a - Video - Lajme nga Ulqini","description":"MANS je danas Vrhovnom dr\u017eavnom tu\u017eiocu podnio krivi\u010dnu prijavu protiv Potpredsjednika Vlade Crne Gore i biv\u0161eg predsjednika Savjeta za privatizaciju,","robots":{"index":"index","follow":"follow","max-snippet":"max-snippet:-1","max-image-preview":"max-image-preview:large","max-video-preview":"max-video-preview:-1"},"canonical":"https:\/\/www.visit-ulcinj.com\/blog\/2011\/02\/11\/mans-podnio-krivicnu-prijavu-protiv-vujice-lazovica-video\/","og_locale":"en_US","og_type":"article","og_title":"MANS podnio krivi\u010dnu prijavu protiv Vujice Lazovi\u0107a - Video - Lajme nga Ulqini","og_description":"MANS je danas Vrhovnom dr\u017eavnom tu\u017eiocu podnio krivi\u010dnu prijavu protiv Potpredsjednika Vlade Crne Gore i biv\u0161eg predsjednika Savjeta za privatizaciju,","og_url":"https:\/\/www.visit-ulcinj.com\/blog\/2011\/02\/11\/mans-podnio-krivicnu-prijavu-protiv-vujice-lazovica-video\/","og_site_name":"Lajme nga Ulqini","article_published_time":"2011-02-11T22:12:13+00:00","article_modified_time":"2011-02-11T22:14:21+00:00","og_image":[{"url":"http:\/\/www.visit-ulcinj.com\/blog\/wp-content\/uploads\/2011\/02\/Vujica-Lazovic-300x153.jpg"}],"twitter_misc":{"Written by":"ulqini","Est. reading time":"3 minutes"},"schema":{"@context":"https:\/\/schema.org","@graph":[{"@type":"WebSite","@id":"https:\/\/www.visit-ulcinj.com\/blog\/#website","url":"https:\/\/www.visit-ulcinj.com\/blog\/","name":"Lajme nga Ulqini","description":"Lajme,Vijesti,Ulqini,Ulqin,Crna Gora,Mali i Zi","potentialAction":[{"@type":"SearchAction","target":{"@type":"EntryPoint","urlTemplate":"https:\/\/www.visit-ulcinj.com\/blog\/?s={search_term_string}"},"query-input":"required name=search_term_string"}],"inLanguage":"en-US"},{"@type":"ImageObject","inLanguage":"en-US","@id":"https:\/\/www.visit-ulcinj.com\/blog\/2011\/02\/11\/mans-podnio-krivicnu-prijavu-protiv-vujice-lazovica-video\/#primaryimage","url":"https:\/\/www.visit-ulcinj.com\/blog\/wp-content\/uploads\/2011\/02\/Vujica-Lazovic.jpg","contentUrl":"https:\/\/www.visit-ulcinj.com\/blog\/wp-content\/uploads\/2011\/02\/Vujica-Lazovic.jpg","width":"488","height":"250"},{"@type":"WebPage","@id":"https:\/\/www.visit-ulcinj.com\/blog\/2011\/02\/11\/mans-podnio-krivicnu-prijavu-protiv-vujice-lazovica-video\/#webpage","url":"https:\/\/www.visit-ulcinj.com\/blog\/2011\/02\/11\/mans-podnio-krivicnu-prijavu-protiv-vujice-lazovica-video\/","name":"MANS podnio krivi\u010dnu prijavu protiv Vujice Lazovi\u0107a - Video - Lajme nga Ulqini","isPartOf":{"@id":"https:\/\/www.visit-ulcinj.com\/blog\/#website"},"primaryImageOfPage":{"@id":"https:\/\/www.visit-ulcinj.com\/blog\/2011\/02\/11\/mans-podnio-krivicnu-prijavu-protiv-vujice-lazovica-video\/#primaryimage"},"datePublished":"2011-02-11T22:12:13+00:00","dateModified":"2011-02-11T22:14:21+00:00","author":{"@id":"https:\/\/www.visit-ulcinj.com\/blog\/#\/schema\/person\/dcab619c614d3038751c63bc2aadc06d"},"description":"MANS je danas Vrhovnom dr\u017eavnom tu\u017eiocu podnio krivi\u010dnu prijavu protiv Potpredsjednika Vlade Crne Gore i biv\u0161eg predsjednika Savjeta za privatizaciju,","breadcrumb":{"@id":"https:\/\/www.visit-ulcinj.com\/blog\/2011\/02\/11\/mans-podnio-krivicnu-prijavu-protiv-vujice-lazovica-video\/#breadcrumb"},"inLanguage":"en-US","potentialAction":[{"@type":"ReadAction","target":["https:\/\/www.visit-ulcinj.com\/blog\/2011\/02\/11\/mans-podnio-krivicnu-prijavu-protiv-vujice-lazovica-video\/"]}]},{"@type":"BreadcrumbList","@id":"https:\/\/www.visit-ulcinj.com\/blog\/2011\/02\/11\/mans-podnio-krivicnu-prijavu-protiv-vujice-lazovica-video\/#breadcrumb","itemListElement":[{"@type":"ListItem","position":1,"name":"MANS podnio krivi\u010dnu prijavu protiv Vujice Lazovi\u0107a &#8211; Video"}]},{"@type":"Person","@id":"https:\/\/www.visit-ulcinj.com\/blog\/#\/schema\/person\/dcab619c614d3038751c63bc2aadc06d","name":"ulqini","sameAs":["http:\/\/www.visit-ulcinj.com"],"url":"https:\/\/www.visit-ulcinj.com\/blog\/author\/admin\/"}]}},"jetpack_featured_media_url":"","jetpack_sharing_enabled":true,"jetpack_shortlink":"https:\/\/wp.me\/pe6lTn-bfo","_links":{"self":[{"href":"https:\/\/www.visit-ulcinj.com\/blog\/wp-json\/wp\/v2\/posts\/43238"}],"collection":[{"href":"https:\/\/www.visit-ulcinj.com\/blog\/wp-json\/wp\/v2\/posts"}],"about":[{"href":"https:\/\/www.visit-ulcinj.com\/blog\/wp-json\/wp\/v2\/types\/post"}],"author":[{"embeddable":true,"href":"https:\/\/www.visit-ulcinj.com\/blog\/wp-json\/wp\/v2\/users\/1"}],"replies":[{"embeddable":true,"href":"https:\/\/www.visit-ulcinj.com\/blog\/wp-json\/wp\/v2\/comments?post=43238"}],"version-history":[{"count":0,"href":"https:\/\/www.visit-ulcinj.com\/blog\/wp-json\/wp\/v2\/posts\/43238\/revisions"}],"wp:attachment":[{"href":"https:\/\/www.visit-ulcinj.com\/blog\/wp-json\/wp\/v2\/media?parent=43238"}],"wp:term":[{"taxonomy":"category","embeddable":true,"href":"https:\/\/www.visit-ulcinj.com\/blog\/wp-json\/wp\/v2\/categories?post=43238"},{"taxonomy":"post_tag","embeddable":true,"href":"https:\/\/www.visit-ulcinj.com\/blog\/wp-json\/wp\/v2\/tags?post=43238"}],"curies":[{"name":"wp","href":"https:\/\/api.w.org\/{rel}","templated":true}]}}