{"id":4324,"date":"2008-10-17T09:31:16","date_gmt":"2008-10-17T14:31:16","guid":{"rendered":"http:\/\/www.visit-ulcinj.com\/blog\/?p=4324"},"modified":"2008-10-17T13:09:37","modified_gmt":"2008-10-17T18:09:37","slug":"amfilohijelufta-e-re-ne-ballkan-e-pashmangshme","status":"publish","type":"post","link":"https:\/\/www.visit-ulcinj.com\/blog\/2008\/10\/17\/amfilohijelufta-e-re-ne-ballkan-e-pashmangshme\/","title":{"rendered":"Amfilohije:Lufta e re n\u00eb Ballkan e pashmangshme"},"content":{"rendered":"<p><a href=\"http:\/\/farm1.static.flickr.com\/29\/67101226_3762a97c2a.jpg?v=0\"><img loading=\"lazy\" class=\"alignleft\" title=\"Amfilohije\" src=\"http:\/\/farm1.static.flickr.com\/29\/67101226_3762a97c2a.jpg?v=0\" alt=\"\" width=\"239\" height=\"180\" \/><\/a>Lufta n\u00eb Ballkan p\u00ebrs\u00ebri \u00ebsht\u00eb e pashmangshme nj\u00eb dit\u00eb p\u00ebr shkak t\u00eb kushteve me t\u00eb cilat p\u00ebrballet pakica serbe n\u00eb Kosov\u00eb, ka th\u00ebn\u00eb ushtruesi i detyr\u00ebs i Kish\u00ebs<br \/>\nOrtodokse Serbe.<br \/>\n&#8220;N\u00eb nj\u00eb padrejt\u00ebsi t\u00eb k\u00ebtill\u00eb, nuk mund t\u00eb ket\u00eb paqe. Kjo do t\u00eb jet\u00eb rr\u00ebnja e konfliktit t\u00eb ardhsh\u00ebm&#8221;, ka th\u00ebn\u00eb Mitropoliti Amfilohije Radovi\u00e7 n\u00eb nj\u00eb intervist\u00eb p\u00ebr agjencin\u00eb Reuters.<br \/>\n&#8220;Do t\u00eb ket\u00eb nj\u00eb periudh\u00eb e paqes, por kjo do t\u00eb jet\u00eb koh\u00eb e p\u00ebrgatitjeve p\u00ebr konflikt t\u00eb ri, p\u00ebr luft\u00eb t\u00eb re&#8221;, ka th\u00ebn\u00eb kleriku i lart\u00eb serb.<br \/>\nAmfilohije ka th\u00ebn\u00eb se ai e d\u00ebshiron paqen, por megjithate \u00ebsht\u00eb &#8220;realist&#8221;.<br \/>\n<strong>Burimi \/ Radio Evropa e Lir\u00eb<\/strong><\/p>\n<!--YouTube Error: bad URL entered-->\n","protected":false},"excerpt":{"rendered":"<p>Lufta n\u00eb Ballkan p\u00ebrs\u00ebri \u00ebsht\u00eb e pashmangshme nj\u00eb dit\u00eb p\u00ebr shkak t\u00eb kushteve me t\u00eb cilat p\u00ebrballet pakica serbe n\u00eb Kosov\u00eb, ka th\u00ebn\u00eb ushtruesi i detyr\u00ebs i Kish\u00ebs Ortodokse Serbe. &#8220;N\u00eb nj\u00eb padrejt\u00ebsi t\u00eb k\u00ebtill\u00eb, nuk mund t\u00eb ket\u00eb paqe. Kjo do t\u00eb jet\u00eb rr\u00ebnja e konfliktit t\u00eb ardhsh\u00ebm&#8221;, ka th\u00ebn\u00eb Mitropoliti Amfilohije Radovi\u00e7 n\u00eb [&hellip;]<\/p>\n","protected":false},"author":1,"featured_media":0,"comment_status":"open","ping_status":"closed","sticky":false,"template":"","format":"standard","meta":{"spay_email":"","jetpack_publicize_message":"","jetpack_is_tweetstorm":false,"jetpack_publicize_feature_enabled":true},"categories":[12],"tags":[4670],"jetpack_publicize_connections":[],"yoast_head":"<!-- This site is optimized with the Yoast SEO plugin v19.1 - https:\/\/yoast.com\/wordpress\/plugins\/seo\/ -->\n<title>Amfilohije:Lufta e re n\u00eb Ballkan e pashmangshme - Lajme nga Ulqini<\/title>\n<meta name=\"description\" content=\"Lufta n\u00eb Ballkan p\u00ebrs\u00ebri \u00ebsht\u00eb e pashmangshme nj\u00eb dit\u00eb p\u00ebr shkak t\u00eb kushteve me t\u00eb cilat p\u00ebrballet pakica serbe n\u00eb Kosov\u00eb, ka th\u00ebn\u00eb ushtruesi i detyr\u00ebs i\" \/>\n<meta name=\"robots\" content=\"index, follow, max-snippet:-1, max-image-preview:large, max-video-preview:-1\" \/>\n<link rel=\"canonical\" href=\"https:\/\/www.visit-ulcinj.com\/blog\/2008\/10\/17\/amfilohijelufta-e-re-ne-ballkan-e-pashmangshme\/\" \/>\n<meta property=\"og:locale\" content=\"en_US\" \/>\n<meta property=\"og:type\" content=\"article\" \/>\n<meta property=\"og:title\" content=\"Amfilohije:Lufta e re n\u00eb Ballkan e pashmangshme - Lajme nga Ulqini\" \/>\n<meta property=\"og:description\" content=\"Lufta n\u00eb Ballkan p\u00ebrs\u00ebri \u00ebsht\u00eb e pashmangshme nj\u00eb dit\u00eb p\u00ebr shkak t\u00eb kushteve me t\u00eb cilat p\u00ebrballet pakica serbe n\u00eb Kosov\u00eb, ka th\u00ebn\u00eb ushtruesi i detyr\u00ebs i\" \/>\n<meta property=\"og:url\" content=\"https:\/\/www.visit-ulcinj.com\/blog\/2008\/10\/17\/amfilohijelufta-e-re-ne-ballkan-e-pashmangshme\/\" \/>\n<meta property=\"og:site_name\" content=\"Lajme nga Ulqini\" \/>\n<meta property=\"article:published_time\" content=\"2008-10-17T14:31:16+00:00\" \/>\n<meta property=\"article:modified_time\" content=\"2008-10-17T18:09:37+00:00\" \/>\n<meta property=\"og:image\" content=\"http:\/\/farm1.static.flickr.com\/29\/67101226_3762a97c2a.jpg?v=0\" \/>\n<meta name=\"twitter:label1\" content=\"Written by\" \/>\n\t<meta name=\"twitter:data1\" content=\"ulqini\" \/>\n\t<meta name=\"twitter:label2\" content=\"Est. reading time\" \/>\n\t<meta name=\"twitter:data2\" content=\"1 minute\" \/>\n<script type=\"application\/ld+json\" class=\"yoast-schema-graph\">{\"@context\":\"https:\/\/schema.org\",\"@graph\":[{\"@type\":\"WebSite\",\"@id\":\"https:\/\/www.visit-ulcinj.com\/blog\/#website\",\"url\":\"https:\/\/www.visit-ulcinj.com\/blog\/\",\"name\":\"Lajme nga Ulqini\",\"description\":\"Lajme,Vijesti,Ulqini,Ulqin,Crna Gora,Mali i Zi\",\"potentialAction\":[{\"@type\":\"SearchAction\",\"target\":{\"@type\":\"EntryPoint\",\"urlTemplate\":\"https:\/\/www.visit-ulcinj.com\/blog\/?s={search_term_string}\"},\"query-input\":\"required name=search_term_string\"}],\"inLanguage\":\"en-US\"},{\"@type\":\"ImageObject\",\"inLanguage\":\"en-US\",\"@id\":\"https:\/\/www.visit-ulcinj.com\/blog\/2008\/10\/17\/amfilohijelufta-e-re-ne-ballkan-e-pashmangshme\/#primaryimage\",\"url\":\"http:\/\/farm1.static.flickr.com\/29\/67101226_3762a97c2a.jpg?v=0\",\"contentUrl\":\"http:\/\/farm1.static.flickr.com\/29\/67101226_3762a97c2a.jpg?v=0\"},{\"@type\":\"WebPage\",\"@id\":\"https:\/\/www.visit-ulcinj.com\/blog\/2008\/10\/17\/amfilohijelufta-e-re-ne-ballkan-e-pashmangshme\/#webpage\",\"url\":\"https:\/\/www.visit-ulcinj.com\/blog\/2008\/10\/17\/amfilohijelufta-e-re-ne-ballkan-e-pashmangshme\/\",\"name\":\"Amfilohije:Lufta e re n\u00eb Ballkan e pashmangshme - Lajme nga Ulqini\",\"isPartOf\":{\"@id\":\"https:\/\/www.visit-ulcinj.com\/blog\/#website\"},\"primaryImageOfPage\":{\"@id\":\"https:\/\/www.visit-ulcinj.com\/blog\/2008\/10\/17\/amfilohijelufta-e-re-ne-ballkan-e-pashmangshme\/#primaryimage\"},\"datePublished\":\"2008-10-17T14:31:16+00:00\",\"dateModified\":\"2008-10-17T18:09:37+00:00\",\"author\":{\"@id\":\"https:\/\/www.visit-ulcinj.com\/blog\/#\/schema\/person\/dcab619c614d3038751c63bc2aadc06d\"},\"description\":\"Lufta n\u00eb Ballkan p\u00ebrs\u00ebri \u00ebsht\u00eb e pashmangshme nj\u00eb dit\u00eb p\u00ebr shkak t\u00eb kushteve me t\u00eb cilat p\u00ebrballet pakica serbe n\u00eb Kosov\u00eb, ka th\u00ebn\u00eb ushtruesi i detyr\u00ebs i\",\"breadcrumb\":{\"@id\":\"https:\/\/www.visit-ulcinj.com\/blog\/2008\/10\/17\/amfilohijelufta-e-re-ne-ballkan-e-pashmangshme\/#breadcrumb\"},\"inLanguage\":\"en-US\",\"potentialAction\":[{\"@type\":\"ReadAction\",\"target\":[\"https:\/\/www.visit-ulcinj.com\/blog\/2008\/10\/17\/amfilohijelufta-e-re-ne-ballkan-e-pashmangshme\/\"]}]},{\"@type\":\"BreadcrumbList\",\"@id\":\"https:\/\/www.visit-ulcinj.com\/blog\/2008\/10\/17\/amfilohijelufta-e-re-ne-ballkan-e-pashmangshme\/#breadcrumb\",\"itemListElement\":[{\"@type\":\"ListItem\",\"position\":1,\"name\":\"Amfilohije:Lufta e re n\u00eb Ballkan e pashmangshme\"}]},{\"@type\":\"Person\",\"@id\":\"https:\/\/www.visit-ulcinj.com\/blog\/#\/schema\/person\/dcab619c614d3038751c63bc2aadc06d\",\"name\":\"ulqini\",\"sameAs\":[\"http:\/\/www.visit-ulcinj.com\"],\"url\":\"https:\/\/www.visit-ulcinj.com\/blog\/author\/admin\/\"}]}<\/script>\n<!-- \/ Yoast SEO plugin. -->","yoast_head_json":{"title":"Amfilohije:Lufta e re n\u00eb Ballkan e pashmangshme - Lajme nga Ulqini","description":"Lufta n\u00eb Ballkan p\u00ebrs\u00ebri \u00ebsht\u00eb e pashmangshme nj\u00eb dit\u00eb p\u00ebr shkak t\u00eb kushteve me t\u00eb cilat p\u00ebrballet pakica serbe n\u00eb Kosov\u00eb, ka th\u00ebn\u00eb ushtruesi i detyr\u00ebs i","robots":{"index":"index","follow":"follow","max-snippet":"max-snippet:-1","max-image-preview":"max-image-preview:large","max-video-preview":"max-video-preview:-1"},"canonical":"https:\/\/www.visit-ulcinj.com\/blog\/2008\/10\/17\/amfilohijelufta-e-re-ne-ballkan-e-pashmangshme\/","og_locale":"en_US","og_type":"article","og_title":"Amfilohije:Lufta e re n\u00eb Ballkan e pashmangshme - Lajme nga Ulqini","og_description":"Lufta n\u00eb Ballkan p\u00ebrs\u00ebri \u00ebsht\u00eb e pashmangshme nj\u00eb dit\u00eb p\u00ebr shkak t\u00eb kushteve me t\u00eb cilat p\u00ebrballet pakica serbe n\u00eb Kosov\u00eb, ka th\u00ebn\u00eb ushtruesi i detyr\u00ebs i","og_url":"https:\/\/www.visit-ulcinj.com\/blog\/2008\/10\/17\/amfilohijelufta-e-re-ne-ballkan-e-pashmangshme\/","og_site_name":"Lajme nga Ulqini","article_published_time":"2008-10-17T14:31:16+00:00","article_modified_time":"2008-10-17T18:09:37+00:00","og_image":[{"url":"http:\/\/farm1.static.flickr.com\/29\/67101226_3762a97c2a.jpg?v=0"}],"twitter_misc":{"Written by":"ulqini","Est. reading time":"1 minute"},"schema":{"@context":"https:\/\/schema.org","@graph":[{"@type":"WebSite","@id":"https:\/\/www.visit-ulcinj.com\/blog\/#website","url":"https:\/\/www.visit-ulcinj.com\/blog\/","name":"Lajme nga Ulqini","description":"Lajme,Vijesti,Ulqini,Ulqin,Crna Gora,Mali i Zi","potentialAction":[{"@type":"SearchAction","target":{"@type":"EntryPoint","urlTemplate":"https:\/\/www.visit-ulcinj.com\/blog\/?s={search_term_string}"},"query-input":"required name=search_term_string"}],"inLanguage":"en-US"},{"@type":"ImageObject","inLanguage":"en-US","@id":"https:\/\/www.visit-ulcinj.com\/blog\/2008\/10\/17\/amfilohijelufta-e-re-ne-ballkan-e-pashmangshme\/#primaryimage","url":"http:\/\/farm1.static.flickr.com\/29\/67101226_3762a97c2a.jpg?v=0","contentUrl":"http:\/\/farm1.static.flickr.com\/29\/67101226_3762a97c2a.jpg?v=0"},{"@type":"WebPage","@id":"https:\/\/www.visit-ulcinj.com\/blog\/2008\/10\/17\/amfilohijelufta-e-re-ne-ballkan-e-pashmangshme\/#webpage","url":"https:\/\/www.visit-ulcinj.com\/blog\/2008\/10\/17\/amfilohijelufta-e-re-ne-ballkan-e-pashmangshme\/","name":"Amfilohije:Lufta e re n\u00eb Ballkan e pashmangshme - Lajme nga Ulqini","isPartOf":{"@id":"https:\/\/www.visit-ulcinj.com\/blog\/#website"},"primaryImageOfPage":{"@id":"https:\/\/www.visit-ulcinj.com\/blog\/2008\/10\/17\/amfilohijelufta-e-re-ne-ballkan-e-pashmangshme\/#primaryimage"},"datePublished":"2008-10-17T14:31:16+00:00","dateModified":"2008-10-17T18:09:37+00:00","author":{"@id":"https:\/\/www.visit-ulcinj.com\/blog\/#\/schema\/person\/dcab619c614d3038751c63bc2aadc06d"},"description":"Lufta n\u00eb Ballkan p\u00ebrs\u00ebri \u00ebsht\u00eb e pashmangshme nj\u00eb dit\u00eb p\u00ebr shkak t\u00eb kushteve me t\u00eb cilat p\u00ebrballet pakica serbe n\u00eb Kosov\u00eb, ka th\u00ebn\u00eb ushtruesi i detyr\u00ebs i","breadcrumb":{"@id":"https:\/\/www.visit-ulcinj.com\/blog\/2008\/10\/17\/amfilohijelufta-e-re-ne-ballkan-e-pashmangshme\/#breadcrumb"},"inLanguage":"en-US","potentialAction":[{"@type":"ReadAction","target":["https:\/\/www.visit-ulcinj.com\/blog\/2008\/10\/17\/amfilohijelufta-e-re-ne-ballkan-e-pashmangshme\/"]}]},{"@type":"BreadcrumbList","@id":"https:\/\/www.visit-ulcinj.com\/blog\/2008\/10\/17\/amfilohijelufta-e-re-ne-ballkan-e-pashmangshme\/#breadcrumb","itemListElement":[{"@type":"ListItem","position":1,"name":"Amfilohije:Lufta e re n\u00eb Ballkan e pashmangshme"}]},{"@type":"Person","@id":"https:\/\/www.visit-ulcinj.com\/blog\/#\/schema\/person\/dcab619c614d3038751c63bc2aadc06d","name":"ulqini","sameAs":["http:\/\/www.visit-ulcinj.com"],"url":"https:\/\/www.visit-ulcinj.com\/blog\/author\/admin\/"}]}},"jetpack_featured_media_url":"","jetpack_sharing_enabled":true,"jetpack_shortlink":"https:\/\/wp.me\/pe6lTn-17K","_links":{"self":[{"href":"https:\/\/www.visit-ulcinj.com\/blog\/wp-json\/wp\/v2\/posts\/4324"}],"collection":[{"href":"https:\/\/www.visit-ulcinj.com\/blog\/wp-json\/wp\/v2\/posts"}],"about":[{"href":"https:\/\/www.visit-ulcinj.com\/blog\/wp-json\/wp\/v2\/types\/post"}],"author":[{"embeddable":true,"href":"https:\/\/www.visit-ulcinj.com\/blog\/wp-json\/wp\/v2\/users\/1"}],"replies":[{"embeddable":true,"href":"https:\/\/www.visit-ulcinj.com\/blog\/wp-json\/wp\/v2\/comments?post=4324"}],"version-history":[{"count":0,"href":"https:\/\/www.visit-ulcinj.com\/blog\/wp-json\/wp\/v2\/posts\/4324\/revisions"}],"wp:attachment":[{"href":"https:\/\/www.visit-ulcinj.com\/blog\/wp-json\/wp\/v2\/media?parent=4324"}],"wp:term":[{"taxonomy":"category","embeddable":true,"href":"https:\/\/www.visit-ulcinj.com\/blog\/wp-json\/wp\/v2\/categories?post=4324"},{"taxonomy":"post_tag","embeddable":true,"href":"https:\/\/www.visit-ulcinj.com\/blog\/wp-json\/wp\/v2\/tags?post=4324"}],"curies":[{"name":"wp","href":"https:\/\/api.w.org\/{rel}","templated":true}]}}