{"id":43259,"date":"2011-02-12T10:34:50","date_gmt":"2011-02-12T09:34:50","guid":{"rendered":"http:\/\/www.visit-ulcinj.com\/blog\/?p=43259"},"modified":"2011-02-12T10:37:09","modified_gmt":"2011-02-12T09:37:09","slug":"bizneset-nga-mali-i-zi-kerkojne-me-shume-bashkepunim-me-bizneset-tona","status":"publish","type":"post","link":"https:\/\/www.visit-ulcinj.com\/blog\/2011\/02\/12\/bizneset-nga-mali-i-zi-kerkojne-me-shume-bashkepunim-me-bizneset-tona\/","title":{"rendered":"Bizneset nga Mali i Zi k\u00ebrkojn\u00eb m\u00eb shum\u00eb bashk\u00ebpunim me bizneset tona"},"content":{"rendered":"<p><a href=\"http:\/\/www.visit-ulcinj.com\/blog\/wp-content\/uploads\/2011\/02\/Import_export_KOSOVA_Montenegro.jpg\"><img loading=\"lazy\" class=\"alignleft size-full wp-image-43260\" title=\"Import_export_KOSOVA_Montenegro\" src=\"http:\/\/www.visit-ulcinj.com\/blog\/wp-content\/uploads\/2011\/02\/Import_export_KOSOVA_Montenegro.jpg\" alt=\"\" width=\"508\" height=\"380\" \/><\/a>Prishtin\u00eb, 11 shkurt &#8211; Shkurtimi i rrug\u00ebs p\u00ebr transportimin e mallrave nga portet detare t\u00eb Malit t\u00eb Zi drejt Kosov\u00ebs pritet t\u00eb ndikoj\u00eb n\u00eb rritjen e bashk\u00ebpunimit tregtar nd\u00ebrmjet dy vendeve. Udh\u00ebheq\u00ebsit e Od\u00ebs Ekonomike t\u00eb Malit t\u00eb Zi gjat\u00eb vizit\u00ebs s\u00eb b\u00ebr\u00eb t\u00eb enjten n\u00eb Od\u00ebn Ekonomike t\u00eb Kosov\u00ebs jan\u00eb shprehur optimist\u00eb p\u00ebr rritjen e shk\u00ebmbimeve tregtare n\u00ebp\u00ebrmjet shfryt\u00ebzimit t\u00eb infrastruktur\u00ebs rrugore n\u00ebp\u00ebr Shqip\u00ebri dhe Serbi.<br \/>\nKryetari i OE t\u00eb Malit t\u00eb Zi, Velimir Mijuskoviq ka th\u00ebn\u00eb se raportet ekonomike nd\u00ebrmjet dy vendeve po zhvillohen, mir\u00ebpo jo n\u00eb nivelin e d\u00ebshiruar.<br \/>\n\u201cAf\u00ebrsia e tregjeve t\u00eb dy shteteve \u00ebsht\u00eb sigurisht p\u00ebrpar\u00ebsi sa u p\u00ebrket k\u00ebmbimeve tregtare dhe bashk\u00ebpunimit. Porti i Tivarit m\u00eb par\u00eb \u00ebsht\u00eb shfryt\u00ebzuar shum\u00eb m\u00eb tep\u00ebr nga biznesmen\u00ebt nga Kosova. Shpresojm\u00eb q\u00eb duke pasur parasysh t\u00eb gjitha ato kapacitete q\u00eb i ka porti i Tivarit n\u00eb t\u00eb ardhmen ai do t\u00eb shfryt\u00ebzohet shum\u00eb m\u00eb tep\u00ebr nga bizneset e Kosov\u00ebs\u201d, ka th\u00ebn\u00eb Mijuskoviq.<br \/>\nAi \u00ebsht\u00eb shprehur kund\u00ebr barrierave t\u00eb shfaqura n\u00eb shk\u00ebmbimin tregtar nd\u00ebrmjet Kosov\u00ebs dhe Malit t\u00eb Zi, nd\u00ebrsa ka shtuar se vizita n\u00eb Kosov\u00eb e delegacionit t\u00eb p\u00ebrb\u00ebr\u00eb nga biznesmen\u00eb malazias p\u00ebrve\u00e7 t\u00eb tjerave ka si q\u00ebllim edhe gjetjen e m\u00ebnyr\u00ebs p\u00ebr tejkalimit e k\u00ebtyre barrierave.<br \/>\n\u201cAngazhohemi q\u00eb qeverit\u00eb tona t\u00eb b\u00ebjn\u00eb n\u00eb k\u00ebt\u00eb drejtim shum\u00eb m\u00eb tep\u00ebr n\u00eb m\u00ebnyr\u00eb q\u00eb transporti i mallrave t\u00eb jet\u00eb nj\u00eb prej prioriteteve t\u00eb pun\u00ebs dhe angazhimit t\u00eb qeveris\u00eb\u201d, ka th\u00ebn\u00eb Mijushkoviq. \u201cK\u00ebrkes\u00eb ndaj Qeveris\u00eb s\u00eb Malit t\u00eb Zi \u00ebsht\u00eb nd\u00ebrtimi i infrastruktur\u00ebs rrugore dhe hekurudhore e cila do t\u00eb lidhte rajonin\u201d.<br \/>\nSafet G\u00ebrxhaliu, kryetar i Od\u00ebs Ekonomike t\u00eb Kosov\u00ebs, ka k\u00ebrkuar nga udh\u00ebheq\u00ebsi i Od\u00ebs Ekonomike malaziase q\u00eb t\u00eb p\u00ebrdor\u00eb autoritetin e tij n\u00eb funksionalizimin e marr\u00ebveshjes s\u00eb CEFTA-s, e cila, sipas G\u00ebrxhaliut, po e d\u00ebmton ekonomin\u00eb e vendit p\u00ebr shkak t\u00eb bllokadave nga Serbia dhe Bosnj\u00eb-Hercegovina.<br \/>\n\u201cKonsiderojm\u00eb se duhet b\u00ebr\u00eb nj\u00eb investim m\u00eb i gjer\u00eb dhe m\u00eb i avancuar n\u00eb aspektin e infrastruktur\u00ebs\u201d, ka th\u00ebn\u00eb G\u00ebrxhaliu.<br \/>\nAi ka vler\u00ebsuar se shfryt\u00ebzimi i portit t\u00eb Tivarit nga kompanit\u00eb e Kosov\u00ebs \u00ebsht\u00eb d\u00ebshmi q\u00eb v\u00ebrteton bashk\u00ebpunimin ekonomik e tregtar nd\u00ebrmjet Kosov\u00ebs dhe Malit t\u00eb Zi.<br \/>\n\u201cBashk\u00ebpunimi ekonomik n\u00eb mes t\u00eb dy vendeve do t\u00eb jet\u00eb model i cili do ta d\u00ebshmoj\u00eb rajonin si serioz n\u00eb raport me Evrop\u00ebn nd\u00ebrsa n\u00ebp\u00ebrmjet zhvillimit ekonomik do t\u00eb ndikohet n\u00eb stabilitetin politik dhe n\u00eb p\u00ebrshpejtimin e integrimeve, n\u00eb rend t\u00eb par\u00eb atyre ekonomike, por edhe atyre politike\u201d, ka th\u00ebn\u00eb G\u00ebrxhaliu.<br \/>\nDelegacioni malazias ka marr\u00eb p\u00ebrkrahje p\u00ebr thellimin e bashk\u00ebpunimit nd\u00ebrshtet\u00ebror edhe nga ministri i Integrimeve Evropiane, Besim Beqaj.<\/p>\n<p><strong>KOHA NET<\/strong><\/p>\n","protected":false},"excerpt":{"rendered":"<p>Prishtin\u00eb, 11 shkurt &#8211; Shkurtimi i rrug\u00ebs p\u00ebr transportimin e mallrave nga portet detare t\u00eb Malit t\u00eb Zi drejt Kosov\u00ebs pritet t\u00eb ndikoj\u00eb n\u00eb rritjen e bashk\u00ebpunimit tregtar nd\u00ebrmjet dy vendeve. Udh\u00ebheq\u00ebsit e Od\u00ebs Ekonomike t\u00eb Malit t\u00eb Zi gjat\u00eb vizit\u00ebs s\u00eb b\u00ebr\u00eb t\u00eb enjten n\u00eb Od\u00ebn Ekonomike t\u00eb Kosov\u00ebs jan\u00eb shprehur optimist\u00eb p\u00ebr rritjen [&hellip;]<\/p>\n","protected":false},"author":1,"featured_media":0,"comment_status":"open","ping_status":"closed","sticky":false,"template":"","format":"standard","meta":{"spay_email":"","jetpack_publicize_message":"","jetpack_is_tweetstorm":false,"jetpack_publicize_feature_enabled":true},"categories":[14],"tags":[17284,17285,17286,17283,17287,17288,2797],"jetpack_publicize_connections":[],"yoast_head":"<!-- This site is optimized with the Yoast SEO plugin v19.1 - https:\/\/yoast.com\/wordpress\/plugins\/seo\/ -->\n<title>Bizneset nga Mali i Zi k\u00ebrkojn\u00eb m\u00eb shum\u00eb bashk\u00ebpunim me bizneset tona - Lajme nga Ulqini<\/title>\n<meta name=\"description\" content=\"Prishtin\u00eb, 11 shkurt - Shkurtimi i rrug\u00ebs p\u00ebr transportimin e mallrave nga portet detare t\u00eb Malit t\u00eb Zi drejt Kosov\u00ebs pritet t\u00eb ndikoj\u00eb n\u00eb rritjen e\" \/>\n<meta name=\"robots\" content=\"index, follow, max-snippet:-1, max-image-preview:large, max-video-preview:-1\" \/>\n<link rel=\"canonical\" href=\"https:\/\/www.visit-ulcinj.com\/blog\/2011\/02\/12\/bizneset-nga-mali-i-zi-kerkojne-me-shume-bashkepunim-me-bizneset-tona\/\" \/>\n<meta property=\"og:locale\" content=\"en_US\" \/>\n<meta property=\"og:type\" content=\"article\" \/>\n<meta property=\"og:title\" content=\"Bizneset nga Mali i Zi k\u00ebrkojn\u00eb m\u00eb shum\u00eb bashk\u00ebpunim me bizneset tona - Lajme nga Ulqini\" \/>\n<meta property=\"og:description\" content=\"Prishtin\u00eb, 11 shkurt - Shkurtimi i rrug\u00ebs p\u00ebr transportimin e mallrave nga portet detare t\u00eb Malit t\u00eb Zi drejt Kosov\u00ebs pritet t\u00eb ndikoj\u00eb n\u00eb rritjen e\" \/>\n<meta property=\"og:url\" content=\"https:\/\/www.visit-ulcinj.com\/blog\/2011\/02\/12\/bizneset-nga-mali-i-zi-kerkojne-me-shume-bashkepunim-me-bizneset-tona\/\" \/>\n<meta property=\"og:site_name\" content=\"Lajme nga Ulqini\" \/>\n<meta property=\"article:published_time\" content=\"2011-02-12T09:34:50+00:00\" \/>\n<meta property=\"article:modified_time\" content=\"2011-02-12T09:37:09+00:00\" \/>\n<meta property=\"og:image\" content=\"http:\/\/www.visit-ulcinj.com\/blog\/wp-content\/uploads\/2011\/02\/Import_export_KOSOVA_Montenegro.jpg\" \/>\n<meta name=\"twitter:label1\" content=\"Written by\" \/>\n\t<meta name=\"twitter:data1\" content=\"ulqini\" \/>\n\t<meta name=\"twitter:label2\" content=\"Est. reading time\" \/>\n\t<meta name=\"twitter:data2\" content=\"3 minutes\" \/>\n<script type=\"application\/ld+json\" class=\"yoast-schema-graph\">{\"@context\":\"https:\/\/schema.org\",\"@graph\":[{\"@type\":\"WebSite\",\"@id\":\"https:\/\/www.visit-ulcinj.com\/blog\/#website\",\"url\":\"https:\/\/www.visit-ulcinj.com\/blog\/\",\"name\":\"Lajme nga Ulqini\",\"description\":\"Lajme,Vijesti,Ulqini,Ulqin,Crna Gora,Mali i Zi\",\"potentialAction\":[{\"@type\":\"SearchAction\",\"target\":{\"@type\":\"EntryPoint\",\"urlTemplate\":\"https:\/\/www.visit-ulcinj.com\/blog\/?s={search_term_string}\"},\"query-input\":\"required name=search_term_string\"}],\"inLanguage\":\"en-US\"},{\"@type\":\"ImageObject\",\"inLanguage\":\"en-US\",\"@id\":\"https:\/\/www.visit-ulcinj.com\/blog\/2011\/02\/12\/bizneset-nga-mali-i-zi-kerkojne-me-shume-bashkepunim-me-bizneset-tona\/#primaryimage\",\"url\":\"http:\/\/www.visit-ulcinj.com\/blog\/wp-content\/uploads\/2011\/02\/Import_export_KOSOVA_Montenegro.jpg\",\"contentUrl\":\"http:\/\/www.visit-ulcinj.com\/blog\/wp-content\/uploads\/2011\/02\/Import_export_KOSOVA_Montenegro.jpg\"},{\"@type\":\"WebPage\",\"@id\":\"https:\/\/www.visit-ulcinj.com\/blog\/2011\/02\/12\/bizneset-nga-mali-i-zi-kerkojne-me-shume-bashkepunim-me-bizneset-tona\/#webpage\",\"url\":\"https:\/\/www.visit-ulcinj.com\/blog\/2011\/02\/12\/bizneset-nga-mali-i-zi-kerkojne-me-shume-bashkepunim-me-bizneset-tona\/\",\"name\":\"Bizneset nga Mali i Zi k\u00ebrkojn\u00eb m\u00eb shum\u00eb bashk\u00ebpunim me bizneset tona - Lajme nga Ulqini\",\"isPartOf\":{\"@id\":\"https:\/\/www.visit-ulcinj.com\/blog\/#website\"},\"primaryImageOfPage\":{\"@id\":\"https:\/\/www.visit-ulcinj.com\/blog\/2011\/02\/12\/bizneset-nga-mali-i-zi-kerkojne-me-shume-bashkepunim-me-bizneset-tona\/#primaryimage\"},\"datePublished\":\"2011-02-12T09:34:50+00:00\",\"dateModified\":\"2011-02-12T09:37:09+00:00\",\"author\":{\"@id\":\"https:\/\/www.visit-ulcinj.com\/blog\/#\/schema\/person\/dcab619c614d3038751c63bc2aadc06d\"},\"description\":\"Prishtin\u00eb, 11 shkurt - Shkurtimi i rrug\u00ebs p\u00ebr transportimin e mallrave nga portet detare t\u00eb Malit t\u00eb Zi drejt Kosov\u00ebs pritet t\u00eb ndikoj\u00eb n\u00eb rritjen e\",\"breadcrumb\":{\"@id\":\"https:\/\/www.visit-ulcinj.com\/blog\/2011\/02\/12\/bizneset-nga-mali-i-zi-kerkojne-me-shume-bashkepunim-me-bizneset-tona\/#breadcrumb\"},\"inLanguage\":\"en-US\",\"potentialAction\":[{\"@type\":\"ReadAction\",\"target\":[\"https:\/\/www.visit-ulcinj.com\/blog\/2011\/02\/12\/bizneset-nga-mali-i-zi-kerkojne-me-shume-bashkepunim-me-bizneset-tona\/\"]}]},{\"@type\":\"BreadcrumbList\",\"@id\":\"https:\/\/www.visit-ulcinj.com\/blog\/2011\/02\/12\/bizneset-nga-mali-i-zi-kerkojne-me-shume-bashkepunim-me-bizneset-tona\/#breadcrumb\",\"itemListElement\":[{\"@type\":\"ListItem\",\"position\":1,\"name\":\"Bizneset nga Mali i Zi k\u00ebrkojn\u00eb m\u00eb shum\u00eb bashk\u00ebpunim me bizneset tona\"}]},{\"@type\":\"Person\",\"@id\":\"https:\/\/www.visit-ulcinj.com\/blog\/#\/schema\/person\/dcab619c614d3038751c63bc2aadc06d\",\"name\":\"ulqini\",\"sameAs\":[\"http:\/\/www.visit-ulcinj.com\"],\"url\":\"https:\/\/www.visit-ulcinj.com\/blog\/author\/admin\/\"}]}<\/script>\n<!-- \/ Yoast SEO plugin. -->","yoast_head_json":{"title":"Bizneset nga Mali i Zi k\u00ebrkojn\u00eb m\u00eb shum\u00eb bashk\u00ebpunim me bizneset tona - Lajme nga Ulqini","description":"Prishtin\u00eb, 11 shkurt - Shkurtimi i rrug\u00ebs p\u00ebr transportimin e mallrave nga portet detare t\u00eb Malit t\u00eb Zi drejt Kosov\u00ebs pritet t\u00eb ndikoj\u00eb n\u00eb rritjen e","robots":{"index":"index","follow":"follow","max-snippet":"max-snippet:-1","max-image-preview":"max-image-preview:large","max-video-preview":"max-video-preview:-1"},"canonical":"https:\/\/www.visit-ulcinj.com\/blog\/2011\/02\/12\/bizneset-nga-mali-i-zi-kerkojne-me-shume-bashkepunim-me-bizneset-tona\/","og_locale":"en_US","og_type":"article","og_title":"Bizneset nga Mali i Zi k\u00ebrkojn\u00eb m\u00eb shum\u00eb bashk\u00ebpunim me bizneset tona - Lajme nga Ulqini","og_description":"Prishtin\u00eb, 11 shkurt - Shkurtimi i rrug\u00ebs p\u00ebr transportimin e mallrave nga portet detare t\u00eb Malit t\u00eb Zi drejt Kosov\u00ebs pritet t\u00eb ndikoj\u00eb n\u00eb rritjen e","og_url":"https:\/\/www.visit-ulcinj.com\/blog\/2011\/02\/12\/bizneset-nga-mali-i-zi-kerkojne-me-shume-bashkepunim-me-bizneset-tona\/","og_site_name":"Lajme nga Ulqini","article_published_time":"2011-02-12T09:34:50+00:00","article_modified_time":"2011-02-12T09:37:09+00:00","og_image":[{"url":"http:\/\/www.visit-ulcinj.com\/blog\/wp-content\/uploads\/2011\/02\/Import_export_KOSOVA_Montenegro.jpg"}],"twitter_misc":{"Written by":"ulqini","Est. reading time":"3 minutes"},"schema":{"@context":"https:\/\/schema.org","@graph":[{"@type":"WebSite","@id":"https:\/\/www.visit-ulcinj.com\/blog\/#website","url":"https:\/\/www.visit-ulcinj.com\/blog\/","name":"Lajme nga Ulqini","description":"Lajme,Vijesti,Ulqini,Ulqin,Crna Gora,Mali i Zi","potentialAction":[{"@type":"SearchAction","target":{"@type":"EntryPoint","urlTemplate":"https:\/\/www.visit-ulcinj.com\/blog\/?s={search_term_string}"},"query-input":"required name=search_term_string"}],"inLanguage":"en-US"},{"@type":"ImageObject","inLanguage":"en-US","@id":"https:\/\/www.visit-ulcinj.com\/blog\/2011\/02\/12\/bizneset-nga-mali-i-zi-kerkojne-me-shume-bashkepunim-me-bizneset-tona\/#primaryimage","url":"http:\/\/www.visit-ulcinj.com\/blog\/wp-content\/uploads\/2011\/02\/Import_export_KOSOVA_Montenegro.jpg","contentUrl":"http:\/\/www.visit-ulcinj.com\/blog\/wp-content\/uploads\/2011\/02\/Import_export_KOSOVA_Montenegro.jpg"},{"@type":"WebPage","@id":"https:\/\/www.visit-ulcinj.com\/blog\/2011\/02\/12\/bizneset-nga-mali-i-zi-kerkojne-me-shume-bashkepunim-me-bizneset-tona\/#webpage","url":"https:\/\/www.visit-ulcinj.com\/blog\/2011\/02\/12\/bizneset-nga-mali-i-zi-kerkojne-me-shume-bashkepunim-me-bizneset-tona\/","name":"Bizneset nga Mali i Zi k\u00ebrkojn\u00eb m\u00eb shum\u00eb bashk\u00ebpunim me bizneset tona - Lajme nga Ulqini","isPartOf":{"@id":"https:\/\/www.visit-ulcinj.com\/blog\/#website"},"primaryImageOfPage":{"@id":"https:\/\/www.visit-ulcinj.com\/blog\/2011\/02\/12\/bizneset-nga-mali-i-zi-kerkojne-me-shume-bashkepunim-me-bizneset-tona\/#primaryimage"},"datePublished":"2011-02-12T09:34:50+00:00","dateModified":"2011-02-12T09:37:09+00:00","author":{"@id":"https:\/\/www.visit-ulcinj.com\/blog\/#\/schema\/person\/dcab619c614d3038751c63bc2aadc06d"},"description":"Prishtin\u00eb, 11 shkurt - Shkurtimi i rrug\u00ebs p\u00ebr transportimin e mallrave nga portet detare t\u00eb Malit t\u00eb Zi drejt Kosov\u00ebs pritet t\u00eb ndikoj\u00eb n\u00eb rritjen e","breadcrumb":{"@id":"https:\/\/www.visit-ulcinj.com\/blog\/2011\/02\/12\/bizneset-nga-mali-i-zi-kerkojne-me-shume-bashkepunim-me-bizneset-tona\/#breadcrumb"},"inLanguage":"en-US","potentialAction":[{"@type":"ReadAction","target":["https:\/\/www.visit-ulcinj.com\/blog\/2011\/02\/12\/bizneset-nga-mali-i-zi-kerkojne-me-shume-bashkepunim-me-bizneset-tona\/"]}]},{"@type":"BreadcrumbList","@id":"https:\/\/www.visit-ulcinj.com\/blog\/2011\/02\/12\/bizneset-nga-mali-i-zi-kerkojne-me-shume-bashkepunim-me-bizneset-tona\/#breadcrumb","itemListElement":[{"@type":"ListItem","position":1,"name":"Bizneset nga Mali i Zi k\u00ebrkojn\u00eb m\u00eb shum\u00eb bashk\u00ebpunim me bizneset tona"}]},{"@type":"Person","@id":"https:\/\/www.visit-ulcinj.com\/blog\/#\/schema\/person\/dcab619c614d3038751c63bc2aadc06d","name":"ulqini","sameAs":["http:\/\/www.visit-ulcinj.com"],"url":"https:\/\/www.visit-ulcinj.com\/blog\/author\/admin\/"}]}},"jetpack_featured_media_url":"","jetpack_sharing_enabled":true,"jetpack_shortlink":"https:\/\/wp.me\/pe6lTn-bfJ","_links":{"self":[{"href":"https:\/\/www.visit-ulcinj.com\/blog\/wp-json\/wp\/v2\/posts\/43259"}],"collection":[{"href":"https:\/\/www.visit-ulcinj.com\/blog\/wp-json\/wp\/v2\/posts"}],"about":[{"href":"https:\/\/www.visit-ulcinj.com\/blog\/wp-json\/wp\/v2\/types\/post"}],"author":[{"embeddable":true,"href":"https:\/\/www.visit-ulcinj.com\/blog\/wp-json\/wp\/v2\/users\/1"}],"replies":[{"embeddable":true,"href":"https:\/\/www.visit-ulcinj.com\/blog\/wp-json\/wp\/v2\/comments?post=43259"}],"version-history":[{"count":0,"href":"https:\/\/www.visit-ulcinj.com\/blog\/wp-json\/wp\/v2\/posts\/43259\/revisions"}],"wp:attachment":[{"href":"https:\/\/www.visit-ulcinj.com\/blog\/wp-json\/wp\/v2\/media?parent=43259"}],"wp:term":[{"taxonomy":"category","embeddable":true,"href":"https:\/\/www.visit-ulcinj.com\/blog\/wp-json\/wp\/v2\/categories?post=43259"},{"taxonomy":"post_tag","embeddable":true,"href":"https:\/\/www.visit-ulcinj.com\/blog\/wp-json\/wp\/v2\/tags?post=43259"}],"curies":[{"name":"wp","href":"https:\/\/api.w.org\/{rel}","templated":true}]}}