{"id":43268,"date":"2011-02-12T11:27:09","date_gmt":"2011-02-12T10:27:09","guid":{"rendered":"http:\/\/www.visit-ulcinj.com\/blog\/?p=43268"},"modified":"2011-02-12T11:28:15","modified_gmt":"2011-02-12T10:28:15","slug":"mimoza-mustafa-shpalos-sekretin-e-trupit-te-bukur","status":"publish","type":"post","link":"https:\/\/www.visit-ulcinj.com\/blog\/2011\/02\/12\/mimoza-mustafa-shpalos-sekretin-e-trupit-te-bukur\/","title":{"rendered":"Mimoza Mustafa shpalos sekretin e trupit t\u00eb bukur"},"content":{"rendered":"<p><a href=\"http:\/\/www.visit-ulcinj.com\/blog\/wp-content\/uploads\/2011\/02\/Mimoza-Mustafa.jpg\"><img loading=\"lazy\" class=\"alignleft size-full wp-image-43269\" title=\"Mimoza Mustafa\" src=\"http:\/\/www.visit-ulcinj.com\/blog\/wp-content\/uploads\/2011\/02\/Mimoza-Mustafa.jpg\" alt=\"\" width=\"508\" height=\"380\" \/><\/a>E vler\u00ebson si nj\u00eb fillimvit pasiv sa u p\u00ebrket angazhimeve muzikore, por mohon nj\u00eb shk\u00ebputje nga bota e artit. Ani pse aktualisht nuk \u00ebsht\u00eb duke realizuar ndonj\u00eb k\u00ebng\u00eb t\u00eb re, n\u00eb fillim t\u00eb pranver\u00ebs, k\u00ebng\u00ebtarja Mimoza Mustafa e ka n\u00eb plan t\u00eb lansoj\u00eb nj\u00eb tjet\u00ebr k\u00ebng\u00eb, s\u00eb cil\u00ebs patjet\u00ebr se do t\u2019i realizoj\u00eb edhe klip. \u201c\u00cbsht\u00eb nj\u00eb fillimvit m\u00eb pasiv, por kjo vjen p\u00ebr faktin se \u00ebsht\u00eb sezoni i dimrit dhe zakonisht n\u00eb k\u00ebt\u00eb koh\u00eb pasivizohet puna e sidomos muaji janar \u00ebsht\u00eb m\u00eb i \u2018vdekur\u2019. Por, me p\u00ebrmir\u00ebsimin e koh\u00ebs, vjen dhe disponimi p\u00ebr t\u00eb punuar e angazhuar m\u00eb shum\u00eb, k\u00ebshtu q\u00eb do t\u00eb ket\u00eb m\u00eb shum\u00eb t\u00eb reja. Jam duke menduar p\u00ebr k\u00ebng\u00ebt e radh\u00ebs. E v\u00ebrteta \u00ebsht\u00eb se k\u00ebnga nuk b\u00ebhet as p\u00ebr nj\u00eb dit\u00eb e as p\u00ebr nj\u00eb jav\u00eb. Duhet angazhim m\u00eb i madh\u201d, pohon Mimoza, nd\u00ebrsa b\u00ebn me dije edhe p\u00ebr llojin e k\u00ebng\u00ebs q\u00eb ajo ka n\u00eb plan ta lansoj\u00eb.<\/p>\n<p><strong><a href=\"http:\/\/www.visit-ulcinj.com\/blog\/wp-content\/uploads\/2011\/02\/Mimoza-Mustafa.3.jpg\"><img loading=\"lazy\" class=\"alignleft size-medium wp-image-43270\" title=\"Mimoza Mustafa.3\" src=\"http:\/\/www.visit-ulcinj.com\/blog\/wp-content\/uploads\/2011\/02\/Mimoza-Mustafa.3-172x300.jpg\" alt=\"\" width=\"172\" height=\"300\" \/><\/a>Gjat\u00eb pranver\u00ebs, kur edhe gjith\u00e7ka gjall\u00ebrohet\u2026<\/strong><\/p>\n<p>\u201cDua t\u00eb b\u00ebj nj\u00eb k\u00ebng\u00eb e nj\u00eb klip t\u00eb ri, e dikur kah pranvera t\u00eb b\u00ebj edhe promovimin e klipit. Zakonisht bashk\u00ebpunoj me Darko Dimitrov, regjisorin nga Maqedonia, e klipet gjithnj\u00eb i b\u00ebj me \u2018Labia\u2019-n. Pra, edhe k\u00ebsaj radhe mendoj t\u00eb bashk\u00ebpunoj me t\u00eb nj\u00ebjtit bashk\u00ebpun\u00ebtor\u00eb\u201d, tregon k\u00ebng\u00ebtarja.<\/p>\n<p>Jav\u00eb m\u00eb par\u00eb, ajo bashk\u00eb me bashk\u00ebshortin e saj, k\u00ebng\u00ebtarin Shkumbin Kryeziu, lansuan nj\u00eb duet, t\u00eb cilin e titulluan \u201cTrenat pa binar\u00eb\u201d. Thot\u00eb se \u00ebsht\u00eb ndar\u00eb shum\u00eb e k\u00ebnaqur me krijimin e fundit, nd\u00ebrsa komentet e mira nga familjar\u00ebt e miqt\u00eb e b\u00ebn t\u00eb ndjehet edhe m\u00eb mir\u00eb me gjith\u00e7ka q\u00eb realizuan. \u201cUn\u00eb jam e k\u00ebnaqur, sidomos me k\u00ebng\u00ebn. K\u00ebnga \u00ebsht\u00eb shum\u00eb e bukur, nd\u00ebrsa teksti \u00ebsht\u00eb edhe m\u00eb i bukur, t\u00eb cilin e ka shkruar Aida Baraku. Edhe rreth klipit kemi bashk\u00ebpunuar me bashk\u00ebpun\u00ebtor\u00eb t\u00eb nj\u00ebjt\u00eb, k\u00ebshtu q\u00eb ata e din\u00eb se \u00e7ka duam. Mendoj se ka dal\u00eb shum\u00eb mir\u00eb. Komentet kan\u00eb qen\u00eb shum\u00eb t\u00eb mira. Gjithmon\u00eb \u00ebsht\u00eb nj\u00eb d\u00ebshir\u00eb e madhe, si nga familja, t\u00eb af\u00ebrmit e fansat q\u00eb t\u00eb vijm\u00eb m\u00eb shpesh n\u00eb bashk\u00ebpunim me Shkumbinin. Kam marr\u00eb komente shum\u00eb t\u00eb mira edhe sa i p\u00ebrket pamjes sime dhe fustanit, t\u00eb cilin e ka dizajnuar Valdrin Sahiti. Mendoj q\u00eb ka dal\u00eb di\u00e7ka serioze\u201d.<\/p>\n<p><strong><a href=\"http:\/\/www.visit-ulcinj.com\/blog\/wp-content\/uploads\/2011\/02\/Mimoza-Mustafa.1.jpg\"><img loading=\"lazy\" class=\"alignleft size-full wp-image-43271\" title=\"Mimoza Mustafa.1\" src=\"http:\/\/www.visit-ulcinj.com\/blog\/wp-content\/uploads\/2011\/02\/Mimoza-Mustafa.1.jpg\" alt=\"\" width=\"508\" height=\"380\" \/><\/a>Dieta, asnj\u00ebher\u00eb<\/strong><\/p>\n<p>E kur jemi te dukja, ajo gjithnj\u00eb \u00ebsht\u00eb vler\u00ebsuar p\u00ebr nj\u00eb veshje, dukje, por edhe trup t\u00eb ve\u00e7ant\u00eb e t\u00eb mbajtur mir\u00eb. P\u00ebr veshjen e grimin sigurisht q\u00eb jan\u00eb njer\u00ebzit kompetent\u00eb me t\u00eb cil\u00ebt bashk\u00ebpunon gjithnj\u00eb, por kur e pyesim se ku \u00ebsht\u00eb sekreti i linjave t\u00eb saj, ajo thekson se: \u201cMundohem, ndon\u00ebse ne nuk mund t\u00eb krahasohemi me yjet bot\u00ebrore dhe kushtet e tyre. Tek ne \u00ebsht\u00eb pak m\u00eb e v\u00ebshtir\u00eb, por mundohem q\u00eb t\u00eb mbaj k\u00ebt\u00eb rit\u00ebm me ushqim, por edhe ushtrime t\u00eb koh\u00eb pas kohe. Dieta nuk mbaj kurr\u00eb. Por, edhe lindja e b\u00ebn t\u00eb vet\u00ebn. \u00cbsht\u00eb nj\u00eb ligj, i cili thot\u00eb se femra duhet t\u00eb jet\u00eb me barr\u00eb, t\u00eb lind\u00eb f\u00ebmij\u00eb e t\u00eb freskohet. \u00cbsht\u00eb pak e mundimshme, por ia dal shum\u00eb mir\u00eb n\u00eb krye. Kam nj\u00eb lloj fitnesi t\u00eb vog\u00ebl n\u00eb sht\u00ebpi, por edhe ecjen e preferoj shum\u00eb, p\u00ebr \u00e7far\u00eb edhe dal shpesh n\u00eb G\u00ebrmi. I kushtoj r\u00ebnd\u00ebsi trupit, p\u00ebr aq sa mund\u00ebm\u201d, tregon p\u00ebr fund ajo.<\/p>\n<p><strong>Shqipmedia<br \/>\n<!--YouTube Error: bad URL entered--><\/strong><\/p>\n","protected":false},"excerpt":{"rendered":"<p>E vler\u00ebson si nj\u00eb fillimvit pasiv sa u p\u00ebrket angazhimeve muzikore, por mohon nj\u00eb shk\u00ebputje nga bota e artit. Ani pse aktualisht nuk \u00ebsht\u00eb duke realizuar ndonj\u00eb k\u00ebng\u00eb t\u00eb re, n\u00eb fillim t\u00eb pranver\u00ebs, k\u00ebng\u00ebtarja Mimoza Mustafa e ka n\u00eb plan t\u00eb lansoj\u00eb nj\u00eb tjet\u00ebr k\u00ebng\u00eb, s\u00eb cil\u00ebs patjet\u00ebr se do t\u2019i realizoj\u00eb edhe klip. [&hellip;]<\/p>\n","protected":false},"author":1,"featured_media":0,"comment_status":"open","ping_status":"closed","sticky":false,"template":"","format":"standard","meta":{"spay_email":"","jetpack_publicize_message":"","jetpack_is_tweetstorm":false,"jetpack_publicize_feature_enabled":true},"categories":[1],"tags":[17295],"jetpack_publicize_connections":[],"yoast_head":"<!-- This site is optimized with the Yoast SEO plugin v19.1 - https:\/\/yoast.com\/wordpress\/plugins\/seo\/ -->\n<title>Mimoza Mustafa shpalos sekretin e trupit t\u00eb bukur - Lajme nga Ulqini<\/title>\n<meta name=\"description\" content=\"E vler\u00ebson si nj\u00eb fillimvit pasiv sa u p\u00ebrket angazhimeve muzikore, por mohon nj\u00eb shk\u00ebputje nga bota e artit. Ani pse aktualisht nuk \u00ebsht\u00eb duke realizuar\" \/>\n<meta name=\"robots\" content=\"index, follow, max-snippet:-1, max-image-preview:large, max-video-preview:-1\" \/>\n<link rel=\"canonical\" href=\"https:\/\/www.visit-ulcinj.com\/blog\/2011\/02\/12\/mimoza-mustafa-shpalos-sekretin-e-trupit-te-bukur\/\" \/>\n<meta property=\"og:locale\" content=\"en_US\" \/>\n<meta property=\"og:type\" content=\"article\" \/>\n<meta property=\"og:title\" content=\"Mimoza Mustafa shpalos sekretin e trupit t\u00eb bukur - Lajme nga Ulqini\" \/>\n<meta property=\"og:description\" content=\"E vler\u00ebson si nj\u00eb fillimvit pasiv sa u p\u00ebrket angazhimeve muzikore, por mohon nj\u00eb shk\u00ebputje nga bota e artit. Ani pse aktualisht nuk \u00ebsht\u00eb duke realizuar\" \/>\n<meta property=\"og:url\" content=\"https:\/\/www.visit-ulcinj.com\/blog\/2011\/02\/12\/mimoza-mustafa-shpalos-sekretin-e-trupit-te-bukur\/\" \/>\n<meta property=\"og:site_name\" content=\"Lajme nga Ulqini\" \/>\n<meta property=\"article:published_time\" content=\"2011-02-12T10:27:09+00:00\" \/>\n<meta property=\"article:modified_time\" content=\"2011-02-12T10:28:15+00:00\" \/>\n<meta property=\"og:image\" content=\"http:\/\/www.visit-ulcinj.com\/blog\/wp-content\/uploads\/2011\/02\/Mimoza-Mustafa.jpg\" \/>\n<meta name=\"twitter:label1\" content=\"Written by\" \/>\n\t<meta name=\"twitter:data1\" content=\"ulqini\" \/>\n\t<meta name=\"twitter:label2\" content=\"Est. reading time\" \/>\n\t<meta name=\"twitter:data2\" content=\"3 minutes\" \/>\n<script type=\"application\/ld+json\" class=\"yoast-schema-graph\">{\"@context\":\"https:\/\/schema.org\",\"@graph\":[{\"@type\":\"WebSite\",\"@id\":\"https:\/\/www.visit-ulcinj.com\/blog\/#website\",\"url\":\"https:\/\/www.visit-ulcinj.com\/blog\/\",\"name\":\"Lajme nga Ulqini\",\"description\":\"Lajme,Vijesti,Ulqini,Ulqin,Crna Gora,Mali i Zi\",\"potentialAction\":[{\"@type\":\"SearchAction\",\"target\":{\"@type\":\"EntryPoint\",\"urlTemplate\":\"https:\/\/www.visit-ulcinj.com\/blog\/?s={search_term_string}\"},\"query-input\":\"required name=search_term_string\"}],\"inLanguage\":\"en-US\"},{\"@type\":\"ImageObject\",\"inLanguage\":\"en-US\",\"@id\":\"https:\/\/www.visit-ulcinj.com\/blog\/2011\/02\/12\/mimoza-mustafa-shpalos-sekretin-e-trupit-te-bukur\/#primaryimage\",\"url\":\"http:\/\/www.visit-ulcinj.com\/blog\/wp-content\/uploads\/2011\/02\/Mimoza-Mustafa.jpg\",\"contentUrl\":\"http:\/\/www.visit-ulcinj.com\/blog\/wp-content\/uploads\/2011\/02\/Mimoza-Mustafa.jpg\"},{\"@type\":\"WebPage\",\"@id\":\"https:\/\/www.visit-ulcinj.com\/blog\/2011\/02\/12\/mimoza-mustafa-shpalos-sekretin-e-trupit-te-bukur\/#webpage\",\"url\":\"https:\/\/www.visit-ulcinj.com\/blog\/2011\/02\/12\/mimoza-mustafa-shpalos-sekretin-e-trupit-te-bukur\/\",\"name\":\"Mimoza Mustafa shpalos sekretin e trupit t\u00eb bukur - Lajme nga Ulqini\",\"isPartOf\":{\"@id\":\"https:\/\/www.visit-ulcinj.com\/blog\/#website\"},\"primaryImageOfPage\":{\"@id\":\"https:\/\/www.visit-ulcinj.com\/blog\/2011\/02\/12\/mimoza-mustafa-shpalos-sekretin-e-trupit-te-bukur\/#primaryimage\"},\"datePublished\":\"2011-02-12T10:27:09+00:00\",\"dateModified\":\"2011-02-12T10:28:15+00:00\",\"author\":{\"@id\":\"https:\/\/www.visit-ulcinj.com\/blog\/#\/schema\/person\/dcab619c614d3038751c63bc2aadc06d\"},\"description\":\"E vler\u00ebson si nj\u00eb fillimvit pasiv sa u p\u00ebrket angazhimeve muzikore, por mohon nj\u00eb shk\u00ebputje nga bota e artit. Ani pse aktualisht nuk \u00ebsht\u00eb duke realizuar\",\"breadcrumb\":{\"@id\":\"https:\/\/www.visit-ulcinj.com\/blog\/2011\/02\/12\/mimoza-mustafa-shpalos-sekretin-e-trupit-te-bukur\/#breadcrumb\"},\"inLanguage\":\"en-US\",\"potentialAction\":[{\"@type\":\"ReadAction\",\"target\":[\"https:\/\/www.visit-ulcinj.com\/blog\/2011\/02\/12\/mimoza-mustafa-shpalos-sekretin-e-trupit-te-bukur\/\"]}]},{\"@type\":\"BreadcrumbList\",\"@id\":\"https:\/\/www.visit-ulcinj.com\/blog\/2011\/02\/12\/mimoza-mustafa-shpalos-sekretin-e-trupit-te-bukur\/#breadcrumb\",\"itemListElement\":[{\"@type\":\"ListItem\",\"position\":1,\"name\":\"Mimoza Mustafa shpalos sekretin e trupit t\u00eb bukur\"}]},{\"@type\":\"Person\",\"@id\":\"https:\/\/www.visit-ulcinj.com\/blog\/#\/schema\/person\/dcab619c614d3038751c63bc2aadc06d\",\"name\":\"ulqini\",\"sameAs\":[\"http:\/\/www.visit-ulcinj.com\"],\"url\":\"https:\/\/www.visit-ulcinj.com\/blog\/author\/admin\/\"}]}<\/script>\n<!-- \/ Yoast SEO plugin. -->","yoast_head_json":{"title":"Mimoza Mustafa shpalos sekretin e trupit t\u00eb bukur - Lajme nga Ulqini","description":"E vler\u00ebson si nj\u00eb fillimvit pasiv sa u p\u00ebrket angazhimeve muzikore, por mohon nj\u00eb shk\u00ebputje nga bota e artit. Ani pse aktualisht nuk \u00ebsht\u00eb duke realizuar","robots":{"index":"index","follow":"follow","max-snippet":"max-snippet:-1","max-image-preview":"max-image-preview:large","max-video-preview":"max-video-preview:-1"},"canonical":"https:\/\/www.visit-ulcinj.com\/blog\/2011\/02\/12\/mimoza-mustafa-shpalos-sekretin-e-trupit-te-bukur\/","og_locale":"en_US","og_type":"article","og_title":"Mimoza Mustafa shpalos sekretin e trupit t\u00eb bukur - Lajme nga Ulqini","og_description":"E vler\u00ebson si nj\u00eb fillimvit pasiv sa u p\u00ebrket angazhimeve muzikore, por mohon nj\u00eb shk\u00ebputje nga bota e artit. Ani pse aktualisht nuk \u00ebsht\u00eb duke realizuar","og_url":"https:\/\/www.visit-ulcinj.com\/blog\/2011\/02\/12\/mimoza-mustafa-shpalos-sekretin-e-trupit-te-bukur\/","og_site_name":"Lajme nga Ulqini","article_published_time":"2011-02-12T10:27:09+00:00","article_modified_time":"2011-02-12T10:28:15+00:00","og_image":[{"url":"http:\/\/www.visit-ulcinj.com\/blog\/wp-content\/uploads\/2011\/02\/Mimoza-Mustafa.jpg"}],"twitter_misc":{"Written by":"ulqini","Est. reading time":"3 minutes"},"schema":{"@context":"https:\/\/schema.org","@graph":[{"@type":"WebSite","@id":"https:\/\/www.visit-ulcinj.com\/blog\/#website","url":"https:\/\/www.visit-ulcinj.com\/blog\/","name":"Lajme nga Ulqini","description":"Lajme,Vijesti,Ulqini,Ulqin,Crna Gora,Mali i Zi","potentialAction":[{"@type":"SearchAction","target":{"@type":"EntryPoint","urlTemplate":"https:\/\/www.visit-ulcinj.com\/blog\/?s={search_term_string}"},"query-input":"required name=search_term_string"}],"inLanguage":"en-US"},{"@type":"ImageObject","inLanguage":"en-US","@id":"https:\/\/www.visit-ulcinj.com\/blog\/2011\/02\/12\/mimoza-mustafa-shpalos-sekretin-e-trupit-te-bukur\/#primaryimage","url":"http:\/\/www.visit-ulcinj.com\/blog\/wp-content\/uploads\/2011\/02\/Mimoza-Mustafa.jpg","contentUrl":"http:\/\/www.visit-ulcinj.com\/blog\/wp-content\/uploads\/2011\/02\/Mimoza-Mustafa.jpg"},{"@type":"WebPage","@id":"https:\/\/www.visit-ulcinj.com\/blog\/2011\/02\/12\/mimoza-mustafa-shpalos-sekretin-e-trupit-te-bukur\/#webpage","url":"https:\/\/www.visit-ulcinj.com\/blog\/2011\/02\/12\/mimoza-mustafa-shpalos-sekretin-e-trupit-te-bukur\/","name":"Mimoza Mustafa shpalos sekretin e trupit t\u00eb bukur - Lajme nga Ulqini","isPartOf":{"@id":"https:\/\/www.visit-ulcinj.com\/blog\/#website"},"primaryImageOfPage":{"@id":"https:\/\/www.visit-ulcinj.com\/blog\/2011\/02\/12\/mimoza-mustafa-shpalos-sekretin-e-trupit-te-bukur\/#primaryimage"},"datePublished":"2011-02-12T10:27:09+00:00","dateModified":"2011-02-12T10:28:15+00:00","author":{"@id":"https:\/\/www.visit-ulcinj.com\/blog\/#\/schema\/person\/dcab619c614d3038751c63bc2aadc06d"},"description":"E vler\u00ebson si nj\u00eb fillimvit pasiv sa u p\u00ebrket angazhimeve muzikore, por mohon nj\u00eb shk\u00ebputje nga bota e artit. Ani pse aktualisht nuk \u00ebsht\u00eb duke realizuar","breadcrumb":{"@id":"https:\/\/www.visit-ulcinj.com\/blog\/2011\/02\/12\/mimoza-mustafa-shpalos-sekretin-e-trupit-te-bukur\/#breadcrumb"},"inLanguage":"en-US","potentialAction":[{"@type":"ReadAction","target":["https:\/\/www.visit-ulcinj.com\/blog\/2011\/02\/12\/mimoza-mustafa-shpalos-sekretin-e-trupit-te-bukur\/"]}]},{"@type":"BreadcrumbList","@id":"https:\/\/www.visit-ulcinj.com\/blog\/2011\/02\/12\/mimoza-mustafa-shpalos-sekretin-e-trupit-te-bukur\/#breadcrumb","itemListElement":[{"@type":"ListItem","position":1,"name":"Mimoza Mustafa shpalos sekretin e trupit t\u00eb bukur"}]},{"@type":"Person","@id":"https:\/\/www.visit-ulcinj.com\/blog\/#\/schema\/person\/dcab619c614d3038751c63bc2aadc06d","name":"ulqini","sameAs":["http:\/\/www.visit-ulcinj.com"],"url":"https:\/\/www.visit-ulcinj.com\/blog\/author\/admin\/"}]}},"jetpack_featured_media_url":"","jetpack_sharing_enabled":true,"jetpack_shortlink":"https:\/\/wp.me\/pe6lTn-bfS","_links":{"self":[{"href":"https:\/\/www.visit-ulcinj.com\/blog\/wp-json\/wp\/v2\/posts\/43268"}],"collection":[{"href":"https:\/\/www.visit-ulcinj.com\/blog\/wp-json\/wp\/v2\/posts"}],"about":[{"href":"https:\/\/www.visit-ulcinj.com\/blog\/wp-json\/wp\/v2\/types\/post"}],"author":[{"embeddable":true,"href":"https:\/\/www.visit-ulcinj.com\/blog\/wp-json\/wp\/v2\/users\/1"}],"replies":[{"embeddable":true,"href":"https:\/\/www.visit-ulcinj.com\/blog\/wp-json\/wp\/v2\/comments?post=43268"}],"version-history":[{"count":0,"href":"https:\/\/www.visit-ulcinj.com\/blog\/wp-json\/wp\/v2\/posts\/43268\/revisions"}],"wp:attachment":[{"href":"https:\/\/www.visit-ulcinj.com\/blog\/wp-json\/wp\/v2\/media?parent=43268"}],"wp:term":[{"taxonomy":"category","embeddable":true,"href":"https:\/\/www.visit-ulcinj.com\/blog\/wp-json\/wp\/v2\/categories?post=43268"},{"taxonomy":"post_tag","embeddable":true,"href":"https:\/\/www.visit-ulcinj.com\/blog\/wp-json\/wp\/v2\/tags?post=43268"}],"curies":[{"name":"wp","href":"https:\/\/api.w.org\/{rel}","templated":true}]}}