{"id":43279,"date":"2011-02-12T11:59:59","date_gmt":"2011-02-12T10:59:59","guid":{"rendered":"http:\/\/www.visit-ulcinj.com\/blog\/?p=43279"},"modified":"2011-02-12T12:01:43","modified_gmt":"2011-02-12T11:01:43","slug":"argjentina-ramosaj-shume-e-kerkuar","status":"publish","type":"post","link":"https:\/\/www.visit-ulcinj.com\/blog\/2011\/02\/12\/argjentina-ramosaj-shume-e-kerkuar\/","title":{"rendered":"Argjentina Ramosaj, shum\u00eb e k\u00ebrkuar"},"content":{"rendered":"<p><a href=\"http:\/\/www.visit-ulcinj.com\/blog\/wp-content\/uploads\/2011\/02\/Argjentina-Ramosaj.jpg\"><img loading=\"lazy\" class=\"alignleft size-full wp-image-43280\" title=\"Argjentina Ramosaj\" src=\"http:\/\/www.visit-ulcinj.com\/blog\/wp-content\/uploads\/2011\/02\/Argjentina-Ramosaj.jpg\" alt=\"\" width=\"508\" height=\"380\" \/><\/a>Argjentina Ramosaj, bukuroshja nga Kosova, qe koh\u00ebn m\u00eb t\u00eb madhe e kalon n\u00eb Holand\u00eb, po merret seriozisht me muzik\u00eb.\u00a0Ajo po ngjitet n\u00eb sken\u00ebn ton\u00eb muzikore ngadal\u00eb por sigurt, nd\u00ebrsa me z\u00ebrin e saj te bukur, dominimim n\u00eb sken\u00eb dhe sharmin qe e ka premton shum\u00eb dhe n\u00ebse vazhdon ashtu si\u00e7 ka filluar, e ardhmja e saj do t\u00eb jet\u00eb e ndritshme. \u00a0K\u00ebng\u00ebtarja ket\u00eb muaj ka marr\u00eb ftesa t\u00eb shumta nga organizator t\u00eb ndrysh\u00ebm n\u00eb Kosov\u00eb,nd\u00ebrsa tani jan\u00eb konfirmuar dy mbr\u00ebmje ku ajo do t\u00eb performoje, nj\u00eb n\u00eb Prizren e nj\u00eb n\u00eb Prishtin\u00eb. Nj\u00eb nga klubet me t\u00eb frekuentuara n\u00eb Prishtin\u00eb, e paralajm\u00ebron mbr\u00ebmjen me Argjentin\u00ebn, si me te ve\u00e7ant\u00ebn ne kryeqytet.\u00a0Ne performimet e saj, Argjentina do t\u00eb jete e shoq\u00ebruar nga &#8221;Nouveau Beats&#8221; dhe Dj Vins Le Fin<strong>.<\/strong><\/p>\n<p><strong><br \/>\n<\/strong><\/p>\n<p><strong>Zhurnal<br \/>\n<br \/>\n<!--YouTube Error: bad URL entered--><\/strong><\/p>\n","protected":false},"excerpt":{"rendered":"<p>Argjentina Ramosaj, bukuroshja nga Kosova, qe koh\u00ebn m\u00eb t\u00eb madhe e kalon n\u00eb Holand\u00eb, po merret seriozisht me muzik\u00eb.\u00a0Ajo po ngjitet n\u00eb sken\u00ebn ton\u00eb muzikore ngadal\u00eb por sigurt, nd\u00ebrsa me z\u00ebrin e saj te bukur, dominimim n\u00eb sken\u00eb dhe sharmin qe e ka premton shum\u00eb dhe n\u00ebse vazhdon ashtu si\u00e7 ka filluar, e ardhmja e [&hellip;]<\/p>\n","protected":false},"author":1,"featured_media":0,"comment_status":"open","ping_status":"closed","sticky":false,"template":"","format":"standard","meta":{"spay_email":"","jetpack_publicize_message":"","jetpack_is_tweetstorm":false,"jetpack_publicize_feature_enabled":true},"categories":[1],"tags":[16524],"jetpack_publicize_connections":[],"yoast_head":"<!-- This site is optimized with the Yoast SEO plugin v19.1 - https:\/\/yoast.com\/wordpress\/plugins\/seo\/ -->\n<title>Argjentina Ramosaj, shum\u00eb e k\u00ebrkuar - Lajme nga Ulqini<\/title>\n<meta name=\"description\" content=\"Argjentina Ramosaj, bukuroshja nga Kosova, qe koh\u00ebn m\u00eb t\u00eb madhe e kalon n\u00eb Holand\u00eb, po merret seriozisht me muzik\u00eb.\u00a0Ajo po ngjitet n\u00eb sken\u00ebn ton\u00eb muzikore\" \/>\n<meta name=\"robots\" content=\"index, follow, max-snippet:-1, max-image-preview:large, max-video-preview:-1\" \/>\n<link rel=\"canonical\" href=\"https:\/\/www.visit-ulcinj.com\/blog\/2011\/02\/12\/argjentina-ramosaj-shume-e-kerkuar\/\" \/>\n<meta property=\"og:locale\" content=\"en_US\" \/>\n<meta property=\"og:type\" content=\"article\" \/>\n<meta property=\"og:title\" content=\"Argjentina Ramosaj, shum\u00eb e k\u00ebrkuar - Lajme nga Ulqini\" \/>\n<meta property=\"og:description\" content=\"Argjentina Ramosaj, bukuroshja nga Kosova, qe koh\u00ebn m\u00eb t\u00eb madhe e kalon n\u00eb Holand\u00eb, po merret seriozisht me muzik\u00eb.\u00a0Ajo po ngjitet n\u00eb sken\u00ebn ton\u00eb muzikore\" \/>\n<meta property=\"og:url\" content=\"https:\/\/www.visit-ulcinj.com\/blog\/2011\/02\/12\/argjentina-ramosaj-shume-e-kerkuar\/\" \/>\n<meta property=\"og:site_name\" content=\"Lajme nga Ulqini\" \/>\n<meta property=\"article:published_time\" content=\"2011-02-12T10:59:59+00:00\" \/>\n<meta property=\"article:modified_time\" content=\"2011-02-12T11:01:43+00:00\" \/>\n<meta property=\"og:image\" content=\"https:\/\/www.visit-ulcinj.com\/blog\/wp-content\/uploads\/2011\/02\/Argjentina-Ramosaj-150x150.jpg\" \/>\n<meta name=\"twitter:label1\" content=\"Written by\" \/>\n\t<meta name=\"twitter:data1\" content=\"ulqini\" \/>\n\t<meta name=\"twitter:label2\" content=\"Est. reading time\" \/>\n\t<meta name=\"twitter:data2\" content=\"1 minute\" \/>\n<script type=\"application\/ld+json\" class=\"yoast-schema-graph\">{\"@context\":\"https:\/\/schema.org\",\"@graph\":[{\"@type\":\"WebSite\",\"@id\":\"https:\/\/www.visit-ulcinj.com\/blog\/#website\",\"url\":\"https:\/\/www.visit-ulcinj.com\/blog\/\",\"name\":\"Lajme nga Ulqini\",\"description\":\"Lajme,Vijesti,Ulqini,Ulqin,Crna Gora,Mali i Zi\",\"potentialAction\":[{\"@type\":\"SearchAction\",\"target\":{\"@type\":\"EntryPoint\",\"urlTemplate\":\"https:\/\/www.visit-ulcinj.com\/blog\/?s={search_term_string}\"},\"query-input\":\"required name=search_term_string\"}],\"inLanguage\":\"en-US\"},{\"@type\":\"ImageObject\",\"inLanguage\":\"en-US\",\"@id\":\"https:\/\/www.visit-ulcinj.com\/blog\/2011\/02\/12\/argjentina-ramosaj-shume-e-kerkuar\/#primaryimage\",\"url\":\"http:\/\/www.visit-ulcinj.com\/blog\/wp-content\/uploads\/2011\/02\/Argjentina-Ramosaj.jpg\",\"contentUrl\":\"http:\/\/www.visit-ulcinj.com\/blog\/wp-content\/uploads\/2011\/02\/Argjentina-Ramosaj.jpg\"},{\"@type\":\"WebPage\",\"@id\":\"https:\/\/www.visit-ulcinj.com\/blog\/2011\/02\/12\/argjentina-ramosaj-shume-e-kerkuar\/#webpage\",\"url\":\"https:\/\/www.visit-ulcinj.com\/blog\/2011\/02\/12\/argjentina-ramosaj-shume-e-kerkuar\/\",\"name\":\"Argjentina Ramosaj, shum\u00eb e k\u00ebrkuar - Lajme nga Ulqini\",\"isPartOf\":{\"@id\":\"https:\/\/www.visit-ulcinj.com\/blog\/#website\"},\"primaryImageOfPage\":{\"@id\":\"https:\/\/www.visit-ulcinj.com\/blog\/2011\/02\/12\/argjentina-ramosaj-shume-e-kerkuar\/#primaryimage\"},\"datePublished\":\"2011-02-12T10:59:59+00:00\",\"dateModified\":\"2011-02-12T11:01:43+00:00\",\"author\":{\"@id\":\"https:\/\/www.visit-ulcinj.com\/blog\/#\/schema\/person\/dcab619c614d3038751c63bc2aadc06d\"},\"description\":\"Argjentina Ramosaj, bukuroshja nga Kosova, qe koh\u00ebn m\u00eb t\u00eb madhe e kalon n\u00eb Holand\u00eb, po merret seriozisht me muzik\u00eb.\u00a0Ajo po ngjitet n\u00eb sken\u00ebn ton\u00eb muzikore\",\"breadcrumb\":{\"@id\":\"https:\/\/www.visit-ulcinj.com\/blog\/2011\/02\/12\/argjentina-ramosaj-shume-e-kerkuar\/#breadcrumb\"},\"inLanguage\":\"en-US\",\"potentialAction\":[{\"@type\":\"ReadAction\",\"target\":[\"https:\/\/www.visit-ulcinj.com\/blog\/2011\/02\/12\/argjentina-ramosaj-shume-e-kerkuar\/\"]}]},{\"@type\":\"BreadcrumbList\",\"@id\":\"https:\/\/www.visit-ulcinj.com\/blog\/2011\/02\/12\/argjentina-ramosaj-shume-e-kerkuar\/#breadcrumb\",\"itemListElement\":[{\"@type\":\"ListItem\",\"position\":1,\"name\":\"Argjentina Ramosaj, shum\u00eb e k\u00ebrkuar\"}]},{\"@type\":\"Person\",\"@id\":\"https:\/\/www.visit-ulcinj.com\/blog\/#\/schema\/person\/dcab619c614d3038751c63bc2aadc06d\",\"name\":\"ulqini\",\"sameAs\":[\"http:\/\/www.visit-ulcinj.com\"],\"url\":\"https:\/\/www.visit-ulcinj.com\/blog\/author\/admin\/\"}]}<\/script>\n<!-- \/ Yoast SEO plugin. -->","yoast_head_json":{"title":"Argjentina Ramosaj, shum\u00eb e k\u00ebrkuar - Lajme nga Ulqini","description":"Argjentina Ramosaj, bukuroshja nga Kosova, qe koh\u00ebn m\u00eb t\u00eb madhe e kalon n\u00eb Holand\u00eb, po merret seriozisht me muzik\u00eb.\u00a0Ajo po ngjitet n\u00eb sken\u00ebn ton\u00eb muzikore","robots":{"index":"index","follow":"follow","max-snippet":"max-snippet:-1","max-image-preview":"max-image-preview:large","max-video-preview":"max-video-preview:-1"},"canonical":"https:\/\/www.visit-ulcinj.com\/blog\/2011\/02\/12\/argjentina-ramosaj-shume-e-kerkuar\/","og_locale":"en_US","og_type":"article","og_title":"Argjentina Ramosaj, shum\u00eb e k\u00ebrkuar - Lajme nga Ulqini","og_description":"Argjentina Ramosaj, bukuroshja nga Kosova, qe koh\u00ebn m\u00eb t\u00eb madhe e kalon n\u00eb Holand\u00eb, po merret seriozisht me muzik\u00eb.\u00a0Ajo po ngjitet n\u00eb sken\u00ebn ton\u00eb muzikore","og_url":"https:\/\/www.visit-ulcinj.com\/blog\/2011\/02\/12\/argjentina-ramosaj-shume-e-kerkuar\/","og_site_name":"Lajme nga Ulqini","article_published_time":"2011-02-12T10:59:59+00:00","article_modified_time":"2011-02-12T11:01:43+00:00","og_image":[{"url":"https:\/\/www.visit-ulcinj.com\/blog\/wp-content\/uploads\/2011\/02\/Argjentina-Ramosaj-150x150.jpg"}],"twitter_misc":{"Written by":"ulqini","Est. reading time":"1 minute"},"schema":{"@context":"https:\/\/schema.org","@graph":[{"@type":"WebSite","@id":"https:\/\/www.visit-ulcinj.com\/blog\/#website","url":"https:\/\/www.visit-ulcinj.com\/blog\/","name":"Lajme nga Ulqini","description":"Lajme,Vijesti,Ulqini,Ulqin,Crna Gora,Mali i Zi","potentialAction":[{"@type":"SearchAction","target":{"@type":"EntryPoint","urlTemplate":"https:\/\/www.visit-ulcinj.com\/blog\/?s={search_term_string}"},"query-input":"required name=search_term_string"}],"inLanguage":"en-US"},{"@type":"ImageObject","inLanguage":"en-US","@id":"https:\/\/www.visit-ulcinj.com\/blog\/2011\/02\/12\/argjentina-ramosaj-shume-e-kerkuar\/#primaryimage","url":"http:\/\/www.visit-ulcinj.com\/blog\/wp-content\/uploads\/2011\/02\/Argjentina-Ramosaj.jpg","contentUrl":"http:\/\/www.visit-ulcinj.com\/blog\/wp-content\/uploads\/2011\/02\/Argjentina-Ramosaj.jpg"},{"@type":"WebPage","@id":"https:\/\/www.visit-ulcinj.com\/blog\/2011\/02\/12\/argjentina-ramosaj-shume-e-kerkuar\/#webpage","url":"https:\/\/www.visit-ulcinj.com\/blog\/2011\/02\/12\/argjentina-ramosaj-shume-e-kerkuar\/","name":"Argjentina Ramosaj, shum\u00eb e k\u00ebrkuar - Lajme nga Ulqini","isPartOf":{"@id":"https:\/\/www.visit-ulcinj.com\/blog\/#website"},"primaryImageOfPage":{"@id":"https:\/\/www.visit-ulcinj.com\/blog\/2011\/02\/12\/argjentina-ramosaj-shume-e-kerkuar\/#primaryimage"},"datePublished":"2011-02-12T10:59:59+00:00","dateModified":"2011-02-12T11:01:43+00:00","author":{"@id":"https:\/\/www.visit-ulcinj.com\/blog\/#\/schema\/person\/dcab619c614d3038751c63bc2aadc06d"},"description":"Argjentina Ramosaj, bukuroshja nga Kosova, qe koh\u00ebn m\u00eb t\u00eb madhe e kalon n\u00eb Holand\u00eb, po merret seriozisht me muzik\u00eb.\u00a0Ajo po ngjitet n\u00eb sken\u00ebn ton\u00eb muzikore","breadcrumb":{"@id":"https:\/\/www.visit-ulcinj.com\/blog\/2011\/02\/12\/argjentina-ramosaj-shume-e-kerkuar\/#breadcrumb"},"inLanguage":"en-US","potentialAction":[{"@type":"ReadAction","target":["https:\/\/www.visit-ulcinj.com\/blog\/2011\/02\/12\/argjentina-ramosaj-shume-e-kerkuar\/"]}]},{"@type":"BreadcrumbList","@id":"https:\/\/www.visit-ulcinj.com\/blog\/2011\/02\/12\/argjentina-ramosaj-shume-e-kerkuar\/#breadcrumb","itemListElement":[{"@type":"ListItem","position":1,"name":"Argjentina Ramosaj, shum\u00eb e k\u00ebrkuar"}]},{"@type":"Person","@id":"https:\/\/www.visit-ulcinj.com\/blog\/#\/schema\/person\/dcab619c614d3038751c63bc2aadc06d","name":"ulqini","sameAs":["http:\/\/www.visit-ulcinj.com"],"url":"https:\/\/www.visit-ulcinj.com\/blog\/author\/admin\/"}]}},"jetpack_featured_media_url":"","jetpack_sharing_enabled":true,"jetpack_shortlink":"https:\/\/wp.me\/pe6lTn-bg3","_links":{"self":[{"href":"https:\/\/www.visit-ulcinj.com\/blog\/wp-json\/wp\/v2\/posts\/43279"}],"collection":[{"href":"https:\/\/www.visit-ulcinj.com\/blog\/wp-json\/wp\/v2\/posts"}],"about":[{"href":"https:\/\/www.visit-ulcinj.com\/blog\/wp-json\/wp\/v2\/types\/post"}],"author":[{"embeddable":true,"href":"https:\/\/www.visit-ulcinj.com\/blog\/wp-json\/wp\/v2\/users\/1"}],"replies":[{"embeddable":true,"href":"https:\/\/www.visit-ulcinj.com\/blog\/wp-json\/wp\/v2\/comments?post=43279"}],"version-history":[{"count":0,"href":"https:\/\/www.visit-ulcinj.com\/blog\/wp-json\/wp\/v2\/posts\/43279\/revisions"}],"wp:attachment":[{"href":"https:\/\/www.visit-ulcinj.com\/blog\/wp-json\/wp\/v2\/media?parent=43279"}],"wp:term":[{"taxonomy":"category","embeddable":true,"href":"https:\/\/www.visit-ulcinj.com\/blog\/wp-json\/wp\/v2\/categories?post=43279"},{"taxonomy":"post_tag","embeddable":true,"href":"https:\/\/www.visit-ulcinj.com\/blog\/wp-json\/wp\/v2\/tags?post=43279"}],"curies":[{"name":"wp","href":"https:\/\/api.w.org\/{rel}","templated":true}]}}