{"id":4329,"date":"2008-10-17T11:28:10","date_gmt":"2008-10-17T16:28:10","guid":{"rendered":"http:\/\/www.visit-ulcinj.com\/blog\/?p=4329"},"modified":"2008-10-17T13:08:13","modified_gmt":"2008-10-17T18:08:13","slug":"medojevicnije-udba-nego-amfilohije","status":"publish","type":"post","link":"https:\/\/www.visit-ulcinj.com\/blog\/2008\/10\/17\/medojevicnije-udba-nego-amfilohije\/","title":{"rendered":"Medojevi?:Nije UDBA nego Amfilohije!"},"content":{"rendered":"<p><a href=\"http:\/\/www.visit-ulcinj.com\/blog\/wp-content\/uploads\/2008\/10\/nebojsa-medojevic1.jpg\"><img loading=\"lazy\" class=\"alignleft size-medium wp-image-4330\" title=\"Neboj\u0161a Medojevi?\" src=\"http:\/\/www.visit-ulcinj.com\/blog\/wp-content\/uploads\/2008\/10\/nebojsa-medojevic1-300x219.jpg\" alt=\"\" width=\"300\" height=\"219\" srcset=\"https:\/\/www.visit-ulcinj.com\/blog\/wp-content\/uploads\/2008\/10\/nebojsa-medojevic1-300x219.jpg 300w, https:\/\/www.visit-ulcinj.com\/blog\/wp-content\/uploads\/2008\/10\/nebojsa-medojevic1.jpg 594w\" sizes=\"(max-width: 300px) 100vw, 300px\" \/><\/a><strong>Lider PZP-a Neboj\u0161a Medojevi? optu\u017eio mitropolita crnogorsko primorskog da je svojim govorom nanio \u0161tetu opozicionom protestu.<\/strong><br \/>\nPODGORICA &#8211; Lider Pokreta za promjene Neboj\u0161a Medojevi? optu\u017eio je ju?e mitropolita crnogorsko-primorskog Amfilohija Radovi?a da je svojim govorom na protestnom mitingu opozicije nanio \u0161tetu opoziciji.<br \/>\nMedojevi? je u izjavi agenciji Tanjug kazao da je dosta \u0161tete opoziciji donio govor mitropolita crnogorsko-primorskog Amfilohija na protestnom mitingu, 13. oktobra.<br \/>\n&#8211; Po\u0161tuju?i njegovu brigu za nacionalne interese i uz svo uva\u017eavanje njegove crkvene funkcije, mislim da je nastup Amfilohija bio autogol opoziciji. Da bi Crna Gora zaista u\u0161la u fazu demokratije i promjena neophodno je da sa javne scene odu dva glavna lika &#8211; protagonista (Milo) ?ukanovi? i mitropolit Amfilohije &#8211; rekao je Medojevi?.<br \/>\nLider PZP-a je u izjavi za Republiku neposredno nakon mitinga optu\u017eio Agenciju za nacionalnu bezbjednost da stoji iza nereda.<br \/>\n&#8211; To su bili sitni kriminalci koji su pod uticajem alkohola i narkotika po nalogu DB-a izvr\u0161ili napad na policiju. Oni su ?ak i fla\u0161om pogodili Gorana Danilovi?a i ja sam mojoj ekipi dao nalog da se povu?emo prije kraja &#8211; kazao je tada Medojevi?.<a href=\"http:\/\/www.visit-ulcinj.com\/blog\/wp-content\/uploads\/2008\/10\/amfilohije.jpg\"><img loading=\"lazy\" class=\"alignright size-medium wp-image-4331\" title=\"amfilohije\" src=\"http:\/\/www.visit-ulcinj.com\/blog\/wp-content\/uploads\/2008\/10\/amfilohije-300x226.jpg\" alt=\"\" width=\"300\" height=\"226\" srcset=\"https:\/\/www.visit-ulcinj.com\/blog\/wp-content\/uploads\/2008\/10\/amfilohije-300x226.jpg 300w, https:\/\/www.visit-ulcinj.com\/blog\/wp-content\/uploads\/2008\/10\/amfilohije.jpg 476w\" sizes=\"(max-width: 300px) 100vw, 300px\" \/><\/a><br \/>\nMitropolit Amfilohije je na protestnom mitingu prema tvrdnjama Uprave policije izgovorenom re?enicom &#8221;Sve je u bo\u017ejim, a sad u va\u0161im rukama&#8221;, izazvao nerede.<br \/>\nMitropolit je dan nakon toga na molebanu pojasnio svoju izjavu kazav\u0161i da je citirao najve?eg crnogorskog pjesnika Petra II Petrovi? Njego\u0161a.<br \/>\n&#8211; Rekao sam nade nema vi\u0161e ni u koga do u Boga i u svoje ruke &#8211; rekao je Amfilohije.<br \/>\nMedojevi? je izrazio zadovoljstvo zbog promjene na?ina djelovanja opozicije, koja ?e u parlamentu pokrenuti odgovornost Vlade, raspisivanje referenduma ili vanrednih parlamentarnih izbora.<br \/>\n&#8211; Opozicija je u parlamentu pokazala radikalan zaokret ka mirnom i demokratskom protestu koji treba da dovede do promjene vlasti voljom gra?ana. Ta promjena, sada je izvjesno, zabrinula je i ugrozila re\u017eim u Podgorici i to je na toj sjednici bilo jasno &#8211; rekao je Medojevi?.<br \/>\nProtest prosrpskih opozicionih stranaka ispred zgrade crnogorskog parlamenta, organizovanog zbog odluke Vlade da prizna nezavisnost Kosova, zavr\u0161en je neslavno napadom demonstranata na policiju.<br \/>\nU neredima koji su potom nastali povrije?eno je nekoliko desetina gra?ana, novinara i policajaca a uhap\u0161eno je preko 50 demonstranata.<br \/>\n<strong>N.Ze?evi?<br \/>\nIzvor \/ Republika <\/strong><\/p>\n<!--YouTube Error: bad URL entered-->\n","protected":false},"excerpt":{"rendered":"<p>Lider PZP-a Neboj\u0161a Medojevi? optu\u017eio mitropolita crnogorsko primorskog da je svojim govorom nanio \u0161tetu opozicionom protestu. PODGORICA &#8211; Lider Pokreta za promjene Neboj\u0161a Medojevi? optu\u017eio je ju?e mitropolita crnogorsko-primorskog Amfilohija Radovi?a da je svojim govorom na protestnom mitingu opozicije nanio \u0161tetu opoziciji. Medojevi? je u izjavi agenciji Tanjug kazao da je dosta \u0161tete opoziciji donio [&hellip;]<\/p>\n","protected":false},"author":1,"featured_media":0,"comment_status":"open","ping_status":"closed","sticky":false,"template":"","format":"standard","meta":{"spay_email":"","jetpack_publicize_message":"","jetpack_is_tweetstorm":false,"jetpack_publicize_feature_enabled":true},"categories":[6,12],"tags":[4670,20,794],"jetpack_publicize_connections":[],"yoast_head":"<!-- This site is optimized with the Yoast SEO plugin v19.1 - https:\/\/yoast.com\/wordpress\/plugins\/seo\/ -->\n<title>Medojevi?:Nije UDBA nego Amfilohije!  - Lajme nga Ulqini<\/title>\n<meta name=\"description\" content=\"Lider PZP-a Neboj\u0161a Medojevi? optu\u017eio mitropolita crnogorsko primorskog da je svojim govorom nanio \u0161tetu opozicionom protestu. PODGORICA - Lider Pokreta\" \/>\n<meta name=\"robots\" content=\"index, follow, max-snippet:-1, max-image-preview:large, max-video-preview:-1\" \/>\n<link rel=\"canonical\" href=\"https:\/\/www.visit-ulcinj.com\/blog\/2008\/10\/17\/medojevicnije-udba-nego-amfilohije\/\" \/>\n<meta property=\"og:locale\" content=\"en_US\" \/>\n<meta property=\"og:type\" content=\"article\" \/>\n<meta property=\"og:title\" content=\"Medojevi?:Nije UDBA nego Amfilohije!  - Lajme nga Ulqini\" \/>\n<meta property=\"og:description\" content=\"Lider PZP-a Neboj\u0161a Medojevi? optu\u017eio mitropolita crnogorsko primorskog da je svojim govorom nanio \u0161tetu opozicionom protestu. PODGORICA - Lider Pokreta\" \/>\n<meta property=\"og:url\" content=\"https:\/\/www.visit-ulcinj.com\/blog\/2008\/10\/17\/medojevicnije-udba-nego-amfilohije\/\" \/>\n<meta property=\"og:site_name\" content=\"Lajme nga Ulqini\" \/>\n<meta property=\"article:published_time\" content=\"2008-10-17T16:28:10+00:00\" \/>\n<meta property=\"article:modified_time\" content=\"2008-10-17T18:08:13+00:00\" \/>\n<meta property=\"og:image\" content=\"http:\/\/www.visit-ulcinj.com\/blog\/wp-content\/uploads\/2008\/10\/nebojsa-medojevic1-300x219.jpg\" \/>\n<meta name=\"twitter:label1\" content=\"Written by\" \/>\n\t<meta name=\"twitter:data1\" content=\"ulqini\" \/>\n\t<meta name=\"twitter:label2\" content=\"Est. reading time\" \/>\n\t<meta name=\"twitter:data2\" content=\"2 minutes\" \/>\n<script type=\"application\/ld+json\" class=\"yoast-schema-graph\">{\"@context\":\"https:\/\/schema.org\",\"@graph\":[{\"@type\":\"WebSite\",\"@id\":\"https:\/\/www.visit-ulcinj.com\/blog\/#website\",\"url\":\"https:\/\/www.visit-ulcinj.com\/blog\/\",\"name\":\"Lajme nga Ulqini\",\"description\":\"Lajme,Vijesti,Ulqini,Ulqin,Crna Gora,Mali i Zi\",\"potentialAction\":[{\"@type\":\"SearchAction\",\"target\":{\"@type\":\"EntryPoint\",\"urlTemplate\":\"https:\/\/www.visit-ulcinj.com\/blog\/?s={search_term_string}\"},\"query-input\":\"required name=search_term_string\"}],\"inLanguage\":\"en-US\"},{\"@type\":\"ImageObject\",\"inLanguage\":\"en-US\",\"@id\":\"https:\/\/www.visit-ulcinj.com\/blog\/2008\/10\/17\/medojevicnije-udba-nego-amfilohije\/#primaryimage\",\"url\":\"http:\/\/www.visit-ulcinj.com\/blog\/wp-content\/uploads\/2008\/10\/nebojsa-medojevic1-300x219.jpg\",\"contentUrl\":\"http:\/\/www.visit-ulcinj.com\/blog\/wp-content\/uploads\/2008\/10\/nebojsa-medojevic1-300x219.jpg\"},{\"@type\":\"WebPage\",\"@id\":\"https:\/\/www.visit-ulcinj.com\/blog\/2008\/10\/17\/medojevicnije-udba-nego-amfilohije\/#webpage\",\"url\":\"https:\/\/www.visit-ulcinj.com\/blog\/2008\/10\/17\/medojevicnije-udba-nego-amfilohije\/\",\"name\":\"Medojevi?:Nije UDBA nego Amfilohije! - Lajme nga Ulqini\",\"isPartOf\":{\"@id\":\"https:\/\/www.visit-ulcinj.com\/blog\/#website\"},\"primaryImageOfPage\":{\"@id\":\"https:\/\/www.visit-ulcinj.com\/blog\/2008\/10\/17\/medojevicnije-udba-nego-amfilohije\/#primaryimage\"},\"datePublished\":\"2008-10-17T16:28:10+00:00\",\"dateModified\":\"2008-10-17T18:08:13+00:00\",\"author\":{\"@id\":\"https:\/\/www.visit-ulcinj.com\/blog\/#\/schema\/person\/dcab619c614d3038751c63bc2aadc06d\"},\"description\":\"Lider PZP-a Neboj\u0161a Medojevi? optu\u017eio mitropolita crnogorsko primorskog da je svojim govorom nanio \u0161tetu opozicionom protestu. PODGORICA - Lider Pokreta\",\"breadcrumb\":{\"@id\":\"https:\/\/www.visit-ulcinj.com\/blog\/2008\/10\/17\/medojevicnije-udba-nego-amfilohije\/#breadcrumb\"},\"inLanguage\":\"en-US\",\"potentialAction\":[{\"@type\":\"ReadAction\",\"target\":[\"https:\/\/www.visit-ulcinj.com\/blog\/2008\/10\/17\/medojevicnije-udba-nego-amfilohije\/\"]}]},{\"@type\":\"BreadcrumbList\",\"@id\":\"https:\/\/www.visit-ulcinj.com\/blog\/2008\/10\/17\/medojevicnije-udba-nego-amfilohije\/#breadcrumb\",\"itemListElement\":[{\"@type\":\"ListItem\",\"position\":1,\"name\":\"Medojevi?:Nije UDBA nego Amfilohije!\"}]},{\"@type\":\"Person\",\"@id\":\"https:\/\/www.visit-ulcinj.com\/blog\/#\/schema\/person\/dcab619c614d3038751c63bc2aadc06d\",\"name\":\"ulqini\",\"sameAs\":[\"http:\/\/www.visit-ulcinj.com\"],\"url\":\"https:\/\/www.visit-ulcinj.com\/blog\/author\/admin\/\"}]}<\/script>\n<!-- \/ Yoast SEO plugin. -->","yoast_head_json":{"title":"Medojevi?:Nije UDBA nego Amfilohije!  - Lajme nga Ulqini","description":"Lider PZP-a Neboj\u0161a Medojevi? optu\u017eio mitropolita crnogorsko primorskog da je svojim govorom nanio \u0161tetu opozicionom protestu. PODGORICA - Lider Pokreta","robots":{"index":"index","follow":"follow","max-snippet":"max-snippet:-1","max-image-preview":"max-image-preview:large","max-video-preview":"max-video-preview:-1"},"canonical":"https:\/\/www.visit-ulcinj.com\/blog\/2008\/10\/17\/medojevicnije-udba-nego-amfilohije\/","og_locale":"en_US","og_type":"article","og_title":"Medojevi?:Nije UDBA nego Amfilohije!  - Lajme nga Ulqini","og_description":"Lider PZP-a Neboj\u0161a Medojevi? optu\u017eio mitropolita crnogorsko primorskog da je svojim govorom nanio \u0161tetu opozicionom protestu. PODGORICA - Lider Pokreta","og_url":"https:\/\/www.visit-ulcinj.com\/blog\/2008\/10\/17\/medojevicnije-udba-nego-amfilohije\/","og_site_name":"Lajme nga Ulqini","article_published_time":"2008-10-17T16:28:10+00:00","article_modified_time":"2008-10-17T18:08:13+00:00","og_image":[{"url":"http:\/\/www.visit-ulcinj.com\/blog\/wp-content\/uploads\/2008\/10\/nebojsa-medojevic1-300x219.jpg"}],"twitter_misc":{"Written by":"ulqini","Est. reading time":"2 minutes"},"schema":{"@context":"https:\/\/schema.org","@graph":[{"@type":"WebSite","@id":"https:\/\/www.visit-ulcinj.com\/blog\/#website","url":"https:\/\/www.visit-ulcinj.com\/blog\/","name":"Lajme nga Ulqini","description":"Lajme,Vijesti,Ulqini,Ulqin,Crna Gora,Mali i Zi","potentialAction":[{"@type":"SearchAction","target":{"@type":"EntryPoint","urlTemplate":"https:\/\/www.visit-ulcinj.com\/blog\/?s={search_term_string}"},"query-input":"required name=search_term_string"}],"inLanguage":"en-US"},{"@type":"ImageObject","inLanguage":"en-US","@id":"https:\/\/www.visit-ulcinj.com\/blog\/2008\/10\/17\/medojevicnije-udba-nego-amfilohije\/#primaryimage","url":"http:\/\/www.visit-ulcinj.com\/blog\/wp-content\/uploads\/2008\/10\/nebojsa-medojevic1-300x219.jpg","contentUrl":"http:\/\/www.visit-ulcinj.com\/blog\/wp-content\/uploads\/2008\/10\/nebojsa-medojevic1-300x219.jpg"},{"@type":"WebPage","@id":"https:\/\/www.visit-ulcinj.com\/blog\/2008\/10\/17\/medojevicnije-udba-nego-amfilohije\/#webpage","url":"https:\/\/www.visit-ulcinj.com\/blog\/2008\/10\/17\/medojevicnije-udba-nego-amfilohije\/","name":"Medojevi?:Nije UDBA nego Amfilohije! - Lajme nga Ulqini","isPartOf":{"@id":"https:\/\/www.visit-ulcinj.com\/blog\/#website"},"primaryImageOfPage":{"@id":"https:\/\/www.visit-ulcinj.com\/blog\/2008\/10\/17\/medojevicnije-udba-nego-amfilohije\/#primaryimage"},"datePublished":"2008-10-17T16:28:10+00:00","dateModified":"2008-10-17T18:08:13+00:00","author":{"@id":"https:\/\/www.visit-ulcinj.com\/blog\/#\/schema\/person\/dcab619c614d3038751c63bc2aadc06d"},"description":"Lider PZP-a Neboj\u0161a Medojevi? optu\u017eio mitropolita crnogorsko primorskog da je svojim govorom nanio \u0161tetu opozicionom protestu. PODGORICA - Lider Pokreta","breadcrumb":{"@id":"https:\/\/www.visit-ulcinj.com\/blog\/2008\/10\/17\/medojevicnije-udba-nego-amfilohije\/#breadcrumb"},"inLanguage":"en-US","potentialAction":[{"@type":"ReadAction","target":["https:\/\/www.visit-ulcinj.com\/blog\/2008\/10\/17\/medojevicnije-udba-nego-amfilohije\/"]}]},{"@type":"BreadcrumbList","@id":"https:\/\/www.visit-ulcinj.com\/blog\/2008\/10\/17\/medojevicnije-udba-nego-amfilohije\/#breadcrumb","itemListElement":[{"@type":"ListItem","position":1,"name":"Medojevi?:Nije UDBA nego Amfilohije!"}]},{"@type":"Person","@id":"https:\/\/www.visit-ulcinj.com\/blog\/#\/schema\/person\/dcab619c614d3038751c63bc2aadc06d","name":"ulqini","sameAs":["http:\/\/www.visit-ulcinj.com"],"url":"https:\/\/www.visit-ulcinj.com\/blog\/author\/admin\/"}]}},"jetpack_featured_media_url":"","jetpack_sharing_enabled":true,"jetpack_shortlink":"https:\/\/wp.me\/pe6lTn-17P","_links":{"self":[{"href":"https:\/\/www.visit-ulcinj.com\/blog\/wp-json\/wp\/v2\/posts\/4329"}],"collection":[{"href":"https:\/\/www.visit-ulcinj.com\/blog\/wp-json\/wp\/v2\/posts"}],"about":[{"href":"https:\/\/www.visit-ulcinj.com\/blog\/wp-json\/wp\/v2\/types\/post"}],"author":[{"embeddable":true,"href":"https:\/\/www.visit-ulcinj.com\/blog\/wp-json\/wp\/v2\/users\/1"}],"replies":[{"embeddable":true,"href":"https:\/\/www.visit-ulcinj.com\/blog\/wp-json\/wp\/v2\/comments?post=4329"}],"version-history":[{"count":0,"href":"https:\/\/www.visit-ulcinj.com\/blog\/wp-json\/wp\/v2\/posts\/4329\/revisions"}],"wp:attachment":[{"href":"https:\/\/www.visit-ulcinj.com\/blog\/wp-json\/wp\/v2\/media?parent=4329"}],"wp:term":[{"taxonomy":"category","embeddable":true,"href":"https:\/\/www.visit-ulcinj.com\/blog\/wp-json\/wp\/v2\/categories?post=4329"},{"taxonomy":"post_tag","embeddable":true,"href":"https:\/\/www.visit-ulcinj.com\/blog\/wp-json\/wp\/v2\/tags?post=4329"}],"curies":[{"name":"wp","href":"https:\/\/api.w.org\/{rel}","templated":true}]}}