{"id":43296,"date":"2011-02-12T18:49:25","date_gmt":"2011-02-12T17:49:25","guid":{"rendered":"http:\/\/www.visit-ulcinj.com\/blog\/?p=43296"},"modified":"2011-02-12T18:50:24","modified_gmt":"2011-02-12T17:50:24","slug":"lazovic-postupak-valorizacije-sproveden-u-skladu-sa-zakonom","status":"publish","type":"post","link":"https:\/\/www.visit-ulcinj.com\/blog\/2011\/02\/12\/lazovic-postupak-valorizacije-sproveden-u-skladu-sa-zakonom\/","title":{"rendered":"Lazovi\u0107: Postupak valorizacije sproveden u skladu sa zakonom"},"content":{"rendered":"<p><a href=\"http:\/\/www.visit-ulcinj.com\/blog\/wp-content\/uploads\/2011\/02\/Vujica-Lazovic1.jpg\"><img loading=\"lazy\" class=\"alignleft size-medium wp-image-43297\" title=\"Vujica Lazovic\" src=\"http:\/\/www.visit-ulcinj.com\/blog\/wp-content\/uploads\/2011\/02\/Vujica-Lazovic1-300x211.jpg\" alt=\"\" width=\"300\" height=\"211\" srcset=\"https:\/\/www.visit-ulcinj.com\/blog\/wp-content\/uploads\/2011\/02\/Vujica-Lazovic1-300x211.jpg 300w, https:\/\/www.visit-ulcinj.com\/blog\/wp-content\/uploads\/2011\/02\/Vujica-Lazovic1.jpg 490w\" sizes=\"(max-width: 300px) 100vw, 300px\" \/><\/a>Postupak valorizacije lokaliteta Valdanos u potpunosti sproveden u skladu sa zakonom i zaklju\u010dcima odgovaraju\u0107ih vladinih tijela i najboljom evropskom praksom, izjavio je potpredsjednik Vlade i ministar za informaciono dru\u0161tvo <strong>Vujica Lazovi\u0107<\/strong>.<\/p>\n<p>On je u izjavi dostavljenoj medijijma, nakon \u0161to je MANS protiv njega Vrhovnom dr\u017eavnom tu\u017eiocu, rekao da je Tenderska komisija obezbijedila i osigurala ispunjenost svih tra\u017eenih uslova,\u00a0 kvalitetnu i uspje\u0161nu realiazciju ovog projekta, koji je va\u017ean ne samo za Ulcinj ve\u0107 i za cijelu Crnu Goru .<\/p>\n<p>&#8220;Ipak, raduje me \u010dinjenica da se MANS, kao vi\u0161e puta\u00a0 do sada, interesuje za rad Vlade i njenih radnh tijela. Svakako to po\u0161tujem, ali bih jo\u0161 vi\u0161e po\u0161tovao ako bi prije nego \u0161to nesto urade, barem letimi\u010dno provjerili sve podatke, te ako bi svoje nastupe sistematski, a ne stihijski temeljili\u201c, kazao je Lazovi\u0107.<\/p>\n<p>Prema njegovim rije\u010dima da se MANS sitemski bavio ovim projektom mogao bi sagledati \u010dinjenicu da je procedura formalnog utvr\u0111ivanja ispravnosti ponude zatvorena\u00a0 po\u010detkom 2009. godine , i\u00a0 da je kvalifikacionim uslovima tra\u017eeno da Ponudja\u010d, zaklju\u010dno sa\u00a0 2009.\u00a0 mora dokazati da je u najmanje tri poslovne, u posljednjih pet kalendarskih godina, ostvario pozitivan finansijski rezultat.<\/p>\n<p>&#8220;To zna\u010di da su se kao relevantne godine za utvr\u0111ivanje ispravnosti, uzimale one koje su prethodile 2009.g. Dakle, za Tendersku komisiju bitan period je bio od 2003. do 2009. godine, na osnovu kojeg se i utrvdjivala formalna ispravnost. Mada bi bilo lijepo, \u010dlanovi tenderske komisije nijesu bili vidoviti i nijesu mogli,\u00a0 prije utvrdjivanja formalne ispravnosti, znati \u0161ta \u0107e se de\u0161avati u godinama nakon te procedure\u201c, naglasio je Lazovi\u0107.<\/p>\n<table border=\"0\" cellspacing=\"0\" cellpadding=\"0\" width=\"100%\">\n<tbody>\n<tr>\n<td><\/td>\n<\/tr>\n<\/tbody>\n<\/table>\n<p>On je objasnio da onog trenutka kada Vlada potpi\u0161e ugovor,\u00a0 sve aktivnosti bi\u0107e pokrivene garancijama. Kao dokaz toga, Komisiji je dostavljena i kompletna finansijska konstrukcija projekta prije prihvatanja ugovora od strane Vlade.<\/p>\n<p>Lazovi\u0107 je primijetio da na postupak otvaranja nije bilo primjedbi, \u0161to je potvr\u0111eno i potpisivanjem izjave od strane predstavnika ponu\u0111a\u010da.<\/p>\n<p>&#8220;Kompanija Cubus lux ispunila je sve uslove tra\u017eene tenderskom dokumentacijom, kao i kvalifikacione uslove iz grupe B, jer je kompanija potvrdila partnerstvo s jednom od najve\u0107ih kompanija u oblasti hotelijerstva, SOL MELIE- prve u \u0160paniji i Latinskoj Americi, tre\u0107e u\u00a0 Evropi i dvanestoj u svijetu\u201c, podsjetio je Lazovi\u0107.<\/p>\n<p>Vicepremijer je zaklju\u010dio da na osnovu detaljnih analiza dostavljene dokumentacije, kao i dijela koji se odnosi na finansijsku sposobnost kompanije ( dostavljen i izvje\u0161taj revizora \u0161to se nije izri\u010dito tra\u017eio, ali ga je kompanija ipak dostavila i na taj na\u010din potvrdila svoju finansijsku sposobnosi i ispunjenost tra\u017eenih uslova), komisija je konstatovala da kompanija Cubus lux ispunjava sve tenderom tra\u017eene uslove.<\/p>\n<p><a href=\"http:\/\/www.cafemontenegro.com\/index.php?group=25&amp;news=157871\" target=\"_blank\"><strong>Izvor \/ CdM<\/strong><\/a><\/p>\n","protected":false},"excerpt":{"rendered":"<p>Postupak valorizacije lokaliteta Valdanos u potpunosti sproveden u skladu sa zakonom i zaklju\u010dcima odgovaraju\u0107ih vladinih tijela i najboljom evropskom praksom, izjavio je potpredsjednik Vlade i ministar za informaciono dru\u0161tvo Vujica Lazovi\u0107. On je u izjavi dostavljenoj medijijma, nakon \u0161to je MANS protiv njega Vrhovnom dr\u017eavnom tu\u017eiocu, rekao da je Tenderska komisija obezbijedila i osigurala ispunjenost [&hellip;]<\/p>\n","protected":false},"author":1,"featured_media":0,"comment_status":"open","ping_status":"closed","sticky":false,"template":"","format":"standard","meta":{"spay_email":"","jetpack_publicize_message":"","jetpack_is_tweetstorm":false,"jetpack_publicize_feature_enabled":true},"categories":[8337],"tags":[20,19,136,2020,13062],"jetpack_publicize_connections":[],"yoast_head":"<!-- This site is optimized with the Yoast SEO plugin v19.1 - https:\/\/yoast.com\/wordpress\/plugins\/seo\/ -->\n<title>Lazovi\u0107: Postupak valorizacije sproveden u skladu sa zakonom - Lajme nga Ulqini<\/title>\n<meta name=\"description\" content=\"Postupak valorizacije lokaliteta Valdanos u potpunosti sproveden u skladu sa zakonom i zaklju\u010dcima odgovaraju\u0107ih vladinih tijela i najboljom evropskom\" \/>\n<meta name=\"robots\" content=\"index, follow, max-snippet:-1, max-image-preview:large, max-video-preview:-1\" \/>\n<link rel=\"canonical\" href=\"https:\/\/www.visit-ulcinj.com\/blog\/2011\/02\/12\/lazovic-postupak-valorizacije-sproveden-u-skladu-sa-zakonom\/\" \/>\n<meta property=\"og:locale\" content=\"en_US\" \/>\n<meta property=\"og:type\" content=\"article\" \/>\n<meta property=\"og:title\" content=\"Lazovi\u0107: Postupak valorizacije sproveden u skladu sa zakonom - Lajme nga Ulqini\" \/>\n<meta property=\"og:description\" content=\"Postupak valorizacije lokaliteta Valdanos u potpunosti sproveden u skladu sa zakonom i zaklju\u010dcima odgovaraju\u0107ih vladinih tijela i najboljom evropskom\" \/>\n<meta property=\"og:url\" content=\"https:\/\/www.visit-ulcinj.com\/blog\/2011\/02\/12\/lazovic-postupak-valorizacije-sproveden-u-skladu-sa-zakonom\/\" \/>\n<meta property=\"og:site_name\" content=\"Lajme nga Ulqini\" \/>\n<meta property=\"article:published_time\" content=\"2011-02-12T17:49:25+00:00\" \/>\n<meta property=\"article:modified_time\" content=\"2011-02-12T17:50:24+00:00\" \/>\n<meta property=\"og:image\" content=\"http:\/\/www.visit-ulcinj.com\/blog\/wp-content\/uploads\/2011\/02\/Vujica-Lazovic1-300x211.jpg\" \/>\n<meta name=\"twitter:label1\" content=\"Written by\" \/>\n\t<meta name=\"twitter:data1\" content=\"ulqini\" \/>\n\t<meta name=\"twitter:label2\" content=\"Est. reading time\" \/>\n\t<meta name=\"twitter:data2\" content=\"2 minutes\" \/>\n<script type=\"application\/ld+json\" class=\"yoast-schema-graph\">{\"@context\":\"https:\/\/schema.org\",\"@graph\":[{\"@type\":\"WebSite\",\"@id\":\"https:\/\/www.visit-ulcinj.com\/blog\/#website\",\"url\":\"https:\/\/www.visit-ulcinj.com\/blog\/\",\"name\":\"Lajme nga Ulqini\",\"description\":\"Lajme,Vijesti,Ulqini,Ulqin,Crna Gora,Mali i Zi\",\"potentialAction\":[{\"@type\":\"SearchAction\",\"target\":{\"@type\":\"EntryPoint\",\"urlTemplate\":\"https:\/\/www.visit-ulcinj.com\/blog\/?s={search_term_string}\"},\"query-input\":\"required name=search_term_string\"}],\"inLanguage\":\"en-US\"},{\"@type\":\"ImageObject\",\"inLanguage\":\"en-US\",\"@id\":\"https:\/\/www.visit-ulcinj.com\/blog\/2011\/02\/12\/lazovic-postupak-valorizacije-sproveden-u-skladu-sa-zakonom\/#primaryimage\",\"url\":\"https:\/\/www.visit-ulcinj.com\/blog\/wp-content\/uploads\/2011\/02\/Vujica-Lazovic1.jpg\",\"contentUrl\":\"https:\/\/www.visit-ulcinj.com\/blog\/wp-content\/uploads\/2011\/02\/Vujica-Lazovic1.jpg\",\"width\":\"490\",\"height\":\"346\"},{\"@type\":\"WebPage\",\"@id\":\"https:\/\/www.visit-ulcinj.com\/blog\/2011\/02\/12\/lazovic-postupak-valorizacije-sproveden-u-skladu-sa-zakonom\/#webpage\",\"url\":\"https:\/\/www.visit-ulcinj.com\/blog\/2011\/02\/12\/lazovic-postupak-valorizacije-sproveden-u-skladu-sa-zakonom\/\",\"name\":\"Lazovi\u0107: Postupak valorizacije sproveden u skladu sa zakonom - Lajme nga Ulqini\",\"isPartOf\":{\"@id\":\"https:\/\/www.visit-ulcinj.com\/blog\/#website\"},\"primaryImageOfPage\":{\"@id\":\"https:\/\/www.visit-ulcinj.com\/blog\/2011\/02\/12\/lazovic-postupak-valorizacije-sproveden-u-skladu-sa-zakonom\/#primaryimage\"},\"datePublished\":\"2011-02-12T17:49:25+00:00\",\"dateModified\":\"2011-02-12T17:50:24+00:00\",\"author\":{\"@id\":\"https:\/\/www.visit-ulcinj.com\/blog\/#\/schema\/person\/dcab619c614d3038751c63bc2aadc06d\"},\"description\":\"Postupak valorizacije lokaliteta Valdanos u potpunosti sproveden u skladu sa zakonom i zaklju\u010dcima odgovaraju\u0107ih vladinih tijela i najboljom evropskom\",\"breadcrumb\":{\"@id\":\"https:\/\/www.visit-ulcinj.com\/blog\/2011\/02\/12\/lazovic-postupak-valorizacije-sproveden-u-skladu-sa-zakonom\/#breadcrumb\"},\"inLanguage\":\"en-US\",\"potentialAction\":[{\"@type\":\"ReadAction\",\"target\":[\"https:\/\/www.visit-ulcinj.com\/blog\/2011\/02\/12\/lazovic-postupak-valorizacije-sproveden-u-skladu-sa-zakonom\/\"]}]},{\"@type\":\"BreadcrumbList\",\"@id\":\"https:\/\/www.visit-ulcinj.com\/blog\/2011\/02\/12\/lazovic-postupak-valorizacije-sproveden-u-skladu-sa-zakonom\/#breadcrumb\",\"itemListElement\":[{\"@type\":\"ListItem\",\"position\":1,\"name\":\"Lazovi\u0107: Postupak valorizacije sproveden u skladu sa zakonom\"}]},{\"@type\":\"Person\",\"@id\":\"https:\/\/www.visit-ulcinj.com\/blog\/#\/schema\/person\/dcab619c614d3038751c63bc2aadc06d\",\"name\":\"ulqini\",\"sameAs\":[\"http:\/\/www.visit-ulcinj.com\"],\"url\":\"https:\/\/www.visit-ulcinj.com\/blog\/author\/admin\/\"}]}<\/script>\n<!-- \/ Yoast SEO plugin. -->","yoast_head_json":{"title":"Lazovi\u0107: Postupak valorizacije sproveden u skladu sa zakonom - Lajme nga Ulqini","description":"Postupak valorizacije lokaliteta Valdanos u potpunosti sproveden u skladu sa zakonom i zaklju\u010dcima odgovaraju\u0107ih vladinih tijela i najboljom evropskom","robots":{"index":"index","follow":"follow","max-snippet":"max-snippet:-1","max-image-preview":"max-image-preview:large","max-video-preview":"max-video-preview:-1"},"canonical":"https:\/\/www.visit-ulcinj.com\/blog\/2011\/02\/12\/lazovic-postupak-valorizacije-sproveden-u-skladu-sa-zakonom\/","og_locale":"en_US","og_type":"article","og_title":"Lazovi\u0107: Postupak valorizacije sproveden u skladu sa zakonom - Lajme nga Ulqini","og_description":"Postupak valorizacije lokaliteta Valdanos u potpunosti sproveden u skladu sa zakonom i zaklju\u010dcima odgovaraju\u0107ih vladinih tijela i najboljom evropskom","og_url":"https:\/\/www.visit-ulcinj.com\/blog\/2011\/02\/12\/lazovic-postupak-valorizacije-sproveden-u-skladu-sa-zakonom\/","og_site_name":"Lajme nga Ulqini","article_published_time":"2011-02-12T17:49:25+00:00","article_modified_time":"2011-02-12T17:50:24+00:00","og_image":[{"url":"http:\/\/www.visit-ulcinj.com\/blog\/wp-content\/uploads\/2011\/02\/Vujica-Lazovic1-300x211.jpg"}],"twitter_misc":{"Written by":"ulqini","Est. reading time":"2 minutes"},"schema":{"@context":"https:\/\/schema.org","@graph":[{"@type":"WebSite","@id":"https:\/\/www.visit-ulcinj.com\/blog\/#website","url":"https:\/\/www.visit-ulcinj.com\/blog\/","name":"Lajme nga Ulqini","description":"Lajme,Vijesti,Ulqini,Ulqin,Crna Gora,Mali i Zi","potentialAction":[{"@type":"SearchAction","target":{"@type":"EntryPoint","urlTemplate":"https:\/\/www.visit-ulcinj.com\/blog\/?s={search_term_string}"},"query-input":"required name=search_term_string"}],"inLanguage":"en-US"},{"@type":"ImageObject","inLanguage":"en-US","@id":"https:\/\/www.visit-ulcinj.com\/blog\/2011\/02\/12\/lazovic-postupak-valorizacije-sproveden-u-skladu-sa-zakonom\/#primaryimage","url":"https:\/\/www.visit-ulcinj.com\/blog\/wp-content\/uploads\/2011\/02\/Vujica-Lazovic1.jpg","contentUrl":"https:\/\/www.visit-ulcinj.com\/blog\/wp-content\/uploads\/2011\/02\/Vujica-Lazovic1.jpg","width":"490","height":"346"},{"@type":"WebPage","@id":"https:\/\/www.visit-ulcinj.com\/blog\/2011\/02\/12\/lazovic-postupak-valorizacije-sproveden-u-skladu-sa-zakonom\/#webpage","url":"https:\/\/www.visit-ulcinj.com\/blog\/2011\/02\/12\/lazovic-postupak-valorizacije-sproveden-u-skladu-sa-zakonom\/","name":"Lazovi\u0107: Postupak valorizacije sproveden u skladu sa zakonom - Lajme nga Ulqini","isPartOf":{"@id":"https:\/\/www.visit-ulcinj.com\/blog\/#website"},"primaryImageOfPage":{"@id":"https:\/\/www.visit-ulcinj.com\/blog\/2011\/02\/12\/lazovic-postupak-valorizacije-sproveden-u-skladu-sa-zakonom\/#primaryimage"},"datePublished":"2011-02-12T17:49:25+00:00","dateModified":"2011-02-12T17:50:24+00:00","author":{"@id":"https:\/\/www.visit-ulcinj.com\/blog\/#\/schema\/person\/dcab619c614d3038751c63bc2aadc06d"},"description":"Postupak valorizacije lokaliteta Valdanos u potpunosti sproveden u skladu sa zakonom i zaklju\u010dcima odgovaraju\u0107ih vladinih tijela i najboljom evropskom","breadcrumb":{"@id":"https:\/\/www.visit-ulcinj.com\/blog\/2011\/02\/12\/lazovic-postupak-valorizacije-sproveden-u-skladu-sa-zakonom\/#breadcrumb"},"inLanguage":"en-US","potentialAction":[{"@type":"ReadAction","target":["https:\/\/www.visit-ulcinj.com\/blog\/2011\/02\/12\/lazovic-postupak-valorizacije-sproveden-u-skladu-sa-zakonom\/"]}]},{"@type":"BreadcrumbList","@id":"https:\/\/www.visit-ulcinj.com\/blog\/2011\/02\/12\/lazovic-postupak-valorizacije-sproveden-u-skladu-sa-zakonom\/#breadcrumb","itemListElement":[{"@type":"ListItem","position":1,"name":"Lazovi\u0107: Postupak valorizacije sproveden u skladu sa zakonom"}]},{"@type":"Person","@id":"https:\/\/www.visit-ulcinj.com\/blog\/#\/schema\/person\/dcab619c614d3038751c63bc2aadc06d","name":"ulqini","sameAs":["http:\/\/www.visit-ulcinj.com"],"url":"https:\/\/www.visit-ulcinj.com\/blog\/author\/admin\/"}]}},"jetpack_featured_media_url":"","jetpack_sharing_enabled":true,"jetpack_shortlink":"https:\/\/wp.me\/pe6lTn-bgk","_links":{"self":[{"href":"https:\/\/www.visit-ulcinj.com\/blog\/wp-json\/wp\/v2\/posts\/43296"}],"collection":[{"href":"https:\/\/www.visit-ulcinj.com\/blog\/wp-json\/wp\/v2\/posts"}],"about":[{"href":"https:\/\/www.visit-ulcinj.com\/blog\/wp-json\/wp\/v2\/types\/post"}],"author":[{"embeddable":true,"href":"https:\/\/www.visit-ulcinj.com\/blog\/wp-json\/wp\/v2\/users\/1"}],"replies":[{"embeddable":true,"href":"https:\/\/www.visit-ulcinj.com\/blog\/wp-json\/wp\/v2\/comments?post=43296"}],"version-history":[{"count":0,"href":"https:\/\/www.visit-ulcinj.com\/blog\/wp-json\/wp\/v2\/posts\/43296\/revisions"}],"wp:attachment":[{"href":"https:\/\/www.visit-ulcinj.com\/blog\/wp-json\/wp\/v2\/media?parent=43296"}],"wp:term":[{"taxonomy":"category","embeddable":true,"href":"https:\/\/www.visit-ulcinj.com\/blog\/wp-json\/wp\/v2\/categories?post=43296"},{"taxonomy":"post_tag","embeddable":true,"href":"https:\/\/www.visit-ulcinj.com\/blog\/wp-json\/wp\/v2\/tags?post=43296"}],"curies":[{"name":"wp","href":"https:\/\/api.w.org\/{rel}","templated":true}]}}