{"id":43301,"date":"2011-02-12T19:23:06","date_gmt":"2011-02-12T18:23:06","guid":{"rendered":"http:\/\/www.visit-ulcinj.com\/blog\/?p=43301"},"modified":"2011-02-12T19:32:35","modified_gmt":"2011-02-12T18:32:35","slug":"mans-odgovorio-potpredsjedniku-vlade","status":"publish","type":"post","link":"https:\/\/www.visit-ulcinj.com\/blog\/2011\/02\/12\/mans-odgovorio-potpredsjedniku-vlade\/","title":{"rendered":"Mans odgovorio potpredsjedniku vlade &#8211; Video"},"content":{"rendered":"<p><strong><a href=\"http:\/\/www.visit-ulcinj.com\/blog\/wp-content\/uploads\/2011\/02\/Dejan-Milovac_mans.jpg\"><img loading=\"lazy\" class=\"alignleft\" title=\"Dejan Milovac\" src=\"http:\/\/www.visit-ulcinj.com\/blog\/wp-content\/uploads\/2011\/02\/Dejan-Milovac_mans.jpg\" alt=\"\" width=\"500\" height=\"370\" \/><\/a>Kjubus luks nikako nije referentna firma<\/strong><\/p>\n<p>U saop\u0161tenju kojeg potpisuje MANS-ov direktor programa za urbanizam Dejan Milovac navodi se da su od potpredsjednika Vlade Vujice Lazovi\u0107a, protiv kojeg su podnijeli krivi\u010dnu prijavu, o\u010dekivali vi\u0161e poja\u0161njenja.<\/p>\n<p>Kompanija Kjubus luks, kojoj crnogorska Vlada namjerava da na 30 godina ustupi uvalu Valdanos kod Ulcinja, ne samo da nije zadovoljila kriterijume za dobijanje ugovora, ve\u0107 prema onome \u0161to stoji u njihovim finansijskim izvje\u0161tajima, nije se mogla ni kvalifikovati za u\u010de\u0161\u0107e, saop\u0161teno je ju\u010de iz Mre\u017ee za afirmaciju nevladinog sektora (MANS).<\/p>\n<p>U saop\u0161tenju kojeg potpisuje MANS-ov direktor programa za urbanizam Dejan Milovac navodi se da su od potpredsjednika Vlade Vujice Lazovi\u0107a, protiv kojeg su podnijeli krivi\u010dnu prijavu, o\u010dekivali vi\u0161e poja\u0161njenja.<\/p>\n<p>&#8220;Nakon \u0161to smo podnijeli krivi\u010dnu prijavu protiv potredsjednika Vlade, Vujice Lazovi\u0107a, o\u010dekivali smo da \u0107e poku\u0161ati da na neki na\u010din opravda svoje pona\u0161anje. Ipak nismo o\u010dekivali da \u0107e se poslu\u017eiti notornim neistinima, \u0161to jedini izraz za ono \u0161to je Lazovi\u0107 ju\u010de saop\u0161tio. Prema podacima iz finansijskih izvje\u0161taja i revizorskih nalaza \u201eCubus Lux-a\u201c do kojih je do\u0161ao MANS, evidento je da je kompanija u periodu od 2004. do 2010. ve\u0107inu vremena poslovala sa gubitkom&#8221;, stoji u saop\u0161tenju te NVO.<\/p>\n<p>Dodaje se da je Kjubus luks osim 2009. i 2010. godine kada je poslovao sa preko blizu \u0161est miliona funti gubitka, \u201ca za koje Lazovi\u0107 ka\u017ee da nisu relevantne za tendersku komisiju\u201d, ostvarila gubitak i tokom 2004, 2005. godine kada je ukupni gubitak bio blizu milion funti.<\/p>\n<p>&#8220;Finansijski izvje\u0161taj koji pokriva period do raspisivanja tendera za Valdanos, tako\u0111e pokazuje gubitke od 2 miliona funti. Kjubus luks je profit ostvarivao tokom 2007. godine kada je zabilje\u017eeno 4,9 miliona funti profita prije oporezivanja. Podsje\u0107anja radi, projekat na Valdanosu je predvi\u0111ao investicije reda preko 220 miliona eura&#8221;, ka\u017ee se u saop\u0161tenju.<\/p>\n<p>Iz MANS-a navode da su tenderski uslovi propisivali da najbolji ponu\u0111a\u010d mora imati neprekidno, petogodi\u0161nje iskustvo u planiranju, razvoju i upravljanju hotelima na nivou od \u010detiri-plus ili pet zvjezdica, \u0161to nije slu\u010daj sa Kjubus luksom.<\/p>\n<p>&#8220;U finansijskom izvje\u0161taju Kjubus luksa, koji je izdat po\u010detkom 2008. godine, se eksplicitno navodi da je tek u februaru te godine kompanija osnovala tre\u0107i stub svog poslovanja \u2013 \u201eluksuzna odmarali\u0161ta\u201c. Prije toga, 2004. godine Cubus Lux se bavio kazinima, a 2006. godine se po\u010deo baviti nauti\u010dkim marinama, tako da nema ni govora o tome da je ta kompanija zadovoljila ni ovaj uslov tenderske komisije&#8221;, navode iz MANS-a.<\/p>\n<p>Oni tvrde da britanska kompanija nije ispunila ni uslov da je u prethodnoj godini ostvarila promet od najmanje 100 miliona eura.<\/p>\n<p>&#8220;Na osnovu svih ovih informacija potpuno je nejasno kako su Lazovi\u0107 i \u010dlanovi tenderske komisije mogli prihvatiti ponudu Kjubus luksa, te kojim su se kriterijumima povodili kada su donijeli odluku da se takvoj kompaniji dodijeli ugovor o dugoro\u010dnom zakupu uvale Valdanos&#8221;, stoji u saop\u0161tenju MANS-a u kojem se ponovo poziva premijer Igor Luk\u0161i\u0107 da poni\u0161ti odluku Tenderske komisije o davanju u dugoro\u010dni zakup uvale Valdanos britanskoj firmi.<\/p>\n<p><a href=\"http:\/\/www.vijesti.me\/vijesti\/kjubus-luks-nikako-nije-referentna-firma-clanak-6344\" target=\"_blank\"><strong>Vijesti<\/strong><\/a><br \/>\n<strong>VIDEO TV ATLAS<br \/>\n<!--YouTube Error: bad URL entered--><\/strong><\/p>\n","protected":false},"excerpt":{"rendered":"<p>Kjubus luks nikako nije referentna firma U saop\u0161tenju kojeg potpisuje MANS-ov direktor programa za urbanizam Dejan Milovac navodi se da su od potpredsjednika Vlade Vujice Lazovi\u0107a, protiv kojeg su podnijeli krivi\u010dnu prijavu, o\u010dekivali vi\u0161e poja\u0161njenja. Kompanija Kjubus luks, kojoj crnogorska Vlada namjerava da na 30 godina ustupi uvalu Valdanos kod Ulcinja, ne samo da nije [&hellip;]<\/p>\n","protected":false},"author":1,"featured_media":0,"comment_status":"open","ping_status":"closed","sticky":false,"template":"","format":"standard","meta":{"spay_email":"","jetpack_publicize_message":"","jetpack_is_tweetstorm":false,"jetpack_publicize_feature_enabled":true},"categories":[8337],"tags":[12190,147,17296,3898,19,136],"jetpack_publicize_connections":[],"yoast_head":"<!-- This site is optimized with the Yoast SEO plugin v19.1 - https:\/\/yoast.com\/wordpress\/plugins\/seo\/ -->\n<title>Mans odgovorio potpredsjedniku vlade - Video - Lajme nga Ulqini<\/title>\n<meta name=\"description\" content=\"Kjubus luks nikako nije referentna firma U saop\u0161tenju kojeg potpisuje MANS-ov direktor programa za urbanizam Dejan Milovac navodi se da su od\" \/>\n<meta name=\"robots\" content=\"index, follow, max-snippet:-1, max-image-preview:large, max-video-preview:-1\" \/>\n<link rel=\"canonical\" href=\"https:\/\/www.visit-ulcinj.com\/blog\/2011\/02\/12\/mans-odgovorio-potpredsjedniku-vlade\/\" \/>\n<meta property=\"og:locale\" content=\"en_US\" \/>\n<meta property=\"og:type\" content=\"article\" \/>\n<meta property=\"og:title\" content=\"Mans odgovorio potpredsjedniku vlade - Video - Lajme nga Ulqini\" \/>\n<meta property=\"og:description\" content=\"Kjubus luks nikako nije referentna firma U saop\u0161tenju kojeg potpisuje MANS-ov direktor programa za urbanizam Dejan Milovac navodi se da su od\" \/>\n<meta property=\"og:url\" content=\"https:\/\/www.visit-ulcinj.com\/blog\/2011\/02\/12\/mans-odgovorio-potpredsjedniku-vlade\/\" \/>\n<meta property=\"og:site_name\" content=\"Lajme nga Ulqini\" \/>\n<meta property=\"article:published_time\" content=\"2011-02-12T18:23:06+00:00\" \/>\n<meta property=\"article:modified_time\" content=\"2011-02-12T18:32:35+00:00\" \/>\n<meta property=\"og:image\" content=\"http:\/\/www.visit-ulcinj.com\/blog\/wp-content\/uploads\/2011\/02\/Dejan-Milovac_mans.jpg\" \/>\n<meta name=\"twitter:label1\" content=\"Written by\" \/>\n\t<meta name=\"twitter:data1\" content=\"ulqini\" \/>\n\t<meta name=\"twitter:label2\" content=\"Est. reading time\" \/>\n\t<meta name=\"twitter:data2\" content=\"3 minutes\" \/>\n<script type=\"application\/ld+json\" class=\"yoast-schema-graph\">{\"@context\":\"https:\/\/schema.org\",\"@graph\":[{\"@type\":\"WebSite\",\"@id\":\"https:\/\/www.visit-ulcinj.com\/blog\/#website\",\"url\":\"https:\/\/www.visit-ulcinj.com\/blog\/\",\"name\":\"Lajme nga Ulqini\",\"description\":\"Lajme,Vijesti,Ulqini,Ulqin,Crna Gora,Mali i Zi\",\"potentialAction\":[{\"@type\":\"SearchAction\",\"target\":{\"@type\":\"EntryPoint\",\"urlTemplate\":\"https:\/\/www.visit-ulcinj.com\/blog\/?s={search_term_string}\"},\"query-input\":\"required name=search_term_string\"}],\"inLanguage\":\"en-US\"},{\"@type\":\"ImageObject\",\"inLanguage\":\"en-US\",\"@id\":\"https:\/\/www.visit-ulcinj.com\/blog\/2011\/02\/12\/mans-odgovorio-potpredsjedniku-vlade\/#primaryimage\",\"url\":\"https:\/\/www.visit-ulcinj.com\/blog\/wp-content\/uploads\/2011\/02\/Dejan-Milovac_mans.jpg\",\"contentUrl\":\"https:\/\/www.visit-ulcinj.com\/blog\/wp-content\/uploads\/2011\/02\/Dejan-Milovac_mans.jpg\",\"width\":\"500\",\"height\":\"370\"},{\"@type\":\"WebPage\",\"@id\":\"https:\/\/www.visit-ulcinj.com\/blog\/2011\/02\/12\/mans-odgovorio-potpredsjedniku-vlade\/#webpage\",\"url\":\"https:\/\/www.visit-ulcinj.com\/blog\/2011\/02\/12\/mans-odgovorio-potpredsjedniku-vlade\/\",\"name\":\"Mans odgovorio potpredsjedniku vlade - Video - Lajme nga Ulqini\",\"isPartOf\":{\"@id\":\"https:\/\/www.visit-ulcinj.com\/blog\/#website\"},\"primaryImageOfPage\":{\"@id\":\"https:\/\/www.visit-ulcinj.com\/blog\/2011\/02\/12\/mans-odgovorio-potpredsjedniku-vlade\/#primaryimage\"},\"datePublished\":\"2011-02-12T18:23:06+00:00\",\"dateModified\":\"2011-02-12T18:32:35+00:00\",\"author\":{\"@id\":\"https:\/\/www.visit-ulcinj.com\/blog\/#\/schema\/person\/dcab619c614d3038751c63bc2aadc06d\"},\"description\":\"Kjubus luks nikako nije referentna firma U saop\u0161tenju kojeg potpisuje MANS-ov direktor programa za urbanizam Dejan Milovac navodi se da su od\",\"breadcrumb\":{\"@id\":\"https:\/\/www.visit-ulcinj.com\/blog\/2011\/02\/12\/mans-odgovorio-potpredsjedniku-vlade\/#breadcrumb\"},\"inLanguage\":\"en-US\",\"potentialAction\":[{\"@type\":\"ReadAction\",\"target\":[\"https:\/\/www.visit-ulcinj.com\/blog\/2011\/02\/12\/mans-odgovorio-potpredsjedniku-vlade\/\"]}]},{\"@type\":\"BreadcrumbList\",\"@id\":\"https:\/\/www.visit-ulcinj.com\/blog\/2011\/02\/12\/mans-odgovorio-potpredsjedniku-vlade\/#breadcrumb\",\"itemListElement\":[{\"@type\":\"ListItem\",\"position\":1,\"name\":\"Mans odgovorio potpredsjedniku vlade &#8211; Video\"}]},{\"@type\":\"Person\",\"@id\":\"https:\/\/www.visit-ulcinj.com\/blog\/#\/schema\/person\/dcab619c614d3038751c63bc2aadc06d\",\"name\":\"ulqini\",\"sameAs\":[\"http:\/\/www.visit-ulcinj.com\"],\"url\":\"https:\/\/www.visit-ulcinj.com\/blog\/author\/admin\/\"}]}<\/script>\n<!-- \/ Yoast SEO plugin. -->","yoast_head_json":{"title":"Mans odgovorio potpredsjedniku vlade - Video - Lajme nga Ulqini","description":"Kjubus luks nikako nije referentna firma U saop\u0161tenju kojeg potpisuje MANS-ov direktor programa za urbanizam Dejan Milovac navodi se da su od","robots":{"index":"index","follow":"follow","max-snippet":"max-snippet:-1","max-image-preview":"max-image-preview:large","max-video-preview":"max-video-preview:-1"},"canonical":"https:\/\/www.visit-ulcinj.com\/blog\/2011\/02\/12\/mans-odgovorio-potpredsjedniku-vlade\/","og_locale":"en_US","og_type":"article","og_title":"Mans odgovorio potpredsjedniku vlade - Video - Lajme nga Ulqini","og_description":"Kjubus luks nikako nije referentna firma U saop\u0161tenju kojeg potpisuje MANS-ov direktor programa za urbanizam Dejan Milovac navodi se da su od","og_url":"https:\/\/www.visit-ulcinj.com\/blog\/2011\/02\/12\/mans-odgovorio-potpredsjedniku-vlade\/","og_site_name":"Lajme nga Ulqini","article_published_time":"2011-02-12T18:23:06+00:00","article_modified_time":"2011-02-12T18:32:35+00:00","og_image":[{"url":"http:\/\/www.visit-ulcinj.com\/blog\/wp-content\/uploads\/2011\/02\/Dejan-Milovac_mans.jpg"}],"twitter_misc":{"Written by":"ulqini","Est. reading time":"3 minutes"},"schema":{"@context":"https:\/\/schema.org","@graph":[{"@type":"WebSite","@id":"https:\/\/www.visit-ulcinj.com\/blog\/#website","url":"https:\/\/www.visit-ulcinj.com\/blog\/","name":"Lajme nga Ulqini","description":"Lajme,Vijesti,Ulqini,Ulqin,Crna Gora,Mali i Zi","potentialAction":[{"@type":"SearchAction","target":{"@type":"EntryPoint","urlTemplate":"https:\/\/www.visit-ulcinj.com\/blog\/?s={search_term_string}"},"query-input":"required name=search_term_string"}],"inLanguage":"en-US"},{"@type":"ImageObject","inLanguage":"en-US","@id":"https:\/\/www.visit-ulcinj.com\/blog\/2011\/02\/12\/mans-odgovorio-potpredsjedniku-vlade\/#primaryimage","url":"https:\/\/www.visit-ulcinj.com\/blog\/wp-content\/uploads\/2011\/02\/Dejan-Milovac_mans.jpg","contentUrl":"https:\/\/www.visit-ulcinj.com\/blog\/wp-content\/uploads\/2011\/02\/Dejan-Milovac_mans.jpg","width":"500","height":"370"},{"@type":"WebPage","@id":"https:\/\/www.visit-ulcinj.com\/blog\/2011\/02\/12\/mans-odgovorio-potpredsjedniku-vlade\/#webpage","url":"https:\/\/www.visit-ulcinj.com\/blog\/2011\/02\/12\/mans-odgovorio-potpredsjedniku-vlade\/","name":"Mans odgovorio potpredsjedniku vlade - Video - Lajme nga Ulqini","isPartOf":{"@id":"https:\/\/www.visit-ulcinj.com\/blog\/#website"},"primaryImageOfPage":{"@id":"https:\/\/www.visit-ulcinj.com\/blog\/2011\/02\/12\/mans-odgovorio-potpredsjedniku-vlade\/#primaryimage"},"datePublished":"2011-02-12T18:23:06+00:00","dateModified":"2011-02-12T18:32:35+00:00","author":{"@id":"https:\/\/www.visit-ulcinj.com\/blog\/#\/schema\/person\/dcab619c614d3038751c63bc2aadc06d"},"description":"Kjubus luks nikako nije referentna firma U saop\u0161tenju kojeg potpisuje MANS-ov direktor programa za urbanizam Dejan Milovac navodi se da su od","breadcrumb":{"@id":"https:\/\/www.visit-ulcinj.com\/blog\/2011\/02\/12\/mans-odgovorio-potpredsjedniku-vlade\/#breadcrumb"},"inLanguage":"en-US","potentialAction":[{"@type":"ReadAction","target":["https:\/\/www.visit-ulcinj.com\/blog\/2011\/02\/12\/mans-odgovorio-potpredsjedniku-vlade\/"]}]},{"@type":"BreadcrumbList","@id":"https:\/\/www.visit-ulcinj.com\/blog\/2011\/02\/12\/mans-odgovorio-potpredsjedniku-vlade\/#breadcrumb","itemListElement":[{"@type":"ListItem","position":1,"name":"Mans odgovorio potpredsjedniku vlade &#8211; Video"}]},{"@type":"Person","@id":"https:\/\/www.visit-ulcinj.com\/blog\/#\/schema\/person\/dcab619c614d3038751c63bc2aadc06d","name":"ulqini","sameAs":["http:\/\/www.visit-ulcinj.com"],"url":"https:\/\/www.visit-ulcinj.com\/blog\/author\/admin\/"}]}},"jetpack_featured_media_url":"","jetpack_sharing_enabled":true,"jetpack_shortlink":"https:\/\/wp.me\/pe6lTn-bgp","_links":{"self":[{"href":"https:\/\/www.visit-ulcinj.com\/blog\/wp-json\/wp\/v2\/posts\/43301"}],"collection":[{"href":"https:\/\/www.visit-ulcinj.com\/blog\/wp-json\/wp\/v2\/posts"}],"about":[{"href":"https:\/\/www.visit-ulcinj.com\/blog\/wp-json\/wp\/v2\/types\/post"}],"author":[{"embeddable":true,"href":"https:\/\/www.visit-ulcinj.com\/blog\/wp-json\/wp\/v2\/users\/1"}],"replies":[{"embeddable":true,"href":"https:\/\/www.visit-ulcinj.com\/blog\/wp-json\/wp\/v2\/comments?post=43301"}],"version-history":[{"count":0,"href":"https:\/\/www.visit-ulcinj.com\/blog\/wp-json\/wp\/v2\/posts\/43301\/revisions"}],"wp:attachment":[{"href":"https:\/\/www.visit-ulcinj.com\/blog\/wp-json\/wp\/v2\/media?parent=43301"}],"wp:term":[{"taxonomy":"category","embeddable":true,"href":"https:\/\/www.visit-ulcinj.com\/blog\/wp-json\/wp\/v2\/categories?post=43301"},{"taxonomy":"post_tag","embeddable":true,"href":"https:\/\/www.visit-ulcinj.com\/blog\/wp-json\/wp\/v2\/tags?post=43301"}],"curies":[{"name":"wp","href":"https:\/\/api.w.org\/{rel}","templated":true}]}}