{"id":43331,"date":"2011-02-13T18:13:35","date_gmt":"2011-02-13T17:13:35","guid":{"rendered":"http:\/\/www.visit-ulcinj.com\/blog\/?p=43331"},"modified":"2011-02-13T18:13:35","modified_gmt":"2011-02-13T17:13:35","slug":"mans-ce-dostaviti-finansijske-izvjestaje-premijeru-igoru-luksicu-i-drzavnom-tuziocu-ranki-carapic","status":"publish","type":"post","link":"https:\/\/www.visit-ulcinj.com\/blog\/2011\/02\/13\/mans-ce-dostaviti-finansijske-izvjestaje-premijeru-igoru-luksicu-i-drzavnom-tuziocu-ranki-carapic\/","title":{"rendered":"MANS \u0107e dostaviti finansijske izvje\u0161taje premijeru Igoru Luk\u0161i\u0107u i dr\u017eavnom tu\u017eiocu Ranki \u010carapi\u0107"},"content":{"rendered":"<p><a href=\"http:\/\/www.visit-ulcinj.com\/blog\/wp-content\/uploads\/2011\/02\/Ranka-Carapic.jpg\"><img loading=\"lazy\" class=\"alignleft size-full wp-image-43333\" title=\"Ranka Carapic\" src=\"http:\/\/www.visit-ulcinj.com\/blog\/wp-content\/uploads\/2011\/02\/Ranka-Carapic.jpg\" alt=\"\" width=\"370\" height=\"300\" \/><\/a>MANS \u0107e po\u010detkom naredne sedmice Premijeru i predsjedniku Savjeta za privatizaciju Igoru Luk\u0161i\u0107u i Vrhovnom dr\u017eavnom tu\u017eiocu Ranki \u010carapi\u0107 dostaviti finansijske izvje\u0161taje \u201cCubus Lux-a\u201d, kompanije koja je pobijedila na tenderu za dugoro\u010dni zakup uvale Valdanos kraj Ulcinja.<br \/>\nFinansijski izvje\u0161taji koji obuhvataju sve kompanije Cubus Lux-a \u0107e od ponedjeljka biti dostupni i na sajtu MANS-a (<strong><a href=\"http:\/\/www.mans.co.me\/\" target=\"_blank\">www.mans.co.me<\/a><\/strong>) nakon \u010dega \u0107e kabinet Vujice Lazovi\u0107a, nadamo se, kona\u010dno prestati sa manipulacijama i obmanom crnogorske javnosti.<br \/>\nIzvje\u0161taji koji pokrivaju period od 2003. do 2010. godine pokazuju da je britanska komapnija \u201cCubus Lux\u201d samo jedne godine poslovala sa profitom, \u0161to je automatski diskvalifikuje sa tendera za zakup Valdanosa.<br \/>\nGubitak za 2003. godinu je iznosio 265.000 funti, za 2004. godinu 453.000 funti, za 2005. godinu 497.000 funti, dok je u periodu 2006 \u2013 2007. godinu ukupni gubitak bio na nivou od oko 130.000 funti. Izvje\u0161taj koji je ura\u0111en 31. marta 2008. godine za prethodni period pokazuje da je kompanija poslovala sa profitom od oko 4.9 miliona funti. Nakon te godine, izvje\u0161taji koji su izra\u0111eni u martu 2009. i 2010. godine, pokazuju da je kompanija ponovo u\u0161la u gubitke koji se iz godine u godinu pove\u0107avaju.<br \/>\nPosljednji polugodi\u0161nji izvje\u0161taj koji je ura\u0111en u septembru 2010. godine je tako\u0111e pokazao gubitke na nivou od 1.4 miliona funti.<br \/>\nIz navedenih podataka je sasvim jasno da Cubus Lux nije mogao zadovoljiti uslov da u zadnjih 5 kalendarskih godine, tri godine posluje bez gubitaka.<br \/>\nNa\u017ealost, ovo jesu \u010dinjenice, ma koliko Vujica Lazovi\u0107 poku\u0161avao da izmanipuli\u0161e javnost.<br \/>\n\u0160to se ti\u010de deset kompanija koje posluju u sklopu Cubus Lux-a, na koje se poziva Vujica Lazovi\u0107, posljednji finansijski izvje\u0161taji pokazuju da su sve kompanije poslovale sa gubitkom kao i da Cubus razmatra opciju da proda najmanje dvije kompanije u Hrvatskoj i to projekat Olive Island marine i kazino u Puli. Izvje\u0161taj tako\u0111e pokazuje da Cubus Lux ima problema i sa otplatom vi\u0161emilionskih kredita ka Hypo Alpe Adria Banci i Erste banci.<br \/>\n\u0160to se ti\u010de bankarskih garancija za razvoj projekta i zakupninu, bilo bi dobro ukoliko bi poptredsjednik Vlade Lazovi\u0107 mogao sa njima da upozna javnost Crne Gore jer je njihovo postojanje u najmanju ruku dovodi u pitanje. U svojoj izjavi od pro\u0161log petka Lazovi\u0107 je rekao da \u201cu okviru Ugovora postoje garancije, kojima \u0107e biti pokrivene sve aktivnosti na projektu\u201d. Samo dan ranije\u201d iz Vlade smo \u010duli da \u201cu slu\u010daju da Vlada ne dobije garancije Ugovor sa ovom kompanijom ne\u0107e biti zaklju\u010den, pa se bi bilo neophodno na \u010dujemo kona\u010dno da li garancije postoje ili ne.<br \/>\nIstovremeno, u izvje\u0161tajima Cubus Lux-a nakon tendera se navodi da \u201ckompanija i dalje treba da obezbijedi sredstva kojima \u0107e finansirati projekat, kao i da o\u010dekuje da \u0107e kredite uspjeti da dobije od lokalnih crnogorskih banaka\u201d. Ovo su samo neke od nelogi\u010dnosti kojima bi Vrhovni dr\u017eavni tu\u017eilac mogao da se pozabavi.<br \/>\nSmatramo da \u0107e i sami finansijski izvje\u0161taji Cubus Lux-a biti dovoljni predsjedniku Savjeta za privatizaciju Igoru Luk\u0161i\u0107u da pokrene postupak poni\u0161tavanja odluke o davanju u dugoro\u010dni zakup uvale Valdanos.<br \/>\nPored toga, MANS \u0107e tokom naredne sedmice o slu\u010daju Valdanos detaljno obavijestiti i relevante me\u0111unarodne institucije koje prate situaciju u Crnoj Gori.<br \/>\n<a href=\"http:\/\/www.mans.co.me\/\" target=\"_blank\"><strong>Dejan Milovac<br \/>\nDirektor programa za urbanizam<\/strong><\/a><\/p>\n<p><a href=\"http:\/\/www.mans.co.me\/\" target=\"_blank\"><strong>MANS<\/strong><\/a><br \/>\n<!--YouTube Error: bad URL entered--><\/p>\n","protected":false},"excerpt":{"rendered":"<p>MANS \u0107e po\u010detkom naredne sedmice Premijeru i predsjedniku Savjeta za privatizaciju Igoru Luk\u0161i\u0107u i Vrhovnom dr\u017eavnom tu\u017eiocu Ranki \u010carapi\u0107 dostaviti finansijske izvje\u0161taje \u201cCubus Lux-a\u201d, kompanije koja je pobijedila na tenderu za dugoro\u010dni zakup uvale Valdanos kraj Ulcinja. Finansijski izvje\u0161taji koji obuhvataju sve kompanije Cubus Lux-a \u0107e od ponedjeljka biti dostupni i na sajtu MANS-a (www.mans.co.me) [&hellip;]<\/p>\n","protected":false},"author":1,"featured_media":0,"comment_status":"open","ping_status":"closed","sticky":false,"template":"","format":"standard","meta":{"spay_email":"","jetpack_publicize_message":"","jetpack_is_tweetstorm":false,"jetpack_publicize_feature_enabled":true},"categories":[8337],"tags":[20,10781,17298,17208,3150,19,136,434,13062],"jetpack_publicize_connections":[],"yoast_head":"<!-- This site is optimized with the Yoast SEO plugin v19.1 - https:\/\/yoast.com\/wordpress\/plugins\/seo\/ -->\n<title>MANS \u0107e dostaviti finansijske izvje\u0161taje premijeru Igoru Luk\u0161i\u0107u i dr\u017eavnom tu\u017eiocu Ranki \u010carapi\u0107 - Lajme nga Ulqini<\/title>\n<meta name=\"description\" content=\"MANS \u0107e po\u010detkom naredne sedmice Premijeru i predsjedniku Savjeta za privatizaciju Igoru Luk\u0161i\u0107u i Vrhovnom dr\u017eavnom tu\u017eiocu Ranki \u010carapi\u0107 dostaviti\" \/>\n<meta name=\"robots\" content=\"index, follow, max-snippet:-1, max-image-preview:large, max-video-preview:-1\" \/>\n<link rel=\"canonical\" href=\"https:\/\/www.visit-ulcinj.com\/blog\/2011\/02\/13\/mans-ce-dostaviti-finansijske-izvjestaje-premijeru-igoru-luksicu-i-drzavnom-tuziocu-ranki-carapic\/\" \/>\n<meta property=\"og:locale\" content=\"en_US\" \/>\n<meta property=\"og:type\" content=\"article\" \/>\n<meta property=\"og:title\" content=\"MANS \u0107e dostaviti finansijske izvje\u0161taje premijeru Igoru Luk\u0161i\u0107u i dr\u017eavnom tu\u017eiocu Ranki \u010carapi\u0107 - Lajme nga Ulqini\" \/>\n<meta property=\"og:description\" content=\"MANS \u0107e po\u010detkom naredne sedmice Premijeru i predsjedniku Savjeta za privatizaciju Igoru Luk\u0161i\u0107u i Vrhovnom dr\u017eavnom tu\u017eiocu Ranki \u010carapi\u0107 dostaviti\" \/>\n<meta property=\"og:url\" content=\"https:\/\/www.visit-ulcinj.com\/blog\/2011\/02\/13\/mans-ce-dostaviti-finansijske-izvjestaje-premijeru-igoru-luksicu-i-drzavnom-tuziocu-ranki-carapic\/\" \/>\n<meta property=\"og:site_name\" content=\"Lajme nga Ulqini\" \/>\n<meta property=\"article:published_time\" content=\"2011-02-13T17:13:35+00:00\" \/>\n<meta property=\"og:image\" content=\"http:\/\/www.visit-ulcinj.com\/blog\/wp-content\/uploads\/2011\/02\/Ranka-Carapic.jpg\" \/>\n<meta name=\"twitter:label1\" content=\"Written by\" \/>\n\t<meta name=\"twitter:data1\" content=\"ulqini\" \/>\n\t<meta name=\"twitter:label2\" content=\"Est. reading time\" \/>\n\t<meta name=\"twitter:data2\" content=\"3 minutes\" \/>\n<script type=\"application\/ld+json\" class=\"yoast-schema-graph\">{\"@context\":\"https:\/\/schema.org\",\"@graph\":[{\"@type\":\"WebSite\",\"@id\":\"https:\/\/www.visit-ulcinj.com\/blog\/#website\",\"url\":\"https:\/\/www.visit-ulcinj.com\/blog\/\",\"name\":\"Lajme nga Ulqini\",\"description\":\"Lajme,Vijesti,Ulqini,Ulqin,Crna Gora,Mali i Zi\",\"potentialAction\":[{\"@type\":\"SearchAction\",\"target\":{\"@type\":\"EntryPoint\",\"urlTemplate\":\"https:\/\/www.visit-ulcinj.com\/blog\/?s={search_term_string}\"},\"query-input\":\"required name=search_term_string\"}],\"inLanguage\":\"en-US\"},{\"@type\":\"ImageObject\",\"inLanguage\":\"en-US\",\"@id\":\"https:\/\/www.visit-ulcinj.com\/blog\/2011\/02\/13\/mans-ce-dostaviti-finansijske-izvjestaje-premijeru-igoru-luksicu-i-drzavnom-tuziocu-ranki-carapic\/#primaryimage\",\"url\":\"https:\/\/www.visit-ulcinj.com\/blog\/wp-content\/uploads\/2011\/02\/Ranka-Carapic.jpg\",\"contentUrl\":\"https:\/\/www.visit-ulcinj.com\/blog\/wp-content\/uploads\/2011\/02\/Ranka-Carapic.jpg\",\"width\":\"407\",\"height\":\"302\"},{\"@type\":\"WebPage\",\"@id\":\"https:\/\/www.visit-ulcinj.com\/blog\/2011\/02\/13\/mans-ce-dostaviti-finansijske-izvjestaje-premijeru-igoru-luksicu-i-drzavnom-tuziocu-ranki-carapic\/#webpage\",\"url\":\"https:\/\/www.visit-ulcinj.com\/blog\/2011\/02\/13\/mans-ce-dostaviti-finansijske-izvjestaje-premijeru-igoru-luksicu-i-drzavnom-tuziocu-ranki-carapic\/\",\"name\":\"MANS \u0107e dostaviti finansijske izvje\u0161taje premijeru Igoru Luk\u0161i\u0107u i dr\u017eavnom tu\u017eiocu Ranki \u010carapi\u0107 - Lajme nga Ulqini\",\"isPartOf\":{\"@id\":\"https:\/\/www.visit-ulcinj.com\/blog\/#website\"},\"primaryImageOfPage\":{\"@id\":\"https:\/\/www.visit-ulcinj.com\/blog\/2011\/02\/13\/mans-ce-dostaviti-finansijske-izvjestaje-premijeru-igoru-luksicu-i-drzavnom-tuziocu-ranki-carapic\/#primaryimage\"},\"datePublished\":\"2011-02-13T17:13:35+00:00\",\"dateModified\":\"2011-02-13T17:13:35+00:00\",\"author\":{\"@id\":\"https:\/\/www.visit-ulcinj.com\/blog\/#\/schema\/person\/dcab619c614d3038751c63bc2aadc06d\"},\"description\":\"MANS \u0107e po\u010detkom naredne sedmice Premijeru i predsjedniku Savjeta za privatizaciju Igoru Luk\u0161i\u0107u i Vrhovnom dr\u017eavnom tu\u017eiocu Ranki \u010carapi\u0107 dostaviti\",\"breadcrumb\":{\"@id\":\"https:\/\/www.visit-ulcinj.com\/blog\/2011\/02\/13\/mans-ce-dostaviti-finansijske-izvjestaje-premijeru-igoru-luksicu-i-drzavnom-tuziocu-ranki-carapic\/#breadcrumb\"},\"inLanguage\":\"en-US\",\"potentialAction\":[{\"@type\":\"ReadAction\",\"target\":[\"https:\/\/www.visit-ulcinj.com\/blog\/2011\/02\/13\/mans-ce-dostaviti-finansijske-izvjestaje-premijeru-igoru-luksicu-i-drzavnom-tuziocu-ranki-carapic\/\"]}]},{\"@type\":\"BreadcrumbList\",\"@id\":\"https:\/\/www.visit-ulcinj.com\/blog\/2011\/02\/13\/mans-ce-dostaviti-finansijske-izvjestaje-premijeru-igoru-luksicu-i-drzavnom-tuziocu-ranki-carapic\/#breadcrumb\",\"itemListElement\":[{\"@type\":\"ListItem\",\"position\":1,\"name\":\"MANS \u0107e dostaviti finansijske izvje\u0161taje premijeru Igoru Luk\u0161i\u0107u i dr\u017eavnom tu\u017eiocu Ranki \u010carapi\u0107\"}]},{\"@type\":\"Person\",\"@id\":\"https:\/\/www.visit-ulcinj.com\/blog\/#\/schema\/person\/dcab619c614d3038751c63bc2aadc06d\",\"name\":\"ulqini\",\"sameAs\":[\"http:\/\/www.visit-ulcinj.com\"],\"url\":\"https:\/\/www.visit-ulcinj.com\/blog\/author\/admin\/\"}]}<\/script>\n<!-- \/ Yoast SEO plugin. -->","yoast_head_json":{"title":"MANS \u0107e dostaviti finansijske izvje\u0161taje premijeru Igoru Luk\u0161i\u0107u i dr\u017eavnom tu\u017eiocu Ranki \u010carapi\u0107 - Lajme nga Ulqini","description":"MANS \u0107e po\u010detkom naredne sedmice Premijeru i predsjedniku Savjeta za privatizaciju Igoru Luk\u0161i\u0107u i Vrhovnom dr\u017eavnom tu\u017eiocu Ranki \u010carapi\u0107 dostaviti","robots":{"index":"index","follow":"follow","max-snippet":"max-snippet:-1","max-image-preview":"max-image-preview:large","max-video-preview":"max-video-preview:-1"},"canonical":"https:\/\/www.visit-ulcinj.com\/blog\/2011\/02\/13\/mans-ce-dostaviti-finansijske-izvjestaje-premijeru-igoru-luksicu-i-drzavnom-tuziocu-ranki-carapic\/","og_locale":"en_US","og_type":"article","og_title":"MANS \u0107e dostaviti finansijske izvje\u0161taje premijeru Igoru Luk\u0161i\u0107u i dr\u017eavnom tu\u017eiocu Ranki \u010carapi\u0107 - Lajme nga Ulqini","og_description":"MANS \u0107e po\u010detkom naredne sedmice Premijeru i predsjedniku Savjeta za privatizaciju Igoru Luk\u0161i\u0107u i Vrhovnom dr\u017eavnom tu\u017eiocu Ranki \u010carapi\u0107 dostaviti","og_url":"https:\/\/www.visit-ulcinj.com\/blog\/2011\/02\/13\/mans-ce-dostaviti-finansijske-izvjestaje-premijeru-igoru-luksicu-i-drzavnom-tuziocu-ranki-carapic\/","og_site_name":"Lajme nga Ulqini","article_published_time":"2011-02-13T17:13:35+00:00","og_image":[{"url":"http:\/\/www.visit-ulcinj.com\/blog\/wp-content\/uploads\/2011\/02\/Ranka-Carapic.jpg"}],"twitter_misc":{"Written by":"ulqini","Est. reading time":"3 minutes"},"schema":{"@context":"https:\/\/schema.org","@graph":[{"@type":"WebSite","@id":"https:\/\/www.visit-ulcinj.com\/blog\/#website","url":"https:\/\/www.visit-ulcinj.com\/blog\/","name":"Lajme nga Ulqini","description":"Lajme,Vijesti,Ulqini,Ulqin,Crna Gora,Mali i Zi","potentialAction":[{"@type":"SearchAction","target":{"@type":"EntryPoint","urlTemplate":"https:\/\/www.visit-ulcinj.com\/blog\/?s={search_term_string}"},"query-input":"required name=search_term_string"}],"inLanguage":"en-US"},{"@type":"ImageObject","inLanguage":"en-US","@id":"https:\/\/www.visit-ulcinj.com\/blog\/2011\/02\/13\/mans-ce-dostaviti-finansijske-izvjestaje-premijeru-igoru-luksicu-i-drzavnom-tuziocu-ranki-carapic\/#primaryimage","url":"https:\/\/www.visit-ulcinj.com\/blog\/wp-content\/uploads\/2011\/02\/Ranka-Carapic.jpg","contentUrl":"https:\/\/www.visit-ulcinj.com\/blog\/wp-content\/uploads\/2011\/02\/Ranka-Carapic.jpg","width":"407","height":"302"},{"@type":"WebPage","@id":"https:\/\/www.visit-ulcinj.com\/blog\/2011\/02\/13\/mans-ce-dostaviti-finansijske-izvjestaje-premijeru-igoru-luksicu-i-drzavnom-tuziocu-ranki-carapic\/#webpage","url":"https:\/\/www.visit-ulcinj.com\/blog\/2011\/02\/13\/mans-ce-dostaviti-finansijske-izvjestaje-premijeru-igoru-luksicu-i-drzavnom-tuziocu-ranki-carapic\/","name":"MANS \u0107e dostaviti finansijske izvje\u0161taje premijeru Igoru Luk\u0161i\u0107u i dr\u017eavnom tu\u017eiocu Ranki \u010carapi\u0107 - Lajme nga Ulqini","isPartOf":{"@id":"https:\/\/www.visit-ulcinj.com\/blog\/#website"},"primaryImageOfPage":{"@id":"https:\/\/www.visit-ulcinj.com\/blog\/2011\/02\/13\/mans-ce-dostaviti-finansijske-izvjestaje-premijeru-igoru-luksicu-i-drzavnom-tuziocu-ranki-carapic\/#primaryimage"},"datePublished":"2011-02-13T17:13:35+00:00","dateModified":"2011-02-13T17:13:35+00:00","author":{"@id":"https:\/\/www.visit-ulcinj.com\/blog\/#\/schema\/person\/dcab619c614d3038751c63bc2aadc06d"},"description":"MANS \u0107e po\u010detkom naredne sedmice Premijeru i predsjedniku Savjeta za privatizaciju Igoru Luk\u0161i\u0107u i Vrhovnom dr\u017eavnom tu\u017eiocu Ranki \u010carapi\u0107 dostaviti","breadcrumb":{"@id":"https:\/\/www.visit-ulcinj.com\/blog\/2011\/02\/13\/mans-ce-dostaviti-finansijske-izvjestaje-premijeru-igoru-luksicu-i-drzavnom-tuziocu-ranki-carapic\/#breadcrumb"},"inLanguage":"en-US","potentialAction":[{"@type":"ReadAction","target":["https:\/\/www.visit-ulcinj.com\/blog\/2011\/02\/13\/mans-ce-dostaviti-finansijske-izvjestaje-premijeru-igoru-luksicu-i-drzavnom-tuziocu-ranki-carapic\/"]}]},{"@type":"BreadcrumbList","@id":"https:\/\/www.visit-ulcinj.com\/blog\/2011\/02\/13\/mans-ce-dostaviti-finansijske-izvjestaje-premijeru-igoru-luksicu-i-drzavnom-tuziocu-ranki-carapic\/#breadcrumb","itemListElement":[{"@type":"ListItem","position":1,"name":"MANS \u0107e dostaviti finansijske izvje\u0161taje premijeru Igoru Luk\u0161i\u0107u i dr\u017eavnom tu\u017eiocu Ranki \u010carapi\u0107"}]},{"@type":"Person","@id":"https:\/\/www.visit-ulcinj.com\/blog\/#\/schema\/person\/dcab619c614d3038751c63bc2aadc06d","name":"ulqini","sameAs":["http:\/\/www.visit-ulcinj.com"],"url":"https:\/\/www.visit-ulcinj.com\/blog\/author\/admin\/"}]}},"jetpack_featured_media_url":"","jetpack_sharing_enabled":true,"jetpack_shortlink":"https:\/\/wp.me\/pe6lTn-bgT","_links":{"self":[{"href":"https:\/\/www.visit-ulcinj.com\/blog\/wp-json\/wp\/v2\/posts\/43331"}],"collection":[{"href":"https:\/\/www.visit-ulcinj.com\/blog\/wp-json\/wp\/v2\/posts"}],"about":[{"href":"https:\/\/www.visit-ulcinj.com\/blog\/wp-json\/wp\/v2\/types\/post"}],"author":[{"embeddable":true,"href":"https:\/\/www.visit-ulcinj.com\/blog\/wp-json\/wp\/v2\/users\/1"}],"replies":[{"embeddable":true,"href":"https:\/\/www.visit-ulcinj.com\/blog\/wp-json\/wp\/v2\/comments?post=43331"}],"version-history":[{"count":0,"href":"https:\/\/www.visit-ulcinj.com\/blog\/wp-json\/wp\/v2\/posts\/43331\/revisions"}],"wp:attachment":[{"href":"https:\/\/www.visit-ulcinj.com\/blog\/wp-json\/wp\/v2\/media?parent=43331"}],"wp:term":[{"taxonomy":"category","embeddable":true,"href":"https:\/\/www.visit-ulcinj.com\/blog\/wp-json\/wp\/v2\/categories?post=43331"},{"taxonomy":"post_tag","embeddable":true,"href":"https:\/\/www.visit-ulcinj.com\/blog\/wp-json\/wp\/v2\/tags?post=43331"}],"curies":[{"name":"wp","href":"https:\/\/api.w.org\/{rel}","templated":true}]}}