{"id":43357,"date":"2011-02-14T15:55:02","date_gmt":"2011-02-14T14:55:02","guid":{"rendered":"http:\/\/www.visit-ulcinj.com\/blog\/?p=43357"},"modified":"2011-02-15T23:35:02","modified_gmt":"2011-02-15T22:35:02","slug":"forca-re-demokratike-procesi-i-regjistrimit-eshte-politizuar","status":"publish","type":"post","link":"https:\/\/www.visit-ulcinj.com\/blog\/2011\/02\/14\/forca-re-demokratike-procesi-i-regjistrimit-eshte-politizuar\/","title":{"rendered":"Forca Re Demokratike: Procesi i regjistrimit \u00ebsht\u00eb politizuar"},"content":{"rendered":"<p><strong><a href=\"http:\/\/www.visit-ulcinj.com\/blog\/wp-content\/uploads\/2011\/02\/Nail_Draga_Forca-e-re_ulqin.jpg\"><img loading=\"lazy\" class=\"alignleft size-full wp-image-43359\" title=\"Nail_Draga_Forca e re_ulqin\" src=\"http:\/\/www.visit-ulcinj.com\/blog\/wp-content\/uploads\/2011\/02\/Nail_Draga_Forca-e-re_ulqin.jpg\" alt=\"\" width=\"350\" height=\"520\" \/><\/a>Forca e Re Demokratike\u00a0k\u00ebrkon q\u00eb t\u00eb b\u00ebhet\u00a0regjistrimi edhe i diaspor\u00ebs\u00a0shqiptare pasi q\u00eb, sipas\u00a0disa t\u00eb dh\u00ebnave, \u201c\u00e7do i treti\u00a0shqiptar n\u00eb Mal t\u00eb Zi jeton\u00a0n\u00eb bot\u00ebn e jashtme\u201d. Dr.\u00a0Nail Draga ka th\u00ebn\u00eb se \u201cpasi\u00a0nj\u00eb num\u00ebr i konsideruar\u00a0i tyre ende \u00ebsht\u00eb n\u00eb listat\u00a0zgjedhore, ata duhet t\u00eb\u00a0ken\u00eb trajtim t\u00eb barabart\u00eb si\u00a0qytetar\u00ebt e tjer\u00eb\u201d.<\/strong><\/p>\n<p>Ulqin \u2013 Forca e Re Demokratike ka vler\u00ebsuar\u00a0se procesi i regjistrimit t\u00eb popullsis\u00eb\u00a0n\u00eb Mal t\u00eb Zi \u00ebsht\u00eb politizuar ende pa filluar\u00a0p\u00ebrgatitjet p\u00ebr k\u00ebt\u00eb proces.\u00a0P\u00ebr k\u00ebt\u00eb parti, nj\u00eb veprim i till\u00eb nuk p\u00ebrb\u00ebn\u00a0befasi sepse n\u00eb m\u00ebnyr\u00eb t\u00eb nj\u00ebjt\u00eb \u00ebsht\u00eb vepruar\u00a0edhe n\u00eb regjistrimin e fundit t\u00eb popullsis\u00eb\u00a0n\u00eb vitin 2003.\u00a0\u201cN\u00eb ket\u00eb politizim jan\u00eb ky\u00e7ur edhe subjektet\u00a0politike t\u00eb cilat regjistrimin e trajtojn\u00eb\u00a0si \u00e7\u00ebshtje politike e jo statistike. N\u00eb ket\u00eb aspekt\u00a0m\u00eb t\u00eb z\u00ebsh\u00ebm jan\u00eb subjektet politike\u00a0serbe, t\u00eb cil\u00ebt kan\u00eb shprehur shqet\u00ebsimin\u00a0e tyre se pushteti mund t\u00eb manipuloj\u00eb me\u00a0numrin e serb\u00ebve duke tentuar zvog\u00eblimin\u00a0e tyre\u201d, ka th\u00ebn\u00eb t\u00eb mart\u00ebn n\u00eb konferenc\u00ebn\u00a0p\u00ebr shtyp, dr. Nail Draga, an\u00ebtar i kryesis\u00eb\u00a0s\u00eb Forc\u00ebs.\u00a0Ai ka th\u00ebn\u00eb se \u201c\u00e7\u00ebshtja e regjistrimit t\u00eb popullsis\u00eb\u00a0dhe e deklarimit t\u00eb p\u00ebrkat\u00ebsis\u00eb nacionale,\u00a0gjuh\u00ebsore dhe fetare \u00ebsht\u00eb \u00e7\u00ebshtje\u00a0individuale e qytetar\u00ebve dhe nuk duhet t\u00eb \u00a0kemi paragjykime si m\u00eb par\u00eb n\u00eb koh\u00ebn e\u00a0monizmit\u201d.\u00a0Sipas tij, regjistrimi i popullsis\u00eb i vitit 2003\u00a0ka d\u00ebshmuar se Mali i Zi \u00ebsht\u00eb mjedis tipik\u00a0multinacional, multigjuh\u00ebsor dhe multikonfesional,\u00a0si asnj\u00eb vend tjet\u00ebr n\u00eb Evrop\u00ebn\u00a0Juglindore.\u00a0Forca e Re Demokratike k\u00ebrkon q\u00eb t\u00eb b\u00ebhet\u00a0regjistrimi edhe i diaspor\u00ebs shqiptare pasi\u00a0q\u00eb, sipas disa t\u00eb dh\u00ebnave, \u201c\u00e7do i treti shqiptar\u00a0n\u00eb Mal t\u00eb Zi jeton n\u00eb bot\u00ebn e jashtme\u201d.\u00a0\u201cPasi nj\u00eb num\u00ebr i konsideruar i tyre ende\u00a0\u00ebsht\u00eb n\u00eb listat zgjedhore, ata duhet t\u00eb\u00a0ken\u00eb trajtim t\u00eb barabart\u00eb si qytetar\u00ebt e\u00a0tjer\u00eb. Sepse nuk duhet harruar kontributin\u00a0e tyre n\u00eb pavar\u00ebsimin e Malit t\u00eb Zi n\u00eb\u00a0maj t\u00eb vitit 2006. Andaj, ata e meritojn\u00eb t\u00eb\u00a0evidentohen sepse jan\u00eb pjes\u00eb e pandar\u00eb e\u00a0popullit ton\u00eb dhe vet\u00ebm n\u00eb k\u00ebt\u00eb m\u00ebnyr\u00eb\u00a0do t\u00eb kemi t\u00eb dh\u00ebna t\u00eb sakta n\u00eb lidhje me\u00a0numrin, vitin e emigrimit, statusin dhe\u00a0vendqendrimin e tyre, si kudo n\u00eb bot\u00ebn e\u00a0qytet\u00ebruar\u201d, ka th\u00ebn\u00eb Draga.\u00a0Forca mendon se rezultatet e regjistrimit\u00a0t\u00eb popullsis\u00eb do t\u00eb ken\u00eb ndikim edhe n\u00eb\u00a0miratimin e Ligjit p\u00ebr zgjedhjen e k\u00ebshilltar\u00ebve\u00a0dhe deputet\u00ebve, sidomos p\u00ebr p\u00ebrfaq\u00ebsimin\u00a0autentik t\u00eb popujve pakic\u00eb n\u00eb\u00a0Mal t\u00eb Zi.\u00a0\u201cKa gjasa q\u00eb pjes\u00ebmarrja e pjes\u00ebtar\u00ebve t\u00eb\u00a0popujve t\u00eb ndrysh\u00ebm, q\u00eb ka t\u00eb b\u00ebj\u00eb kryesisht\u00a0me popujt pakic\u00eb, t\u00eb p\u00ebsoj\u00eb ndryshime\u00a0n\u00eb kuad\u00ebr t\u00eb struktur\u00ebs s\u00eb p\u00ebrgjithshme\u00a0t\u00eb popullsis\u00eb. Pik\u00ebrisht k\u00ebto t\u00eb dh\u00ebna\u00a0numerike do t\u00eb jen\u00eb vendimtare p\u00ebr hartimin\u00a0e Ligjit zgjedhor p\u00ebr k\u00ebshilltar\u00eb dhe\u00a0deputet\u00eb, e sidomos p\u00ebr p\u00ebrfaq\u00ebsimin\u00a0autentik t\u00eb popujve pakic\u00eb n\u00eb Parlamentin\u00a0e Malit t\u00eb Zi\u201d, ka th\u00ebn\u00eb Draga n\u00eb konferenc\u00ebn\u00a0p\u00ebr shtyp.\u00a0Regjistrimi i popullsis\u00eb n\u00eb Mal t\u00eb Zi do t\u00eb\u00a0b\u00ebhet nga Monstati prej dat\u00ebs 1-15 prill\u00a0dhe \u00ebsht\u00eb i pari q\u00eb kur Mali i Zi ka fituar\u00a0pavar\u00ebsin\u00eb n\u00eb vitin 2006.<\/p>\n<p><strong>Kohapress<br \/>\n[flv]http:\/\/www.rtcg.me\/images\/biblioteka\/audio_video_arhiva\/replika_03022011.flv[\/flv]<\/strong><\/p>\n","protected":false},"excerpt":{"rendered":"<p>Forca e Re Demokratike\u00a0k\u00ebrkon q\u00eb t\u00eb b\u00ebhet\u00a0regjistrimi edhe i diaspor\u00ebs\u00a0shqiptare pasi q\u00eb, sipas\u00a0disa t\u00eb dh\u00ebnave, \u201c\u00e7do i treti\u00a0shqiptar n\u00eb Mal t\u00eb Zi jeton\u00a0n\u00eb bot\u00ebn e jashtme\u201d. Dr.\u00a0Nail Draga ka th\u00ebn\u00eb se \u201cpasi\u00a0nj\u00eb num\u00ebr i konsideruar\u00a0i tyre ende \u00ebsht\u00eb n\u00eb listat\u00a0zgjedhore, ata duhet t\u00eb\u00a0ken\u00eb trajtim t\u00eb barabart\u00eb si\u00a0qytetar\u00ebt e tjer\u00eb\u201d. Ulqin \u2013 Forca e Re Demokratike [&hellip;]<\/p>\n","protected":false},"author":1,"featured_media":0,"comment_status":"open","ping_status":"closed","sticky":false,"template":"","format":"standard","meta":{"spay_email":"","jetpack_publicize_message":"","jetpack_is_tweetstorm":false,"jetpack_publicize_feature_enabled":true},"categories":[13],"tags":[17299,318,14030,753,200],"jetpack_publicize_connections":[],"yoast_head":"<!-- This site is optimized with the Yoast SEO plugin v19.1 - https:\/\/yoast.com\/wordpress\/plugins\/seo\/ -->\n<title>Forca Re Demokratike: Procesi i regjistrimit \u00ebsht\u00eb politizuar - Lajme nga Ulqini<\/title>\n<meta name=\"description\" content=\"Forca e Re Demokratike\u00a0k\u00ebrkon q\u00eb t\u00eb b\u00ebhet\u00a0regjistrimi edhe i diaspor\u00ebs\u00a0shqiptare pasi q\u00eb, sipas\u00a0disa t\u00eb dh\u00ebnave, \u201c\u00e7do i treti\u00a0shqiptar n\u00eb Mal t\u00eb Zi\" \/>\n<meta name=\"robots\" content=\"index, follow, max-snippet:-1, max-image-preview:large, max-video-preview:-1\" \/>\n<link rel=\"canonical\" href=\"https:\/\/www.visit-ulcinj.com\/blog\/2011\/02\/14\/forca-re-demokratike-procesi-i-regjistrimit-eshte-politizuar\/\" \/>\n<meta property=\"og:locale\" content=\"en_US\" \/>\n<meta property=\"og:type\" content=\"article\" \/>\n<meta property=\"og:title\" content=\"Forca Re Demokratike: Procesi i regjistrimit \u00ebsht\u00eb politizuar - Lajme nga Ulqini\" \/>\n<meta property=\"og:description\" content=\"Forca e Re Demokratike\u00a0k\u00ebrkon q\u00eb t\u00eb b\u00ebhet\u00a0regjistrimi edhe i diaspor\u00ebs\u00a0shqiptare pasi q\u00eb, sipas\u00a0disa t\u00eb dh\u00ebnave, \u201c\u00e7do i treti\u00a0shqiptar n\u00eb Mal t\u00eb Zi\" \/>\n<meta property=\"og:url\" content=\"https:\/\/www.visit-ulcinj.com\/blog\/2011\/02\/14\/forca-re-demokratike-procesi-i-regjistrimit-eshte-politizuar\/\" \/>\n<meta property=\"og:site_name\" content=\"Lajme nga Ulqini\" \/>\n<meta property=\"article:published_time\" content=\"2011-02-14T14:55:02+00:00\" \/>\n<meta property=\"article:modified_time\" content=\"2011-02-15T22:35:02+00:00\" \/>\n<meta property=\"og:image\" content=\"http:\/\/www.visit-ulcinj.com\/blog\/wp-content\/uploads\/2011\/02\/Nail_Draga_Forca-e-re_ulqin.jpg\" \/>\n<meta name=\"twitter:label1\" content=\"Written by\" \/>\n\t<meta name=\"twitter:data1\" content=\"ulqini\" \/>\n\t<meta name=\"twitter:label2\" content=\"Est. reading time\" \/>\n\t<meta name=\"twitter:data2\" content=\"3 minutes\" \/>\n<script type=\"application\/ld+json\" class=\"yoast-schema-graph\">{\"@context\":\"https:\/\/schema.org\",\"@graph\":[{\"@type\":\"WebSite\",\"@id\":\"https:\/\/www.visit-ulcinj.com\/blog\/#website\",\"url\":\"https:\/\/www.visit-ulcinj.com\/blog\/\",\"name\":\"Lajme nga Ulqini\",\"description\":\"Lajme,Vijesti,Ulqini,Ulqin,Crna Gora,Mali i Zi\",\"potentialAction\":[{\"@type\":\"SearchAction\",\"target\":{\"@type\":\"EntryPoint\",\"urlTemplate\":\"https:\/\/www.visit-ulcinj.com\/blog\/?s={search_term_string}\"},\"query-input\":\"required name=search_term_string\"}],\"inLanguage\":\"en-US\"},{\"@type\":\"ImageObject\",\"inLanguage\":\"en-US\",\"@id\":\"https:\/\/www.visit-ulcinj.com\/blog\/2011\/02\/14\/forca-re-demokratike-procesi-i-regjistrimit-eshte-politizuar\/#primaryimage\",\"url\":\"https:\/\/www.visit-ulcinj.com\/blog\/wp-content\/uploads\/2011\/02\/Nail_Draga_Forca-e-re_ulqin.jpg\",\"contentUrl\":\"https:\/\/www.visit-ulcinj.com\/blog\/wp-content\/uploads\/2011\/02\/Nail_Draga_Forca-e-re_ulqin.jpg\",\"width\":\"580\",\"height\":\"728\"},{\"@type\":\"WebPage\",\"@id\":\"https:\/\/www.visit-ulcinj.com\/blog\/2011\/02\/14\/forca-re-demokratike-procesi-i-regjistrimit-eshte-politizuar\/#webpage\",\"url\":\"https:\/\/www.visit-ulcinj.com\/blog\/2011\/02\/14\/forca-re-demokratike-procesi-i-regjistrimit-eshte-politizuar\/\",\"name\":\"Forca Re Demokratike: Procesi i regjistrimit \u00ebsht\u00eb politizuar - Lajme nga Ulqini\",\"isPartOf\":{\"@id\":\"https:\/\/www.visit-ulcinj.com\/blog\/#website\"},\"primaryImageOfPage\":{\"@id\":\"https:\/\/www.visit-ulcinj.com\/blog\/2011\/02\/14\/forca-re-demokratike-procesi-i-regjistrimit-eshte-politizuar\/#primaryimage\"},\"datePublished\":\"2011-02-14T14:55:02+00:00\",\"dateModified\":\"2011-02-15T22:35:02+00:00\",\"author\":{\"@id\":\"https:\/\/www.visit-ulcinj.com\/blog\/#\/schema\/person\/dcab619c614d3038751c63bc2aadc06d\"},\"description\":\"Forca e Re Demokratike\u00a0k\u00ebrkon q\u00eb t\u00eb b\u00ebhet\u00a0regjistrimi edhe i diaspor\u00ebs\u00a0shqiptare pasi q\u00eb, sipas\u00a0disa t\u00eb dh\u00ebnave, \u201c\u00e7do i treti\u00a0shqiptar n\u00eb Mal t\u00eb Zi\",\"breadcrumb\":{\"@id\":\"https:\/\/www.visit-ulcinj.com\/blog\/2011\/02\/14\/forca-re-demokratike-procesi-i-regjistrimit-eshte-politizuar\/#breadcrumb\"},\"inLanguage\":\"en-US\",\"potentialAction\":[{\"@type\":\"ReadAction\",\"target\":[\"https:\/\/www.visit-ulcinj.com\/blog\/2011\/02\/14\/forca-re-demokratike-procesi-i-regjistrimit-eshte-politizuar\/\"]}]},{\"@type\":\"BreadcrumbList\",\"@id\":\"https:\/\/www.visit-ulcinj.com\/blog\/2011\/02\/14\/forca-re-demokratike-procesi-i-regjistrimit-eshte-politizuar\/#breadcrumb\",\"itemListElement\":[{\"@type\":\"ListItem\",\"position\":1,\"name\":\"Forca Re Demokratike: Procesi i regjistrimit \u00ebsht\u00eb politizuar\"}]},{\"@type\":\"Person\",\"@id\":\"https:\/\/www.visit-ulcinj.com\/blog\/#\/schema\/person\/dcab619c614d3038751c63bc2aadc06d\",\"name\":\"ulqini\",\"sameAs\":[\"http:\/\/www.visit-ulcinj.com\"],\"url\":\"https:\/\/www.visit-ulcinj.com\/blog\/author\/admin\/\"}]}<\/script>\n<!-- \/ Yoast SEO plugin. -->","yoast_head_json":{"title":"Forca Re Demokratike: Procesi i regjistrimit \u00ebsht\u00eb politizuar - Lajme nga Ulqini","description":"Forca e Re Demokratike\u00a0k\u00ebrkon q\u00eb t\u00eb b\u00ebhet\u00a0regjistrimi edhe i diaspor\u00ebs\u00a0shqiptare pasi q\u00eb, sipas\u00a0disa t\u00eb dh\u00ebnave, \u201c\u00e7do i treti\u00a0shqiptar n\u00eb Mal t\u00eb Zi","robots":{"index":"index","follow":"follow","max-snippet":"max-snippet:-1","max-image-preview":"max-image-preview:large","max-video-preview":"max-video-preview:-1"},"canonical":"https:\/\/www.visit-ulcinj.com\/blog\/2011\/02\/14\/forca-re-demokratike-procesi-i-regjistrimit-eshte-politizuar\/","og_locale":"en_US","og_type":"article","og_title":"Forca Re Demokratike: Procesi i regjistrimit \u00ebsht\u00eb politizuar - Lajme nga Ulqini","og_description":"Forca e Re Demokratike\u00a0k\u00ebrkon q\u00eb t\u00eb b\u00ebhet\u00a0regjistrimi edhe i diaspor\u00ebs\u00a0shqiptare pasi q\u00eb, sipas\u00a0disa t\u00eb dh\u00ebnave, \u201c\u00e7do i treti\u00a0shqiptar n\u00eb Mal t\u00eb Zi","og_url":"https:\/\/www.visit-ulcinj.com\/blog\/2011\/02\/14\/forca-re-demokratike-procesi-i-regjistrimit-eshte-politizuar\/","og_site_name":"Lajme nga Ulqini","article_published_time":"2011-02-14T14:55:02+00:00","article_modified_time":"2011-02-15T22:35:02+00:00","og_image":[{"url":"http:\/\/www.visit-ulcinj.com\/blog\/wp-content\/uploads\/2011\/02\/Nail_Draga_Forca-e-re_ulqin.jpg"}],"twitter_misc":{"Written by":"ulqini","Est. reading time":"3 minutes"},"schema":{"@context":"https:\/\/schema.org","@graph":[{"@type":"WebSite","@id":"https:\/\/www.visit-ulcinj.com\/blog\/#website","url":"https:\/\/www.visit-ulcinj.com\/blog\/","name":"Lajme nga Ulqini","description":"Lajme,Vijesti,Ulqini,Ulqin,Crna Gora,Mali i Zi","potentialAction":[{"@type":"SearchAction","target":{"@type":"EntryPoint","urlTemplate":"https:\/\/www.visit-ulcinj.com\/blog\/?s={search_term_string}"},"query-input":"required name=search_term_string"}],"inLanguage":"en-US"},{"@type":"ImageObject","inLanguage":"en-US","@id":"https:\/\/www.visit-ulcinj.com\/blog\/2011\/02\/14\/forca-re-demokratike-procesi-i-regjistrimit-eshte-politizuar\/#primaryimage","url":"https:\/\/www.visit-ulcinj.com\/blog\/wp-content\/uploads\/2011\/02\/Nail_Draga_Forca-e-re_ulqin.jpg","contentUrl":"https:\/\/www.visit-ulcinj.com\/blog\/wp-content\/uploads\/2011\/02\/Nail_Draga_Forca-e-re_ulqin.jpg","width":"580","height":"728"},{"@type":"WebPage","@id":"https:\/\/www.visit-ulcinj.com\/blog\/2011\/02\/14\/forca-re-demokratike-procesi-i-regjistrimit-eshte-politizuar\/#webpage","url":"https:\/\/www.visit-ulcinj.com\/blog\/2011\/02\/14\/forca-re-demokratike-procesi-i-regjistrimit-eshte-politizuar\/","name":"Forca Re Demokratike: Procesi i regjistrimit \u00ebsht\u00eb politizuar - Lajme nga Ulqini","isPartOf":{"@id":"https:\/\/www.visit-ulcinj.com\/blog\/#website"},"primaryImageOfPage":{"@id":"https:\/\/www.visit-ulcinj.com\/blog\/2011\/02\/14\/forca-re-demokratike-procesi-i-regjistrimit-eshte-politizuar\/#primaryimage"},"datePublished":"2011-02-14T14:55:02+00:00","dateModified":"2011-02-15T22:35:02+00:00","author":{"@id":"https:\/\/www.visit-ulcinj.com\/blog\/#\/schema\/person\/dcab619c614d3038751c63bc2aadc06d"},"description":"Forca e Re Demokratike\u00a0k\u00ebrkon q\u00eb t\u00eb b\u00ebhet\u00a0regjistrimi edhe i diaspor\u00ebs\u00a0shqiptare pasi q\u00eb, sipas\u00a0disa t\u00eb dh\u00ebnave, \u201c\u00e7do i treti\u00a0shqiptar n\u00eb Mal t\u00eb Zi","breadcrumb":{"@id":"https:\/\/www.visit-ulcinj.com\/blog\/2011\/02\/14\/forca-re-demokratike-procesi-i-regjistrimit-eshte-politizuar\/#breadcrumb"},"inLanguage":"en-US","potentialAction":[{"@type":"ReadAction","target":["https:\/\/www.visit-ulcinj.com\/blog\/2011\/02\/14\/forca-re-demokratike-procesi-i-regjistrimit-eshte-politizuar\/"]}]},{"@type":"BreadcrumbList","@id":"https:\/\/www.visit-ulcinj.com\/blog\/2011\/02\/14\/forca-re-demokratike-procesi-i-regjistrimit-eshte-politizuar\/#breadcrumb","itemListElement":[{"@type":"ListItem","position":1,"name":"Forca Re Demokratike: Procesi i regjistrimit \u00ebsht\u00eb politizuar"}]},{"@type":"Person","@id":"https:\/\/www.visit-ulcinj.com\/blog\/#\/schema\/person\/dcab619c614d3038751c63bc2aadc06d","name":"ulqini","sameAs":["http:\/\/www.visit-ulcinj.com"],"url":"https:\/\/www.visit-ulcinj.com\/blog\/author\/admin\/"}]}},"jetpack_featured_media_url":"","jetpack_sharing_enabled":true,"jetpack_shortlink":"https:\/\/wp.me\/pe6lTn-bhj","_links":{"self":[{"href":"https:\/\/www.visit-ulcinj.com\/blog\/wp-json\/wp\/v2\/posts\/43357"}],"collection":[{"href":"https:\/\/www.visit-ulcinj.com\/blog\/wp-json\/wp\/v2\/posts"}],"about":[{"href":"https:\/\/www.visit-ulcinj.com\/blog\/wp-json\/wp\/v2\/types\/post"}],"author":[{"embeddable":true,"href":"https:\/\/www.visit-ulcinj.com\/blog\/wp-json\/wp\/v2\/users\/1"}],"replies":[{"embeddable":true,"href":"https:\/\/www.visit-ulcinj.com\/blog\/wp-json\/wp\/v2\/comments?post=43357"}],"version-history":[{"count":0,"href":"https:\/\/www.visit-ulcinj.com\/blog\/wp-json\/wp\/v2\/posts\/43357\/revisions"}],"wp:attachment":[{"href":"https:\/\/www.visit-ulcinj.com\/blog\/wp-json\/wp\/v2\/media?parent=43357"}],"wp:term":[{"taxonomy":"category","embeddable":true,"href":"https:\/\/www.visit-ulcinj.com\/blog\/wp-json\/wp\/v2\/categories?post=43357"},{"taxonomy":"post_tag","embeddable":true,"href":"https:\/\/www.visit-ulcinj.com\/blog\/wp-json\/wp\/v2\/tags?post=43357"}],"curies":[{"name":"wp","href":"https:\/\/api.w.org\/{rel}","templated":true}]}}