{"id":43362,"date":"2011-02-14T16:09:49","date_gmt":"2011-02-14T15:09:49","guid":{"rendered":"http:\/\/www.visit-ulcinj.com\/blog\/?p=43362"},"modified":"2011-02-19T08:29:12","modified_gmt":"2011-02-19T07:29:12","slug":"materniteti-i-ulqinit-ne-6-vjetorin-e-tij","status":"publish","type":"post","link":"https:\/\/www.visit-ulcinj.com\/blog\/2011\/02\/14\/materniteti-i-ulqinit-ne-6-vjetorin-e-tij\/","title":{"rendered":"Materniteti i Ulqinit n\u00eb 6-vjetorin e tij"},"content":{"rendered":"<p><strong><a href=\"http:\/\/www.visit-ulcinj.com\/blog\/wp-content\/uploads\/2011\/02\/prim-dr-gani-karamanaga.jpg\"><img loading=\"lazy\" class=\"alignleft size-full wp-image-43363\" title=\"prim-dr-gani-karamanaga\" src=\"http:\/\/www.visit-ulcinj.com\/blog\/wp-content\/uploads\/2011\/02\/prim-dr-gani-karamanaga.jpg\" alt=\"\" width=\"360\" height=\"355\" srcset=\"https:\/\/www.visit-ulcinj.com\/blog\/wp-content\/uploads\/2011\/02\/prim-dr-gani-karamanaga.jpg 360w, https:\/\/www.visit-ulcinj.com\/blog\/wp-content\/uploads\/2011\/02\/prim-dr-gani-karamanaga-300x295.jpg 300w\" sizes=\"(max-width: 360px) 100vw, 360px\" \/><\/a>Gani Kramanaga krenar\u00eb p\u00ebr rezultatet<\/strong><br \/>\nN\u00eb komun\u00ebn e Ulqinit lindin mesatarisht rreth 250-260 f\u00ebmij\u00eb n\u00eb vit. Rreth 60 p\u00ebr qind e tyre lindin n\u00eb maternitetin e Ulqinit. Drejtori i Sht\u00ebpis\u00eb s\u00eb Sh\u00ebndetit n\u00eb Ulqin, prim. Dr. Gani Karamanaga thot\u00eb se ky \u00ebsht\u00eb numri optimal i lindjeve q\u00eb mund t\u00eb kryhet n\u00eb maternitetin e Ulqinit duke pasur parasysh faktin se ai nuk disponon sall\u00ebn kirurgjikale. P\u00ebr gjasht\u00eb vjet n\u00eb k\u00ebt\u00eb maternitet kan\u00eb lindur 910 f\u00ebmij\u00eb, prej t\u00eb cil\u00ebve 460 djem dhe 450 vajza.<\/p>\n<p>Materniteti i Ulqinit ka mbushur m\u00eb 5 shkurt gjasht\u00eb vjet q\u00eb nga hapja e tij. Deri tani n\u00eb k\u00ebt\u00eb maternitet kan\u00eb lindur 910 f\u00ebmij\u00eb, prej t\u00eb cil\u00ebve 460 djem dhe 450 vajza. Drejtori i Sht\u00ebpis\u00eb s\u00eb Sh\u00ebndetit n\u00eb Ulqin, prim. Dr. Gani Karamanaga, thot\u00eb se ky maternitet e ka arsyetuar ekzistenc\u00ebn e tij. Sipas tij, gj\u00ebja m\u00eb e r\u00ebnd\u00ebsishme \u00ebsht\u00eb se deri tani nuk ka pasur asnj\u00eb rast t\u00eb vdekjes s\u00eb f\u00ebmij\u00ebve apo n\u00ebnave gjat\u00eb lindjes. Karamanaga ia dedikon k\u00ebt\u00eb sukses pun\u00ebs s\u00eb stafit mjek\u00ebsor. \u201cFal\u00eb pun\u00ebs s\u00eb tyre shum\u00eb profesionale, vullnetit dhe dituris\u00eb, ne kemi k\u00ebto rezultate me t\u00eb cilat un\u00eb jam krenar si njeri n\u00eb krye t\u00eb sh\u00ebndet\u00ebsis\u00eb s\u00eb Ulqinit\u201d, thot\u00eb ai.<\/p>\n<p>Drejtori i Sht\u00ebpis\u00eb s\u00eb Sh\u00ebndetit kujton disa nga ngjarjet q\u00eb kan\u00eb sh\u00ebnuar historin\u00eb gjasht\u00ebvje\u00e7are t\u00eb maternitetit t\u00eb Ulqinit. \u201cLindja e par\u00eb na ka mbetur n\u00eb mend, g\u00ebzimi i t\u00eb gjith\u00eb stafit mjek\u00ebsor, por edhe i personaliteteve t\u00eb larta. N\u00eb maternitet kemi pasur dy her\u00eb lindjen e binjak\u00ebve dhe tri dit\u00eb kur kan\u00eb lindur nga tre f\u00ebmij\u00eb brenda dit\u00ebs\u201d, thot\u00eb Karamanaga.<\/p>\n<p><a href=\"http:\/\/www.visit-ulcinj.com\/blog\/wp-content\/uploads\/2011\/02\/materniteti-i-ulqinit.jpg\"><img loading=\"lazy\" class=\"alignleft size-full wp-image-43364\" title=\"materniteti-i-ulqinit\" src=\"http:\/\/www.visit-ulcinj.com\/blog\/wp-content\/uploads\/2011\/02\/materniteti-i-ulqinit.jpg\" alt=\"\" width=\"508\" height=\"380\" \/><\/a>Materniteti i Ulqinit \u00ebsht\u00eb nj\u00ebri nd\u00ebr m\u00eb t\u00eb vegjlit n\u00eb Mal t\u00eb Zi, por sa i p\u00ebrket pajisjes me aparatura bashk\u00ebkohore mjek\u00ebsore, me siguri radhitet nd\u00ebr vendet e para n\u00eb Mal t\u00eb Zi. Ai \u00ebsht\u00eb i pajisur me incubator transportabil, i cili ofron kushte optimal p\u00ebr transportimin e foshnjes deri n\u00eb qendr\u00ebn neonatologjike. Megjithat\u00eb ai nuk ka sall\u00eb p\u00ebr kryerjen e operacioneve. Karamanaga thot\u00eb se vet\u00ebm kur t\u00eb nd\u00ebrtohet salla e operacionit, materniteti i Ulqinit do t\u00eb konsiderohet i p\u00ebrfunduar.<\/p>\n<p>\u201cPavar\u00ebsisht se politika aktuale e Ministris\u00eb s\u00eb Sh\u00ebndet\u00ebsis\u00eb s\u00eb Malit t\u00eb Zi nuk parashikon hapjen e sall\u00ebs kirurgjikale n\u00eb Maternitetin e Ulqinit, un\u00eb mendoj se materniteti i Ulqinit do t\u00eb jet\u00eb i kryer definitivisht kur t\u00eb lejohet dhe t\u00eb nd\u00ebrtohet salla e p\u00ebrmendur\u201d, thot\u00eb ai.<\/p>\n<p>Sipas Karamanag\u00ebs, hapi i par\u00eb n\u00eb k\u00ebt\u00eb drejtim \u00ebsht\u00eb dh\u00ebnia e lejes p\u00ebr hapjen e stacionit p\u00ebr transfuzion n\u00eb maternitet, p\u00ebr \u00e7\u2019gj\u00eb ai disponon nj\u00eb pjes\u00eb t\u00eb madhe t\u00eb aparaturave mjek\u00ebsore.<br \/>\n<a href=\"http:\/\/www.visit-ulcinj.com\/blog\/wp-content\/uploads\/2011\/02\/materniteti-i-ulqinit-7.jpg\"><img loading=\"lazy\" class=\"alignleft size-full wp-image-43365\" title=\"materniteti-i-ulqinit-7\" src=\"http:\/\/www.visit-ulcinj.com\/blog\/wp-content\/uploads\/2011\/02\/materniteti-i-ulqinit-7.jpg\" alt=\"\" width=\"508\" height=\"380\" \/><\/a><\/p>\n<p>N\u00eb komun\u00ebn e Ulqinit lindin mesatarisht 250-260 f\u00ebmij\u00eb n\u00eb vit. Rreth 60 p\u00ebr qind e tyre lindin n\u00eb aternitetin e Ulqinit. Karamanaga thot\u00eb se ky \u00ebsht\u00eb numri optimal I lindjeve q\u00eb mund t\u00eb kryhet n\u00eb maternitetin e Ulqinit duke pasur parasysh faktin se ai nuk disponon me sall\u00ebn e operimit. \u201c \u00c7do lindje q\u00eb parashikohet se \u00ebsht\u00eb e v\u00ebshtir\u00eb ose k\u00ebrkon operim, d\u00ebrgohet n\u00eb qendra t\u00eb tjera, si n\u00eb Tivar, Podgoric\u00eb etj.\u201d, thot\u00eb drejtori i Sht\u00ebpis\u00eb s\u00eb Sh\u00ebndetit, prim. Dr. Gani Karamanaga.<\/p>\n<p><strong>i.k.<br \/>\nKoha Javore<\/strong><\/p>\n","protected":false},"excerpt":{"rendered":"<p>Gani Kramanaga krenar\u00eb p\u00ebr rezultatet N\u00eb komun\u00ebn e Ulqinit lindin mesatarisht rreth 250-260 f\u00ebmij\u00eb n\u00eb vit. Rreth 60 p\u00ebr qind e tyre lindin n\u00eb maternitetin e Ulqinit. Drejtori i Sht\u00ebpis\u00eb s\u00eb Sh\u00ebndetit n\u00eb Ulqin, prim. Dr. Gani Karamanaga thot\u00eb se ky \u00ebsht\u00eb numri optimal i lindjeve q\u00eb mund t\u00eb kryhet n\u00eb maternitetin e Ulqinit duke [&hellip;]<\/p>\n","protected":false},"author":1,"featured_media":0,"comment_status":"open","ping_status":"closed","sticky":false,"template":"","format":"standard","meta":{"spay_email":"","jetpack_publicize_message":"","jetpack_is_tweetstorm":false,"jetpack_publicize_feature_enabled":true},"categories":[1,11],"tags":[17300,17301,6824,17302,17303,200,18],"jetpack_publicize_connections":[],"yoast_head":"<!-- This site is optimized with the Yoast SEO plugin v19.1 - https:\/\/yoast.com\/wordpress\/plugins\/seo\/ -->\n<title>Materniteti i Ulqinit n\u00eb 6-vjetorin e tij - Lajme nga Ulqini<\/title>\n<meta name=\"description\" content=\"Gani Kramanaga krenar\u00eb p\u00ebr rezultatet N\u00eb komun\u00ebn e Ulqinit lindin mesatarisht rreth 250-260 f\u00ebmij\u00eb n\u00eb vit. Rreth 60 p\u00ebr qind e tyre lindin n\u00eb maternitetin\" \/>\n<meta name=\"robots\" content=\"index, follow, max-snippet:-1, max-image-preview:large, max-video-preview:-1\" \/>\n<link rel=\"canonical\" href=\"https:\/\/www.visit-ulcinj.com\/blog\/2011\/02\/14\/materniteti-i-ulqinit-ne-6-vjetorin-e-tij\/\" \/>\n<meta property=\"og:locale\" content=\"en_US\" \/>\n<meta property=\"og:type\" content=\"article\" \/>\n<meta property=\"og:title\" content=\"Materniteti i Ulqinit n\u00eb 6-vjetorin e tij - Lajme nga Ulqini\" \/>\n<meta property=\"og:description\" content=\"Gani Kramanaga krenar\u00eb p\u00ebr rezultatet N\u00eb komun\u00ebn e Ulqinit lindin mesatarisht rreth 250-260 f\u00ebmij\u00eb n\u00eb vit. Rreth 60 p\u00ebr qind e tyre lindin n\u00eb maternitetin\" \/>\n<meta property=\"og:url\" content=\"https:\/\/www.visit-ulcinj.com\/blog\/2011\/02\/14\/materniteti-i-ulqinit-ne-6-vjetorin-e-tij\/\" \/>\n<meta property=\"og:site_name\" content=\"Lajme nga Ulqini\" \/>\n<meta property=\"article:published_time\" content=\"2011-02-14T15:09:49+00:00\" \/>\n<meta property=\"article:modified_time\" content=\"2011-02-19T07:29:12+00:00\" \/>\n<meta property=\"og:image\" content=\"http:\/\/www.visit-ulcinj.com\/blog\/wp-content\/uploads\/2011\/02\/prim-dr-gani-karamanaga.jpg\" \/>\n<meta name=\"twitter:label1\" content=\"Written by\" \/>\n\t<meta name=\"twitter:data1\" content=\"ulqini\" \/>\n\t<meta name=\"twitter:label2\" content=\"Est. reading time\" \/>\n\t<meta name=\"twitter:data2\" content=\"3 minutes\" \/>\n<script type=\"application\/ld+json\" class=\"yoast-schema-graph\">{\"@context\":\"https:\/\/schema.org\",\"@graph\":[{\"@type\":\"WebSite\",\"@id\":\"https:\/\/www.visit-ulcinj.com\/blog\/#website\",\"url\":\"https:\/\/www.visit-ulcinj.com\/blog\/\",\"name\":\"Lajme nga Ulqini\",\"description\":\"Lajme,Vijesti,Ulqini,Ulqin,Crna Gora,Mali i Zi\",\"potentialAction\":[{\"@type\":\"SearchAction\",\"target\":{\"@type\":\"EntryPoint\",\"urlTemplate\":\"https:\/\/www.visit-ulcinj.com\/blog\/?s={search_term_string}\"},\"query-input\":\"required name=search_term_string\"}],\"inLanguage\":\"en-US\"},{\"@type\":\"ImageObject\",\"inLanguage\":\"en-US\",\"@id\":\"https:\/\/www.visit-ulcinj.com\/blog\/2011\/02\/14\/materniteti-i-ulqinit-ne-6-vjetorin-e-tij\/#primaryimage\",\"url\":\"https:\/\/www.visit-ulcinj.com\/blog\/wp-content\/uploads\/2011\/02\/prim-dr-gani-karamanaga.jpg\",\"contentUrl\":\"https:\/\/www.visit-ulcinj.com\/blog\/wp-content\/uploads\/2011\/02\/prim-dr-gani-karamanaga.jpg\",\"width\":\"360\",\"height\":\"355\"},{\"@type\":\"WebPage\",\"@id\":\"https:\/\/www.visit-ulcinj.com\/blog\/2011\/02\/14\/materniteti-i-ulqinit-ne-6-vjetorin-e-tij\/#webpage\",\"url\":\"https:\/\/www.visit-ulcinj.com\/blog\/2011\/02\/14\/materniteti-i-ulqinit-ne-6-vjetorin-e-tij\/\",\"name\":\"Materniteti i Ulqinit n\u00eb 6-vjetorin e tij - Lajme nga Ulqini\",\"isPartOf\":{\"@id\":\"https:\/\/www.visit-ulcinj.com\/blog\/#website\"},\"primaryImageOfPage\":{\"@id\":\"https:\/\/www.visit-ulcinj.com\/blog\/2011\/02\/14\/materniteti-i-ulqinit-ne-6-vjetorin-e-tij\/#primaryimage\"},\"datePublished\":\"2011-02-14T15:09:49+00:00\",\"dateModified\":\"2011-02-19T07:29:12+00:00\",\"author\":{\"@id\":\"https:\/\/www.visit-ulcinj.com\/blog\/#\/schema\/person\/dcab619c614d3038751c63bc2aadc06d\"},\"description\":\"Gani Kramanaga krenar\u00eb p\u00ebr rezultatet N\u00eb komun\u00ebn e Ulqinit lindin mesatarisht rreth 250-260 f\u00ebmij\u00eb n\u00eb vit. Rreth 60 p\u00ebr qind e tyre lindin n\u00eb maternitetin\",\"breadcrumb\":{\"@id\":\"https:\/\/www.visit-ulcinj.com\/blog\/2011\/02\/14\/materniteti-i-ulqinit-ne-6-vjetorin-e-tij\/#breadcrumb\"},\"inLanguage\":\"en-US\",\"potentialAction\":[{\"@type\":\"ReadAction\",\"target\":[\"https:\/\/www.visit-ulcinj.com\/blog\/2011\/02\/14\/materniteti-i-ulqinit-ne-6-vjetorin-e-tij\/\"]}]},{\"@type\":\"BreadcrumbList\",\"@id\":\"https:\/\/www.visit-ulcinj.com\/blog\/2011\/02\/14\/materniteti-i-ulqinit-ne-6-vjetorin-e-tij\/#breadcrumb\",\"itemListElement\":[{\"@type\":\"ListItem\",\"position\":1,\"name\":\"Materniteti i Ulqinit n\u00eb 6-vjetorin e tij\"}]},{\"@type\":\"Person\",\"@id\":\"https:\/\/www.visit-ulcinj.com\/blog\/#\/schema\/person\/dcab619c614d3038751c63bc2aadc06d\",\"name\":\"ulqini\",\"sameAs\":[\"http:\/\/www.visit-ulcinj.com\"],\"url\":\"https:\/\/www.visit-ulcinj.com\/blog\/author\/admin\/\"}]}<\/script>\n<!-- \/ Yoast SEO plugin. -->","yoast_head_json":{"title":"Materniteti i Ulqinit n\u00eb 6-vjetorin e tij - Lajme nga Ulqini","description":"Gani Kramanaga krenar\u00eb p\u00ebr rezultatet N\u00eb komun\u00ebn e Ulqinit lindin mesatarisht rreth 250-260 f\u00ebmij\u00eb n\u00eb vit. Rreth 60 p\u00ebr qind e tyre lindin n\u00eb maternitetin","robots":{"index":"index","follow":"follow","max-snippet":"max-snippet:-1","max-image-preview":"max-image-preview:large","max-video-preview":"max-video-preview:-1"},"canonical":"https:\/\/www.visit-ulcinj.com\/blog\/2011\/02\/14\/materniteti-i-ulqinit-ne-6-vjetorin-e-tij\/","og_locale":"en_US","og_type":"article","og_title":"Materniteti i Ulqinit n\u00eb 6-vjetorin e tij - Lajme nga Ulqini","og_description":"Gani Kramanaga krenar\u00eb p\u00ebr rezultatet N\u00eb komun\u00ebn e Ulqinit lindin mesatarisht rreth 250-260 f\u00ebmij\u00eb n\u00eb vit. Rreth 60 p\u00ebr qind e tyre lindin n\u00eb maternitetin","og_url":"https:\/\/www.visit-ulcinj.com\/blog\/2011\/02\/14\/materniteti-i-ulqinit-ne-6-vjetorin-e-tij\/","og_site_name":"Lajme nga Ulqini","article_published_time":"2011-02-14T15:09:49+00:00","article_modified_time":"2011-02-19T07:29:12+00:00","og_image":[{"url":"http:\/\/www.visit-ulcinj.com\/blog\/wp-content\/uploads\/2011\/02\/prim-dr-gani-karamanaga.jpg"}],"twitter_misc":{"Written by":"ulqini","Est. reading time":"3 minutes"},"schema":{"@context":"https:\/\/schema.org","@graph":[{"@type":"WebSite","@id":"https:\/\/www.visit-ulcinj.com\/blog\/#website","url":"https:\/\/www.visit-ulcinj.com\/blog\/","name":"Lajme nga Ulqini","description":"Lajme,Vijesti,Ulqini,Ulqin,Crna Gora,Mali i Zi","potentialAction":[{"@type":"SearchAction","target":{"@type":"EntryPoint","urlTemplate":"https:\/\/www.visit-ulcinj.com\/blog\/?s={search_term_string}"},"query-input":"required name=search_term_string"}],"inLanguage":"en-US"},{"@type":"ImageObject","inLanguage":"en-US","@id":"https:\/\/www.visit-ulcinj.com\/blog\/2011\/02\/14\/materniteti-i-ulqinit-ne-6-vjetorin-e-tij\/#primaryimage","url":"https:\/\/www.visit-ulcinj.com\/blog\/wp-content\/uploads\/2011\/02\/prim-dr-gani-karamanaga.jpg","contentUrl":"https:\/\/www.visit-ulcinj.com\/blog\/wp-content\/uploads\/2011\/02\/prim-dr-gani-karamanaga.jpg","width":"360","height":"355"},{"@type":"WebPage","@id":"https:\/\/www.visit-ulcinj.com\/blog\/2011\/02\/14\/materniteti-i-ulqinit-ne-6-vjetorin-e-tij\/#webpage","url":"https:\/\/www.visit-ulcinj.com\/blog\/2011\/02\/14\/materniteti-i-ulqinit-ne-6-vjetorin-e-tij\/","name":"Materniteti i Ulqinit n\u00eb 6-vjetorin e tij - Lajme nga Ulqini","isPartOf":{"@id":"https:\/\/www.visit-ulcinj.com\/blog\/#website"},"primaryImageOfPage":{"@id":"https:\/\/www.visit-ulcinj.com\/blog\/2011\/02\/14\/materniteti-i-ulqinit-ne-6-vjetorin-e-tij\/#primaryimage"},"datePublished":"2011-02-14T15:09:49+00:00","dateModified":"2011-02-19T07:29:12+00:00","author":{"@id":"https:\/\/www.visit-ulcinj.com\/blog\/#\/schema\/person\/dcab619c614d3038751c63bc2aadc06d"},"description":"Gani Kramanaga krenar\u00eb p\u00ebr rezultatet N\u00eb komun\u00ebn e Ulqinit lindin mesatarisht rreth 250-260 f\u00ebmij\u00eb n\u00eb vit. Rreth 60 p\u00ebr qind e tyre lindin n\u00eb maternitetin","breadcrumb":{"@id":"https:\/\/www.visit-ulcinj.com\/blog\/2011\/02\/14\/materniteti-i-ulqinit-ne-6-vjetorin-e-tij\/#breadcrumb"},"inLanguage":"en-US","potentialAction":[{"@type":"ReadAction","target":["https:\/\/www.visit-ulcinj.com\/blog\/2011\/02\/14\/materniteti-i-ulqinit-ne-6-vjetorin-e-tij\/"]}]},{"@type":"BreadcrumbList","@id":"https:\/\/www.visit-ulcinj.com\/blog\/2011\/02\/14\/materniteti-i-ulqinit-ne-6-vjetorin-e-tij\/#breadcrumb","itemListElement":[{"@type":"ListItem","position":1,"name":"Materniteti i Ulqinit n\u00eb 6-vjetorin e tij"}]},{"@type":"Person","@id":"https:\/\/www.visit-ulcinj.com\/blog\/#\/schema\/person\/dcab619c614d3038751c63bc2aadc06d","name":"ulqini","sameAs":["http:\/\/www.visit-ulcinj.com"],"url":"https:\/\/www.visit-ulcinj.com\/blog\/author\/admin\/"}]}},"jetpack_featured_media_url":"","jetpack_sharing_enabled":true,"jetpack_shortlink":"https:\/\/wp.me\/pe6lTn-bho","_links":{"self":[{"href":"https:\/\/www.visit-ulcinj.com\/blog\/wp-json\/wp\/v2\/posts\/43362"}],"collection":[{"href":"https:\/\/www.visit-ulcinj.com\/blog\/wp-json\/wp\/v2\/posts"}],"about":[{"href":"https:\/\/www.visit-ulcinj.com\/blog\/wp-json\/wp\/v2\/types\/post"}],"author":[{"embeddable":true,"href":"https:\/\/www.visit-ulcinj.com\/blog\/wp-json\/wp\/v2\/users\/1"}],"replies":[{"embeddable":true,"href":"https:\/\/www.visit-ulcinj.com\/blog\/wp-json\/wp\/v2\/comments?post=43362"}],"version-history":[{"count":0,"href":"https:\/\/www.visit-ulcinj.com\/blog\/wp-json\/wp\/v2\/posts\/43362\/revisions"}],"wp:attachment":[{"href":"https:\/\/www.visit-ulcinj.com\/blog\/wp-json\/wp\/v2\/media?parent=43362"}],"wp:term":[{"taxonomy":"category","embeddable":true,"href":"https:\/\/www.visit-ulcinj.com\/blog\/wp-json\/wp\/v2\/categories?post=43362"},{"taxonomy":"post_tag","embeddable":true,"href":"https:\/\/www.visit-ulcinj.com\/blog\/wp-json\/wp\/v2\/tags?post=43362"}],"curies":[{"name":"wp","href":"https:\/\/api.w.org\/{rel}","templated":true}]}}