{"id":43390,"date":"2011-02-15T20:38:12","date_gmt":"2011-02-15T19:38:12","guid":{"rendered":"http:\/\/www.visit-ulcinj.com\/blog\/?p=43390"},"modified":"2011-02-15T20:38:12","modified_gmt":"2011-02-15T19:38:12","slug":"real-1-dhe-dj-blunt-bashkepunim-me-2po2-dhe-capital-t","status":"publish","type":"post","link":"https:\/\/www.visit-ulcinj.com\/blog\/2011\/02\/15\/real-1-dhe-dj-blunt-bashkepunim-me-2po2-dhe-capital-t\/","title":{"rendered":"Real 1 dhe DJ Blunt bashk\u00ebpunim me 2po2 dhe Capital T"},"content":{"rendered":"<p><strong><a href=\"http:\/\/www.visit-ulcinj.com\/blog\/wp-content\/uploads\/2011\/02\/Dj-Blunt-real-1-Da-Ligs.jpg\"><img loading=\"lazy\" class=\"alignleft size-full wp-image-43391\" title=\"Dj-Blunt-real-1-Da-Ligs\" src=\"http:\/\/www.visit-ulcinj.com\/blog\/wp-content\/uploads\/2011\/02\/Dj-Blunt-real-1-Da-Ligs.jpg\" alt=\"\" width=\"604\" height=\"453\" \/><\/a>Real 1 ka zbuluar p\u00ebr Telegrafi.com se k\u00ebnga e radh\u00ebs e tij dhe DJ Blunt do t\u00eb jet\u00eb nj\u00eb bashk\u00ebpunim me 2po2 dhe Capital T.<\/strong><\/p>\n<p>Nj\u00ebri nd\u00ebr reper\u00ebt m\u00eb t\u00eb mir\u00eb n\u00eb Kosov\u00eb, emri i v\u00ebrtet\u00eb i t\u00eb cilit \u00ebsht\u00eb Ilir Zhita, e cili gjithmon\u00eb q\u00ebndron n\u00eb krah me DJ Blunt, po ashtu ka th\u00ebn\u00eb se k\u00ebnga, e cila flet p\u00ebr muzik\u00ebn hip-hop, do t\u00eb shoq\u00ebrohet edhe me nj\u00eb klip.<\/p>\n<p>\u201cBashk\u00ebpunimi i imi dhe DJ Blunt k\u00ebsaj radhe \u00ebsht\u00eb me 2po2 dhe Capital T. S\u00eb shpejti do t\u00eb realizojm\u00eb edhe videoklipin. Teksti i muzik\u00ebs m\u00eb shum\u00eb flet p\u00ebr muzik\u00ebn hip-hop. Nuk d\u00ebshiroj t\u00eb zbuloj m\u00eb shum\u00eb sepse d\u00ebshirojm\u00eb t\u00eb mbetet befasi\u201d, ka th\u00ebn\u00eb Real 1 p\u00ebr Telegrafi.<\/p>\n<p>Real 1 gjithashtu ka b\u00ebr\u00eb t\u00eb ditur se ai me DJ Blunt s\u00eb shpejti do t\u00eb vijn\u00eb me nj\u00eb k\u00ebng\u00eb tjet\u00ebr t\u00eb re t\u00eb cil\u00ebn po ashtu do ta shoq\u00ebrojn\u00eb me klip.<\/p>\n<p>\u201cJemi duke punuar shum\u00eb. P\u00ebrve\u00e7 bashk\u00ebpunimit mes 2po2 dhe Capital T, un\u00eb dhe DJ Blunt kemi realizuar nj\u00eb k\u00ebng\u00eb tjet\u00ebr t\u00eb re q\u00eb s\u00eb shpejti edhe kjo pritet t\u00eb realizohet me klip\u201d, ka p\u00ebrfunduar reperi duke hezituar t\u00eb jap m\u00eb shum\u00eb detaje.<\/p>\n<p><strong>Telegrafi<br \/>\n<!--YouTube Error: bad URL entered--><\/strong><\/p>\n","protected":false},"excerpt":{"rendered":"<p>Real 1 ka zbuluar p\u00ebr Telegrafi.com se k\u00ebnga e radh\u00ebs e tij dhe DJ Blunt do t\u00eb jet\u00eb nj\u00eb bashk\u00ebpunim me 2po2 dhe Capital T. Nj\u00ebri nd\u00ebr reper\u00ebt m\u00eb t\u00eb mir\u00eb n\u00eb Kosov\u00eb, emri i v\u00ebrtet\u00eb i t\u00eb cilit \u00ebsht\u00eb Ilir Zhita, e cili gjithmon\u00eb q\u00ebndron n\u00eb krah me DJ Blunt, po ashtu ka th\u00ebn\u00eb [&hellip;]<\/p>\n","protected":false},"author":1,"featured_media":0,"comment_status":"open","ping_status":"closed","sticky":false,"template":"","format":"standard","meta":{"spay_email":"","jetpack_publicize_message":"","jetpack_is_tweetstorm":false,"jetpack_publicize_feature_enabled":true},"categories":[1],"tags":[12759,17307],"jetpack_publicize_connections":[],"yoast_head":"<!-- This site is optimized with the Yoast SEO plugin v19.1 - https:\/\/yoast.com\/wordpress\/plugins\/seo\/ -->\n<title>Real 1 dhe DJ Blunt bashk\u00ebpunim me 2po2 dhe Capital T - Lajme nga Ulqini<\/title>\n<meta name=\"description\" content=\"Real 1 ka zbuluar p\u00ebr Telegrafi.com se k\u00ebnga e radh\u00ebs e tij dhe DJ Blunt do t\u00eb jet\u00eb nj\u00eb bashk\u00ebpunim me 2po2 dhe Capital T. Nj\u00ebri nd\u00ebr reper\u00ebt m\u00eb t\u00eb mir\u00eb\" \/>\n<meta name=\"robots\" content=\"index, follow, max-snippet:-1, max-image-preview:large, max-video-preview:-1\" \/>\n<link rel=\"canonical\" href=\"https:\/\/www.visit-ulcinj.com\/blog\/2011\/02\/15\/real-1-dhe-dj-blunt-bashkepunim-me-2po2-dhe-capital-t\/\" \/>\n<meta property=\"og:locale\" content=\"en_US\" \/>\n<meta property=\"og:type\" content=\"article\" \/>\n<meta property=\"og:title\" content=\"Real 1 dhe DJ Blunt bashk\u00ebpunim me 2po2 dhe Capital T - Lajme nga Ulqini\" \/>\n<meta property=\"og:description\" content=\"Real 1 ka zbuluar p\u00ebr Telegrafi.com se k\u00ebnga e radh\u00ebs e tij dhe DJ Blunt do t\u00eb jet\u00eb nj\u00eb bashk\u00ebpunim me 2po2 dhe Capital T. Nj\u00ebri nd\u00ebr reper\u00ebt m\u00eb t\u00eb mir\u00eb\" \/>\n<meta property=\"og:url\" content=\"https:\/\/www.visit-ulcinj.com\/blog\/2011\/02\/15\/real-1-dhe-dj-blunt-bashkepunim-me-2po2-dhe-capital-t\/\" \/>\n<meta property=\"og:site_name\" content=\"Lajme nga Ulqini\" \/>\n<meta property=\"article:published_time\" content=\"2011-02-15T19:38:12+00:00\" \/>\n<meta property=\"og:image\" content=\"http:\/\/www.visit-ulcinj.com\/blog\/wp-content\/uploads\/2011\/02\/Dj-Blunt-real-1-Da-Ligs.jpg\" \/>\n<meta name=\"twitter:label1\" content=\"Written by\" \/>\n\t<meta name=\"twitter:data1\" content=\"ulqini\" \/>\n\t<meta name=\"twitter:label2\" content=\"Est. reading time\" \/>\n\t<meta name=\"twitter:data2\" content=\"1 minute\" \/>\n<script type=\"application\/ld+json\" class=\"yoast-schema-graph\">{\"@context\":\"https:\/\/schema.org\",\"@graph\":[{\"@type\":\"WebSite\",\"@id\":\"https:\/\/www.visit-ulcinj.com\/blog\/#website\",\"url\":\"https:\/\/www.visit-ulcinj.com\/blog\/\",\"name\":\"Lajme nga Ulqini\",\"description\":\"Lajme,Vijesti,Ulqini,Ulqin,Crna Gora,Mali i Zi\",\"potentialAction\":[{\"@type\":\"SearchAction\",\"target\":{\"@type\":\"EntryPoint\",\"urlTemplate\":\"https:\/\/www.visit-ulcinj.com\/blog\/?s={search_term_string}\"},\"query-input\":\"required name=search_term_string\"}],\"inLanguage\":\"en-US\"},{\"@type\":\"ImageObject\",\"inLanguage\":\"en-US\",\"@id\":\"https:\/\/www.visit-ulcinj.com\/blog\/2011\/02\/15\/real-1-dhe-dj-blunt-bashkepunim-me-2po2-dhe-capital-t\/#primaryimage\",\"url\":\"http:\/\/www.visit-ulcinj.com\/blog\/wp-content\/uploads\/2011\/02\/Dj-Blunt-real-1-Da-Ligs.jpg\",\"contentUrl\":\"http:\/\/www.visit-ulcinj.com\/blog\/wp-content\/uploads\/2011\/02\/Dj-Blunt-real-1-Da-Ligs.jpg\"},{\"@type\":\"WebPage\",\"@id\":\"https:\/\/www.visit-ulcinj.com\/blog\/2011\/02\/15\/real-1-dhe-dj-blunt-bashkepunim-me-2po2-dhe-capital-t\/#webpage\",\"url\":\"https:\/\/www.visit-ulcinj.com\/blog\/2011\/02\/15\/real-1-dhe-dj-blunt-bashkepunim-me-2po2-dhe-capital-t\/\",\"name\":\"Real 1 dhe DJ Blunt bashk\u00ebpunim me 2po2 dhe Capital T - Lajme nga Ulqini\",\"isPartOf\":{\"@id\":\"https:\/\/www.visit-ulcinj.com\/blog\/#website\"},\"primaryImageOfPage\":{\"@id\":\"https:\/\/www.visit-ulcinj.com\/blog\/2011\/02\/15\/real-1-dhe-dj-blunt-bashkepunim-me-2po2-dhe-capital-t\/#primaryimage\"},\"datePublished\":\"2011-02-15T19:38:12+00:00\",\"dateModified\":\"2011-02-15T19:38:12+00:00\",\"author\":{\"@id\":\"https:\/\/www.visit-ulcinj.com\/blog\/#\/schema\/person\/dcab619c614d3038751c63bc2aadc06d\"},\"description\":\"Real 1 ka zbuluar p\u00ebr Telegrafi.com se k\u00ebnga e radh\u00ebs e tij dhe DJ Blunt do t\u00eb jet\u00eb nj\u00eb bashk\u00ebpunim me 2po2 dhe Capital T. Nj\u00ebri nd\u00ebr reper\u00ebt m\u00eb t\u00eb mir\u00eb\",\"breadcrumb\":{\"@id\":\"https:\/\/www.visit-ulcinj.com\/blog\/2011\/02\/15\/real-1-dhe-dj-blunt-bashkepunim-me-2po2-dhe-capital-t\/#breadcrumb\"},\"inLanguage\":\"en-US\",\"potentialAction\":[{\"@type\":\"ReadAction\",\"target\":[\"https:\/\/www.visit-ulcinj.com\/blog\/2011\/02\/15\/real-1-dhe-dj-blunt-bashkepunim-me-2po2-dhe-capital-t\/\"]}]},{\"@type\":\"BreadcrumbList\",\"@id\":\"https:\/\/www.visit-ulcinj.com\/blog\/2011\/02\/15\/real-1-dhe-dj-blunt-bashkepunim-me-2po2-dhe-capital-t\/#breadcrumb\",\"itemListElement\":[{\"@type\":\"ListItem\",\"position\":1,\"name\":\"Real 1 dhe DJ Blunt bashk\u00ebpunim me 2po2 dhe Capital T\"}]},{\"@type\":\"Person\",\"@id\":\"https:\/\/www.visit-ulcinj.com\/blog\/#\/schema\/person\/dcab619c614d3038751c63bc2aadc06d\",\"name\":\"ulqini\",\"sameAs\":[\"http:\/\/www.visit-ulcinj.com\"],\"url\":\"https:\/\/www.visit-ulcinj.com\/blog\/author\/admin\/\"}]}<\/script>\n<!-- \/ Yoast SEO plugin. -->","yoast_head_json":{"title":"Real 1 dhe DJ Blunt bashk\u00ebpunim me 2po2 dhe Capital T - Lajme nga Ulqini","description":"Real 1 ka zbuluar p\u00ebr Telegrafi.com se k\u00ebnga e radh\u00ebs e tij dhe DJ Blunt do t\u00eb jet\u00eb nj\u00eb bashk\u00ebpunim me 2po2 dhe Capital T. Nj\u00ebri nd\u00ebr reper\u00ebt m\u00eb t\u00eb mir\u00eb","robots":{"index":"index","follow":"follow","max-snippet":"max-snippet:-1","max-image-preview":"max-image-preview:large","max-video-preview":"max-video-preview:-1"},"canonical":"https:\/\/www.visit-ulcinj.com\/blog\/2011\/02\/15\/real-1-dhe-dj-blunt-bashkepunim-me-2po2-dhe-capital-t\/","og_locale":"en_US","og_type":"article","og_title":"Real 1 dhe DJ Blunt bashk\u00ebpunim me 2po2 dhe Capital T - Lajme nga Ulqini","og_description":"Real 1 ka zbuluar p\u00ebr Telegrafi.com se k\u00ebnga e radh\u00ebs e tij dhe DJ Blunt do t\u00eb jet\u00eb nj\u00eb bashk\u00ebpunim me 2po2 dhe Capital T. Nj\u00ebri nd\u00ebr reper\u00ebt m\u00eb t\u00eb mir\u00eb","og_url":"https:\/\/www.visit-ulcinj.com\/blog\/2011\/02\/15\/real-1-dhe-dj-blunt-bashkepunim-me-2po2-dhe-capital-t\/","og_site_name":"Lajme nga Ulqini","article_published_time":"2011-02-15T19:38:12+00:00","og_image":[{"url":"http:\/\/www.visit-ulcinj.com\/blog\/wp-content\/uploads\/2011\/02\/Dj-Blunt-real-1-Da-Ligs.jpg"}],"twitter_misc":{"Written by":"ulqini","Est. reading time":"1 minute"},"schema":{"@context":"https:\/\/schema.org","@graph":[{"@type":"WebSite","@id":"https:\/\/www.visit-ulcinj.com\/blog\/#website","url":"https:\/\/www.visit-ulcinj.com\/blog\/","name":"Lajme nga Ulqini","description":"Lajme,Vijesti,Ulqini,Ulqin,Crna Gora,Mali i Zi","potentialAction":[{"@type":"SearchAction","target":{"@type":"EntryPoint","urlTemplate":"https:\/\/www.visit-ulcinj.com\/blog\/?s={search_term_string}"},"query-input":"required name=search_term_string"}],"inLanguage":"en-US"},{"@type":"ImageObject","inLanguage":"en-US","@id":"https:\/\/www.visit-ulcinj.com\/blog\/2011\/02\/15\/real-1-dhe-dj-blunt-bashkepunim-me-2po2-dhe-capital-t\/#primaryimage","url":"http:\/\/www.visit-ulcinj.com\/blog\/wp-content\/uploads\/2011\/02\/Dj-Blunt-real-1-Da-Ligs.jpg","contentUrl":"http:\/\/www.visit-ulcinj.com\/blog\/wp-content\/uploads\/2011\/02\/Dj-Blunt-real-1-Da-Ligs.jpg"},{"@type":"WebPage","@id":"https:\/\/www.visit-ulcinj.com\/blog\/2011\/02\/15\/real-1-dhe-dj-blunt-bashkepunim-me-2po2-dhe-capital-t\/#webpage","url":"https:\/\/www.visit-ulcinj.com\/blog\/2011\/02\/15\/real-1-dhe-dj-blunt-bashkepunim-me-2po2-dhe-capital-t\/","name":"Real 1 dhe DJ Blunt bashk\u00ebpunim me 2po2 dhe Capital T - Lajme nga Ulqini","isPartOf":{"@id":"https:\/\/www.visit-ulcinj.com\/blog\/#website"},"primaryImageOfPage":{"@id":"https:\/\/www.visit-ulcinj.com\/blog\/2011\/02\/15\/real-1-dhe-dj-blunt-bashkepunim-me-2po2-dhe-capital-t\/#primaryimage"},"datePublished":"2011-02-15T19:38:12+00:00","dateModified":"2011-02-15T19:38:12+00:00","author":{"@id":"https:\/\/www.visit-ulcinj.com\/blog\/#\/schema\/person\/dcab619c614d3038751c63bc2aadc06d"},"description":"Real 1 ka zbuluar p\u00ebr Telegrafi.com se k\u00ebnga e radh\u00ebs e tij dhe DJ Blunt do t\u00eb jet\u00eb nj\u00eb bashk\u00ebpunim me 2po2 dhe Capital T. Nj\u00ebri nd\u00ebr reper\u00ebt m\u00eb t\u00eb mir\u00eb","breadcrumb":{"@id":"https:\/\/www.visit-ulcinj.com\/blog\/2011\/02\/15\/real-1-dhe-dj-blunt-bashkepunim-me-2po2-dhe-capital-t\/#breadcrumb"},"inLanguage":"en-US","potentialAction":[{"@type":"ReadAction","target":["https:\/\/www.visit-ulcinj.com\/blog\/2011\/02\/15\/real-1-dhe-dj-blunt-bashkepunim-me-2po2-dhe-capital-t\/"]}]},{"@type":"BreadcrumbList","@id":"https:\/\/www.visit-ulcinj.com\/blog\/2011\/02\/15\/real-1-dhe-dj-blunt-bashkepunim-me-2po2-dhe-capital-t\/#breadcrumb","itemListElement":[{"@type":"ListItem","position":1,"name":"Real 1 dhe DJ Blunt bashk\u00ebpunim me 2po2 dhe Capital T"}]},{"@type":"Person","@id":"https:\/\/www.visit-ulcinj.com\/blog\/#\/schema\/person\/dcab619c614d3038751c63bc2aadc06d","name":"ulqini","sameAs":["http:\/\/www.visit-ulcinj.com"],"url":"https:\/\/www.visit-ulcinj.com\/blog\/author\/admin\/"}]}},"jetpack_featured_media_url":"","jetpack_sharing_enabled":true,"jetpack_shortlink":"https:\/\/wp.me\/pe6lTn-bhQ","_links":{"self":[{"href":"https:\/\/www.visit-ulcinj.com\/blog\/wp-json\/wp\/v2\/posts\/43390"}],"collection":[{"href":"https:\/\/www.visit-ulcinj.com\/blog\/wp-json\/wp\/v2\/posts"}],"about":[{"href":"https:\/\/www.visit-ulcinj.com\/blog\/wp-json\/wp\/v2\/types\/post"}],"author":[{"embeddable":true,"href":"https:\/\/www.visit-ulcinj.com\/blog\/wp-json\/wp\/v2\/users\/1"}],"replies":[{"embeddable":true,"href":"https:\/\/www.visit-ulcinj.com\/blog\/wp-json\/wp\/v2\/comments?post=43390"}],"version-history":[{"count":0,"href":"https:\/\/www.visit-ulcinj.com\/blog\/wp-json\/wp\/v2\/posts\/43390\/revisions"}],"wp:attachment":[{"href":"https:\/\/www.visit-ulcinj.com\/blog\/wp-json\/wp\/v2\/media?parent=43390"}],"wp:term":[{"taxonomy":"category","embeddable":true,"href":"https:\/\/www.visit-ulcinj.com\/blog\/wp-json\/wp\/v2\/categories?post=43390"},{"taxonomy":"post_tag","embeddable":true,"href":"https:\/\/www.visit-ulcinj.com\/blog\/wp-json\/wp\/v2\/tags?post=43390"}],"curies":[{"name":"wp","href":"https:\/\/api.w.org\/{rel}","templated":true}]}}