{"id":43394,"date":"2011-02-15T20:51:45","date_gmt":"2011-02-15T19:51:45","guid":{"rendered":"http:\/\/www.visit-ulcinj.com\/blog\/?p=43394"},"modified":"2011-02-15T20:52:13","modified_gmt":"2011-02-15T19:52:13","slug":"hekuran-krasniqi-kenge-per-bekim-fehmiu","status":"publish","type":"post","link":"https:\/\/www.visit-ulcinj.com\/blog\/2011\/02\/15\/hekuran-krasniqi-kenge-per-bekim-fehmiu\/","title":{"rendered":"Hekuran Krasniqi k\u00ebng\u00eb p\u00ebr Bekim Fehmiu"},"content":{"rendered":"<p><strong><a href=\"http:\/\/www.visit-ulcinj.com\/blog\/wp-content\/uploads\/2011\/02\/Hekuran-Krasniqi.jpg\"><img loading=\"lazy\" class=\"alignleft size-full wp-image-43395\" title=\"Hekuran Krasniqi\" src=\"http:\/\/www.visit-ulcinj.com\/blog\/wp-content\/uploads\/2011\/02\/Hekuran-Krasniqi.jpg\" alt=\"\" width=\"604\" height=\"453\" \/><\/a>K\u00ebng\u00ebtari kosovar Hekuran Krasniqi n\u00eb nj\u00eb bised\u00eb p\u00ebr Telegrafi.com, ka b\u00ebr\u00eb t\u00eb ditur se ai n\u00eb bashk\u00ebpunim me Linda Halimin dhe Korab Kallaba kan\u00eb realizuar nj\u00eb k\u00ebng\u00eb p\u00ebr t\u00eb ndjerin Bekim Fehmiu.<\/strong><\/p>\n<p>Teksti i k\u00ebsaj k\u00ebnge \u00ebsht\u00eb shkruar nga Izet Kallaba, muzika \u00ebsht\u00eb realizuar nga Korab Kallaba, nd\u00ebrsa k\u00ebnga \u00ebsht\u00eb orkestruar nga vet\u00eb Hekruan Krasniqi.<\/p>\n<p>\u201cK\u00ebnga p\u00ebr Bekim Fehmiun \u00ebsht\u00eb realizuar p\u00ebr t\u00eb nderuar aktorin e madh shqiptar. Ne t\u00eb pakt\u00ebn si artist\u00eb konsiderojm\u00eb t\u00eb soladirizohemi me krijimet tona artistike p\u00ebr t\u00eb kujtuar dhe nderuar t\u00eb ndjerin aktorin e madh shqiptar, Bekim Fehmiun\u201d, ka pohuar k\u00ebng\u00ebtari Hekruan Krasniqi p\u00ebr Telegrafi, duke th\u00ebn\u00eb se shpreson t\u2019i realizoj\u00eb edhe video-klip k\u00ebng\u00ebs.<\/p>\n<p>Hekurani po ashtu ka b\u00ebr\u00eb t\u00eb ditur se brenda k\u00ebtyre dit\u00ebve do t\u00eb shfaqet nj\u00eb duet me modelen dhe k\u00ebng\u00ebtaren Xhuljeta G\u00ebrxhaliu- Ku\u00e7i, e cila \u00ebsht\u00eb nj\u00eb k\u00ebng\u00eb p\u00ebr futbollistin e ndjer\u00eb Besjan Idrizaj, i cili vitin e kaluar nd\u00ebrroi jet\u00eb n\u00eb banes\u00ebn e prind\u00ebrve t\u00eb tij n\u00eb Austri, si pasoj\u00eb e nj\u00eb sulmi n\u00eb zem\u00ebr.<\/p>\n<p>\u201cBrenda jav\u00ebs q\u00eb vjen plasohet nj\u00eb duet n\u00eb mes meje dhe Xhuljeta G\u00ebrxhaliu- Ku\u00e7i, nj\u00eb k\u00ebng\u00eb p\u00ebr Besjanin e ndjer\u00eb, futbollistin shqiptar\u00eb q\u00eb ishte i angazhuar n\u00eb Premier Lig\u00ebn angleze\u201d, ka p\u00ebrfunduar Hekruani.<\/p>\n<p><strong>Telegrafi<br \/>\n<!--YouTube Error: bad URL entered--><\/strong><\/p>\n","protected":false},"excerpt":{"rendered":"<p>K\u00ebng\u00ebtari kosovar Hekuran Krasniqi n\u00eb nj\u00eb bised\u00eb p\u00ebr Telegrafi.com, ka b\u00ebr\u00eb t\u00eb ditur se ai n\u00eb bashk\u00ebpunim me Linda Halimin dhe Korab Kallaba kan\u00eb realizuar nj\u00eb k\u00ebng\u00eb p\u00ebr t\u00eb ndjerin Bekim Fehmiu. Teksti i k\u00ebsaj k\u00ebnge \u00ebsht\u00eb shkruar nga Izet Kallaba, muzika \u00ebsht\u00eb realizuar nga Korab Kallaba, nd\u00ebrsa k\u00ebnga \u00ebsht\u00eb orkestruar nga vet\u00eb Hekruan Krasniqi. [&hellip;]<\/p>\n","protected":false},"author":1,"featured_media":0,"comment_status":"open","ping_status":"closed","sticky":false,"template":"","format":"standard","meta":{"spay_email":"","jetpack_publicize_message":"","jetpack_is_tweetstorm":false,"jetpack_publicize_feature_enabled":true},"categories":[1],"tags":[5010],"jetpack_publicize_connections":[],"yoast_head":"<!-- This site is optimized with the Yoast SEO plugin v19.1 - https:\/\/yoast.com\/wordpress\/plugins\/seo\/ -->\n<title>Hekuran Krasniqi k\u00ebng\u00eb p\u00ebr Bekim Fehmiu - Lajme nga Ulqini<\/title>\n<meta name=\"description\" content=\"K\u00ebng\u00ebtari kosovar Hekuran Krasniqi n\u00eb nj\u00eb bised\u00eb p\u00ebr Telegrafi.com, ka b\u00ebr\u00eb t\u00eb ditur se ai n\u00eb bashk\u00ebpunim me Linda Halimin dhe Korab Kallaba kan\u00eb\" \/>\n<meta name=\"robots\" content=\"index, follow, max-snippet:-1, max-image-preview:large, max-video-preview:-1\" \/>\n<link rel=\"canonical\" href=\"https:\/\/www.visit-ulcinj.com\/blog\/2011\/02\/15\/hekuran-krasniqi-kenge-per-bekim-fehmiu\/\" \/>\n<meta property=\"og:locale\" content=\"en_US\" \/>\n<meta property=\"og:type\" content=\"article\" \/>\n<meta property=\"og:title\" content=\"Hekuran Krasniqi k\u00ebng\u00eb p\u00ebr Bekim Fehmiu - Lajme nga Ulqini\" \/>\n<meta property=\"og:description\" content=\"K\u00ebng\u00ebtari kosovar Hekuran Krasniqi n\u00eb nj\u00eb bised\u00eb p\u00ebr Telegrafi.com, ka b\u00ebr\u00eb t\u00eb ditur se ai n\u00eb bashk\u00ebpunim me Linda Halimin dhe Korab Kallaba kan\u00eb\" \/>\n<meta property=\"og:url\" content=\"https:\/\/www.visit-ulcinj.com\/blog\/2011\/02\/15\/hekuran-krasniqi-kenge-per-bekim-fehmiu\/\" \/>\n<meta property=\"og:site_name\" content=\"Lajme nga Ulqini\" \/>\n<meta property=\"article:published_time\" content=\"2011-02-15T19:51:45+00:00\" \/>\n<meta property=\"article:modified_time\" content=\"2011-02-15T19:52:13+00:00\" \/>\n<meta property=\"og:image\" content=\"http:\/\/www.visit-ulcinj.com\/blog\/wp-content\/uploads\/2011\/02\/Hekuran-Krasniqi.jpg\" \/>\n<meta name=\"twitter:label1\" content=\"Written by\" \/>\n\t<meta name=\"twitter:data1\" content=\"ulqini\" \/>\n\t<meta name=\"twitter:label2\" content=\"Est. reading time\" \/>\n\t<meta name=\"twitter:data2\" content=\"1 minute\" \/>\n<script type=\"application\/ld+json\" class=\"yoast-schema-graph\">{\"@context\":\"https:\/\/schema.org\",\"@graph\":[{\"@type\":\"WebSite\",\"@id\":\"https:\/\/www.visit-ulcinj.com\/blog\/#website\",\"url\":\"https:\/\/www.visit-ulcinj.com\/blog\/\",\"name\":\"Lajme nga Ulqini\",\"description\":\"Lajme,Vijesti,Ulqini,Ulqin,Crna Gora,Mali i Zi\",\"potentialAction\":[{\"@type\":\"SearchAction\",\"target\":{\"@type\":\"EntryPoint\",\"urlTemplate\":\"https:\/\/www.visit-ulcinj.com\/blog\/?s={search_term_string}\"},\"query-input\":\"required name=search_term_string\"}],\"inLanguage\":\"en-US\"},{\"@type\":\"ImageObject\",\"inLanguage\":\"en-US\",\"@id\":\"https:\/\/www.visit-ulcinj.com\/blog\/2011\/02\/15\/hekuran-krasniqi-kenge-per-bekim-fehmiu\/#primaryimage\",\"url\":\"http:\/\/www.visit-ulcinj.com\/blog\/wp-content\/uploads\/2011\/02\/Hekuran-Krasniqi.jpg\",\"contentUrl\":\"http:\/\/www.visit-ulcinj.com\/blog\/wp-content\/uploads\/2011\/02\/Hekuran-Krasniqi.jpg\"},{\"@type\":\"WebPage\",\"@id\":\"https:\/\/www.visit-ulcinj.com\/blog\/2011\/02\/15\/hekuran-krasniqi-kenge-per-bekim-fehmiu\/#webpage\",\"url\":\"https:\/\/www.visit-ulcinj.com\/blog\/2011\/02\/15\/hekuran-krasniqi-kenge-per-bekim-fehmiu\/\",\"name\":\"Hekuran Krasniqi k\u00ebng\u00eb p\u00ebr Bekim Fehmiu - Lajme nga Ulqini\",\"isPartOf\":{\"@id\":\"https:\/\/www.visit-ulcinj.com\/blog\/#website\"},\"primaryImageOfPage\":{\"@id\":\"https:\/\/www.visit-ulcinj.com\/blog\/2011\/02\/15\/hekuran-krasniqi-kenge-per-bekim-fehmiu\/#primaryimage\"},\"datePublished\":\"2011-02-15T19:51:45+00:00\",\"dateModified\":\"2011-02-15T19:52:13+00:00\",\"author\":{\"@id\":\"https:\/\/www.visit-ulcinj.com\/blog\/#\/schema\/person\/dcab619c614d3038751c63bc2aadc06d\"},\"description\":\"K\u00ebng\u00ebtari kosovar Hekuran Krasniqi n\u00eb nj\u00eb bised\u00eb p\u00ebr Telegrafi.com, ka b\u00ebr\u00eb t\u00eb ditur se ai n\u00eb bashk\u00ebpunim me Linda Halimin dhe Korab Kallaba kan\u00eb\",\"breadcrumb\":{\"@id\":\"https:\/\/www.visit-ulcinj.com\/blog\/2011\/02\/15\/hekuran-krasniqi-kenge-per-bekim-fehmiu\/#breadcrumb\"},\"inLanguage\":\"en-US\",\"potentialAction\":[{\"@type\":\"ReadAction\",\"target\":[\"https:\/\/www.visit-ulcinj.com\/blog\/2011\/02\/15\/hekuran-krasniqi-kenge-per-bekim-fehmiu\/\"]}]},{\"@type\":\"BreadcrumbList\",\"@id\":\"https:\/\/www.visit-ulcinj.com\/blog\/2011\/02\/15\/hekuran-krasniqi-kenge-per-bekim-fehmiu\/#breadcrumb\",\"itemListElement\":[{\"@type\":\"ListItem\",\"position\":1,\"name\":\"Hekuran Krasniqi k\u00ebng\u00eb p\u00ebr Bekim Fehmiu\"}]},{\"@type\":\"Person\",\"@id\":\"https:\/\/www.visit-ulcinj.com\/blog\/#\/schema\/person\/dcab619c614d3038751c63bc2aadc06d\",\"name\":\"ulqini\",\"sameAs\":[\"http:\/\/www.visit-ulcinj.com\"],\"url\":\"https:\/\/www.visit-ulcinj.com\/blog\/author\/admin\/\"}]}<\/script>\n<!-- \/ Yoast SEO plugin. -->","yoast_head_json":{"title":"Hekuran Krasniqi k\u00ebng\u00eb p\u00ebr Bekim Fehmiu - Lajme nga Ulqini","description":"K\u00ebng\u00ebtari kosovar Hekuran Krasniqi n\u00eb nj\u00eb bised\u00eb p\u00ebr Telegrafi.com, ka b\u00ebr\u00eb t\u00eb ditur se ai n\u00eb bashk\u00ebpunim me Linda Halimin dhe Korab Kallaba kan\u00eb","robots":{"index":"index","follow":"follow","max-snippet":"max-snippet:-1","max-image-preview":"max-image-preview:large","max-video-preview":"max-video-preview:-1"},"canonical":"https:\/\/www.visit-ulcinj.com\/blog\/2011\/02\/15\/hekuran-krasniqi-kenge-per-bekim-fehmiu\/","og_locale":"en_US","og_type":"article","og_title":"Hekuran Krasniqi k\u00ebng\u00eb p\u00ebr Bekim Fehmiu - Lajme nga Ulqini","og_description":"K\u00ebng\u00ebtari kosovar Hekuran Krasniqi n\u00eb nj\u00eb bised\u00eb p\u00ebr Telegrafi.com, ka b\u00ebr\u00eb t\u00eb ditur se ai n\u00eb bashk\u00ebpunim me Linda Halimin dhe Korab Kallaba kan\u00eb","og_url":"https:\/\/www.visit-ulcinj.com\/blog\/2011\/02\/15\/hekuran-krasniqi-kenge-per-bekim-fehmiu\/","og_site_name":"Lajme nga Ulqini","article_published_time":"2011-02-15T19:51:45+00:00","article_modified_time":"2011-02-15T19:52:13+00:00","og_image":[{"url":"http:\/\/www.visit-ulcinj.com\/blog\/wp-content\/uploads\/2011\/02\/Hekuran-Krasniqi.jpg"}],"twitter_misc":{"Written by":"ulqini","Est. reading time":"1 minute"},"schema":{"@context":"https:\/\/schema.org","@graph":[{"@type":"WebSite","@id":"https:\/\/www.visit-ulcinj.com\/blog\/#website","url":"https:\/\/www.visit-ulcinj.com\/blog\/","name":"Lajme nga Ulqini","description":"Lajme,Vijesti,Ulqini,Ulqin,Crna Gora,Mali i Zi","potentialAction":[{"@type":"SearchAction","target":{"@type":"EntryPoint","urlTemplate":"https:\/\/www.visit-ulcinj.com\/blog\/?s={search_term_string}"},"query-input":"required name=search_term_string"}],"inLanguage":"en-US"},{"@type":"ImageObject","inLanguage":"en-US","@id":"https:\/\/www.visit-ulcinj.com\/blog\/2011\/02\/15\/hekuran-krasniqi-kenge-per-bekim-fehmiu\/#primaryimage","url":"http:\/\/www.visit-ulcinj.com\/blog\/wp-content\/uploads\/2011\/02\/Hekuran-Krasniqi.jpg","contentUrl":"http:\/\/www.visit-ulcinj.com\/blog\/wp-content\/uploads\/2011\/02\/Hekuran-Krasniqi.jpg"},{"@type":"WebPage","@id":"https:\/\/www.visit-ulcinj.com\/blog\/2011\/02\/15\/hekuran-krasniqi-kenge-per-bekim-fehmiu\/#webpage","url":"https:\/\/www.visit-ulcinj.com\/blog\/2011\/02\/15\/hekuran-krasniqi-kenge-per-bekim-fehmiu\/","name":"Hekuran Krasniqi k\u00ebng\u00eb p\u00ebr Bekim Fehmiu - Lajme nga Ulqini","isPartOf":{"@id":"https:\/\/www.visit-ulcinj.com\/blog\/#website"},"primaryImageOfPage":{"@id":"https:\/\/www.visit-ulcinj.com\/blog\/2011\/02\/15\/hekuran-krasniqi-kenge-per-bekim-fehmiu\/#primaryimage"},"datePublished":"2011-02-15T19:51:45+00:00","dateModified":"2011-02-15T19:52:13+00:00","author":{"@id":"https:\/\/www.visit-ulcinj.com\/blog\/#\/schema\/person\/dcab619c614d3038751c63bc2aadc06d"},"description":"K\u00ebng\u00ebtari kosovar Hekuran Krasniqi n\u00eb nj\u00eb bised\u00eb p\u00ebr Telegrafi.com, ka b\u00ebr\u00eb t\u00eb ditur se ai n\u00eb bashk\u00ebpunim me Linda Halimin dhe Korab Kallaba kan\u00eb","breadcrumb":{"@id":"https:\/\/www.visit-ulcinj.com\/blog\/2011\/02\/15\/hekuran-krasniqi-kenge-per-bekim-fehmiu\/#breadcrumb"},"inLanguage":"en-US","potentialAction":[{"@type":"ReadAction","target":["https:\/\/www.visit-ulcinj.com\/blog\/2011\/02\/15\/hekuran-krasniqi-kenge-per-bekim-fehmiu\/"]}]},{"@type":"BreadcrumbList","@id":"https:\/\/www.visit-ulcinj.com\/blog\/2011\/02\/15\/hekuran-krasniqi-kenge-per-bekim-fehmiu\/#breadcrumb","itemListElement":[{"@type":"ListItem","position":1,"name":"Hekuran Krasniqi k\u00ebng\u00eb p\u00ebr Bekim Fehmiu"}]},{"@type":"Person","@id":"https:\/\/www.visit-ulcinj.com\/blog\/#\/schema\/person\/dcab619c614d3038751c63bc2aadc06d","name":"ulqini","sameAs":["http:\/\/www.visit-ulcinj.com"],"url":"https:\/\/www.visit-ulcinj.com\/blog\/author\/admin\/"}]}},"jetpack_featured_media_url":"","jetpack_sharing_enabled":true,"jetpack_shortlink":"https:\/\/wp.me\/pe6lTn-bhU","_links":{"self":[{"href":"https:\/\/www.visit-ulcinj.com\/blog\/wp-json\/wp\/v2\/posts\/43394"}],"collection":[{"href":"https:\/\/www.visit-ulcinj.com\/blog\/wp-json\/wp\/v2\/posts"}],"about":[{"href":"https:\/\/www.visit-ulcinj.com\/blog\/wp-json\/wp\/v2\/types\/post"}],"author":[{"embeddable":true,"href":"https:\/\/www.visit-ulcinj.com\/blog\/wp-json\/wp\/v2\/users\/1"}],"replies":[{"embeddable":true,"href":"https:\/\/www.visit-ulcinj.com\/blog\/wp-json\/wp\/v2\/comments?post=43394"}],"version-history":[{"count":0,"href":"https:\/\/www.visit-ulcinj.com\/blog\/wp-json\/wp\/v2\/posts\/43394\/revisions"}],"wp:attachment":[{"href":"https:\/\/www.visit-ulcinj.com\/blog\/wp-json\/wp\/v2\/media?parent=43394"}],"wp:term":[{"taxonomy":"category","embeddable":true,"href":"https:\/\/www.visit-ulcinj.com\/blog\/wp-json\/wp\/v2\/categories?post=43394"},{"taxonomy":"post_tag","embeddable":true,"href":"https:\/\/www.visit-ulcinj.com\/blog\/wp-json\/wp\/v2\/tags?post=43394"}],"curies":[{"name":"wp","href":"https:\/\/api.w.org\/{rel}","templated":true}]}}