{"id":43398,"date":"2011-02-15T21:09:18","date_gmt":"2011-02-15T20:09:18","guid":{"rendered":"http:\/\/www.visit-ulcinj.com\/blog\/?p=43398"},"modified":"2011-02-15T21:09:38","modified_gmt":"2011-02-15T20:09:38","slug":"surpriza-e-alberie-hadergjonaj","status":"publish","type":"post","link":"https:\/\/www.visit-ulcinj.com\/blog\/2011\/02\/15\/surpriza-e-alberie-hadergjonaj\/","title":{"rendered":"Surpriza e Alb\u00ebrie Had\u00ebrgjonaj"},"content":{"rendered":"<p><strong><a href=\"http:\/\/www.visit-ulcinj.com\/blog\/wp-content\/uploads\/2011\/02\/Alberie-Hadergjonaj.jpg\"><img loading=\"lazy\" class=\"alignleft size-full wp-image-43399\" title=\"Alberie Hadergjonaj\" src=\"http:\/\/www.visit-ulcinj.com\/blog\/wp-content\/uploads\/2011\/02\/Alberie-Hadergjonaj.jpg\" alt=\"\" width=\"490\" height=\"319\" \/><\/a>N\u00eb fakt koh\u00ebt e fundit kemi d\u00ebgjuar m\u00eb tep\u00ebr t\u00eb lakohen e bija dhe mbesat e saj sesa vet\u00eb ajo, kjo p\u00ebr vet\u00eb faktin se Alb\u00ebrie Had\u00ebrgjonaj ka punuar disa koh\u00eb p\u00ebr surpriz\u00ebn e saj.<\/strong><strong><br \/>\n<\/strong><br \/>\nE heshtur, por jo jasht\u00eb v\u00ebmendjes, ja ku mb\u00ebrrin edhe lajmi m\u00eb i fundit p\u00ebr Alb\u00ebrien. Ishte parashikuar q\u00eb n\u00eb sezonin e ver\u00ebs, por vet\u00ebm k\u00ebto dit\u00eb ajo \u00ebsht\u00eb gati dhe mund t\u00eb dal\u00eb p\u00ebr publikun.<\/p>\n<p>B\u00ebhet fjal\u00eb p\u00ebr klipin e saj m\u00eb t\u00eb fundit, ku padyshim Alb\u00ebria do t\u00eb shfaqet ndryshe n\u00eb imazh dhe n\u00eb vij\u00eb muzikore, duke qen\u00eb k\u00ebshtu nj\u00eb surpriz\u00eb e v\u00ebrtet\u00eb p\u00ebr publikun.<\/p>\n<p>E pik\u00ebrisht imazhi \u00ebsht\u00eb ai q\u00eb t\u00eb bie edhe m\u00eb tep\u00ebr n\u00eb sy, nd\u00ebrsa linjat perfekte jan\u00eb ato q\u00eb t\u00ebrheqin edhe m\u00eb shum\u00eb \u00e7do fans t\u00eb saj.<\/p>\n<p><strong>Bluetooth<br \/>\n<!--YouTube Error: bad URL entered--><\/strong><\/p>\n","protected":false},"excerpt":{"rendered":"<p>N\u00eb fakt koh\u00ebt e fundit kemi d\u00ebgjuar m\u00eb tep\u00ebr t\u00eb lakohen e bija dhe mbesat e saj sesa vet\u00eb ajo, kjo p\u00ebr vet\u00eb faktin se Alb\u00ebrie Had\u00ebrgjonaj ka punuar disa koh\u00eb p\u00ebr surpriz\u00ebn e saj. E heshtur, por jo jasht\u00eb v\u00ebmendjes, ja ku mb\u00ebrrin edhe lajmi m\u00eb i fundit p\u00ebr Alb\u00ebrien. Ishte parashikuar q\u00eb n\u00eb [&hellip;]<\/p>\n","protected":false},"author":1,"featured_media":0,"comment_status":"open","ping_status":"closed","sticky":false,"template":"","format":"standard","meta":{"spay_email":"","jetpack_publicize_message":"","jetpack_is_tweetstorm":false,"jetpack_publicize_feature_enabled":true},"categories":[1],"tags":[4567],"jetpack_publicize_connections":[],"yoast_head":"<!-- This site is optimized with the Yoast SEO plugin v19.1 - https:\/\/yoast.com\/wordpress\/plugins\/seo\/ -->\n<title>Surpriza e Alb\u00ebrie Had\u00ebrgjonaj - Lajme nga Ulqini<\/title>\n<meta name=\"description\" content=\"N\u00eb fakt koh\u00ebt e fundit kemi d\u00ebgjuar m\u00eb tep\u00ebr t\u00eb lakohen e bija dhe mbesat e saj sesa vet\u00eb ajo, kjo p\u00ebr vet\u00eb faktin se Alb\u00ebrie Had\u00ebrgjonaj ka punuar disa\" \/>\n<meta name=\"robots\" content=\"index, follow, max-snippet:-1, max-image-preview:large, max-video-preview:-1\" \/>\n<link rel=\"canonical\" href=\"https:\/\/www.visit-ulcinj.com\/blog\/2011\/02\/15\/surpriza-e-alberie-hadergjonaj\/\" \/>\n<meta property=\"og:locale\" content=\"en_US\" \/>\n<meta property=\"og:type\" content=\"article\" \/>\n<meta property=\"og:title\" content=\"Surpriza e Alb\u00ebrie Had\u00ebrgjonaj - Lajme nga Ulqini\" \/>\n<meta property=\"og:description\" content=\"N\u00eb fakt koh\u00ebt e fundit kemi d\u00ebgjuar m\u00eb tep\u00ebr t\u00eb lakohen e bija dhe mbesat e saj sesa vet\u00eb ajo, kjo p\u00ebr vet\u00eb faktin se Alb\u00ebrie Had\u00ebrgjonaj ka punuar disa\" \/>\n<meta property=\"og:url\" content=\"https:\/\/www.visit-ulcinj.com\/blog\/2011\/02\/15\/surpriza-e-alberie-hadergjonaj\/\" \/>\n<meta property=\"og:site_name\" content=\"Lajme nga Ulqini\" \/>\n<meta property=\"article:published_time\" content=\"2011-02-15T20:09:18+00:00\" \/>\n<meta property=\"article:modified_time\" content=\"2011-02-15T20:09:38+00:00\" \/>\n<meta property=\"og:image\" content=\"http:\/\/www.visit-ulcinj.com\/blog\/wp-content\/uploads\/2011\/02\/Alberie-Hadergjonaj.jpg\" \/>\n<meta name=\"twitter:label1\" content=\"Written by\" \/>\n\t<meta name=\"twitter:data1\" content=\"ulqini\" \/>\n\t<meta name=\"twitter:label2\" content=\"Est. reading time\" \/>\n\t<meta name=\"twitter:data2\" content=\"1 minute\" \/>\n<script type=\"application\/ld+json\" class=\"yoast-schema-graph\">{\"@context\":\"https:\/\/schema.org\",\"@graph\":[{\"@type\":\"WebSite\",\"@id\":\"https:\/\/www.visit-ulcinj.com\/blog\/#website\",\"url\":\"https:\/\/www.visit-ulcinj.com\/blog\/\",\"name\":\"Lajme nga Ulqini\",\"description\":\"Lajme,Vijesti,Ulqini,Ulqin,Crna Gora,Mali i Zi\",\"potentialAction\":[{\"@type\":\"SearchAction\",\"target\":{\"@type\":\"EntryPoint\",\"urlTemplate\":\"https:\/\/www.visit-ulcinj.com\/blog\/?s={search_term_string}\"},\"query-input\":\"required name=search_term_string\"}],\"inLanguage\":\"en-US\"},{\"@type\":\"ImageObject\",\"inLanguage\":\"en-US\",\"@id\":\"https:\/\/www.visit-ulcinj.com\/blog\/2011\/02\/15\/surpriza-e-alberie-hadergjonaj\/#primaryimage\",\"url\":\"http:\/\/www.visit-ulcinj.com\/blog\/wp-content\/uploads\/2011\/02\/Alberie-Hadergjonaj.jpg\",\"contentUrl\":\"http:\/\/www.visit-ulcinj.com\/blog\/wp-content\/uploads\/2011\/02\/Alberie-Hadergjonaj.jpg\"},{\"@type\":\"WebPage\",\"@id\":\"https:\/\/www.visit-ulcinj.com\/blog\/2011\/02\/15\/surpriza-e-alberie-hadergjonaj\/#webpage\",\"url\":\"https:\/\/www.visit-ulcinj.com\/blog\/2011\/02\/15\/surpriza-e-alberie-hadergjonaj\/\",\"name\":\"Surpriza e Alb\u00ebrie Had\u00ebrgjonaj - Lajme nga Ulqini\",\"isPartOf\":{\"@id\":\"https:\/\/www.visit-ulcinj.com\/blog\/#website\"},\"primaryImageOfPage\":{\"@id\":\"https:\/\/www.visit-ulcinj.com\/blog\/2011\/02\/15\/surpriza-e-alberie-hadergjonaj\/#primaryimage\"},\"datePublished\":\"2011-02-15T20:09:18+00:00\",\"dateModified\":\"2011-02-15T20:09:38+00:00\",\"author\":{\"@id\":\"https:\/\/www.visit-ulcinj.com\/blog\/#\/schema\/person\/dcab619c614d3038751c63bc2aadc06d\"},\"description\":\"N\u00eb fakt koh\u00ebt e fundit kemi d\u00ebgjuar m\u00eb tep\u00ebr t\u00eb lakohen e bija dhe mbesat e saj sesa vet\u00eb ajo, kjo p\u00ebr vet\u00eb faktin se Alb\u00ebrie Had\u00ebrgjonaj ka punuar disa\",\"breadcrumb\":{\"@id\":\"https:\/\/www.visit-ulcinj.com\/blog\/2011\/02\/15\/surpriza-e-alberie-hadergjonaj\/#breadcrumb\"},\"inLanguage\":\"en-US\",\"potentialAction\":[{\"@type\":\"ReadAction\",\"target\":[\"https:\/\/www.visit-ulcinj.com\/blog\/2011\/02\/15\/surpriza-e-alberie-hadergjonaj\/\"]}]},{\"@type\":\"BreadcrumbList\",\"@id\":\"https:\/\/www.visit-ulcinj.com\/blog\/2011\/02\/15\/surpriza-e-alberie-hadergjonaj\/#breadcrumb\",\"itemListElement\":[{\"@type\":\"ListItem\",\"position\":1,\"name\":\"Surpriza e Alb\u00ebrie Had\u00ebrgjonaj\"}]},{\"@type\":\"Person\",\"@id\":\"https:\/\/www.visit-ulcinj.com\/blog\/#\/schema\/person\/dcab619c614d3038751c63bc2aadc06d\",\"name\":\"ulqini\",\"sameAs\":[\"http:\/\/www.visit-ulcinj.com\"],\"url\":\"https:\/\/www.visit-ulcinj.com\/blog\/author\/admin\/\"}]}<\/script>\n<!-- \/ Yoast SEO plugin. -->","yoast_head_json":{"title":"Surpriza e Alb\u00ebrie Had\u00ebrgjonaj - Lajme nga Ulqini","description":"N\u00eb fakt koh\u00ebt e fundit kemi d\u00ebgjuar m\u00eb tep\u00ebr t\u00eb lakohen e bija dhe mbesat e saj sesa vet\u00eb ajo, kjo p\u00ebr vet\u00eb faktin se Alb\u00ebrie Had\u00ebrgjonaj ka punuar disa","robots":{"index":"index","follow":"follow","max-snippet":"max-snippet:-1","max-image-preview":"max-image-preview:large","max-video-preview":"max-video-preview:-1"},"canonical":"https:\/\/www.visit-ulcinj.com\/blog\/2011\/02\/15\/surpriza-e-alberie-hadergjonaj\/","og_locale":"en_US","og_type":"article","og_title":"Surpriza e Alb\u00ebrie Had\u00ebrgjonaj - Lajme nga Ulqini","og_description":"N\u00eb fakt koh\u00ebt e fundit kemi d\u00ebgjuar m\u00eb tep\u00ebr t\u00eb lakohen e bija dhe mbesat e saj sesa vet\u00eb ajo, kjo p\u00ebr vet\u00eb faktin se Alb\u00ebrie Had\u00ebrgjonaj ka punuar disa","og_url":"https:\/\/www.visit-ulcinj.com\/blog\/2011\/02\/15\/surpriza-e-alberie-hadergjonaj\/","og_site_name":"Lajme nga Ulqini","article_published_time":"2011-02-15T20:09:18+00:00","article_modified_time":"2011-02-15T20:09:38+00:00","og_image":[{"url":"http:\/\/www.visit-ulcinj.com\/blog\/wp-content\/uploads\/2011\/02\/Alberie-Hadergjonaj.jpg"}],"twitter_misc":{"Written by":"ulqini","Est. reading time":"1 minute"},"schema":{"@context":"https:\/\/schema.org","@graph":[{"@type":"WebSite","@id":"https:\/\/www.visit-ulcinj.com\/blog\/#website","url":"https:\/\/www.visit-ulcinj.com\/blog\/","name":"Lajme nga Ulqini","description":"Lajme,Vijesti,Ulqini,Ulqin,Crna Gora,Mali i Zi","potentialAction":[{"@type":"SearchAction","target":{"@type":"EntryPoint","urlTemplate":"https:\/\/www.visit-ulcinj.com\/blog\/?s={search_term_string}"},"query-input":"required name=search_term_string"}],"inLanguage":"en-US"},{"@type":"ImageObject","inLanguage":"en-US","@id":"https:\/\/www.visit-ulcinj.com\/blog\/2011\/02\/15\/surpriza-e-alberie-hadergjonaj\/#primaryimage","url":"http:\/\/www.visit-ulcinj.com\/blog\/wp-content\/uploads\/2011\/02\/Alberie-Hadergjonaj.jpg","contentUrl":"http:\/\/www.visit-ulcinj.com\/blog\/wp-content\/uploads\/2011\/02\/Alberie-Hadergjonaj.jpg"},{"@type":"WebPage","@id":"https:\/\/www.visit-ulcinj.com\/blog\/2011\/02\/15\/surpriza-e-alberie-hadergjonaj\/#webpage","url":"https:\/\/www.visit-ulcinj.com\/blog\/2011\/02\/15\/surpriza-e-alberie-hadergjonaj\/","name":"Surpriza e Alb\u00ebrie Had\u00ebrgjonaj - Lajme nga Ulqini","isPartOf":{"@id":"https:\/\/www.visit-ulcinj.com\/blog\/#website"},"primaryImageOfPage":{"@id":"https:\/\/www.visit-ulcinj.com\/blog\/2011\/02\/15\/surpriza-e-alberie-hadergjonaj\/#primaryimage"},"datePublished":"2011-02-15T20:09:18+00:00","dateModified":"2011-02-15T20:09:38+00:00","author":{"@id":"https:\/\/www.visit-ulcinj.com\/blog\/#\/schema\/person\/dcab619c614d3038751c63bc2aadc06d"},"description":"N\u00eb fakt koh\u00ebt e fundit kemi d\u00ebgjuar m\u00eb tep\u00ebr t\u00eb lakohen e bija dhe mbesat e saj sesa vet\u00eb ajo, kjo p\u00ebr vet\u00eb faktin se Alb\u00ebrie Had\u00ebrgjonaj ka punuar disa","breadcrumb":{"@id":"https:\/\/www.visit-ulcinj.com\/blog\/2011\/02\/15\/surpriza-e-alberie-hadergjonaj\/#breadcrumb"},"inLanguage":"en-US","potentialAction":[{"@type":"ReadAction","target":["https:\/\/www.visit-ulcinj.com\/blog\/2011\/02\/15\/surpriza-e-alberie-hadergjonaj\/"]}]},{"@type":"BreadcrumbList","@id":"https:\/\/www.visit-ulcinj.com\/blog\/2011\/02\/15\/surpriza-e-alberie-hadergjonaj\/#breadcrumb","itemListElement":[{"@type":"ListItem","position":1,"name":"Surpriza e Alb\u00ebrie Had\u00ebrgjonaj"}]},{"@type":"Person","@id":"https:\/\/www.visit-ulcinj.com\/blog\/#\/schema\/person\/dcab619c614d3038751c63bc2aadc06d","name":"ulqini","sameAs":["http:\/\/www.visit-ulcinj.com"],"url":"https:\/\/www.visit-ulcinj.com\/blog\/author\/admin\/"}]}},"jetpack_featured_media_url":"","jetpack_sharing_enabled":true,"jetpack_shortlink":"https:\/\/wp.me\/pe6lTn-bhY","_links":{"self":[{"href":"https:\/\/www.visit-ulcinj.com\/blog\/wp-json\/wp\/v2\/posts\/43398"}],"collection":[{"href":"https:\/\/www.visit-ulcinj.com\/blog\/wp-json\/wp\/v2\/posts"}],"about":[{"href":"https:\/\/www.visit-ulcinj.com\/blog\/wp-json\/wp\/v2\/types\/post"}],"author":[{"embeddable":true,"href":"https:\/\/www.visit-ulcinj.com\/blog\/wp-json\/wp\/v2\/users\/1"}],"replies":[{"embeddable":true,"href":"https:\/\/www.visit-ulcinj.com\/blog\/wp-json\/wp\/v2\/comments?post=43398"}],"version-history":[{"count":0,"href":"https:\/\/www.visit-ulcinj.com\/blog\/wp-json\/wp\/v2\/posts\/43398\/revisions"}],"wp:attachment":[{"href":"https:\/\/www.visit-ulcinj.com\/blog\/wp-json\/wp\/v2\/media?parent=43398"}],"wp:term":[{"taxonomy":"category","embeddable":true,"href":"https:\/\/www.visit-ulcinj.com\/blog\/wp-json\/wp\/v2\/categories?post=43398"},{"taxonomy":"post_tag","embeddable":true,"href":"https:\/\/www.visit-ulcinj.com\/blog\/wp-json\/wp\/v2\/tags?post=43398"}],"curies":[{"name":"wp","href":"https:\/\/api.w.org\/{rel}","templated":true}]}}