{"id":43402,"date":"2011-02-15T21:20:04","date_gmt":"2011-02-15T20:20:04","guid":{"rendered":"http:\/\/www.visit-ulcinj.com\/blog\/?p=43402"},"modified":"2011-02-15T21:20:32","modified_gmt":"2011-02-15T20:20:32","slug":"yllka-gashi-jam-tip-energjik-dhe-i-hareshem","status":"publish","type":"post","link":"https:\/\/www.visit-ulcinj.com\/blog\/2011\/02\/15\/yllka-gashi-jam-tip-energjik-dhe-i-hareshem\/","title":{"rendered":"Yllka Gashi: Jam tip energjik dhe i haresh\u00ebm"},"content":{"rendered":"<p><strong><a href=\"http:\/\/www.visit-ulcinj.com\/blog\/wp-content\/uploads\/2011\/02\/Yllka-Gashi.jpg\"><img loading=\"lazy\" class=\"alignleft size-full wp-image-43403\" title=\"Yllka Gashi\" src=\"http:\/\/www.visit-ulcinj.com\/blog\/wp-content\/uploads\/2011\/02\/Yllka-Gashi.jpg\" alt=\"\" width=\"490\" height=\"620\" \/><\/a>Dita e saj e zakonshme fillon me nj\u00eb kafe turke dhe nj\u00eb dush t\u00eb ngroht\u00eb, nd\u00ebrsa pas ushtrimeve ajo kthehet n\u00eb sht\u00ebpi p\u00ebr t\u00eb p\u00ebrgatitur drek\u00ebn. M\u00eb pas u kthehet provave t\u00eb serialit dhe provave t\u00eb Teatrit Komb\u00ebtar t\u00eb Kosov\u00ebs. K\u00ebshtu nis dhe mbaron nj\u00eb dit\u00eb e aktores kosovare Yllka Gashi.<\/strong><\/p>\n<p>P\u00ebrve\u00e7 q\u00eb \u00ebsht\u00eb e angazhuar n\u00eb serialin vendor \u201cFamilja Moderne\u201d, gjat\u00eb nj\u00eb bisede p\u00ebr Telegrafi.com, Yllka ka treguar se \u00ebsht\u00eb e angazhuar edhe n\u00eb dy shfaqje teatrore n\u00eb repertorin e Teatrit Komb\u00ebtar t\u00eb Kosov\u00ebs.<\/p>\n<p>\u201cDita ime zakonisht fillon me nj\u00eb kafe turke dhe nj\u00eb dush t\u00eb ngroht\u00eb, pastaj shkoj n\u00eb fitnes dhe kur p\u00ebrfundoj ushtrimet zakonisht kthehem n\u00eb sht\u00ebpi p\u00ebr t\u00eb p\u00ebrgatitur drek\u00ebn. M\u00eb pas vijn\u00eb provat e serialit dhe eventualisht sipas orarit mujor t\u00eb Teatrit Komb\u00ebtar, mbr\u00ebmjet shoq\u00ebrohen me shfaqjet q\u00eb i kam n\u00eb repertor\u201d, ka pohuar Yllka p\u00ebr Telegrafi.<\/p>\n<p>\u201cMomentalisht jam e angazhuar me prova e xhirime t\u00eb sezonit t\u00eb n\u00ebnt\u00eb t\u00eb serialit vendor \u2018Familja Moderne\u2019. Po ashtu, n\u00eb repertorin e Teatrit Komb\u00ebtar t\u00eb Kosov\u00ebs kam dy shfaqje. Shfaqjen \u2018Heshtje\u2019 nga Refet Abazi me regji t\u00eb Arta Kallab\u00ebs dhe shfaqjen \u2018Vdekja dhe Vasha\u2019 nga Ariel Dorfman me regji t\u00eb Fatos Berish\u00ebs. Muajin e kaluar kam xhiruar nj\u00eb film t\u00eb metrazhit t\u00eb shkurt\u00ebr me skenar dhe regji t\u00eb Ariel Shabanit\u201d, ka th\u00ebn\u00eb Gashi.<\/p>\n<p>Yllka ka rr\u00ebfyer se \u00ebsht\u00eb shum\u00eb e k\u00ebnaqur me rrjedh\u00ebn e jet\u00ebs s\u00eb saj dhe \u00ebsht\u00eb shum\u00eb fal\u00ebnderuese q\u00eb jeta e saj ka plot momente t\u00eb lumtura, duke mos dashur ta ve\u00e7oj\u00eb asnj\u00eb prej tyre. Por nd\u00ebr momentet m\u00eb t\u00eb tmerrshme t\u00eb jet\u00ebs saj ajo p\u00ebrmend ndarjen me familjen e saj gjat\u00eb luft\u00ebs.<\/p>\n<p>\u201cJam e lumtur dhe shum\u00eb fal\u00ebnderuese q\u00eb jeta ime ka plot e plot momente t\u00eb lumtura dhe t\u00eb k\u00ebnaqshme, n\u00ebse do t\u00eb duhej t\u2019i selektoja gjithsesi do t\u2019i mbetesha borxh vetes. Nd\u00ebrsa, nga momentet m\u00eb t\u00eb trishtuara n\u00eb jet\u00eb deri tani t\u00eb parin n\u00eb list\u00eb e kam momentin e ndarjes nga familja ime p\u00ebr nj\u00eb jav\u00eb rresht gjat\u00eb luft\u00ebs s\u00eb 99-t\u00ebs\u201d, ka pohuar aktorja.<\/p>\n<p>Aktorja kosovare po ashtu thot\u00eb se ajo irritohet nga pesimizmi, personat negativ dhe ata q\u00eb t\u00eb duan p\u00ebr interes.<\/p>\n<p>\u201cUn\u00eb jam tip energjik dhe i haresh\u00ebm. M\u00eb g\u00ebzon e lumturon sh\u00ebndeti i mir\u00eb dhe m\u00eb fisnik\u00ebron puna. Irritohem e \u2018m\u00ebrzitem\u2019 nga pesimizmi dhe nuk i duroj dot negativ\u00ebt e interesxhinjt\u00eb\u201d, ka shtuar Yllka.<\/p>\n<p><strong>Telegrafi<br \/>\n<!--YouTube Error: bad URL entered--><\/strong><\/p>\n","protected":false},"excerpt":{"rendered":"<p>Dita e saj e zakonshme fillon me nj\u00eb kafe turke dhe nj\u00eb dush t\u00eb ngroht\u00eb, nd\u00ebrsa pas ushtrimeve ajo kthehet n\u00eb sht\u00ebpi p\u00ebr t\u00eb p\u00ebrgatitur drek\u00ebn. M\u00eb pas u kthehet provave t\u00eb serialit dhe provave t\u00eb Teatrit Komb\u00ebtar t\u00eb Kosov\u00ebs. K\u00ebshtu nis dhe mbaron nj\u00eb dit\u00eb e aktores kosovare Yllka Gashi. P\u00ebrve\u00e7 q\u00eb \u00ebsht\u00eb e [&hellip;]<\/p>\n","protected":false},"author":1,"featured_media":0,"comment_status":"open","ping_status":"closed","sticky":false,"template":"","format":"standard","meta":{"spay_email":"","jetpack_publicize_message":"","jetpack_is_tweetstorm":false,"jetpack_publicize_feature_enabled":true},"categories":[1],"tags":[4927],"jetpack_publicize_connections":[],"yoast_head":"<!-- This site is optimized with the Yoast SEO plugin v19.1 - https:\/\/yoast.com\/wordpress\/plugins\/seo\/ -->\n<title>Yllka Gashi: Jam tip energjik dhe i haresh\u00ebm - Lajme nga Ulqini<\/title>\n<meta name=\"description\" content=\"Dita e saj e zakonshme fillon me nj\u00eb kafe turke dhe nj\u00eb dush t\u00eb ngroht\u00eb, nd\u00ebrsa pas ushtrimeve ajo kthehet n\u00eb sht\u00ebpi p\u00ebr t\u00eb p\u00ebrgatitur drek\u00ebn. M\u00eb pas u\" \/>\n<meta name=\"robots\" content=\"index, follow, max-snippet:-1, max-image-preview:large, max-video-preview:-1\" \/>\n<link rel=\"canonical\" href=\"https:\/\/www.visit-ulcinj.com\/blog\/2011\/02\/15\/yllka-gashi-jam-tip-energjik-dhe-i-hareshem\/\" \/>\n<meta property=\"og:locale\" content=\"en_US\" \/>\n<meta property=\"og:type\" content=\"article\" \/>\n<meta property=\"og:title\" content=\"Yllka Gashi: Jam tip energjik dhe i haresh\u00ebm - Lajme nga Ulqini\" \/>\n<meta property=\"og:description\" content=\"Dita e saj e zakonshme fillon me nj\u00eb kafe turke dhe nj\u00eb dush t\u00eb ngroht\u00eb, nd\u00ebrsa pas ushtrimeve ajo kthehet n\u00eb sht\u00ebpi p\u00ebr t\u00eb p\u00ebrgatitur drek\u00ebn. M\u00eb pas u\" \/>\n<meta property=\"og:url\" content=\"https:\/\/www.visit-ulcinj.com\/blog\/2011\/02\/15\/yllka-gashi-jam-tip-energjik-dhe-i-hareshem\/\" \/>\n<meta property=\"og:site_name\" content=\"Lajme nga Ulqini\" \/>\n<meta property=\"article:published_time\" content=\"2011-02-15T20:20:04+00:00\" \/>\n<meta property=\"article:modified_time\" content=\"2011-02-15T20:20:32+00:00\" \/>\n<meta property=\"og:image\" content=\"http:\/\/www.visit-ulcinj.com\/blog\/wp-content\/uploads\/2011\/02\/Yllka-Gashi.jpg\" \/>\n<meta name=\"twitter:label1\" content=\"Written by\" \/>\n\t<meta name=\"twitter:data1\" content=\"ulqini\" \/>\n\t<meta name=\"twitter:label2\" content=\"Est. reading time\" \/>\n\t<meta name=\"twitter:data2\" content=\"2 minutes\" \/>\n<script type=\"application\/ld+json\" class=\"yoast-schema-graph\">{\"@context\":\"https:\/\/schema.org\",\"@graph\":[{\"@type\":\"WebSite\",\"@id\":\"https:\/\/www.visit-ulcinj.com\/blog\/#website\",\"url\":\"https:\/\/www.visit-ulcinj.com\/blog\/\",\"name\":\"Lajme nga Ulqini\",\"description\":\"Lajme,Vijesti,Ulqini,Ulqin,Crna Gora,Mali i Zi\",\"potentialAction\":[{\"@type\":\"SearchAction\",\"target\":{\"@type\":\"EntryPoint\",\"urlTemplate\":\"https:\/\/www.visit-ulcinj.com\/blog\/?s={search_term_string}\"},\"query-input\":\"required name=search_term_string\"}],\"inLanguage\":\"en-US\"},{\"@type\":\"ImageObject\",\"inLanguage\":\"en-US\",\"@id\":\"https:\/\/www.visit-ulcinj.com\/blog\/2011\/02\/15\/yllka-gashi-jam-tip-energjik-dhe-i-hareshem\/#primaryimage\",\"url\":\"http:\/\/www.visit-ulcinj.com\/blog\/wp-content\/uploads\/2011\/02\/Yllka-Gashi.jpg\",\"contentUrl\":\"http:\/\/www.visit-ulcinj.com\/blog\/wp-content\/uploads\/2011\/02\/Yllka-Gashi.jpg\"},{\"@type\":\"WebPage\",\"@id\":\"https:\/\/www.visit-ulcinj.com\/blog\/2011\/02\/15\/yllka-gashi-jam-tip-energjik-dhe-i-hareshem\/#webpage\",\"url\":\"https:\/\/www.visit-ulcinj.com\/blog\/2011\/02\/15\/yllka-gashi-jam-tip-energjik-dhe-i-hareshem\/\",\"name\":\"Yllka Gashi: Jam tip energjik dhe i haresh\u00ebm - Lajme nga Ulqini\",\"isPartOf\":{\"@id\":\"https:\/\/www.visit-ulcinj.com\/blog\/#website\"},\"primaryImageOfPage\":{\"@id\":\"https:\/\/www.visit-ulcinj.com\/blog\/2011\/02\/15\/yllka-gashi-jam-tip-energjik-dhe-i-hareshem\/#primaryimage\"},\"datePublished\":\"2011-02-15T20:20:04+00:00\",\"dateModified\":\"2011-02-15T20:20:32+00:00\",\"author\":{\"@id\":\"https:\/\/www.visit-ulcinj.com\/blog\/#\/schema\/person\/dcab619c614d3038751c63bc2aadc06d\"},\"description\":\"Dita e saj e zakonshme fillon me nj\u00eb kafe turke dhe nj\u00eb dush t\u00eb ngroht\u00eb, nd\u00ebrsa pas ushtrimeve ajo kthehet n\u00eb sht\u00ebpi p\u00ebr t\u00eb p\u00ebrgatitur drek\u00ebn. M\u00eb pas u\",\"breadcrumb\":{\"@id\":\"https:\/\/www.visit-ulcinj.com\/blog\/2011\/02\/15\/yllka-gashi-jam-tip-energjik-dhe-i-hareshem\/#breadcrumb\"},\"inLanguage\":\"en-US\",\"potentialAction\":[{\"@type\":\"ReadAction\",\"target\":[\"https:\/\/www.visit-ulcinj.com\/blog\/2011\/02\/15\/yllka-gashi-jam-tip-energjik-dhe-i-hareshem\/\"]}]},{\"@type\":\"BreadcrumbList\",\"@id\":\"https:\/\/www.visit-ulcinj.com\/blog\/2011\/02\/15\/yllka-gashi-jam-tip-energjik-dhe-i-hareshem\/#breadcrumb\",\"itemListElement\":[{\"@type\":\"ListItem\",\"position\":1,\"name\":\"Yllka Gashi: Jam tip energjik dhe i haresh\u00ebm\"}]},{\"@type\":\"Person\",\"@id\":\"https:\/\/www.visit-ulcinj.com\/blog\/#\/schema\/person\/dcab619c614d3038751c63bc2aadc06d\",\"name\":\"ulqini\",\"sameAs\":[\"http:\/\/www.visit-ulcinj.com\"],\"url\":\"https:\/\/www.visit-ulcinj.com\/blog\/author\/admin\/\"}]}<\/script>\n<!-- \/ Yoast SEO plugin. -->","yoast_head_json":{"title":"Yllka Gashi: Jam tip energjik dhe i haresh\u00ebm - Lajme nga Ulqini","description":"Dita e saj e zakonshme fillon me nj\u00eb kafe turke dhe nj\u00eb dush t\u00eb ngroht\u00eb, nd\u00ebrsa pas ushtrimeve ajo kthehet n\u00eb sht\u00ebpi p\u00ebr t\u00eb p\u00ebrgatitur drek\u00ebn. M\u00eb pas u","robots":{"index":"index","follow":"follow","max-snippet":"max-snippet:-1","max-image-preview":"max-image-preview:large","max-video-preview":"max-video-preview:-1"},"canonical":"https:\/\/www.visit-ulcinj.com\/blog\/2011\/02\/15\/yllka-gashi-jam-tip-energjik-dhe-i-hareshem\/","og_locale":"en_US","og_type":"article","og_title":"Yllka Gashi: Jam tip energjik dhe i haresh\u00ebm - Lajme nga Ulqini","og_description":"Dita e saj e zakonshme fillon me nj\u00eb kafe turke dhe nj\u00eb dush t\u00eb ngroht\u00eb, nd\u00ebrsa pas ushtrimeve ajo kthehet n\u00eb sht\u00ebpi p\u00ebr t\u00eb p\u00ebrgatitur drek\u00ebn. M\u00eb pas u","og_url":"https:\/\/www.visit-ulcinj.com\/blog\/2011\/02\/15\/yllka-gashi-jam-tip-energjik-dhe-i-hareshem\/","og_site_name":"Lajme nga Ulqini","article_published_time":"2011-02-15T20:20:04+00:00","article_modified_time":"2011-02-15T20:20:32+00:00","og_image":[{"url":"http:\/\/www.visit-ulcinj.com\/blog\/wp-content\/uploads\/2011\/02\/Yllka-Gashi.jpg"}],"twitter_misc":{"Written by":"ulqini","Est. reading time":"2 minutes"},"schema":{"@context":"https:\/\/schema.org","@graph":[{"@type":"WebSite","@id":"https:\/\/www.visit-ulcinj.com\/blog\/#website","url":"https:\/\/www.visit-ulcinj.com\/blog\/","name":"Lajme nga Ulqini","description":"Lajme,Vijesti,Ulqini,Ulqin,Crna Gora,Mali i Zi","potentialAction":[{"@type":"SearchAction","target":{"@type":"EntryPoint","urlTemplate":"https:\/\/www.visit-ulcinj.com\/blog\/?s={search_term_string}"},"query-input":"required name=search_term_string"}],"inLanguage":"en-US"},{"@type":"ImageObject","inLanguage":"en-US","@id":"https:\/\/www.visit-ulcinj.com\/blog\/2011\/02\/15\/yllka-gashi-jam-tip-energjik-dhe-i-hareshem\/#primaryimage","url":"http:\/\/www.visit-ulcinj.com\/blog\/wp-content\/uploads\/2011\/02\/Yllka-Gashi.jpg","contentUrl":"http:\/\/www.visit-ulcinj.com\/blog\/wp-content\/uploads\/2011\/02\/Yllka-Gashi.jpg"},{"@type":"WebPage","@id":"https:\/\/www.visit-ulcinj.com\/blog\/2011\/02\/15\/yllka-gashi-jam-tip-energjik-dhe-i-hareshem\/#webpage","url":"https:\/\/www.visit-ulcinj.com\/blog\/2011\/02\/15\/yllka-gashi-jam-tip-energjik-dhe-i-hareshem\/","name":"Yllka Gashi: Jam tip energjik dhe i haresh\u00ebm - Lajme nga Ulqini","isPartOf":{"@id":"https:\/\/www.visit-ulcinj.com\/blog\/#website"},"primaryImageOfPage":{"@id":"https:\/\/www.visit-ulcinj.com\/blog\/2011\/02\/15\/yllka-gashi-jam-tip-energjik-dhe-i-hareshem\/#primaryimage"},"datePublished":"2011-02-15T20:20:04+00:00","dateModified":"2011-02-15T20:20:32+00:00","author":{"@id":"https:\/\/www.visit-ulcinj.com\/blog\/#\/schema\/person\/dcab619c614d3038751c63bc2aadc06d"},"description":"Dita e saj e zakonshme fillon me nj\u00eb kafe turke dhe nj\u00eb dush t\u00eb ngroht\u00eb, nd\u00ebrsa pas ushtrimeve ajo kthehet n\u00eb sht\u00ebpi p\u00ebr t\u00eb p\u00ebrgatitur drek\u00ebn. M\u00eb pas u","breadcrumb":{"@id":"https:\/\/www.visit-ulcinj.com\/blog\/2011\/02\/15\/yllka-gashi-jam-tip-energjik-dhe-i-hareshem\/#breadcrumb"},"inLanguage":"en-US","potentialAction":[{"@type":"ReadAction","target":["https:\/\/www.visit-ulcinj.com\/blog\/2011\/02\/15\/yllka-gashi-jam-tip-energjik-dhe-i-hareshem\/"]}]},{"@type":"BreadcrumbList","@id":"https:\/\/www.visit-ulcinj.com\/blog\/2011\/02\/15\/yllka-gashi-jam-tip-energjik-dhe-i-hareshem\/#breadcrumb","itemListElement":[{"@type":"ListItem","position":1,"name":"Yllka Gashi: Jam tip energjik dhe i haresh\u00ebm"}]},{"@type":"Person","@id":"https:\/\/www.visit-ulcinj.com\/blog\/#\/schema\/person\/dcab619c614d3038751c63bc2aadc06d","name":"ulqini","sameAs":["http:\/\/www.visit-ulcinj.com"],"url":"https:\/\/www.visit-ulcinj.com\/blog\/author\/admin\/"}]}},"jetpack_featured_media_url":"","jetpack_sharing_enabled":true,"jetpack_shortlink":"https:\/\/wp.me\/pe6lTn-bi2","_links":{"self":[{"href":"https:\/\/www.visit-ulcinj.com\/blog\/wp-json\/wp\/v2\/posts\/43402"}],"collection":[{"href":"https:\/\/www.visit-ulcinj.com\/blog\/wp-json\/wp\/v2\/posts"}],"about":[{"href":"https:\/\/www.visit-ulcinj.com\/blog\/wp-json\/wp\/v2\/types\/post"}],"author":[{"embeddable":true,"href":"https:\/\/www.visit-ulcinj.com\/blog\/wp-json\/wp\/v2\/users\/1"}],"replies":[{"embeddable":true,"href":"https:\/\/www.visit-ulcinj.com\/blog\/wp-json\/wp\/v2\/comments?post=43402"}],"version-history":[{"count":0,"href":"https:\/\/www.visit-ulcinj.com\/blog\/wp-json\/wp\/v2\/posts\/43402\/revisions"}],"wp:attachment":[{"href":"https:\/\/www.visit-ulcinj.com\/blog\/wp-json\/wp\/v2\/media?parent=43402"}],"wp:term":[{"taxonomy":"category","embeddable":true,"href":"https:\/\/www.visit-ulcinj.com\/blog\/wp-json\/wp\/v2\/categories?post=43402"},{"taxonomy":"post_tag","embeddable":true,"href":"https:\/\/www.visit-ulcinj.com\/blog\/wp-json\/wp\/v2\/tags?post=43402"}],"curies":[{"name":"wp","href":"https:\/\/api.w.org\/{rel}","templated":true}]}}