{"id":43406,"date":"2011-02-15T21:29:28","date_gmt":"2011-02-15T20:29:28","guid":{"rendered":"http:\/\/www.visit-ulcinj.com\/blog\/?p=43406"},"modified":"2011-02-15T21:32:24","modified_gmt":"2011-02-15T20:32:24","slug":"ingrid-gjoni-le-shqiperine-zhvendoset-ne-spanje","status":"publish","type":"post","link":"https:\/\/www.visit-ulcinj.com\/blog\/2011\/02\/15\/ingrid-gjoni-le-shqiperine-zhvendoset-ne-spanje\/","title":{"rendered":"Ingrid Gjoni l\u00eb Shqip\u00ebrin\u00eb, zhvendoset n\u00eb Spanj\u00eb"},"content":{"rendered":"<p><a href=\"http:\/\/www.visit-ulcinj.com\/blog\/wp-content\/uploads\/2011\/02\/Ingrid-Gjoni-ne-spanje.jpg\"><img loading=\"lazy\" class=\"alignleft size-medium wp-image-43407\" title=\"Ingrid Gjoni ne spanje\" src=\"http:\/\/www.visit-ulcinj.com\/blog\/wp-content\/uploads\/2011\/02\/Ingrid-Gjoni-ne-spanje-218x300.jpg\" alt=\"\" width=\"218\" height=\"300\" \/><\/a>K\u00ebng\u00ebtarja, Ingrid Gjoni, q\u00eb prej pak jav\u00ebsh i mungon Tiran\u00ebs, duket se nuk ka nd\u00ebr mend t\u00eb kthehet n\u00eb vendin e saj. Pas q\u00ebndrimit n\u00eb Zyrih, k\u00ebng\u00ebtarja \u00ebsht\u00eb nisur drejt Milanos, p\u00ebr nj\u00eb koncert, nd\u00ebrsa destinacioni i fundit ishte Spanja. Dhe kjo, jo si nj\u00eb q\u00ebndrim disa ditor p\u00ebr ndonj\u00eb koncert, por shum\u00eb m\u00eb tep\u00ebr.<\/p>\n<p>K\u00ebng\u00ebtarja ka vendosur q\u00eb p\u00ebr disa koh\u00eb t\u00eb jetoj\u00eb larg Shqip\u00ebris\u00eb dhe vendi i saj i jetes\u00ebs s\u00eb re, do t\u00eb jet\u00eb pik\u00ebrisht vendi turistik i Europ\u00ebs. \u201cDo t\u00eb jetoj p\u00ebr disa koh\u00eb atje. Kam nevoj\u00eb t\u00eb shk\u00ebputem p\u00ebr momentin nga Tirana\u201d, tregon ajo. Nuk dihet n\u00ebse kjo shk\u00ebputje e Gjonit ka lidhje me aktivitetin e saj muzikor, apo jet\u00ebn private. K\u00ebng\u00ebtarja nuk jep komente, por rr\u00ebfen se ndihet plot\u00ebsisht e lumtur n\u00eb k\u00ebto pushime q\u00eb i ka kushtuar vetes.<\/p>\n<p><strong>Koha Re<\/strong><br \/>\n<!--YouTube Error: bad URL entered--><\/p>\n","protected":false},"excerpt":{"rendered":"<p>K\u00ebng\u00ebtarja, Ingrid Gjoni, q\u00eb prej pak jav\u00ebsh i mungon Tiran\u00ebs, duket se nuk ka nd\u00ebr mend t\u00eb kthehet n\u00eb vendin e saj. Pas q\u00ebndrimit n\u00eb Zyrih, k\u00ebng\u00ebtarja \u00ebsht\u00eb nisur drejt Milanos, p\u00ebr nj\u00eb koncert, nd\u00ebrsa destinacioni i fundit ishte Spanja. Dhe kjo, jo si nj\u00eb q\u00ebndrim disa ditor p\u00ebr ndonj\u00eb koncert, por shum\u00eb m\u00eb tep\u00ebr. [&hellip;]<\/p>\n","protected":false},"author":1,"featured_media":0,"comment_status":"open","ping_status":"closed","sticky":false,"template":"","format":"standard","meta":{"spay_email":"","jetpack_publicize_message":"","jetpack_is_tweetstorm":false,"jetpack_publicize_feature_enabled":true},"categories":[1],"tags":[4966],"jetpack_publicize_connections":[],"yoast_head":"<!-- This site is optimized with the Yoast SEO plugin v19.1 - https:\/\/yoast.com\/wordpress\/plugins\/seo\/ -->\n<title>Ingrid Gjoni l\u00eb Shqip\u00ebrin\u00eb, zhvendoset n\u00eb Spanj\u00eb - Lajme nga Ulqini<\/title>\n<meta name=\"description\" content=\"K\u00ebng\u00ebtarja, Ingrid Gjoni, q\u00eb prej pak jav\u00ebsh i mungon Tiran\u00ebs, duket se nuk ka nd\u00ebr mend t\u00eb kthehet n\u00eb vendin e saj. Pas q\u00ebndrimit n\u00eb Zyrih, k\u00ebng\u00ebtarja\" \/>\n<meta name=\"robots\" content=\"index, follow, max-snippet:-1, max-image-preview:large, max-video-preview:-1\" \/>\n<link rel=\"canonical\" href=\"https:\/\/www.visit-ulcinj.com\/blog\/2011\/02\/15\/ingrid-gjoni-le-shqiperine-zhvendoset-ne-spanje\/\" \/>\n<meta property=\"og:locale\" content=\"en_US\" \/>\n<meta property=\"og:type\" content=\"article\" \/>\n<meta property=\"og:title\" content=\"Ingrid Gjoni l\u00eb Shqip\u00ebrin\u00eb, zhvendoset n\u00eb Spanj\u00eb - Lajme nga Ulqini\" \/>\n<meta property=\"og:description\" content=\"K\u00ebng\u00ebtarja, Ingrid Gjoni, q\u00eb prej pak jav\u00ebsh i mungon Tiran\u00ebs, duket se nuk ka nd\u00ebr mend t\u00eb kthehet n\u00eb vendin e saj. Pas q\u00ebndrimit n\u00eb Zyrih, k\u00ebng\u00ebtarja\" \/>\n<meta property=\"og:url\" content=\"https:\/\/www.visit-ulcinj.com\/blog\/2011\/02\/15\/ingrid-gjoni-le-shqiperine-zhvendoset-ne-spanje\/\" \/>\n<meta property=\"og:site_name\" content=\"Lajme nga Ulqini\" \/>\n<meta property=\"article:published_time\" content=\"2011-02-15T20:29:28+00:00\" \/>\n<meta property=\"article:modified_time\" content=\"2011-02-15T20:32:24+00:00\" \/>\n<meta property=\"og:image\" content=\"http:\/\/www.visit-ulcinj.com\/blog\/wp-content\/uploads\/2011\/02\/Ingrid-Gjoni-ne-spanje-218x300.jpg\" \/>\n<meta name=\"twitter:label1\" content=\"Written by\" \/>\n\t<meta name=\"twitter:data1\" content=\"ulqini\" \/>\n\t<meta name=\"twitter:label2\" content=\"Est. reading time\" \/>\n\t<meta name=\"twitter:data2\" content=\"1 minute\" \/>\n<script type=\"application\/ld+json\" class=\"yoast-schema-graph\">{\"@context\":\"https:\/\/schema.org\",\"@graph\":[{\"@type\":\"WebSite\",\"@id\":\"https:\/\/www.visit-ulcinj.com\/blog\/#website\",\"url\":\"https:\/\/www.visit-ulcinj.com\/blog\/\",\"name\":\"Lajme nga Ulqini\",\"description\":\"Lajme,Vijesti,Ulqini,Ulqin,Crna Gora,Mali i Zi\",\"potentialAction\":[{\"@type\":\"SearchAction\",\"target\":{\"@type\":\"EntryPoint\",\"urlTemplate\":\"https:\/\/www.visit-ulcinj.com\/blog\/?s={search_term_string}\"},\"query-input\":\"required name=search_term_string\"}],\"inLanguage\":\"en-US\"},{\"@type\":\"ImageObject\",\"inLanguage\":\"en-US\",\"@id\":\"https:\/\/www.visit-ulcinj.com\/blog\/2011\/02\/15\/ingrid-gjoni-le-shqiperine-zhvendoset-ne-spanje\/#primaryimage\",\"url\":\"http:\/\/www.visit-ulcinj.com\/blog\/wp-content\/uploads\/2011\/02\/Ingrid-Gjoni-ne-spanje-218x300.jpg\",\"contentUrl\":\"http:\/\/www.visit-ulcinj.com\/blog\/wp-content\/uploads\/2011\/02\/Ingrid-Gjoni-ne-spanje-218x300.jpg\"},{\"@type\":\"WebPage\",\"@id\":\"https:\/\/www.visit-ulcinj.com\/blog\/2011\/02\/15\/ingrid-gjoni-le-shqiperine-zhvendoset-ne-spanje\/#webpage\",\"url\":\"https:\/\/www.visit-ulcinj.com\/blog\/2011\/02\/15\/ingrid-gjoni-le-shqiperine-zhvendoset-ne-spanje\/\",\"name\":\"Ingrid Gjoni l\u00eb Shqip\u00ebrin\u00eb, zhvendoset n\u00eb Spanj\u00eb - Lajme nga Ulqini\",\"isPartOf\":{\"@id\":\"https:\/\/www.visit-ulcinj.com\/blog\/#website\"},\"primaryImageOfPage\":{\"@id\":\"https:\/\/www.visit-ulcinj.com\/blog\/2011\/02\/15\/ingrid-gjoni-le-shqiperine-zhvendoset-ne-spanje\/#primaryimage\"},\"datePublished\":\"2011-02-15T20:29:28+00:00\",\"dateModified\":\"2011-02-15T20:32:24+00:00\",\"author\":{\"@id\":\"https:\/\/www.visit-ulcinj.com\/blog\/#\/schema\/person\/dcab619c614d3038751c63bc2aadc06d\"},\"description\":\"K\u00ebng\u00ebtarja, Ingrid Gjoni, q\u00eb prej pak jav\u00ebsh i mungon Tiran\u00ebs, duket se nuk ka nd\u00ebr mend t\u00eb kthehet n\u00eb vendin e saj. Pas q\u00ebndrimit n\u00eb Zyrih, k\u00ebng\u00ebtarja\",\"breadcrumb\":{\"@id\":\"https:\/\/www.visit-ulcinj.com\/blog\/2011\/02\/15\/ingrid-gjoni-le-shqiperine-zhvendoset-ne-spanje\/#breadcrumb\"},\"inLanguage\":\"en-US\",\"potentialAction\":[{\"@type\":\"ReadAction\",\"target\":[\"https:\/\/www.visit-ulcinj.com\/blog\/2011\/02\/15\/ingrid-gjoni-le-shqiperine-zhvendoset-ne-spanje\/\"]}]},{\"@type\":\"BreadcrumbList\",\"@id\":\"https:\/\/www.visit-ulcinj.com\/blog\/2011\/02\/15\/ingrid-gjoni-le-shqiperine-zhvendoset-ne-spanje\/#breadcrumb\",\"itemListElement\":[{\"@type\":\"ListItem\",\"position\":1,\"name\":\"Ingrid Gjoni l\u00eb Shqip\u00ebrin\u00eb, zhvendoset n\u00eb Spanj\u00eb\"}]},{\"@type\":\"Person\",\"@id\":\"https:\/\/www.visit-ulcinj.com\/blog\/#\/schema\/person\/dcab619c614d3038751c63bc2aadc06d\",\"name\":\"ulqini\",\"sameAs\":[\"http:\/\/www.visit-ulcinj.com\"],\"url\":\"https:\/\/www.visit-ulcinj.com\/blog\/author\/admin\/\"}]}<\/script>\n<!-- \/ Yoast SEO plugin. -->","yoast_head_json":{"title":"Ingrid Gjoni l\u00eb Shqip\u00ebrin\u00eb, zhvendoset n\u00eb Spanj\u00eb - Lajme nga Ulqini","description":"K\u00ebng\u00ebtarja, Ingrid Gjoni, q\u00eb prej pak jav\u00ebsh i mungon Tiran\u00ebs, duket se nuk ka nd\u00ebr mend t\u00eb kthehet n\u00eb vendin e saj. Pas q\u00ebndrimit n\u00eb Zyrih, k\u00ebng\u00ebtarja","robots":{"index":"index","follow":"follow","max-snippet":"max-snippet:-1","max-image-preview":"max-image-preview:large","max-video-preview":"max-video-preview:-1"},"canonical":"https:\/\/www.visit-ulcinj.com\/blog\/2011\/02\/15\/ingrid-gjoni-le-shqiperine-zhvendoset-ne-spanje\/","og_locale":"en_US","og_type":"article","og_title":"Ingrid Gjoni l\u00eb Shqip\u00ebrin\u00eb, zhvendoset n\u00eb Spanj\u00eb - Lajme nga Ulqini","og_description":"K\u00ebng\u00ebtarja, Ingrid Gjoni, q\u00eb prej pak jav\u00ebsh i mungon Tiran\u00ebs, duket se nuk ka nd\u00ebr mend t\u00eb kthehet n\u00eb vendin e saj. Pas q\u00ebndrimit n\u00eb Zyrih, k\u00ebng\u00ebtarja","og_url":"https:\/\/www.visit-ulcinj.com\/blog\/2011\/02\/15\/ingrid-gjoni-le-shqiperine-zhvendoset-ne-spanje\/","og_site_name":"Lajme nga Ulqini","article_published_time":"2011-02-15T20:29:28+00:00","article_modified_time":"2011-02-15T20:32:24+00:00","og_image":[{"url":"http:\/\/www.visit-ulcinj.com\/blog\/wp-content\/uploads\/2011\/02\/Ingrid-Gjoni-ne-spanje-218x300.jpg"}],"twitter_misc":{"Written by":"ulqini","Est. reading time":"1 minute"},"schema":{"@context":"https:\/\/schema.org","@graph":[{"@type":"WebSite","@id":"https:\/\/www.visit-ulcinj.com\/blog\/#website","url":"https:\/\/www.visit-ulcinj.com\/blog\/","name":"Lajme nga Ulqini","description":"Lajme,Vijesti,Ulqini,Ulqin,Crna Gora,Mali i Zi","potentialAction":[{"@type":"SearchAction","target":{"@type":"EntryPoint","urlTemplate":"https:\/\/www.visit-ulcinj.com\/blog\/?s={search_term_string}"},"query-input":"required name=search_term_string"}],"inLanguage":"en-US"},{"@type":"ImageObject","inLanguage":"en-US","@id":"https:\/\/www.visit-ulcinj.com\/blog\/2011\/02\/15\/ingrid-gjoni-le-shqiperine-zhvendoset-ne-spanje\/#primaryimage","url":"http:\/\/www.visit-ulcinj.com\/blog\/wp-content\/uploads\/2011\/02\/Ingrid-Gjoni-ne-spanje-218x300.jpg","contentUrl":"http:\/\/www.visit-ulcinj.com\/blog\/wp-content\/uploads\/2011\/02\/Ingrid-Gjoni-ne-spanje-218x300.jpg"},{"@type":"WebPage","@id":"https:\/\/www.visit-ulcinj.com\/blog\/2011\/02\/15\/ingrid-gjoni-le-shqiperine-zhvendoset-ne-spanje\/#webpage","url":"https:\/\/www.visit-ulcinj.com\/blog\/2011\/02\/15\/ingrid-gjoni-le-shqiperine-zhvendoset-ne-spanje\/","name":"Ingrid Gjoni l\u00eb Shqip\u00ebrin\u00eb, zhvendoset n\u00eb Spanj\u00eb - Lajme nga Ulqini","isPartOf":{"@id":"https:\/\/www.visit-ulcinj.com\/blog\/#website"},"primaryImageOfPage":{"@id":"https:\/\/www.visit-ulcinj.com\/blog\/2011\/02\/15\/ingrid-gjoni-le-shqiperine-zhvendoset-ne-spanje\/#primaryimage"},"datePublished":"2011-02-15T20:29:28+00:00","dateModified":"2011-02-15T20:32:24+00:00","author":{"@id":"https:\/\/www.visit-ulcinj.com\/blog\/#\/schema\/person\/dcab619c614d3038751c63bc2aadc06d"},"description":"K\u00ebng\u00ebtarja, Ingrid Gjoni, q\u00eb prej pak jav\u00ebsh i mungon Tiran\u00ebs, duket se nuk ka nd\u00ebr mend t\u00eb kthehet n\u00eb vendin e saj. Pas q\u00ebndrimit n\u00eb Zyrih, k\u00ebng\u00ebtarja","breadcrumb":{"@id":"https:\/\/www.visit-ulcinj.com\/blog\/2011\/02\/15\/ingrid-gjoni-le-shqiperine-zhvendoset-ne-spanje\/#breadcrumb"},"inLanguage":"en-US","potentialAction":[{"@type":"ReadAction","target":["https:\/\/www.visit-ulcinj.com\/blog\/2011\/02\/15\/ingrid-gjoni-le-shqiperine-zhvendoset-ne-spanje\/"]}]},{"@type":"BreadcrumbList","@id":"https:\/\/www.visit-ulcinj.com\/blog\/2011\/02\/15\/ingrid-gjoni-le-shqiperine-zhvendoset-ne-spanje\/#breadcrumb","itemListElement":[{"@type":"ListItem","position":1,"name":"Ingrid Gjoni l\u00eb Shqip\u00ebrin\u00eb, zhvendoset n\u00eb Spanj\u00eb"}]},{"@type":"Person","@id":"https:\/\/www.visit-ulcinj.com\/blog\/#\/schema\/person\/dcab619c614d3038751c63bc2aadc06d","name":"ulqini","sameAs":["http:\/\/www.visit-ulcinj.com"],"url":"https:\/\/www.visit-ulcinj.com\/blog\/author\/admin\/"}]}},"jetpack_featured_media_url":"","jetpack_sharing_enabled":true,"jetpack_shortlink":"https:\/\/wp.me\/pe6lTn-bi6","_links":{"self":[{"href":"https:\/\/www.visit-ulcinj.com\/blog\/wp-json\/wp\/v2\/posts\/43406"}],"collection":[{"href":"https:\/\/www.visit-ulcinj.com\/blog\/wp-json\/wp\/v2\/posts"}],"about":[{"href":"https:\/\/www.visit-ulcinj.com\/blog\/wp-json\/wp\/v2\/types\/post"}],"author":[{"embeddable":true,"href":"https:\/\/www.visit-ulcinj.com\/blog\/wp-json\/wp\/v2\/users\/1"}],"replies":[{"embeddable":true,"href":"https:\/\/www.visit-ulcinj.com\/blog\/wp-json\/wp\/v2\/comments?post=43406"}],"version-history":[{"count":0,"href":"https:\/\/www.visit-ulcinj.com\/blog\/wp-json\/wp\/v2\/posts\/43406\/revisions"}],"wp:attachment":[{"href":"https:\/\/www.visit-ulcinj.com\/blog\/wp-json\/wp\/v2\/media?parent=43406"}],"wp:term":[{"taxonomy":"category","embeddable":true,"href":"https:\/\/www.visit-ulcinj.com\/blog\/wp-json\/wp\/v2\/categories?post=43406"},{"taxonomy":"post_tag","embeddable":true,"href":"https:\/\/www.visit-ulcinj.com\/blog\/wp-json\/wp\/v2\/tags?post=43406"}],"curies":[{"name":"wp","href":"https:\/\/api.w.org\/{rel}","templated":true}]}}