{"id":43414,"date":"2011-02-15T22:45:20","date_gmt":"2011-02-15T21:45:20","guid":{"rendered":"http:\/\/www.visit-ulcinj.com\/blog\/?p=43414"},"modified":"2011-02-15T22:45:20","modified_gmt":"2011-02-15T21:45:20","slug":"ulcinjska-riviera-laka-sportovce","status":"publish","type":"post","link":"https:\/\/www.visit-ulcinj.com\/blog\/2011\/02\/15\/ulcinjska-riviera-laka-sportovce\/","title":{"rendered":"Ulcinjsk\u00e1 rivi\u00e9ra l\u00e1k\u00e1 sportovce"},"content":{"rendered":"<p><a href=\"http:\/\/www.visit-ulcinj.com\/blog\/wp-content\/uploads\/2011\/02\/Ulcinj-Velk\u00e1-pl\u00e1\u017e-a-hotelov\u00fd-komplex.jpg\"><img loading=\"lazy\" class=\"alignleft size-full wp-image-43415\" title=\"Ulcinj-Velk\u00e1-pl\u00e1\u017e-a-hotelov\u00fd-komplex\" src=\"http:\/\/www.visit-ulcinj.com\/blog\/wp-content\/uploads\/2011\/02\/Ulcinj-Velk\u00e1-pl\u00e1\u017e-a-hotelov\u00fd-komplex.jpg\" alt=\"\" width=\"508\" height=\"720\" \/><\/a>Ulcinj, nejji\u017en\u011bj\u0161\u00ed letovisko \u010cern\u00e9 Hory, je proslul\u00e9 sv\u00fdmi n\u00e1dhern\u00fdmi p\u00edse\u010dn\u00fdmi pl\u00e1\u017eemi, mezi nimi\u017e vynik\u00e1 zejm\u00e9na tzv. Velk\u00e1 pl\u00e1\u017e (Velika pla\u017ea), kter\u00e1 se t\u00e1hne jihov\u00fdchodn\u00edm sm\u011brem a\u017e k \u00fast\u00ed pohrani\u010dn\u00ed \u0159eky Bojany. Je dlouh\u00e1 13 km a dosahuje \u0161\u00ed\u0159ky a\u017e 100 metr\u016f. Hotelov\u00fd komplex se nach\u00e1z\u00ed v jej\u00ed severn\u00ed \u010d\u00e1sti a je zaj\u00edmav\u00e9, \u017ee ani v zimn\u00edch m\u011bs\u00edc\u00edch se br\u00e1ny n\u011bkter\u00fdch hotel\u016f nezav\u00edraj\u00ed. Pr\u00e1v\u011b naopak \u2013 m\u00edvaj\u00ed v zim\u011b sv\u00e9 st\u00e1l\u00e9 klienty \u2013 sportovce.<br \/>\nT\u0159\u00edhv\u011bzdi\u010dkov\u00fd hotel Olympic ji\u017e tradi\u010dn\u011b od za\u010d\u00e1tku ledna organizuje sportovn\u00ed p\u0159\u00edpravu pro kolektivy z \u010cern\u00e9 Hory i ze zahrani\u010d\u00ed, p\u0159edev\u0161\u00edm fotbalov\u00e9 kluby, kter\u00e9 tu nach\u00e1zej\u00ed v\u00fdborn\u00e9 podm\u00ednky pro tr\u00e9nink i relaxaci hr\u00e1\u010d\u016f p\u0159ed ligov\u00fdmi sout\u011b\u017eemi. V lo\u0148sk\u00e9 zimn\u00ed sez\u00f3n\u011b jich hostil celkem dvacet p\u011bt. Sportovci maj\u00ed v rozs\u00e1hl\u00e9m are\u00e1lu hotelu k dispozici p\u011bt travnat\u00fdch fotbalov\u00fdch h\u0159i\u0161\u0165, fotbalov\u00fd stadion s atletick\u00fdm ov\u00e1lem, dv\u011b h\u0159i\u0161t\u011b na mal\u00fd fotbal, t\u0159i h\u0159i\u0161t\u011b na ko\u0161\u00edkovou, \u0161est tenisov\u00fdch kurt\u016f, b\u011b\u017eeck\u00e9 cesty, h\u0159i\u0161t\u011b na ko\u0161\u00edkovou a odb\u00edjenou, sportovi\u0161t\u011b pro r\u016fzn\u00e9 atletick\u00e9 discipl\u00edny a dal\u0161\u00ed sportovn\u00ed ter\u00e9ny.<\/p>\n<p>Renovovan\u00fd hotel m\u00e1 nyn\u00ed 260 l\u016f\u017eek, restauraci, aperitiv bar, vnit\u0159n\u00ed baz\u00e9n o rozm\u011brech 18 x 7 metr\u016f, saunu, t\u011blocvi\u010dnu s posilovnou a dal\u0161\u00ed slu\u017eby. J\u00eddeln\u00ed\u010dek v restauraci se p\u0159izp\u016fsobuje po\u017eadavk\u016fm sportovc\u016f. Pro zimn\u00ed pobyty je samoz\u0159ejm\u00e9 centr\u00e1ln\u00ed vyt\u00e1p\u011bn\u00ed. Krom\u011b salonk\u016f, kde mohou prob\u00edhat setk\u00e1n\u00ed sportovc\u016f s tren\u00e9ry, disponuje hotel konferen\u010dn\u00edm s\u00e1lem pro 130 osob, kter\u00fd je vybaven modern\u00ed audiovizu\u00e1ln\u00ed technikou (video, DVD, internet). Jeho uspo\u0159\u00e1d\u00e1n\u00ed je variabiln\u00ed a m\u016f\u017ee slou\u017eit pro po\u0159\u00e1d\u00e1n\u00ed tiskov\u00fdch konferenc\u00ed, p\u0159edn\u00e1\u0161ek, prezentac\u00ed, semin\u00e1\u0159\u016f a dal\u0161\u00edch v\u011bt\u0161\u00edch setk\u00e1n\u00ed.<br \/>\nK d\u016fvod\u016fm, pro\u010d si sportovci obl\u00edbili tuto destinaci pro sv\u00e9 zimn\u00ed pobyty, pat\u0159\u00ed krom\u011b bohat\u00e9 nab\u00eddky hotelov\u00fdch slu\u017eeb, v\u00fdborn\u00fdch podm\u00ednek pro sportov\u00e1n\u00ed je\u0161t\u011b m\u00edrn\u00e9 st\u0159edomo\u0159sk\u00e9 podneb\u00ed a v\u00fdjime\u010dn\u00e1 poloha v bezprost\u0159edn\u00ed bl\u00edzkosti dlouh\u00e9 p\u00edse\u010dn\u00e9 pl\u00e1\u017ee.<\/p>\n<p><strong>Zdroj \/ cerna-hora-info.cz<br \/>\n<!--YouTube Error: bad URL entered--><\/strong><\/p>\n","protected":false},"excerpt":{"rendered":"<p>Ulcinj, nejji\u017en\u011bj\u0161\u00ed letovisko \u010cern\u00e9 Hory, je proslul\u00e9 sv\u00fdmi n\u00e1dhern\u00fdmi p\u00edse\u010dn\u00fdmi pl\u00e1\u017eemi, mezi nimi\u017e vynik\u00e1 zejm\u00e9na tzv. Velk\u00e1 pl\u00e1\u017e (Velika pla\u017ea), kter\u00e1 se t\u00e1hne jihov\u00fdchodn\u00edm sm\u011brem a\u017e k \u00fast\u00ed pohrani\u010dn\u00ed \u0159eky Bojany. Je dlouh\u00e1 13 km a dosahuje \u0161\u00ed\u0159ky a\u017e 100 metr\u016f. Hotelov\u00fd komplex se nach\u00e1z\u00ed v jej\u00ed severn\u00ed \u010d\u00e1sti a je zaj\u00edmav\u00e9, \u017ee ani v [&hellip;]<\/p>\n","protected":false},"author":1,"featured_media":0,"comment_status":"open","ping_status":"closed","sticky":false,"template":"","format":"standard","meta":{"spay_email":"","jetpack_publicize_message":"","jetpack_is_tweetstorm":false,"jetpack_publicize_feature_enabled":true},"categories":[15],"tags":[3645,17308,11142,138,15517,15504,15104,15093,15110,11822,17320,15511,15526,15514,20,15513,17328,15524,15512,15505,15108,3642,13243,17317,17330,17316,15097,17321,15102,17340,17331,17310,17327,15094,17312,17315,17329,17339,15522,13834,15509,95,17311,79,15100,17309,17314,17332,17336,12013,15525,15103,15090,9903,15507,17333,15092,9905,17335,15516,15515,15519,17323,15106,9906,15523,15528,15099,15095,17325,17334,15518,15506,15510,17322,15527,15521,17318,17326,4684,15503,15105,9900,15520,19,17338,15109,5241,17341,17078,200,18,4832,9902,17324,17337,4620,17319,17313],"jetpack_publicize_connections":[],"yoast_head":"<!-- This site is optimized with the Yoast SEO plugin v19.1 - https:\/\/yoast.com\/wordpress\/plugins\/seo\/ -->\n<title>Ulcinjsk\u00e1 rivi\u00e9ra l\u00e1k\u00e1 sportovce - Lajme nga Ulqini<\/title>\n<meta name=\"description\" content=\"Ulcinj, nejji\u017en\u011bj\u0161\u00ed letovisko \u010cern\u00e9 Hory, je proslul\u00e9 sv\u00fdmi n\u00e1dhern\u00fdmi p\u00edse\u010dn\u00fdmi pl\u00e1\u017eemi, mezi nimi\u017e vynik\u00e1 zejm\u00e9na tzv. Velk\u00e1 pl\u00e1\u017e (Velika pla\u017ea), kter\u00e1\" \/>\n<meta name=\"robots\" content=\"index, follow, max-snippet:-1, max-image-preview:large, max-video-preview:-1\" \/>\n<link rel=\"canonical\" href=\"https:\/\/www.visit-ulcinj.com\/blog\/2011\/02\/15\/ulcinjska-riviera-laka-sportovce\/\" \/>\n<meta property=\"og:locale\" content=\"en_US\" \/>\n<meta property=\"og:type\" content=\"article\" \/>\n<meta property=\"og:title\" content=\"Ulcinjsk\u00e1 rivi\u00e9ra l\u00e1k\u00e1 sportovce - Lajme nga Ulqini\" \/>\n<meta property=\"og:description\" content=\"Ulcinj, nejji\u017en\u011bj\u0161\u00ed letovisko \u010cern\u00e9 Hory, je proslul\u00e9 sv\u00fdmi n\u00e1dhern\u00fdmi p\u00edse\u010dn\u00fdmi pl\u00e1\u017eemi, mezi nimi\u017e vynik\u00e1 zejm\u00e9na tzv. Velk\u00e1 pl\u00e1\u017e (Velika pla\u017ea), kter\u00e1\" \/>\n<meta property=\"og:url\" content=\"https:\/\/www.visit-ulcinj.com\/blog\/2011\/02\/15\/ulcinjska-riviera-laka-sportovce\/\" \/>\n<meta property=\"og:site_name\" content=\"Lajme nga Ulqini\" \/>\n<meta property=\"article:published_time\" content=\"2011-02-15T21:45:20+00:00\" \/>\n<meta name=\"twitter:label1\" content=\"Written by\" \/>\n\t<meta name=\"twitter:data1\" content=\"ulqini\" \/>\n\t<meta name=\"twitter:label2\" content=\"Est. reading time\" \/>\n\t<meta name=\"twitter:data2\" content=\"2 minutes\" \/>\n<script type=\"application\/ld+json\" class=\"yoast-schema-graph\">{\"@context\":\"https:\/\/schema.org\",\"@graph\":[{\"@type\":\"WebSite\",\"@id\":\"https:\/\/www.visit-ulcinj.com\/blog\/#website\",\"url\":\"https:\/\/www.visit-ulcinj.com\/blog\/\",\"name\":\"Lajme nga Ulqini\",\"description\":\"Lajme,Vijesti,Ulqini,Ulqin,Crna Gora,Mali i Zi\",\"potentialAction\":[{\"@type\":\"SearchAction\",\"target\":{\"@type\":\"EntryPoint\",\"urlTemplate\":\"https:\/\/www.visit-ulcinj.com\/blog\/?s={search_term_string}\"},\"query-input\":\"required name=search_term_string\"}],\"inLanguage\":\"en-US\"},{\"@type\":\"WebPage\",\"@id\":\"https:\/\/www.visit-ulcinj.com\/blog\/2011\/02\/15\/ulcinjska-riviera-laka-sportovce\/#webpage\",\"url\":\"https:\/\/www.visit-ulcinj.com\/blog\/2011\/02\/15\/ulcinjska-riviera-laka-sportovce\/\",\"name\":\"Ulcinjsk\u00e1 rivi\u00e9ra l\u00e1k\u00e1 sportovce - Lajme nga Ulqini\",\"isPartOf\":{\"@id\":\"https:\/\/www.visit-ulcinj.com\/blog\/#website\"},\"datePublished\":\"2011-02-15T21:45:20+00:00\",\"dateModified\":\"2011-02-15T21:45:20+00:00\",\"author\":{\"@id\":\"https:\/\/www.visit-ulcinj.com\/blog\/#\/schema\/person\/dcab619c614d3038751c63bc2aadc06d\"},\"description\":\"Ulcinj, nejji\u017en\u011bj\u0161\u00ed letovisko \u010cern\u00e9 Hory, je proslul\u00e9 sv\u00fdmi n\u00e1dhern\u00fdmi p\u00edse\u010dn\u00fdmi pl\u00e1\u017eemi, mezi nimi\u017e vynik\u00e1 zejm\u00e9na tzv. Velk\u00e1 pl\u00e1\u017e (Velika pla\u017ea), kter\u00e1\",\"breadcrumb\":{\"@id\":\"https:\/\/www.visit-ulcinj.com\/blog\/2011\/02\/15\/ulcinjska-riviera-laka-sportovce\/#breadcrumb\"},\"inLanguage\":\"en-US\",\"potentialAction\":[{\"@type\":\"ReadAction\",\"target\":[\"https:\/\/www.visit-ulcinj.com\/blog\/2011\/02\/15\/ulcinjska-riviera-laka-sportovce\/\"]}]},{\"@type\":\"BreadcrumbList\",\"@id\":\"https:\/\/www.visit-ulcinj.com\/blog\/2011\/02\/15\/ulcinjska-riviera-laka-sportovce\/#breadcrumb\",\"itemListElement\":[{\"@type\":\"ListItem\",\"position\":1,\"name\":\"Ulcinjsk\u00e1 rivi\u00e9ra l\u00e1k\u00e1 sportovce\"}]},{\"@type\":\"Person\",\"@id\":\"https:\/\/www.visit-ulcinj.com\/blog\/#\/schema\/person\/dcab619c614d3038751c63bc2aadc06d\",\"name\":\"ulqini\",\"sameAs\":[\"http:\/\/www.visit-ulcinj.com\"],\"url\":\"https:\/\/www.visit-ulcinj.com\/blog\/author\/admin\/\"}]}<\/script>\n<!-- \/ Yoast SEO plugin. -->","yoast_head_json":{"title":"Ulcinjsk\u00e1 rivi\u00e9ra l\u00e1k\u00e1 sportovce - Lajme nga Ulqini","description":"Ulcinj, nejji\u017en\u011bj\u0161\u00ed letovisko \u010cern\u00e9 Hory, je proslul\u00e9 sv\u00fdmi n\u00e1dhern\u00fdmi p\u00edse\u010dn\u00fdmi pl\u00e1\u017eemi, mezi nimi\u017e vynik\u00e1 zejm\u00e9na tzv. Velk\u00e1 pl\u00e1\u017e (Velika pla\u017ea), kter\u00e1","robots":{"index":"index","follow":"follow","max-snippet":"max-snippet:-1","max-image-preview":"max-image-preview:large","max-video-preview":"max-video-preview:-1"},"canonical":"https:\/\/www.visit-ulcinj.com\/blog\/2011\/02\/15\/ulcinjska-riviera-laka-sportovce\/","og_locale":"en_US","og_type":"article","og_title":"Ulcinjsk\u00e1 rivi\u00e9ra l\u00e1k\u00e1 sportovce - Lajme nga Ulqini","og_description":"Ulcinj, nejji\u017en\u011bj\u0161\u00ed letovisko \u010cern\u00e9 Hory, je proslul\u00e9 sv\u00fdmi n\u00e1dhern\u00fdmi p\u00edse\u010dn\u00fdmi pl\u00e1\u017eemi, mezi nimi\u017e vynik\u00e1 zejm\u00e9na tzv. Velk\u00e1 pl\u00e1\u017e (Velika pla\u017ea), kter\u00e1","og_url":"https:\/\/www.visit-ulcinj.com\/blog\/2011\/02\/15\/ulcinjska-riviera-laka-sportovce\/","og_site_name":"Lajme nga Ulqini","article_published_time":"2011-02-15T21:45:20+00:00","twitter_misc":{"Written by":"ulqini","Est. reading time":"2 minutes"},"schema":{"@context":"https:\/\/schema.org","@graph":[{"@type":"WebSite","@id":"https:\/\/www.visit-ulcinj.com\/blog\/#website","url":"https:\/\/www.visit-ulcinj.com\/blog\/","name":"Lajme nga Ulqini","description":"Lajme,Vijesti,Ulqini,Ulqin,Crna Gora,Mali i Zi","potentialAction":[{"@type":"SearchAction","target":{"@type":"EntryPoint","urlTemplate":"https:\/\/www.visit-ulcinj.com\/blog\/?s={search_term_string}"},"query-input":"required name=search_term_string"}],"inLanguage":"en-US"},{"@type":"WebPage","@id":"https:\/\/www.visit-ulcinj.com\/blog\/2011\/02\/15\/ulcinjska-riviera-laka-sportovce\/#webpage","url":"https:\/\/www.visit-ulcinj.com\/blog\/2011\/02\/15\/ulcinjska-riviera-laka-sportovce\/","name":"Ulcinjsk\u00e1 rivi\u00e9ra l\u00e1k\u00e1 sportovce - Lajme nga Ulqini","isPartOf":{"@id":"https:\/\/www.visit-ulcinj.com\/blog\/#website"},"datePublished":"2011-02-15T21:45:20+00:00","dateModified":"2011-02-15T21:45:20+00:00","author":{"@id":"https:\/\/www.visit-ulcinj.com\/blog\/#\/schema\/person\/dcab619c614d3038751c63bc2aadc06d"},"description":"Ulcinj, nejji\u017en\u011bj\u0161\u00ed letovisko \u010cern\u00e9 Hory, je proslul\u00e9 sv\u00fdmi n\u00e1dhern\u00fdmi p\u00edse\u010dn\u00fdmi pl\u00e1\u017eemi, mezi nimi\u017e vynik\u00e1 zejm\u00e9na tzv. Velk\u00e1 pl\u00e1\u017e (Velika pla\u017ea), kter\u00e1","breadcrumb":{"@id":"https:\/\/www.visit-ulcinj.com\/blog\/2011\/02\/15\/ulcinjska-riviera-laka-sportovce\/#breadcrumb"},"inLanguage":"en-US","potentialAction":[{"@type":"ReadAction","target":["https:\/\/www.visit-ulcinj.com\/blog\/2011\/02\/15\/ulcinjska-riviera-laka-sportovce\/"]}]},{"@type":"BreadcrumbList","@id":"https:\/\/www.visit-ulcinj.com\/blog\/2011\/02\/15\/ulcinjska-riviera-laka-sportovce\/#breadcrumb","itemListElement":[{"@type":"ListItem","position":1,"name":"Ulcinjsk\u00e1 rivi\u00e9ra l\u00e1k\u00e1 sportovce"}]},{"@type":"Person","@id":"https:\/\/www.visit-ulcinj.com\/blog\/#\/schema\/person\/dcab619c614d3038751c63bc2aadc06d","name":"ulqini","sameAs":["http:\/\/www.visit-ulcinj.com"],"url":"https:\/\/www.visit-ulcinj.com\/blog\/author\/admin\/"}]}},"jetpack_featured_media_url":"","jetpack_sharing_enabled":true,"jetpack_shortlink":"https:\/\/wp.me\/pe6lTn-bie","_links":{"self":[{"href":"https:\/\/www.visit-ulcinj.com\/blog\/wp-json\/wp\/v2\/posts\/43414"}],"collection":[{"href":"https:\/\/www.visit-ulcinj.com\/blog\/wp-json\/wp\/v2\/posts"}],"about":[{"href":"https:\/\/www.visit-ulcinj.com\/blog\/wp-json\/wp\/v2\/types\/post"}],"author":[{"embeddable":true,"href":"https:\/\/www.visit-ulcinj.com\/blog\/wp-json\/wp\/v2\/users\/1"}],"replies":[{"embeddable":true,"href":"https:\/\/www.visit-ulcinj.com\/blog\/wp-json\/wp\/v2\/comments?post=43414"}],"version-history":[{"count":0,"href":"https:\/\/www.visit-ulcinj.com\/blog\/wp-json\/wp\/v2\/posts\/43414\/revisions"}],"wp:attachment":[{"href":"https:\/\/www.visit-ulcinj.com\/blog\/wp-json\/wp\/v2\/media?parent=43414"}],"wp:term":[{"taxonomy":"category","embeddable":true,"href":"https:\/\/www.visit-ulcinj.com\/blog\/wp-json\/wp\/v2\/categories?post=43414"},{"taxonomy":"post_tag","embeddable":true,"href":"https:\/\/www.visit-ulcinj.com\/blog\/wp-json\/wp\/v2\/tags?post=43414"}],"curies":[{"name":"wp","href":"https:\/\/api.w.org\/{rel}","templated":true}]}}