{"id":4343,"date":"2008-10-17T12:30:26","date_gmt":"2008-10-17T17:30:26","guid":{"rendered":"http:\/\/www.visit-ulcinj.com\/blog\/?p=4343"},"modified":"2008-10-17T13:05:14","modified_gmt":"2008-10-17T18:05:14","slug":"turista-16-vise-nego-prosle-godine","status":"publish","type":"post","link":"https:\/\/www.visit-ulcinj.com\/blog\/2008\/10\/17\/turista-16-vise-nego-prosle-godine\/","title":{"rendered":"Turista 16% vi\u0161e nego pro\u0161le godine"},"content":{"rendered":"<p><a href=\"http:\/\/www.tob.cg.yu\/\"><img loading=\"lazy\" class=\"alignleft\" title=\"Turisti?ke organizacije Budva\" src=\"http:\/\/www.tob.cg.yu\/images\/znak.gif\" alt=\"\" width=\"276\" height=\"114\" \/><\/a>PODGORICA &#8211; U Crnoj Gori boravi 6,89 hiljada turista odnosno 16 odsto vi\u0161e u odnosu na isti period pro\u0161le godine, saop\u0161teno je iz Ministarstva turizma i za\u0161tite \u017eivotne sredine.<br \/>\nU Budvi, metropli crnogorskog turizma, boravi 2,72 hiljada turista ili dva odsto manje nego u istom pro\u0161logodi\u0161njem periodu, podaci su Turisti?ke organizacije Budva (TOB). U budvanskim hotelima odmara 2,32 hiljada gostiju, ?etiri odsto manje nego pro\u0161le godine u isto vrijeme. Vi\u0161e gostiju, prema podacima TOB, boravi u privatnom smje\u0161taju gdje rast iznosi 55 odsto.<br \/>\n\u201cS obzirom na to da na Budvanskoj rivijeri ne postoji precizan statisti?ki podatak o broju gostiju u privatnom smje\u0161taju, navodi se samo procjena broja gostiju koji borave u toj vrsti smje\u0161taja&#8221;, kazala je menad\u017eer TOB, Tanja Dra\u0161kovi?.<br \/>\nPrema ranijim procjenama, do kraja godine o?ekuje se posjeta 1,3 miliona turista ili 13 odsto vi\u0161e nego pro\u0161le. Crnu Goru je pro\u0161le godine posjetilo 1,15 miliona turista, 20 odsto vi\u0161e nego 2006, a ostvareno je 7,3 miliona no?enja. Broj no?enja pove?an je skoro 23 odsto.<br \/>\n<strong>Izvor \/ Mina-business <\/strong><\/p>\n","protected":false},"excerpt":{"rendered":"<p>PODGORICA &#8211; U Crnoj Gori boravi 6,89 hiljada turista odnosno 16 odsto vi\u0161e u odnosu na isti period pro\u0161le godine, saop\u0161teno je iz Ministarstva turizma i za\u0161tite \u017eivotne sredine. U Budvi, metropli crnogorskog turizma, boravi 2,72 hiljada turista ili dva odsto manje nego u istom pro\u0161logodi\u0161njem periodu, podaci su Turisti?ke organizacije Budva (TOB). U budvanskim [&hellip;]<\/p>\n","protected":false},"author":1,"featured_media":0,"comment_status":"open","ping_status":"closed","sticky":false,"template":"","format":"standard","meta":{"spay_email":"","jetpack_publicize_message":"","jetpack_is_tweetstorm":false,"jetpack_publicize_feature_enabled":true},"categories":[12,15],"tags":[21,20],"jetpack_publicize_connections":[],"yoast_head":"<!-- This site is optimized with the Yoast SEO plugin v19.1 - https:\/\/yoast.com\/wordpress\/plugins\/seo\/ -->\n<title>Turista 16% vi\u0161e nego pro\u0161le godine - Lajme nga Ulqini<\/title>\n<meta name=\"description\" content=\"PODGORICA - U Crnoj Gori boravi 6,89 hiljada turista odnosno 16 odsto vi\u0161e u odnosu na isti period pro\u0161le godine, saop\u0161teno je iz Ministarstva turizma i\" \/>\n<meta name=\"robots\" content=\"index, follow, max-snippet:-1, max-image-preview:large, max-video-preview:-1\" \/>\n<link rel=\"canonical\" href=\"https:\/\/www.visit-ulcinj.com\/blog\/2008\/10\/17\/turista-16-vise-nego-prosle-godine\/\" \/>\n<meta property=\"og:locale\" content=\"en_US\" \/>\n<meta property=\"og:type\" content=\"article\" \/>\n<meta property=\"og:title\" content=\"Turista 16% vi\u0161e nego pro\u0161le godine - Lajme nga Ulqini\" \/>\n<meta property=\"og:description\" content=\"PODGORICA - U Crnoj Gori boravi 6,89 hiljada turista odnosno 16 odsto vi\u0161e u odnosu na isti period pro\u0161le godine, saop\u0161teno je iz Ministarstva turizma i\" \/>\n<meta property=\"og:url\" content=\"https:\/\/www.visit-ulcinj.com\/blog\/2008\/10\/17\/turista-16-vise-nego-prosle-godine\/\" \/>\n<meta property=\"og:site_name\" content=\"Lajme nga Ulqini\" \/>\n<meta property=\"article:published_time\" content=\"2008-10-17T17:30:26+00:00\" \/>\n<meta property=\"article:modified_time\" content=\"2008-10-17T18:05:14+00:00\" \/>\n<meta property=\"og:image\" content=\"http:\/\/www.tob.cg.yu\/images\/znak.gif\" \/>\n<meta name=\"twitter:label1\" content=\"Written by\" \/>\n\t<meta name=\"twitter:data1\" content=\"ulqini\" \/>\n\t<meta name=\"twitter:label2\" content=\"Est. reading time\" \/>\n\t<meta name=\"twitter:data2\" content=\"1 minute\" \/>\n<script type=\"application\/ld+json\" class=\"yoast-schema-graph\">{\"@context\":\"https:\/\/schema.org\",\"@graph\":[{\"@type\":\"WebSite\",\"@id\":\"https:\/\/www.visit-ulcinj.com\/blog\/#website\",\"url\":\"https:\/\/www.visit-ulcinj.com\/blog\/\",\"name\":\"Lajme nga Ulqini\",\"description\":\"Lajme,Vijesti,Ulqini,Ulqin,Crna Gora,Mali i Zi\",\"potentialAction\":[{\"@type\":\"SearchAction\",\"target\":{\"@type\":\"EntryPoint\",\"urlTemplate\":\"https:\/\/www.visit-ulcinj.com\/blog\/?s={search_term_string}\"},\"query-input\":\"required name=search_term_string\"}],\"inLanguage\":\"en-US\"},{\"@type\":\"ImageObject\",\"inLanguage\":\"en-US\",\"@id\":\"https:\/\/www.visit-ulcinj.com\/blog\/2008\/10\/17\/turista-16-vise-nego-prosle-godine\/#primaryimage\",\"url\":\"http:\/\/www.tob.cg.yu\/images\/znak.gif\",\"contentUrl\":\"http:\/\/www.tob.cg.yu\/images\/znak.gif\"},{\"@type\":\"WebPage\",\"@id\":\"https:\/\/www.visit-ulcinj.com\/blog\/2008\/10\/17\/turista-16-vise-nego-prosle-godine\/#webpage\",\"url\":\"https:\/\/www.visit-ulcinj.com\/blog\/2008\/10\/17\/turista-16-vise-nego-prosle-godine\/\",\"name\":\"Turista 16% vi\u0161e nego pro\u0161le godine - Lajme nga Ulqini\",\"isPartOf\":{\"@id\":\"https:\/\/www.visit-ulcinj.com\/blog\/#website\"},\"primaryImageOfPage\":{\"@id\":\"https:\/\/www.visit-ulcinj.com\/blog\/2008\/10\/17\/turista-16-vise-nego-prosle-godine\/#primaryimage\"},\"datePublished\":\"2008-10-17T17:30:26+00:00\",\"dateModified\":\"2008-10-17T18:05:14+00:00\",\"author\":{\"@id\":\"https:\/\/www.visit-ulcinj.com\/blog\/#\/schema\/person\/dcab619c614d3038751c63bc2aadc06d\"},\"description\":\"PODGORICA - U Crnoj Gori boravi 6,89 hiljada turista odnosno 16 odsto vi\u0161e u odnosu na isti period pro\u0161le godine, saop\u0161teno je iz Ministarstva turizma i\",\"breadcrumb\":{\"@id\":\"https:\/\/www.visit-ulcinj.com\/blog\/2008\/10\/17\/turista-16-vise-nego-prosle-godine\/#breadcrumb\"},\"inLanguage\":\"en-US\",\"potentialAction\":[{\"@type\":\"ReadAction\",\"target\":[\"https:\/\/www.visit-ulcinj.com\/blog\/2008\/10\/17\/turista-16-vise-nego-prosle-godine\/\"]}]},{\"@type\":\"BreadcrumbList\",\"@id\":\"https:\/\/www.visit-ulcinj.com\/blog\/2008\/10\/17\/turista-16-vise-nego-prosle-godine\/#breadcrumb\",\"itemListElement\":[{\"@type\":\"ListItem\",\"position\":1,\"name\":\"Turista 16% vi\u0161e nego pro\u0161le godine\"}]},{\"@type\":\"Person\",\"@id\":\"https:\/\/www.visit-ulcinj.com\/blog\/#\/schema\/person\/dcab619c614d3038751c63bc2aadc06d\",\"name\":\"ulqini\",\"sameAs\":[\"http:\/\/www.visit-ulcinj.com\"],\"url\":\"https:\/\/www.visit-ulcinj.com\/blog\/author\/admin\/\"}]}<\/script>\n<!-- \/ Yoast SEO plugin. -->","yoast_head_json":{"title":"Turista 16% vi\u0161e nego pro\u0161le godine - Lajme nga Ulqini","description":"PODGORICA - U Crnoj Gori boravi 6,89 hiljada turista odnosno 16 odsto vi\u0161e u odnosu na isti period pro\u0161le godine, saop\u0161teno je iz Ministarstva turizma i","robots":{"index":"index","follow":"follow","max-snippet":"max-snippet:-1","max-image-preview":"max-image-preview:large","max-video-preview":"max-video-preview:-1"},"canonical":"https:\/\/www.visit-ulcinj.com\/blog\/2008\/10\/17\/turista-16-vise-nego-prosle-godine\/","og_locale":"en_US","og_type":"article","og_title":"Turista 16% vi\u0161e nego pro\u0161le godine - Lajme nga Ulqini","og_description":"PODGORICA - U Crnoj Gori boravi 6,89 hiljada turista odnosno 16 odsto vi\u0161e u odnosu na isti period pro\u0161le godine, saop\u0161teno je iz Ministarstva turizma i","og_url":"https:\/\/www.visit-ulcinj.com\/blog\/2008\/10\/17\/turista-16-vise-nego-prosle-godine\/","og_site_name":"Lajme nga Ulqini","article_published_time":"2008-10-17T17:30:26+00:00","article_modified_time":"2008-10-17T18:05:14+00:00","og_image":[{"url":"http:\/\/www.tob.cg.yu\/images\/znak.gif"}],"twitter_misc":{"Written by":"ulqini","Est. reading time":"1 minute"},"schema":{"@context":"https:\/\/schema.org","@graph":[{"@type":"WebSite","@id":"https:\/\/www.visit-ulcinj.com\/blog\/#website","url":"https:\/\/www.visit-ulcinj.com\/blog\/","name":"Lajme nga Ulqini","description":"Lajme,Vijesti,Ulqini,Ulqin,Crna Gora,Mali i Zi","potentialAction":[{"@type":"SearchAction","target":{"@type":"EntryPoint","urlTemplate":"https:\/\/www.visit-ulcinj.com\/blog\/?s={search_term_string}"},"query-input":"required name=search_term_string"}],"inLanguage":"en-US"},{"@type":"ImageObject","inLanguage":"en-US","@id":"https:\/\/www.visit-ulcinj.com\/blog\/2008\/10\/17\/turista-16-vise-nego-prosle-godine\/#primaryimage","url":"http:\/\/www.tob.cg.yu\/images\/znak.gif","contentUrl":"http:\/\/www.tob.cg.yu\/images\/znak.gif"},{"@type":"WebPage","@id":"https:\/\/www.visit-ulcinj.com\/blog\/2008\/10\/17\/turista-16-vise-nego-prosle-godine\/#webpage","url":"https:\/\/www.visit-ulcinj.com\/blog\/2008\/10\/17\/turista-16-vise-nego-prosle-godine\/","name":"Turista 16% vi\u0161e nego pro\u0161le godine - Lajme nga Ulqini","isPartOf":{"@id":"https:\/\/www.visit-ulcinj.com\/blog\/#website"},"primaryImageOfPage":{"@id":"https:\/\/www.visit-ulcinj.com\/blog\/2008\/10\/17\/turista-16-vise-nego-prosle-godine\/#primaryimage"},"datePublished":"2008-10-17T17:30:26+00:00","dateModified":"2008-10-17T18:05:14+00:00","author":{"@id":"https:\/\/www.visit-ulcinj.com\/blog\/#\/schema\/person\/dcab619c614d3038751c63bc2aadc06d"},"description":"PODGORICA - U Crnoj Gori boravi 6,89 hiljada turista odnosno 16 odsto vi\u0161e u odnosu na isti period pro\u0161le godine, saop\u0161teno je iz Ministarstva turizma i","breadcrumb":{"@id":"https:\/\/www.visit-ulcinj.com\/blog\/2008\/10\/17\/turista-16-vise-nego-prosle-godine\/#breadcrumb"},"inLanguage":"en-US","potentialAction":[{"@type":"ReadAction","target":["https:\/\/www.visit-ulcinj.com\/blog\/2008\/10\/17\/turista-16-vise-nego-prosle-godine\/"]}]},{"@type":"BreadcrumbList","@id":"https:\/\/www.visit-ulcinj.com\/blog\/2008\/10\/17\/turista-16-vise-nego-prosle-godine\/#breadcrumb","itemListElement":[{"@type":"ListItem","position":1,"name":"Turista 16% vi\u0161e nego pro\u0161le godine"}]},{"@type":"Person","@id":"https:\/\/www.visit-ulcinj.com\/blog\/#\/schema\/person\/dcab619c614d3038751c63bc2aadc06d","name":"ulqini","sameAs":["http:\/\/www.visit-ulcinj.com"],"url":"https:\/\/www.visit-ulcinj.com\/blog\/author\/admin\/"}]}},"jetpack_featured_media_url":"","jetpack_sharing_enabled":true,"jetpack_shortlink":"https:\/\/wp.me\/pe6lTn-183","_links":{"self":[{"href":"https:\/\/www.visit-ulcinj.com\/blog\/wp-json\/wp\/v2\/posts\/4343"}],"collection":[{"href":"https:\/\/www.visit-ulcinj.com\/blog\/wp-json\/wp\/v2\/posts"}],"about":[{"href":"https:\/\/www.visit-ulcinj.com\/blog\/wp-json\/wp\/v2\/types\/post"}],"author":[{"embeddable":true,"href":"https:\/\/www.visit-ulcinj.com\/blog\/wp-json\/wp\/v2\/users\/1"}],"replies":[{"embeddable":true,"href":"https:\/\/www.visit-ulcinj.com\/blog\/wp-json\/wp\/v2\/comments?post=4343"}],"version-history":[{"count":0,"href":"https:\/\/www.visit-ulcinj.com\/blog\/wp-json\/wp\/v2\/posts\/4343\/revisions"}],"wp:attachment":[{"href":"https:\/\/www.visit-ulcinj.com\/blog\/wp-json\/wp\/v2\/media?parent=4343"}],"wp:term":[{"taxonomy":"category","embeddable":true,"href":"https:\/\/www.visit-ulcinj.com\/blog\/wp-json\/wp\/v2\/categories?post=4343"},{"taxonomy":"post_tag","embeddable":true,"href":"https:\/\/www.visit-ulcinj.com\/blog\/wp-json\/wp\/v2\/tags?post=4343"}],"curies":[{"name":"wp","href":"https:\/\/api.w.org\/{rel}","templated":true}]}}