{"id":43449,"date":"2011-02-16T18:09:24","date_gmt":"2011-02-16T17:09:24","guid":{"rendered":"http:\/\/www.visit-ulcinj.com\/blog\/?p=43449"},"modified":"2011-02-16T19:41:29","modified_gmt":"2011-02-16T18:41:29","slug":"nevladin-sektor-osudio-izdavanje-uvale-valdanos","status":"publish","type":"post","link":"https:\/\/www.visit-ulcinj.com\/blog\/2011\/02\/16\/nevladin-sektor-osudio-izdavanje-uvale-valdanos\/","title":{"rendered":"Nevladin sektor osudio izdavanje uvale Valdanos &#8211; Video"},"content":{"rendered":"<p><a href=\"http:\/\/www.visit-ulcinj.com\/blog\/wp-content\/uploads\/2011\/02\/Nevladin-sektor-osudio-izdavanje-uvale-Valdanos.jpg\"><img loading=\"lazy\" class=\"alignleft size-full wp-image-43450\" title=\"Nevladin sektor osudio izdavanje uvale Valdanos\" src=\"http:\/\/www.visit-ulcinj.com\/blog\/wp-content\/uploads\/2011\/02\/Nevladin-sektor-osudio-izdavanje-uvale-Valdanos.jpg\" alt=\"\" width=\"508\" height=\"380\" \/><\/a>\u201cBilo bi va\u017eno da se desi nova &#8220;Tara&#8221;, da gra\u0111ani iniciraju novi koncenzus i poka\u017eu Vladi da nijesu njihovi pasivni objekti, ve\u0107 da imaju svoj glas&#8221;, rekao je knji\u017eevnik Bal\u0161a Brkovi\u0107.<br \/>\nSlu\u010daj Valdanosa pokazuje da Vlada, iako konstantno ide iz proma\u0161aja u proma\u0161aj, mutnim poslovima sakriva svoju nesposobnost, poru\u010dio je knji\u017eevnik Bal\u0161a Brkovi\u0107 na konferenciji o problemataci nekada\u0161njeg vojnog ljetovali\u0161ta.<\/p>\n<p>Predstavnici nevladinog sektora okupljeni sa ciljem za\u0161tite Valdanosa, jo\u0161 jednom su ukazali na nedopustivost predvi\u0111enog rje\u0161enje i va\u017enost hitnosti poni\u0161tavanja tendera.<\/p>\n<p>Poru\u010deno je da je nejasno \u010dime se Komisija rukovodila kada je odlu\u010dila da se opredijeli za kompaniju koja ne ispunjava niti jedan uslov iz tendera.<\/p>\n<p><strong>Da im mo\u017ee biti prodali bi i nebo<\/strong><\/p>\n<p>Brkovi\u0107 je poru\u010dio i da je Vlada prodala gotovo sve, te da bi \u010delnici vlasti &#8220;prodali i nebo ukoliko bi se na\u0161ao kupac&#8221;.<\/p>\n<p>\u201cBilo bi va\u017eno da se desi nova &#8220;Tara&#8221;, da gra\u0111ani iniciraju novi koncenzus i poka\u017eu Vladi da nijesu njihovi pasivni objekti, ve\u0107 da imaju svoj glas&#8221;, rekao je Brkovi\u0107.<\/p>\n<p>On je napomenuo da zagovornici za\u0161tite tog podru\u010dja vo\u0111eni jakom argumentacijom, dok sa druge strane ona ne postoji.<\/p>\n<p>D\u017eemal Hod\u017ea iz NVO &#8220;Mogul&#8221; iz Ulcinja je ponovio da je rije\u010d o &#8220;\u0161tetnom tenderu&#8221;, te da je krajnje neubjedljiv napor Vlade da taj &#8220;sumnjivi posao predstavi kao \u010dist i koristan za dr\u017eavu i gra\u0111ane&#8221;.<\/p>\n<p>&#8220;Vlada pokazuje da nema namjeru da odustane od predatorskih i netransparentnih privatizacija, \u010dije pogubne efekte najvi\u0161e osje\u0107aju gra\u0111ani&#8221;, rekao je Hod\u017ea, nagla\u0161avaju\u0107i da je u postupku valorizacije Valdanosa sve sporno.<\/p>\n<p>&#8220;Od odluke Vlade o formiranju Komisije za valorizaciju iz 2007. godine, do formiranja tenderske Komisije i njenog rada, nezakonite Studije lokacije i na\u010dina na koji ona tretira ovaj zakonom za\u0161ti\u0107eni lokalitet &#8211; sve je sporno&#8221;, kazao je on, i podjestio da je vi\u0161e od 4.000 Ulcinjana stavilo potpis na peticiju za njegovu za\u0161titu.<\/p>\n<p><strong>Sve je sporno<\/strong><\/p>\n<p>Sporna je, kako je rekao, i Studija lokacije, kojom je predvi\u0111eno premje\u0161tanje maslinjaka, smanjenje pla\u017ee, a zaboravljeno je da je Valdanos jo\u0161 1968. godine progla\u0161en spomeikom kulture.<\/p>\n<p>On je poru\u010dio da Vlada treba hitno i odgovorno da se posveti slu\u010daju, u kojem je prevagnula korist privatnih interesa, a ne turizma i gra\u0111ana.<\/p>\n<p><a href=\"http:\/\/www.visit-ulcinj.com\/blog\/wp-content\/uploads\/2011\/02\/Dritan-Abazovic_Ulcinj.jpg\"><img loading=\"lazy\" class=\"alignleft size-full wp-image-43451\" title=\"Dritan Abazovic_Ulcinj\" src=\"http:\/\/www.visit-ulcinj.com\/blog\/wp-content\/uploads\/2011\/02\/Dritan-Abazovic_Ulcinj.jpg\" alt=\"\" width=\"274\" height=\"281\" \/><\/a>Politikolog iz Ulcinja Dritan Abazovi\u0107 je naglasio da se Vladin posao \u0161tetan sa vi\u0161e aspekata, od politi\u010dkog, ekonomskog, kulturnog, pravnog, socijalnog i ekolo\u0161kog.<\/p>\n<p>&#8220;Problem nije od ju\u010de, ali je Vlada poku\u0161ala da ga brzo, nezakonito, nakaradno i bez saglasnosti lokalnog stanovni\u0161tva rije\u0161i. Bez obzira \u0161to Vlada pola\u017ee monopol nad mnogim stvarima, ne smije da ga ima nad istinom i pravdom&#8221;, rekao je Abazovi\u0107.<\/p>\n<p>Ulcinjani su obespravljeni, smatra Abazovi\u0107, tra\u017ee da im se vrati imovina, imaju sporove pred sudovima i ovakvo rje\u0161enje navodi da se radi o politi\u010dkom problemu.<\/p>\n<p>Ekonomski bi bilo isplativije, kako je rekao, da se aktivira proizvodnja maslina, koja bi dala i do tri puta vi\u0161e novca, nego eventualna kompanija.<\/p>\n<p>&#8220;Ovo je poku\u0161aj da se marginalizuje Ulcinj i potrebno je da svaki gra\u0111anin digne glas, kako bi se stopirao taj posao&#8221;, rekao je Abazovi\u0107.<\/p>\n<p>On je dalje istakao da je kapija na Valdanosu zatvorena za gra\u0111ana, \u0161to je nedopustivo, jer je rije\u010d o javnom dobru.<\/p>\n<p>&#8220;Kada bi gra\u0111ani htjeli da odu tamo, bila bi im potrebna saglasnost ministarstva. Lak\u0161e je bilo oti\u0107i kada je vlasnik bila Vojska&#8221;, poru\u010dio je Abazovi\u0107.<\/p>\n<p>&#8220;Nije u pitanju koja je firma u pitanju, ve\u0107 ako su prekr\u0161eni zakoni ne mo\u017ee da im se preda rukovo\u0111enje Valdanosa&#8221;, rekao je Abazovi\u0107, i dodao da se rje\u0161enje o valorizaciji Valdanosa se mora tra\u017eiti sa lokalnom zajednicom i vlasnicima.<\/p>\n<p><strong>Umjesto da \u0161titimo maslinjake mi ih premje\u0161tamo<\/strong><\/p>\n<p>Direktor NVO &#8220;Green Home&#8221; Darko Pajovi\u0107 je rekao da na\u010din valorizacije nije dobar ni sa aspekta za\u0161tite \u017eivotne sredine.<\/p>\n<p>&#8220;Predvi\u0111eni planovi o presa\u0111ivanju maslina i izgranji objekata u samoj uvali Valdanos, po meni nemaju nikakvo opravdanje sa aspekta odr\u017eivog razvoja&#8221;, naglasio je Pajovi\u0107.<\/p>\n<p>On je rekao da slu\u010daj Valdanos nije problem samo Ulcinja, ve\u0107 i cijele Crne Gore, jer se sjutra mo\u017ee desiti neki novi \u201cValdanos\u201d na \u017dabljaku, Podgorici ili u nekoj drugoj op\u0161tini.<\/p>\n<p>\u201cDok druge dr\u017eave sade masline i to je njihov brend, nama propadaju 18.000 stabala\u201d, rekao je Pajovi\u0107.<\/p>\n<p>Novinarka Marijana Kadi\u0107 Bojani\u0107 je naglasila da donosioci odluka treba da vide rezultate ranijih privatizacija i uni\u0161tavanja \u017eivotne sredine, i to shvate kao opomenu kako ne treba raditi.<\/p>\n<p>\u201cMo\u017eda predstavnici vlasti treba da vide koliko je betonskih o\u017eiljaka na obali i time da se rukovode\u201d, rekla je Kadi\u0107 Bojani\u0107, pozivaju\u0107i gra\u0111ane da se pridru\u017ee akciji.<\/p>\n<p><a href=\"http:\/\/www.vijesti.me\/vijesti\/nevladin-sektor-osudio-izdavanje-uvale-valdanos-clanak-6904\" target=\"_blank\"><strong>Vijesti<\/strong><\/a><\/p>\n<p><strong>VIDEO TV MAMA<\/strong><br \/>\n[flv]http:\/\/video.arhiva-medija.com\/stream.php?f=20110216_Valdanos.mp4[\/flv]<\/p>\n","protected":false},"excerpt":{"rendered":"<p>\u201cBilo bi va\u017eno da se desi nova &#8220;Tara&#8221;, da gra\u0111ani iniciraju novi koncenzus i poka\u017eu Vladi da nijesu njihovi pasivni objekti, ve\u0107 da imaju svoj glas&#8221;, rekao je knji\u017eevnik Bal\u0161a Brkovi\u0107. Slu\u010daj Valdanosa pokazuje da Vlada, iako konstantno ide iz proma\u0161aja u proma\u0161aj, mutnim poslovima sakriva svoju nesposobnost, poru\u010dio je knji\u017eevnik Bal\u0161a Brkovi\u0107 na konferenciji [&hellip;]<\/p>\n","protected":false},"author":1,"featured_media":0,"comment_status":"open","ping_status":"closed","sticky":false,"template":"","format":"standard","meta":{"spay_email":"","jetpack_publicize_message":"","jetpack_is_tweetstorm":false,"jetpack_publicize_feature_enabled":true},"categories":[8337],"tags":[17343,13706,17344,17346,17347,17345,136],"jetpack_publicize_connections":[],"yoast_head":"<!-- This site is optimized with the Yoast SEO plugin v19.1 - https:\/\/yoast.com\/wordpress\/plugins\/seo\/ -->\n<title>Nevladin sektor osudio izdavanje uvale Valdanos - Video - Lajme nga Ulqini<\/title>\n<meta name=\"description\" content=\"\u201cBilo bi va\u017eno da se desi nova &quot;Tara&quot;, da gra\u0111ani iniciraju novi koncenzus i poka\u017eu Vladi da nijesu njihovi pasivni objekti, ve\u0107 da imaju svoj glas&quot;,\" \/>\n<meta name=\"robots\" content=\"index, follow, max-snippet:-1, max-image-preview:large, max-video-preview:-1\" \/>\n<link rel=\"canonical\" href=\"https:\/\/www.visit-ulcinj.com\/blog\/2011\/02\/16\/nevladin-sektor-osudio-izdavanje-uvale-valdanos\/\" \/>\n<meta property=\"og:locale\" content=\"en_US\" \/>\n<meta property=\"og:type\" content=\"article\" \/>\n<meta property=\"og:title\" content=\"Nevladin sektor osudio izdavanje uvale Valdanos - Video - Lajme nga Ulqini\" \/>\n<meta property=\"og:description\" content=\"\u201cBilo bi va\u017eno da se desi nova &quot;Tara&quot;, da gra\u0111ani iniciraju novi koncenzus i poka\u017eu Vladi da nijesu njihovi pasivni objekti, ve\u0107 da imaju svoj glas&quot;,\" \/>\n<meta property=\"og:url\" content=\"https:\/\/www.visit-ulcinj.com\/blog\/2011\/02\/16\/nevladin-sektor-osudio-izdavanje-uvale-valdanos\/\" \/>\n<meta property=\"og:site_name\" content=\"Lajme nga Ulqini\" \/>\n<meta property=\"article:published_time\" content=\"2011-02-16T17:09:24+00:00\" \/>\n<meta property=\"article:modified_time\" content=\"2011-02-16T18:41:29+00:00\" \/>\n<meta property=\"og:image\" content=\"http:\/\/www.visit-ulcinj.com\/blog\/wp-content\/uploads\/2011\/02\/Nevladin-sektor-osudio-izdavanje-uvale-Valdanos.jpg\" \/>\n<meta name=\"twitter:label1\" content=\"Written by\" \/>\n\t<meta name=\"twitter:data1\" content=\"ulqini\" \/>\n\t<meta name=\"twitter:label2\" content=\"Est. reading time\" \/>\n\t<meta name=\"twitter:data2\" content=\"4 minutes\" \/>\n<script type=\"application\/ld+json\" class=\"yoast-schema-graph\">{\"@context\":\"https:\/\/schema.org\",\"@graph\":[{\"@type\":\"WebSite\",\"@id\":\"https:\/\/www.visit-ulcinj.com\/blog\/#website\",\"url\":\"https:\/\/www.visit-ulcinj.com\/blog\/\",\"name\":\"Lajme nga Ulqini\",\"description\":\"Lajme,Vijesti,Ulqini,Ulqin,Crna Gora,Mali i Zi\",\"potentialAction\":[{\"@type\":\"SearchAction\",\"target\":{\"@type\":\"EntryPoint\",\"urlTemplate\":\"https:\/\/www.visit-ulcinj.com\/blog\/?s={search_term_string}\"},\"query-input\":\"required name=search_term_string\"}],\"inLanguage\":\"en-US\"},{\"@type\":\"ImageObject\",\"inLanguage\":\"en-US\",\"@id\":\"https:\/\/www.visit-ulcinj.com\/blog\/2011\/02\/16\/nevladin-sektor-osudio-izdavanje-uvale-valdanos\/#primaryimage\",\"url\":\"https:\/\/www.visit-ulcinj.com\/blog\/wp-content\/uploads\/2011\/02\/Nevladin-sektor-osudio-izdavanje-uvale-Valdanos.jpg\",\"contentUrl\":\"https:\/\/www.visit-ulcinj.com\/blog\/wp-content\/uploads\/2011\/02\/Nevladin-sektor-osudio-izdavanje-uvale-Valdanos.jpg\",\"width\":\"1000\",\"height\":\"624\"},{\"@type\":\"WebPage\",\"@id\":\"https:\/\/www.visit-ulcinj.com\/blog\/2011\/02\/16\/nevladin-sektor-osudio-izdavanje-uvale-valdanos\/#webpage\",\"url\":\"https:\/\/www.visit-ulcinj.com\/blog\/2011\/02\/16\/nevladin-sektor-osudio-izdavanje-uvale-valdanos\/\",\"name\":\"Nevladin sektor osudio izdavanje uvale Valdanos - Video - Lajme nga Ulqini\",\"isPartOf\":{\"@id\":\"https:\/\/www.visit-ulcinj.com\/blog\/#website\"},\"primaryImageOfPage\":{\"@id\":\"https:\/\/www.visit-ulcinj.com\/blog\/2011\/02\/16\/nevladin-sektor-osudio-izdavanje-uvale-valdanos\/#primaryimage\"},\"datePublished\":\"2011-02-16T17:09:24+00:00\",\"dateModified\":\"2011-02-16T18:41:29+00:00\",\"author\":{\"@id\":\"https:\/\/www.visit-ulcinj.com\/blog\/#\/schema\/person\/dcab619c614d3038751c63bc2aadc06d\"},\"description\":\"\u201cBilo bi va\u017eno da se desi nova \\\"Tara\\\", da gra\u0111ani iniciraju novi koncenzus i poka\u017eu Vladi da nijesu njihovi pasivni objekti, ve\u0107 da imaju svoj glas\\\",\",\"breadcrumb\":{\"@id\":\"https:\/\/www.visit-ulcinj.com\/blog\/2011\/02\/16\/nevladin-sektor-osudio-izdavanje-uvale-valdanos\/#breadcrumb\"},\"inLanguage\":\"en-US\",\"potentialAction\":[{\"@type\":\"ReadAction\",\"target\":[\"https:\/\/www.visit-ulcinj.com\/blog\/2011\/02\/16\/nevladin-sektor-osudio-izdavanje-uvale-valdanos\/\"]}]},{\"@type\":\"BreadcrumbList\",\"@id\":\"https:\/\/www.visit-ulcinj.com\/blog\/2011\/02\/16\/nevladin-sektor-osudio-izdavanje-uvale-valdanos\/#breadcrumb\",\"itemListElement\":[{\"@type\":\"ListItem\",\"position\":1,\"name\":\"Nevladin sektor osudio izdavanje uvale Valdanos &#8211; Video\"}]},{\"@type\":\"Person\",\"@id\":\"https:\/\/www.visit-ulcinj.com\/blog\/#\/schema\/person\/dcab619c614d3038751c63bc2aadc06d\",\"name\":\"ulqini\",\"sameAs\":[\"http:\/\/www.visit-ulcinj.com\"],\"url\":\"https:\/\/www.visit-ulcinj.com\/blog\/author\/admin\/\"}]}<\/script>\n<!-- \/ Yoast SEO plugin. -->","yoast_head_json":{"title":"Nevladin sektor osudio izdavanje uvale Valdanos - Video - Lajme nga Ulqini","description":"\u201cBilo bi va\u017eno da se desi nova \"Tara\", da gra\u0111ani iniciraju novi koncenzus i poka\u017eu Vladi da nijesu njihovi pasivni objekti, ve\u0107 da imaju svoj glas\",","robots":{"index":"index","follow":"follow","max-snippet":"max-snippet:-1","max-image-preview":"max-image-preview:large","max-video-preview":"max-video-preview:-1"},"canonical":"https:\/\/www.visit-ulcinj.com\/blog\/2011\/02\/16\/nevladin-sektor-osudio-izdavanje-uvale-valdanos\/","og_locale":"en_US","og_type":"article","og_title":"Nevladin sektor osudio izdavanje uvale Valdanos - Video - Lajme nga Ulqini","og_description":"\u201cBilo bi va\u017eno da se desi nova \"Tara\", da gra\u0111ani iniciraju novi koncenzus i poka\u017eu Vladi da nijesu njihovi pasivni objekti, ve\u0107 da imaju svoj glas\",","og_url":"https:\/\/www.visit-ulcinj.com\/blog\/2011\/02\/16\/nevladin-sektor-osudio-izdavanje-uvale-valdanos\/","og_site_name":"Lajme nga Ulqini","article_published_time":"2011-02-16T17:09:24+00:00","article_modified_time":"2011-02-16T18:41:29+00:00","og_image":[{"url":"http:\/\/www.visit-ulcinj.com\/blog\/wp-content\/uploads\/2011\/02\/Nevladin-sektor-osudio-izdavanje-uvale-Valdanos.jpg"}],"twitter_misc":{"Written by":"ulqini","Est. reading time":"4 minutes"},"schema":{"@context":"https:\/\/schema.org","@graph":[{"@type":"WebSite","@id":"https:\/\/www.visit-ulcinj.com\/blog\/#website","url":"https:\/\/www.visit-ulcinj.com\/blog\/","name":"Lajme nga Ulqini","description":"Lajme,Vijesti,Ulqini,Ulqin,Crna Gora,Mali i Zi","potentialAction":[{"@type":"SearchAction","target":{"@type":"EntryPoint","urlTemplate":"https:\/\/www.visit-ulcinj.com\/blog\/?s={search_term_string}"},"query-input":"required name=search_term_string"}],"inLanguage":"en-US"},{"@type":"ImageObject","inLanguage":"en-US","@id":"https:\/\/www.visit-ulcinj.com\/blog\/2011\/02\/16\/nevladin-sektor-osudio-izdavanje-uvale-valdanos\/#primaryimage","url":"https:\/\/www.visit-ulcinj.com\/blog\/wp-content\/uploads\/2011\/02\/Nevladin-sektor-osudio-izdavanje-uvale-Valdanos.jpg","contentUrl":"https:\/\/www.visit-ulcinj.com\/blog\/wp-content\/uploads\/2011\/02\/Nevladin-sektor-osudio-izdavanje-uvale-Valdanos.jpg","width":"1000","height":"624"},{"@type":"WebPage","@id":"https:\/\/www.visit-ulcinj.com\/blog\/2011\/02\/16\/nevladin-sektor-osudio-izdavanje-uvale-valdanos\/#webpage","url":"https:\/\/www.visit-ulcinj.com\/blog\/2011\/02\/16\/nevladin-sektor-osudio-izdavanje-uvale-valdanos\/","name":"Nevladin sektor osudio izdavanje uvale Valdanos - Video - Lajme nga Ulqini","isPartOf":{"@id":"https:\/\/www.visit-ulcinj.com\/blog\/#website"},"primaryImageOfPage":{"@id":"https:\/\/www.visit-ulcinj.com\/blog\/2011\/02\/16\/nevladin-sektor-osudio-izdavanje-uvale-valdanos\/#primaryimage"},"datePublished":"2011-02-16T17:09:24+00:00","dateModified":"2011-02-16T18:41:29+00:00","author":{"@id":"https:\/\/www.visit-ulcinj.com\/blog\/#\/schema\/person\/dcab619c614d3038751c63bc2aadc06d"},"description":"\u201cBilo bi va\u017eno da se desi nova \"Tara\", da gra\u0111ani iniciraju novi koncenzus i poka\u017eu Vladi da nijesu njihovi pasivni objekti, ve\u0107 da imaju svoj glas\",","breadcrumb":{"@id":"https:\/\/www.visit-ulcinj.com\/blog\/2011\/02\/16\/nevladin-sektor-osudio-izdavanje-uvale-valdanos\/#breadcrumb"},"inLanguage":"en-US","potentialAction":[{"@type":"ReadAction","target":["https:\/\/www.visit-ulcinj.com\/blog\/2011\/02\/16\/nevladin-sektor-osudio-izdavanje-uvale-valdanos\/"]}]},{"@type":"BreadcrumbList","@id":"https:\/\/www.visit-ulcinj.com\/blog\/2011\/02\/16\/nevladin-sektor-osudio-izdavanje-uvale-valdanos\/#breadcrumb","itemListElement":[{"@type":"ListItem","position":1,"name":"Nevladin sektor osudio izdavanje uvale Valdanos &#8211; Video"}]},{"@type":"Person","@id":"https:\/\/www.visit-ulcinj.com\/blog\/#\/schema\/person\/dcab619c614d3038751c63bc2aadc06d","name":"ulqini","sameAs":["http:\/\/www.visit-ulcinj.com"],"url":"https:\/\/www.visit-ulcinj.com\/blog\/author\/admin\/"}]}},"jetpack_featured_media_url":"","jetpack_sharing_enabled":true,"jetpack_shortlink":"https:\/\/wp.me\/pe6lTn-biN","_links":{"self":[{"href":"https:\/\/www.visit-ulcinj.com\/blog\/wp-json\/wp\/v2\/posts\/43449"}],"collection":[{"href":"https:\/\/www.visit-ulcinj.com\/blog\/wp-json\/wp\/v2\/posts"}],"about":[{"href":"https:\/\/www.visit-ulcinj.com\/blog\/wp-json\/wp\/v2\/types\/post"}],"author":[{"embeddable":true,"href":"https:\/\/www.visit-ulcinj.com\/blog\/wp-json\/wp\/v2\/users\/1"}],"replies":[{"embeddable":true,"href":"https:\/\/www.visit-ulcinj.com\/blog\/wp-json\/wp\/v2\/comments?post=43449"}],"version-history":[{"count":0,"href":"https:\/\/www.visit-ulcinj.com\/blog\/wp-json\/wp\/v2\/posts\/43449\/revisions"}],"wp:attachment":[{"href":"https:\/\/www.visit-ulcinj.com\/blog\/wp-json\/wp\/v2\/media?parent=43449"}],"wp:term":[{"taxonomy":"category","embeddable":true,"href":"https:\/\/www.visit-ulcinj.com\/blog\/wp-json\/wp\/v2\/categories?post=43449"},{"taxonomy":"post_tag","embeddable":true,"href":"https:\/\/www.visit-ulcinj.com\/blog\/wp-json\/wp\/v2\/tags?post=43449"}],"curies":[{"name":"wp","href":"https:\/\/api.w.org\/{rel}","templated":true}]}}