{"id":4345,"date":"2008-10-17T12:49:59","date_gmt":"2008-10-17T17:49:59","guid":{"rendered":"http:\/\/www.visit-ulcinj.com\/blog\/?p=4345"},"modified":"2008-10-17T13:51:30","modified_gmt":"2008-10-17T18:51:30","slug":"njohja-e-kosoves-gjukanovic-zgjodhem-be","status":"publish","type":"post","link":"https:\/\/www.visit-ulcinj.com\/blog\/2008\/10\/17\/njohja-e-kosoves-gjukanovic-zgjodhem-be\/","title":{"rendered":"Njohja e Kosov\u00ebs, Gjukanovic: Zgjodh\u00ebm BE"},"content":{"rendered":"<p><a href=\"http:\/\/www.visit-ulcinj.com\/blog\/wp-content\/uploads\/2008\/10\/milo-djukanovic.jpg\"><img loading=\"lazy\" class=\"alignleft size-medium wp-image-4346\" title=\"milo-djukanovic\" src=\"http:\/\/www.visit-ulcinj.com\/blog\/wp-content\/uploads\/2008\/10\/milo-djukanovic-300x219.jpg\" alt=\"\" width=\"300\" height=\"219\" srcset=\"https:\/\/www.visit-ulcinj.com\/blog\/wp-content\/uploads\/2008\/10\/milo-djukanovic-300x219.jpg 300w, https:\/\/www.visit-ulcinj.com\/blog\/wp-content\/uploads\/2008\/10\/milo-djukanovic.jpg 393w\" sizes=\"(max-width: 300px) 100vw, 300px\" \/><\/a><strong>Kryeministri malazez Milo Gjukanovic shpjegon ne nje interviste per agjensin\u00eb e lajmeve \u201cRojter\u201d pse vendi i tij njohu Kosoven. Ai i kerkon Serbise te mos fyhet nga ky akt, dhe te vazhdoje marrdheniet e mira me Malin e Zi. Gjykanovic thote se nese nuk do ta njihte Kosoven, do te kercenonte rrugen e integrimit ne BE.<\/strong><br \/>\nPODGORICE- Kryeministri malazez Milo Gjykanovic, i drejtohet Serbise duke thene se nuk duhet te fyhet nga njohja e shtetit te ri te Kosoves. Duke folur ne nje interviste per Rojterin, Gjykanovic i kerkon Beogrdit qe dy vendet te vazhdojne te ruajne marr\u00ebdheniet e mira mes tyre pavaresisht njohjes se Kosoves. \u201cNe mendojme se sic do shtet tjeter i pavarur kemi te drejte te vleresojme interesat tona kur behet fjale per njohjen e Kosoves. Vendosem ta njihnim ne nje moment kur menduam se nese vepronim ndryshe do vinim ne rrezik shpejtimin e integrimit euroatlantik te vendit tone\u201d ka shpjeguar Gjykanovic.<br \/>\nAi thote se ne kete kuader per te ruajtur marr\u00ebdhenie te mira, Mali i Zi nuk deboi ambasadorin serb, edhe pse Beogradi deboi ambasadorin malazez.<br \/>\nGjithashtu Gjykanovic i shpjegon Beogradit ne kete interviste se e shtyu njohjen e Kosoves deri kur Serbia ia kerkoi kete gje. Keshtu disa muaj me pare ministri i Jashtem serb Jeremic i kerkoi Podgiorices te shtyje njohjen e Kosoves deri sa te shqyrtohej kerkesa serbe ne asamblene e OKB. Gjykanovic thote se Mali i Zi jo vetem priti kete dite, por votoi edhe pro kerkeses serbe ne Asamblene e OKB, me argumentin se Beogradi ka te drejte si cdo anetar i OKB te ndermarre inisiativa ne OKB per mbrojtjen e interesave te veta.<br \/>\nMali i zi, nje republike e vogel ne Ballkan ashtu si Serbia kerkon lidhje te forta me ruset, dhe gjithnje eshte luhatur mes mbeshtetjes se Serbise dhe zgjedhjes se rruges se saj drejt BE. por me njohjen e Kosoves, qeveria malazeze e pranon se zgjodhi BE-ne ne vend te Serbise.<br \/>\nS.G<br \/>\n<strong>Burimi \/ NEWS24 \/ BalkanWeb<\/strong><\/p>\n<p><object classid=\"clsid:6bf52a52-394a-11d3-b153-00c04f79faa6\" width=\"400\" height=\"350\" codebase=\"http:\/\/activex.microsoft.com\/activex\/controls\/mplayer\/en\/nsmp2inf.cab#Version=5,1,52,701\"><param name=\"url\" value=\"http:\/\/www.balkanweb.com\/sitev4\/upload\/multimedia\/1224229264.wmv\" \/><\/object><\/p>\n","protected":false},"excerpt":{"rendered":"<p>Kryeministri malazez Milo Gjukanovic shpjegon ne nje interviste per agjensin\u00eb e lajmeve \u201cRojter\u201d pse vendi i tij njohu Kosoven. Ai i kerkon Serbise te mos fyhet nga ky akt, dhe te vazhdoje marrdheniet e mira me Malin e Zi. Gjykanovic thote se nese nuk do ta njihte Kosoven, do te kercenonte rrugen e integrimit ne [&hellip;]<\/p>\n","protected":false},"author":1,"featured_media":0,"comment_status":"open","ping_status":"closed","sticky":false,"template":"","format":"standard","meta":{"spay_email":"","jetpack_publicize_message":"","jetpack_is_tweetstorm":false,"jetpack_publicize_feature_enabled":true},"categories":[6,12],"tags":[1616],"jetpack_publicize_connections":[],"yoast_head":"<!-- This site is optimized with the Yoast SEO plugin v19.1 - https:\/\/yoast.com\/wordpress\/plugins\/seo\/ -->\n<title>Njohja e Kosov\u00ebs, Gjukanovic: Zgjodh\u00ebm BE - Lajme nga Ulqini<\/title>\n<meta name=\"description\" content=\"Kryeministri malazez Milo Gjukanovic shpjegon ne nje interviste per agjensin\u00eb e lajmeve \u201cRojter\u201d pse vendi i tij njohu Kosoven. Ai i kerkon Serbise te mos\" \/>\n<meta name=\"robots\" content=\"index, follow, max-snippet:-1, max-image-preview:large, max-video-preview:-1\" \/>\n<link rel=\"canonical\" href=\"https:\/\/www.visit-ulcinj.com\/blog\/2008\/10\/17\/njohja-e-kosoves-gjukanovic-zgjodhem-be\/\" \/>\n<meta property=\"og:locale\" content=\"en_US\" \/>\n<meta property=\"og:type\" content=\"article\" \/>\n<meta property=\"og:title\" content=\"Njohja e Kosov\u00ebs, Gjukanovic: Zgjodh\u00ebm BE - Lajme nga Ulqini\" \/>\n<meta property=\"og:description\" content=\"Kryeministri malazez Milo Gjukanovic shpjegon ne nje interviste per agjensin\u00eb e lajmeve \u201cRojter\u201d pse vendi i tij njohu Kosoven. Ai i kerkon Serbise te mos\" \/>\n<meta property=\"og:url\" content=\"https:\/\/www.visit-ulcinj.com\/blog\/2008\/10\/17\/njohja-e-kosoves-gjukanovic-zgjodhem-be\/\" \/>\n<meta property=\"og:site_name\" content=\"Lajme nga Ulqini\" \/>\n<meta property=\"article:published_time\" content=\"2008-10-17T17:49:59+00:00\" \/>\n<meta property=\"article:modified_time\" content=\"2008-10-17T18:51:30+00:00\" \/>\n<meta property=\"og:image\" content=\"http:\/\/www.visit-ulcinj.com\/blog\/wp-content\/uploads\/2008\/10\/milo-djukanovic-300x219.jpg\" \/>\n<meta name=\"twitter:label1\" content=\"Written by\" \/>\n\t<meta name=\"twitter:data1\" content=\"ulqini\" \/>\n\t<meta name=\"twitter:label2\" content=\"Est. reading time\" \/>\n\t<meta name=\"twitter:data2\" content=\"2 minutes\" \/>\n<script type=\"application\/ld+json\" class=\"yoast-schema-graph\">{\"@context\":\"https:\/\/schema.org\",\"@graph\":[{\"@type\":\"WebSite\",\"@id\":\"https:\/\/www.visit-ulcinj.com\/blog\/#website\",\"url\":\"https:\/\/www.visit-ulcinj.com\/blog\/\",\"name\":\"Lajme nga Ulqini\",\"description\":\"Lajme,Vijesti,Ulqini,Ulqin,Crna Gora,Mali i Zi\",\"potentialAction\":[{\"@type\":\"SearchAction\",\"target\":{\"@type\":\"EntryPoint\",\"urlTemplate\":\"https:\/\/www.visit-ulcinj.com\/blog\/?s={search_term_string}\"},\"query-input\":\"required name=search_term_string\"}],\"inLanguage\":\"en-US\"},{\"@type\":\"ImageObject\",\"inLanguage\":\"en-US\",\"@id\":\"https:\/\/www.visit-ulcinj.com\/blog\/2008\/10\/17\/njohja-e-kosoves-gjukanovic-zgjodhem-be\/#primaryimage\",\"url\":\"http:\/\/www.visit-ulcinj.com\/blog\/wp-content\/uploads\/2008\/10\/milo-djukanovic-300x219.jpg\",\"contentUrl\":\"http:\/\/www.visit-ulcinj.com\/blog\/wp-content\/uploads\/2008\/10\/milo-djukanovic-300x219.jpg\"},{\"@type\":\"WebPage\",\"@id\":\"https:\/\/www.visit-ulcinj.com\/blog\/2008\/10\/17\/njohja-e-kosoves-gjukanovic-zgjodhem-be\/#webpage\",\"url\":\"https:\/\/www.visit-ulcinj.com\/blog\/2008\/10\/17\/njohja-e-kosoves-gjukanovic-zgjodhem-be\/\",\"name\":\"Njohja e Kosov\u00ebs, Gjukanovic: Zgjodh\u00ebm BE - Lajme nga Ulqini\",\"isPartOf\":{\"@id\":\"https:\/\/www.visit-ulcinj.com\/blog\/#website\"},\"primaryImageOfPage\":{\"@id\":\"https:\/\/www.visit-ulcinj.com\/blog\/2008\/10\/17\/njohja-e-kosoves-gjukanovic-zgjodhem-be\/#primaryimage\"},\"datePublished\":\"2008-10-17T17:49:59+00:00\",\"dateModified\":\"2008-10-17T18:51:30+00:00\",\"author\":{\"@id\":\"https:\/\/www.visit-ulcinj.com\/blog\/#\/schema\/person\/dcab619c614d3038751c63bc2aadc06d\"},\"description\":\"Kryeministri malazez Milo Gjukanovic shpjegon ne nje interviste per agjensin\u00eb e lajmeve \u201cRojter\u201d pse vendi i tij njohu Kosoven. Ai i kerkon Serbise te mos\",\"breadcrumb\":{\"@id\":\"https:\/\/www.visit-ulcinj.com\/blog\/2008\/10\/17\/njohja-e-kosoves-gjukanovic-zgjodhem-be\/#breadcrumb\"},\"inLanguage\":\"en-US\",\"potentialAction\":[{\"@type\":\"ReadAction\",\"target\":[\"https:\/\/www.visit-ulcinj.com\/blog\/2008\/10\/17\/njohja-e-kosoves-gjukanovic-zgjodhem-be\/\"]}]},{\"@type\":\"BreadcrumbList\",\"@id\":\"https:\/\/www.visit-ulcinj.com\/blog\/2008\/10\/17\/njohja-e-kosoves-gjukanovic-zgjodhem-be\/#breadcrumb\",\"itemListElement\":[{\"@type\":\"ListItem\",\"position\":1,\"name\":\"Njohja e Kosov\u00ebs, Gjukanovic: Zgjodh\u00ebm BE\"}]},{\"@type\":\"Person\",\"@id\":\"https:\/\/www.visit-ulcinj.com\/blog\/#\/schema\/person\/dcab619c614d3038751c63bc2aadc06d\",\"name\":\"ulqini\",\"sameAs\":[\"http:\/\/www.visit-ulcinj.com\"],\"url\":\"https:\/\/www.visit-ulcinj.com\/blog\/author\/admin\/\"}]}<\/script>\n<!-- \/ Yoast SEO plugin. -->","yoast_head_json":{"title":"Njohja e Kosov\u00ebs, Gjukanovic: Zgjodh\u00ebm BE - Lajme nga Ulqini","description":"Kryeministri malazez Milo Gjukanovic shpjegon ne nje interviste per agjensin\u00eb e lajmeve \u201cRojter\u201d pse vendi i tij njohu Kosoven. Ai i kerkon Serbise te mos","robots":{"index":"index","follow":"follow","max-snippet":"max-snippet:-1","max-image-preview":"max-image-preview:large","max-video-preview":"max-video-preview:-1"},"canonical":"https:\/\/www.visit-ulcinj.com\/blog\/2008\/10\/17\/njohja-e-kosoves-gjukanovic-zgjodhem-be\/","og_locale":"en_US","og_type":"article","og_title":"Njohja e Kosov\u00ebs, Gjukanovic: Zgjodh\u00ebm BE - Lajme nga Ulqini","og_description":"Kryeministri malazez Milo Gjukanovic shpjegon ne nje interviste per agjensin\u00eb e lajmeve \u201cRojter\u201d pse vendi i tij njohu Kosoven. Ai i kerkon Serbise te mos","og_url":"https:\/\/www.visit-ulcinj.com\/blog\/2008\/10\/17\/njohja-e-kosoves-gjukanovic-zgjodhem-be\/","og_site_name":"Lajme nga Ulqini","article_published_time":"2008-10-17T17:49:59+00:00","article_modified_time":"2008-10-17T18:51:30+00:00","og_image":[{"url":"http:\/\/www.visit-ulcinj.com\/blog\/wp-content\/uploads\/2008\/10\/milo-djukanovic-300x219.jpg"}],"twitter_misc":{"Written by":"ulqini","Est. reading time":"2 minutes"},"schema":{"@context":"https:\/\/schema.org","@graph":[{"@type":"WebSite","@id":"https:\/\/www.visit-ulcinj.com\/blog\/#website","url":"https:\/\/www.visit-ulcinj.com\/blog\/","name":"Lajme nga Ulqini","description":"Lajme,Vijesti,Ulqini,Ulqin,Crna Gora,Mali i Zi","potentialAction":[{"@type":"SearchAction","target":{"@type":"EntryPoint","urlTemplate":"https:\/\/www.visit-ulcinj.com\/blog\/?s={search_term_string}"},"query-input":"required name=search_term_string"}],"inLanguage":"en-US"},{"@type":"ImageObject","inLanguage":"en-US","@id":"https:\/\/www.visit-ulcinj.com\/blog\/2008\/10\/17\/njohja-e-kosoves-gjukanovic-zgjodhem-be\/#primaryimage","url":"http:\/\/www.visit-ulcinj.com\/blog\/wp-content\/uploads\/2008\/10\/milo-djukanovic-300x219.jpg","contentUrl":"http:\/\/www.visit-ulcinj.com\/blog\/wp-content\/uploads\/2008\/10\/milo-djukanovic-300x219.jpg"},{"@type":"WebPage","@id":"https:\/\/www.visit-ulcinj.com\/blog\/2008\/10\/17\/njohja-e-kosoves-gjukanovic-zgjodhem-be\/#webpage","url":"https:\/\/www.visit-ulcinj.com\/blog\/2008\/10\/17\/njohja-e-kosoves-gjukanovic-zgjodhem-be\/","name":"Njohja e Kosov\u00ebs, Gjukanovic: Zgjodh\u00ebm BE - Lajme nga Ulqini","isPartOf":{"@id":"https:\/\/www.visit-ulcinj.com\/blog\/#website"},"primaryImageOfPage":{"@id":"https:\/\/www.visit-ulcinj.com\/blog\/2008\/10\/17\/njohja-e-kosoves-gjukanovic-zgjodhem-be\/#primaryimage"},"datePublished":"2008-10-17T17:49:59+00:00","dateModified":"2008-10-17T18:51:30+00:00","author":{"@id":"https:\/\/www.visit-ulcinj.com\/blog\/#\/schema\/person\/dcab619c614d3038751c63bc2aadc06d"},"description":"Kryeministri malazez Milo Gjukanovic shpjegon ne nje interviste per agjensin\u00eb e lajmeve \u201cRojter\u201d pse vendi i tij njohu Kosoven. Ai i kerkon Serbise te mos","breadcrumb":{"@id":"https:\/\/www.visit-ulcinj.com\/blog\/2008\/10\/17\/njohja-e-kosoves-gjukanovic-zgjodhem-be\/#breadcrumb"},"inLanguage":"en-US","potentialAction":[{"@type":"ReadAction","target":["https:\/\/www.visit-ulcinj.com\/blog\/2008\/10\/17\/njohja-e-kosoves-gjukanovic-zgjodhem-be\/"]}]},{"@type":"BreadcrumbList","@id":"https:\/\/www.visit-ulcinj.com\/blog\/2008\/10\/17\/njohja-e-kosoves-gjukanovic-zgjodhem-be\/#breadcrumb","itemListElement":[{"@type":"ListItem","position":1,"name":"Njohja e Kosov\u00ebs, Gjukanovic: Zgjodh\u00ebm BE"}]},{"@type":"Person","@id":"https:\/\/www.visit-ulcinj.com\/blog\/#\/schema\/person\/dcab619c614d3038751c63bc2aadc06d","name":"ulqini","sameAs":["http:\/\/www.visit-ulcinj.com"],"url":"https:\/\/www.visit-ulcinj.com\/blog\/author\/admin\/"}]}},"jetpack_featured_media_url":"","jetpack_sharing_enabled":true,"jetpack_shortlink":"https:\/\/wp.me\/pe6lTn-185","_links":{"self":[{"href":"https:\/\/www.visit-ulcinj.com\/blog\/wp-json\/wp\/v2\/posts\/4345"}],"collection":[{"href":"https:\/\/www.visit-ulcinj.com\/blog\/wp-json\/wp\/v2\/posts"}],"about":[{"href":"https:\/\/www.visit-ulcinj.com\/blog\/wp-json\/wp\/v2\/types\/post"}],"author":[{"embeddable":true,"href":"https:\/\/www.visit-ulcinj.com\/blog\/wp-json\/wp\/v2\/users\/1"}],"replies":[{"embeddable":true,"href":"https:\/\/www.visit-ulcinj.com\/blog\/wp-json\/wp\/v2\/comments?post=4345"}],"version-history":[{"count":0,"href":"https:\/\/www.visit-ulcinj.com\/blog\/wp-json\/wp\/v2\/posts\/4345\/revisions"}],"wp:attachment":[{"href":"https:\/\/www.visit-ulcinj.com\/blog\/wp-json\/wp\/v2\/media?parent=4345"}],"wp:term":[{"taxonomy":"category","embeddable":true,"href":"https:\/\/www.visit-ulcinj.com\/blog\/wp-json\/wp\/v2\/categories?post=4345"},{"taxonomy":"post_tag","embeddable":true,"href":"https:\/\/www.visit-ulcinj.com\/blog\/wp-json\/wp\/v2\/tags?post=4345"}],"curies":[{"name":"wp","href":"https:\/\/api.w.org\/{rel}","templated":true}]}}