{"id":43465,"date":"2011-02-16T19:19:20","date_gmt":"2011-02-16T18:19:20","guid":{"rendered":"http:\/\/www.visit-ulcinj.com\/blog\/?p=43465"},"modified":"2011-02-16T19:23:01","modified_gmt":"2011-02-16T18:23:01","slug":"ako-padnu-akcije-tuzice-mans-video","status":"publish","type":"post","link":"https:\/\/www.visit-ulcinj.com\/blog\/2011\/02\/16\/ako-padnu-akcije-tuzice-mans-video\/","title":{"rendered":"Ako padnu akcije, tu\u017ei\u0107e MANS &#8211; Video"},"content":{"rendered":"<p><a href=\"http:\/\/www.visit-ulcinj.com\/blog\/wp-content\/uploads\/2011\/02\/Cubus-Lux-_-Valdanos_Ulcinj_Montenegro.jpg\"><img loading=\"lazy\" class=\"alignleft size-full wp-image-43466\" title=\"Cubus-Lux-_-Valdanos_Ulcinj_Montenegro\" src=\"http:\/\/www.visit-ulcinj.com\/blog\/wp-content\/uploads\/2011\/02\/Cubus-Lux-_-Valdanos_Ulcinj_Montenegro.jpg\" alt=\"\" width=\"427\" height=\"626\" srcset=\"https:\/\/www.visit-ulcinj.com\/blog\/wp-content\/uploads\/2011\/02\/Cubus-Lux-_-Valdanos_Ulcinj_Montenegro.jpg 427w, https:\/\/www.visit-ulcinj.com\/blog\/wp-content\/uploads\/2011\/02\/Cubus-Lux-_-Valdanos_Ulcinj_Montenegro-204x300.jpg 204w\" sizes=\"(max-width: 427px) 100vw, 427px\" \/><\/a>Rezultati poslovanja Cubus Luxa od 2004. do pro\u0161le godine, koje je objavio MANS, nijesu ta\u010dni, saop\u0161tio je \u0161ef razvojnog projekta britanske kompanije Milan Kotur.<\/p>\n<p>Napominje da je Cubus Luxa prvorangirani na tenderu za davanje u dugoro\u010dni zakup Valdanosa na Londonskoj i Frankfurtskoj berzi, zbog \u010dega bi svaki neta\u010dan podatak o poslovanju mogao imati negativan uticaj na vrijednost dionica firme.<\/p>\n<p>\u201cU slu\u010daju da do takvih pomaka do\u0111e bi\u0107emo primorani da pred me\u0111unarodnim sudom pokrenemo postupak zbog nadoknade \u0161tete protiv onih koji su takvo stanje uzrokovali i bili vinovnici neshvatljive kampanje\u201c, upozorio je Kotur, isti\u010du\u0107i da je nevjerovatno da neko u Crnoj Gori mo\u017ee da sumnja u legitimnost kompanije, koja javno posluje na najja\u010dim svjetskim berzama.<\/p>\n<p>Iz Cubus Luxa isti\u010du da je MANS namjerno izostavio finansijski izvje\u0161taj iz 2006, u kojoj su imali pozitivan rezultat.<\/p>\n<p>&#8220;Objavljeni rezultati isklju\u010divo imaju za cilj obmanjivanje javnosti i diskreditaciju kompanije&#8221;, kazao je Kotur i objasnio da je gubitak u 2005. iskazan zbog pokri\u0107a minusa iz prethodnih godina, te da su za Cubus Luxa 2007. i 2008. bile uspje\u0161ne.<\/p>\n<p>MANS je u ponedjeljak objavio finansijske izvje\u0161taje Cubus Luxa i poslao ih premijeru i predsjedniku Savjeta za privatizaciju Igoru Luk\u0161i\u0107u, predsjedniku Skup\u0161tine Ranku Krivokapi\u0107u i vrhovnoj dr\u017eavnoj tu\u017eiteljki Ranki \u010carapi\u0107.<\/p>\n<p>Direktor MANS-a za urbanizam Dejan Milovac je naveo da se iz objavljenih rezultata vidi da ta kompanija nije mogla dobiti tender za zakup Valdanosa, jer pokazuju da je od 2003. do pro\u0161le godine samo u 2008. poslovala pozitivno, \u0161to je diskvalifikuje. Iz MANS-a su naveli da je gubitak u 2003. bio 265.000 funti, 2004. skoro 200.000 vi\u0161e, 2005. blizu 500.000 funti, dok je od 2006. do 2007. godine ukupni gubitak bio oko 130.000 funti. Dodali su da posljednji polugodi\u0161nji poslovni izvje\u0161taj Cubus Luxa, ura\u0111en u septembru, pokazuje gubitke od 1,4 miliona funti.<\/p>\n<p>Milovac je komentar navoda Kotura najavio za danas.<\/p>\n<p>Grupa nevladinih organizacija i intelektualaca iz Ulcinja o\u010dekivala je da Kotur prezentuje brojke i doka\u017ee da njegova kompanija ispunjava uslove tendera i time olak\u0161a poziciju vicepremijera Vujice Lazovi\u0107a. Podsjetili su da ve\u0107 dvije godine tvrde da je Cubus Lux nereferentna kompanija za pocao u Valdanosu, jer ne ispunjava tra\u017eene uslove.<\/p>\n<p><strong>DAN<\/strong><\/p>\n<p><strong>VIDEO RTV ATLAS<br \/>\n<!--YouTube Error: bad URL entered--><\/strong><\/p>\n","protected":false},"excerpt":{"rendered":"<p>Rezultati poslovanja Cubus Luxa od 2004. do pro\u0161le godine, koje je objavio MANS, nijesu ta\u010dni, saop\u0161tio je \u0161ef razvojnog projekta britanske kompanije Milan Kotur. Napominje da je Cubus Luxa prvorangirani na tenderu za davanje u dugoro\u010dni zakup Valdanosa na Londonskoj i Frankfurtskoj berzi, zbog \u010dega bi svaki neta\u010dan podatak o poslovanju mogao imati negativan uticaj [&hellip;]<\/p>\n","protected":false},"author":1,"featured_media":0,"comment_status":"open","ping_status":"closed","sticky":false,"template":"","format":"standard","meta":{"spay_email":"","jetpack_publicize_message":"","jetpack_is_tweetstorm":false,"jetpack_publicize_feature_enabled":true},"categories":[8337],"tags":[10781,19,136,434],"jetpack_publicize_connections":[],"yoast_head":"<!-- This site is optimized with the Yoast SEO plugin v19.1 - https:\/\/yoast.com\/wordpress\/plugins\/seo\/ -->\n<title>Ako padnu akcije, tu\u017ei\u0107e MANS - Video - Lajme nga Ulqini<\/title>\n<meta name=\"description\" content=\"Rezultati poslovanja Cubus Luxa od 2004. do pro\u0161le godine, koje je objavio MANS, nijesu ta\u010dni, saop\u0161tio je \u0161ef razvojnog projekta britanske kompanije\" \/>\n<meta name=\"robots\" content=\"index, follow, max-snippet:-1, max-image-preview:large, max-video-preview:-1\" \/>\n<link rel=\"canonical\" href=\"https:\/\/www.visit-ulcinj.com\/blog\/2011\/02\/16\/ako-padnu-akcije-tuzice-mans-video\/\" \/>\n<meta property=\"og:locale\" content=\"en_US\" \/>\n<meta property=\"og:type\" content=\"article\" \/>\n<meta property=\"og:title\" content=\"Ako padnu akcije, tu\u017ei\u0107e MANS - Video - Lajme nga Ulqini\" \/>\n<meta property=\"og:description\" content=\"Rezultati poslovanja Cubus Luxa od 2004. do pro\u0161le godine, koje je objavio MANS, nijesu ta\u010dni, saop\u0161tio je \u0161ef razvojnog projekta britanske kompanije\" \/>\n<meta property=\"og:url\" content=\"https:\/\/www.visit-ulcinj.com\/blog\/2011\/02\/16\/ako-padnu-akcije-tuzice-mans-video\/\" \/>\n<meta property=\"og:site_name\" content=\"Lajme nga Ulqini\" \/>\n<meta property=\"article:published_time\" content=\"2011-02-16T18:19:20+00:00\" \/>\n<meta property=\"article:modified_time\" content=\"2011-02-16T18:23:01+00:00\" \/>\n<meta property=\"og:image\" content=\"http:\/\/www.visit-ulcinj.com\/blog\/wp-content\/uploads\/2011\/02\/Cubus-Lux-_-Valdanos_Ulcinj_Montenegro.jpg\" \/>\n<meta name=\"twitter:label1\" content=\"Written by\" \/>\n\t<meta name=\"twitter:data1\" content=\"ulqini\" \/>\n\t<meta name=\"twitter:label2\" content=\"Est. reading time\" \/>\n\t<meta name=\"twitter:data2\" content=\"2 minutes\" \/>\n<script type=\"application\/ld+json\" class=\"yoast-schema-graph\">{\"@context\":\"https:\/\/schema.org\",\"@graph\":[{\"@type\":\"WebSite\",\"@id\":\"https:\/\/www.visit-ulcinj.com\/blog\/#website\",\"url\":\"https:\/\/www.visit-ulcinj.com\/blog\/\",\"name\":\"Lajme nga Ulqini\",\"description\":\"Lajme,Vijesti,Ulqini,Ulqin,Crna Gora,Mali i Zi\",\"potentialAction\":[{\"@type\":\"SearchAction\",\"target\":{\"@type\":\"EntryPoint\",\"urlTemplate\":\"https:\/\/www.visit-ulcinj.com\/blog\/?s={search_term_string}\"},\"query-input\":\"required name=search_term_string\"}],\"inLanguage\":\"en-US\"},{\"@type\":\"ImageObject\",\"inLanguage\":\"en-US\",\"@id\":\"https:\/\/www.visit-ulcinj.com\/blog\/2011\/02\/16\/ako-padnu-akcije-tuzice-mans-video\/#primaryimage\",\"url\":\"https:\/\/www.visit-ulcinj.com\/blog\/wp-content\/uploads\/2011\/02\/Cubus-Lux-_-Valdanos_Ulcinj_Montenegro.jpg\",\"contentUrl\":\"https:\/\/www.visit-ulcinj.com\/blog\/wp-content\/uploads\/2011\/02\/Cubus-Lux-_-Valdanos_Ulcinj_Montenegro.jpg\",\"width\":\"427\",\"height\":\"626\"},{\"@type\":\"WebPage\",\"@id\":\"https:\/\/www.visit-ulcinj.com\/blog\/2011\/02\/16\/ako-padnu-akcije-tuzice-mans-video\/#webpage\",\"url\":\"https:\/\/www.visit-ulcinj.com\/blog\/2011\/02\/16\/ako-padnu-akcije-tuzice-mans-video\/\",\"name\":\"Ako padnu akcije, tu\u017ei\u0107e MANS - Video - Lajme nga Ulqini\",\"isPartOf\":{\"@id\":\"https:\/\/www.visit-ulcinj.com\/blog\/#website\"},\"primaryImageOfPage\":{\"@id\":\"https:\/\/www.visit-ulcinj.com\/blog\/2011\/02\/16\/ako-padnu-akcije-tuzice-mans-video\/#primaryimage\"},\"datePublished\":\"2011-02-16T18:19:20+00:00\",\"dateModified\":\"2011-02-16T18:23:01+00:00\",\"author\":{\"@id\":\"https:\/\/www.visit-ulcinj.com\/blog\/#\/schema\/person\/dcab619c614d3038751c63bc2aadc06d\"},\"description\":\"Rezultati poslovanja Cubus Luxa od 2004. do pro\u0161le godine, koje je objavio MANS, nijesu ta\u010dni, saop\u0161tio je \u0161ef razvojnog projekta britanske kompanije\",\"breadcrumb\":{\"@id\":\"https:\/\/www.visit-ulcinj.com\/blog\/2011\/02\/16\/ako-padnu-akcije-tuzice-mans-video\/#breadcrumb\"},\"inLanguage\":\"en-US\",\"potentialAction\":[{\"@type\":\"ReadAction\",\"target\":[\"https:\/\/www.visit-ulcinj.com\/blog\/2011\/02\/16\/ako-padnu-akcije-tuzice-mans-video\/\"]}]},{\"@type\":\"BreadcrumbList\",\"@id\":\"https:\/\/www.visit-ulcinj.com\/blog\/2011\/02\/16\/ako-padnu-akcije-tuzice-mans-video\/#breadcrumb\",\"itemListElement\":[{\"@type\":\"ListItem\",\"position\":1,\"name\":\"Ako padnu akcije, tu\u017ei\u0107e MANS &#8211; Video\"}]},{\"@type\":\"Person\",\"@id\":\"https:\/\/www.visit-ulcinj.com\/blog\/#\/schema\/person\/dcab619c614d3038751c63bc2aadc06d\",\"name\":\"ulqini\",\"sameAs\":[\"http:\/\/www.visit-ulcinj.com\"],\"url\":\"https:\/\/www.visit-ulcinj.com\/blog\/author\/admin\/\"}]}<\/script>\n<!-- \/ Yoast SEO plugin. -->","yoast_head_json":{"title":"Ako padnu akcije, tu\u017ei\u0107e MANS - Video - Lajme nga Ulqini","description":"Rezultati poslovanja Cubus Luxa od 2004. do pro\u0161le godine, koje je objavio MANS, nijesu ta\u010dni, saop\u0161tio je \u0161ef razvojnog projekta britanske kompanije","robots":{"index":"index","follow":"follow","max-snippet":"max-snippet:-1","max-image-preview":"max-image-preview:large","max-video-preview":"max-video-preview:-1"},"canonical":"https:\/\/www.visit-ulcinj.com\/blog\/2011\/02\/16\/ako-padnu-akcije-tuzice-mans-video\/","og_locale":"en_US","og_type":"article","og_title":"Ako padnu akcije, tu\u017ei\u0107e MANS - Video - Lajme nga Ulqini","og_description":"Rezultati poslovanja Cubus Luxa od 2004. do pro\u0161le godine, koje je objavio MANS, nijesu ta\u010dni, saop\u0161tio je \u0161ef razvojnog projekta britanske kompanije","og_url":"https:\/\/www.visit-ulcinj.com\/blog\/2011\/02\/16\/ako-padnu-akcije-tuzice-mans-video\/","og_site_name":"Lajme nga Ulqini","article_published_time":"2011-02-16T18:19:20+00:00","article_modified_time":"2011-02-16T18:23:01+00:00","og_image":[{"url":"http:\/\/www.visit-ulcinj.com\/blog\/wp-content\/uploads\/2011\/02\/Cubus-Lux-_-Valdanos_Ulcinj_Montenegro.jpg"}],"twitter_misc":{"Written by":"ulqini","Est. reading time":"2 minutes"},"schema":{"@context":"https:\/\/schema.org","@graph":[{"@type":"WebSite","@id":"https:\/\/www.visit-ulcinj.com\/blog\/#website","url":"https:\/\/www.visit-ulcinj.com\/blog\/","name":"Lajme nga Ulqini","description":"Lajme,Vijesti,Ulqini,Ulqin,Crna Gora,Mali i Zi","potentialAction":[{"@type":"SearchAction","target":{"@type":"EntryPoint","urlTemplate":"https:\/\/www.visit-ulcinj.com\/blog\/?s={search_term_string}"},"query-input":"required name=search_term_string"}],"inLanguage":"en-US"},{"@type":"ImageObject","inLanguage":"en-US","@id":"https:\/\/www.visit-ulcinj.com\/blog\/2011\/02\/16\/ako-padnu-akcije-tuzice-mans-video\/#primaryimage","url":"https:\/\/www.visit-ulcinj.com\/blog\/wp-content\/uploads\/2011\/02\/Cubus-Lux-_-Valdanos_Ulcinj_Montenegro.jpg","contentUrl":"https:\/\/www.visit-ulcinj.com\/blog\/wp-content\/uploads\/2011\/02\/Cubus-Lux-_-Valdanos_Ulcinj_Montenegro.jpg","width":"427","height":"626"},{"@type":"WebPage","@id":"https:\/\/www.visit-ulcinj.com\/blog\/2011\/02\/16\/ako-padnu-akcije-tuzice-mans-video\/#webpage","url":"https:\/\/www.visit-ulcinj.com\/blog\/2011\/02\/16\/ako-padnu-akcije-tuzice-mans-video\/","name":"Ako padnu akcije, tu\u017ei\u0107e MANS - Video - Lajme nga Ulqini","isPartOf":{"@id":"https:\/\/www.visit-ulcinj.com\/blog\/#website"},"primaryImageOfPage":{"@id":"https:\/\/www.visit-ulcinj.com\/blog\/2011\/02\/16\/ako-padnu-akcije-tuzice-mans-video\/#primaryimage"},"datePublished":"2011-02-16T18:19:20+00:00","dateModified":"2011-02-16T18:23:01+00:00","author":{"@id":"https:\/\/www.visit-ulcinj.com\/blog\/#\/schema\/person\/dcab619c614d3038751c63bc2aadc06d"},"description":"Rezultati poslovanja Cubus Luxa od 2004. do pro\u0161le godine, koje je objavio MANS, nijesu ta\u010dni, saop\u0161tio je \u0161ef razvojnog projekta britanske kompanije","breadcrumb":{"@id":"https:\/\/www.visit-ulcinj.com\/blog\/2011\/02\/16\/ako-padnu-akcije-tuzice-mans-video\/#breadcrumb"},"inLanguage":"en-US","potentialAction":[{"@type":"ReadAction","target":["https:\/\/www.visit-ulcinj.com\/blog\/2011\/02\/16\/ako-padnu-akcije-tuzice-mans-video\/"]}]},{"@type":"BreadcrumbList","@id":"https:\/\/www.visit-ulcinj.com\/blog\/2011\/02\/16\/ako-padnu-akcije-tuzice-mans-video\/#breadcrumb","itemListElement":[{"@type":"ListItem","position":1,"name":"Ako padnu akcije, tu\u017ei\u0107e MANS &#8211; Video"}]},{"@type":"Person","@id":"https:\/\/www.visit-ulcinj.com\/blog\/#\/schema\/person\/dcab619c614d3038751c63bc2aadc06d","name":"ulqini","sameAs":["http:\/\/www.visit-ulcinj.com"],"url":"https:\/\/www.visit-ulcinj.com\/blog\/author\/admin\/"}]}},"jetpack_featured_media_url":"","jetpack_sharing_enabled":true,"jetpack_shortlink":"https:\/\/wp.me\/pe6lTn-bj3","_links":{"self":[{"href":"https:\/\/www.visit-ulcinj.com\/blog\/wp-json\/wp\/v2\/posts\/43465"}],"collection":[{"href":"https:\/\/www.visit-ulcinj.com\/blog\/wp-json\/wp\/v2\/posts"}],"about":[{"href":"https:\/\/www.visit-ulcinj.com\/blog\/wp-json\/wp\/v2\/types\/post"}],"author":[{"embeddable":true,"href":"https:\/\/www.visit-ulcinj.com\/blog\/wp-json\/wp\/v2\/users\/1"}],"replies":[{"embeddable":true,"href":"https:\/\/www.visit-ulcinj.com\/blog\/wp-json\/wp\/v2\/comments?post=43465"}],"version-history":[{"count":0,"href":"https:\/\/www.visit-ulcinj.com\/blog\/wp-json\/wp\/v2\/posts\/43465\/revisions"}],"wp:attachment":[{"href":"https:\/\/www.visit-ulcinj.com\/blog\/wp-json\/wp\/v2\/media?parent=43465"}],"wp:term":[{"taxonomy":"category","embeddable":true,"href":"https:\/\/www.visit-ulcinj.com\/blog\/wp-json\/wp\/v2\/categories?post=43465"},{"taxonomy":"post_tag","embeddable":true,"href":"https:\/\/www.visit-ulcinj.com\/blog\/wp-json\/wp\/v2\/tags?post=43465"}],"curies":[{"name":"wp","href":"https:\/\/api.w.org\/{rel}","templated":true}]}}