{"id":43472,"date":"2011-02-16T19:50:42","date_gmt":"2011-02-16T18:50:42","guid":{"rendered":"http:\/\/www.visit-ulcinj.com\/blog\/?p=43472"},"modified":"2011-02-19T12:03:38","modified_gmt":"2011-02-19T11:03:38","slug":"leopold-mauer-ne-vizite-zyrtare-ne-seline-e-forces","status":"publish","type":"post","link":"https:\/\/www.visit-ulcinj.com\/blog\/2011\/02\/16\/leopold-mauer-ne-vizite-zyrtare-ne-seline-e-forces\/","title":{"rendered":"Leopold Mauer ne vizite zyrtare ne seline e Forces"},"content":{"rendered":"<p><a href=\"http:\/\/www.visit-ulcinj.com\/blog\/wp-content\/uploads\/2011\/02\/Leopold-Mauer-ne-vizite-zyrtare-ne-seline-e-Forces_.jpg\"><img loading=\"lazy\" class=\"alignleft size-large wp-image-43473\" title=\"Leopold Mauer ne vizite zyrtare ne seline e Forces_\" src=\"http:\/\/www.visit-ulcinj.com\/blog\/wp-content\/uploads\/2011\/02\/Leopold-Mauer-ne-vizite-zyrtare-ne-seline-e-Forces_-1024x768.jpg\" alt=\"\" width=\"508\" height=\"380\" srcset=\"https:\/\/www.visit-ulcinj.com\/blog\/wp-content\/uploads\/2011\/02\/Leopold-Mauer-ne-vizite-zyrtare-ne-seline-e-Forces_-1024x768.jpg 1024w, https:\/\/www.visit-ulcinj.com\/blog\/wp-content\/uploads\/2011\/02\/Leopold-Mauer-ne-vizite-zyrtare-ne-seline-e-Forces_-300x224.jpg 300w, https:\/\/www.visit-ulcinj.com\/blog\/wp-content\/uploads\/2011\/02\/Leopold-Mauer-ne-vizite-zyrtare-ne-seline-e-Forces_.jpg 1040w\" sizes=\"(max-width: 508px) 100vw, 508px\" \/><\/a>Sot me dat\u00eb 16.02.2010 shefi i delegacionit t\u00eb Komisionit Evropian Z. Leopold Mauer ishte n\u00eb vizit\u00eb zyrtare n\u00eb selin\u00eb e Forc\u00ebs se re demokratike.<\/p>\n<p>Ne takim me shefin e delgacionit te Komisionit Evropian dhe bashk\u00ebpunoter\u00ebt e tij morr\u00ebn pjes\u00eb kryetari i partis\u00eb Z. Nazif Cungu dhe dy n\u00ebnkryetar\u00ebt.<\/p>\n<p>Q\u00ebllimi i k\u00ebtij takimit ishte infromimi me gjendjen aktuale dhe mendimi i opozit\u00ebs lidhur me p\u00ebrmbushjen e 7 pikave t\u00eb Komisionit Europian dh\u00ebn\u00eb Malit te Zi si kushte te domosdoshme p\u00ebr fillimin e negociatave.<\/p>\n<p>P\u00ebrfaq\u00ebsuesit e Forc\u00ebs e njoftuan shefin e delegacionit t\u00eb Komisionin Evropian p\u00ebr situat\u00ebn aktuale ne vend.<\/p>\n<p>Si tem\u00eb e posa\u00e7me e takimit ishte \u00e7\u00ebshtja e turizmit, \u00e7\u00ebshtja e ligjit zgjedhor, kthimi i pron\u00ebs &#8211; Valdanosi, p\u00ebr rastin e Plazhit te madh, pastaj \u00e7\u00ebshtjet q\u00eb kan\u00eb t\u00eb b\u00ebjn\u00eb me mbrojtjen e drejtave t\u00eb popujve pakic\u00eb, p\u00ebrfshirjen e pakicave n\u00eb institucionet shtet\u00ebrore, projektet m\u00eb r\u00ebnd\u00ebsi politike, ekonomike dhe kulturore, dhe shum\u00eb \u00e7\u00ebshtje te tjera jetike p\u00ebr qytetaret e Komun\u00ebs s\u00eb Ulqinit por edhe p\u00ebr shqiptar\u00ebt n\u00eb Mal t\u00eb Zi n\u00eb pergjithesi.<\/p>\n<p>P\u00ebrfaqesuesit e Forc\u00ebs treguan gadishm\u00ebri p\u00ebr bashk\u00ebpunim t\u00eb mir\u00ebfillt me institucionet evropiane, n\u00eb t\u00eb gjitha aspektet q\u00eb do t\u00eb \u00e7ojn\u00eb n\u00eb p\u00ebrmir\u00ebsimin e situates n\u00eb vend, daljen sa m\u00eb t\u00eb shpejt\u00eb nga kriza qe ka kapluar Ulqinin nga mosfunksionimi i rregullt i institucioneve vendore.<\/p>\n<p>N\u00eb fund t\u00eb takimit u theksua q\u00eb n\u00eb Mal t\u00eb Zi egziston nj\u00eb vullnet i lart\u00eb politik p\u00ebr procesin e integrimeve evropiane dhe q\u00eb \u00ebsht\u00eb arritur nj\u00eb p\u00ebrmir\u00ebsim p\u00ebr ti plotesuar kushtet dhe k\u00ebrkesat e UE-s\u00eb por q\u00eb duhet t\u00eb punohet edhe m\u00eb shum\u00eb n\u00eb implementimin e ligjeve.<\/p>\n<p><strong>Sh\u00ebrbimi informativ i Forc\u00ebs<\/strong><\/p>\n","protected":false},"excerpt":{"rendered":"<p>Sot me dat\u00eb 16.02.2010 shefi i delegacionit t\u00eb Komisionit Evropian Z. Leopold Mauer ishte n\u00eb vizit\u00eb zyrtare n\u00eb selin\u00eb e Forc\u00ebs se re demokratike. Ne takim me shefin e delgacionit te Komisionit Evropian dhe bashk\u00ebpunoter\u00ebt e tij morr\u00ebn pjes\u00eb kryetari i partis\u00eb Z. Nazif Cungu dhe dy n\u00ebnkryetar\u00ebt. Q\u00ebllimi i k\u00ebtij takimit ishte infromimi me [&hellip;]<\/p>\n","protected":false},"author":1,"featured_media":0,"comment_status":"open","ping_status":"closed","sticky":false,"template":"","format":"standard","meta":{"spay_email":"","jetpack_publicize_message":"","jetpack_is_tweetstorm":false,"jetpack_publicize_feature_enabled":true},"categories":[13],"tags":[874,672,1073,17352,824,1797],"jetpack_publicize_connections":[],"yoast_head":"<!-- This site is optimized with the Yoast SEO plugin v19.1 - https:\/\/yoast.com\/wordpress\/plugins\/seo\/ -->\n<title>Leopold Mauer ne vizite zyrtare ne seline e Forces - Lajme nga Ulqini<\/title>\n<meta name=\"description\" content=\"Sot me dat\u00eb 16.02.2010 shefi i delegacionit t\u00eb Komisionit Evropian Z. Leopold Mauer ishte n\u00eb vizit\u00eb zyrtare n\u00eb selin\u00eb e Forc\u00ebs se re demokratike. Ne takim\" \/>\n<meta name=\"robots\" content=\"index, follow, max-snippet:-1, max-image-preview:large, max-video-preview:-1\" \/>\n<link rel=\"canonical\" href=\"https:\/\/www.visit-ulcinj.com\/blog\/2011\/02\/16\/leopold-mauer-ne-vizite-zyrtare-ne-seline-e-forces\/\" \/>\n<meta property=\"og:locale\" content=\"en_US\" \/>\n<meta property=\"og:type\" content=\"article\" \/>\n<meta property=\"og:title\" content=\"Leopold Mauer ne vizite zyrtare ne seline e Forces - Lajme nga Ulqini\" \/>\n<meta property=\"og:description\" content=\"Sot me dat\u00eb 16.02.2010 shefi i delegacionit t\u00eb Komisionit Evropian Z. Leopold Mauer ishte n\u00eb vizit\u00eb zyrtare n\u00eb selin\u00eb e Forc\u00ebs se re demokratike. Ne takim\" \/>\n<meta property=\"og:url\" content=\"https:\/\/www.visit-ulcinj.com\/blog\/2011\/02\/16\/leopold-mauer-ne-vizite-zyrtare-ne-seline-e-forces\/\" \/>\n<meta property=\"og:site_name\" content=\"Lajme nga Ulqini\" \/>\n<meta property=\"article:published_time\" content=\"2011-02-16T18:50:42+00:00\" \/>\n<meta property=\"article:modified_time\" content=\"2011-02-19T11:03:38+00:00\" \/>\n<meta property=\"og:image\" content=\"http:\/\/www.visit-ulcinj.com\/blog\/wp-content\/uploads\/2011\/02\/Leopold-Mauer-ne-vizite-zyrtare-ne-seline-e-Forces_-1024x768.jpg\" \/>\n<meta name=\"twitter:label1\" content=\"Written by\" \/>\n\t<meta name=\"twitter:data1\" content=\"ulqini\" \/>\n\t<meta name=\"twitter:label2\" content=\"Est. reading time\" \/>\n\t<meta name=\"twitter:data2\" content=\"2 minutes\" \/>\n<script type=\"application\/ld+json\" class=\"yoast-schema-graph\">{\"@context\":\"https:\/\/schema.org\",\"@graph\":[{\"@type\":\"WebSite\",\"@id\":\"https:\/\/www.visit-ulcinj.com\/blog\/#website\",\"url\":\"https:\/\/www.visit-ulcinj.com\/blog\/\",\"name\":\"Lajme nga Ulqini\",\"description\":\"Lajme,Vijesti,Ulqini,Ulqin,Crna Gora,Mali i Zi\",\"potentialAction\":[{\"@type\":\"SearchAction\",\"target\":{\"@type\":\"EntryPoint\",\"urlTemplate\":\"https:\/\/www.visit-ulcinj.com\/blog\/?s={search_term_string}\"},\"query-input\":\"required name=search_term_string\"}],\"inLanguage\":\"en-US\"},{\"@type\":\"ImageObject\",\"inLanguage\":\"en-US\",\"@id\":\"https:\/\/www.visit-ulcinj.com\/blog\/2011\/02\/16\/leopold-mauer-ne-vizite-zyrtare-ne-seline-e-forces\/#primaryimage\",\"url\":\"https:\/\/www.visit-ulcinj.com\/blog\/wp-content\/uploads\/2011\/02\/Leopold-Mauer-ne-vizite-zyrtare-ne-seline-e-Forces_.jpg\",\"contentUrl\":\"https:\/\/www.visit-ulcinj.com\/blog\/wp-content\/uploads\/2011\/02\/Leopold-Mauer-ne-vizite-zyrtare-ne-seline-e-Forces_.jpg\",\"width\":\"1040\",\"height\":\"780\"},{\"@type\":\"WebPage\",\"@id\":\"https:\/\/www.visit-ulcinj.com\/blog\/2011\/02\/16\/leopold-mauer-ne-vizite-zyrtare-ne-seline-e-forces\/#webpage\",\"url\":\"https:\/\/www.visit-ulcinj.com\/blog\/2011\/02\/16\/leopold-mauer-ne-vizite-zyrtare-ne-seline-e-forces\/\",\"name\":\"Leopold Mauer ne vizite zyrtare ne seline e Forces - Lajme nga Ulqini\",\"isPartOf\":{\"@id\":\"https:\/\/www.visit-ulcinj.com\/blog\/#website\"},\"primaryImageOfPage\":{\"@id\":\"https:\/\/www.visit-ulcinj.com\/blog\/2011\/02\/16\/leopold-mauer-ne-vizite-zyrtare-ne-seline-e-forces\/#primaryimage\"},\"datePublished\":\"2011-02-16T18:50:42+00:00\",\"dateModified\":\"2011-02-19T11:03:38+00:00\",\"author\":{\"@id\":\"https:\/\/www.visit-ulcinj.com\/blog\/#\/schema\/person\/dcab619c614d3038751c63bc2aadc06d\"},\"description\":\"Sot me dat\u00eb 16.02.2010 shefi i delegacionit t\u00eb Komisionit Evropian Z. Leopold Mauer ishte n\u00eb vizit\u00eb zyrtare n\u00eb selin\u00eb e Forc\u00ebs se re demokratike. Ne takim\",\"breadcrumb\":{\"@id\":\"https:\/\/www.visit-ulcinj.com\/blog\/2011\/02\/16\/leopold-mauer-ne-vizite-zyrtare-ne-seline-e-forces\/#breadcrumb\"},\"inLanguage\":\"en-US\",\"potentialAction\":[{\"@type\":\"ReadAction\",\"target\":[\"https:\/\/www.visit-ulcinj.com\/blog\/2011\/02\/16\/leopold-mauer-ne-vizite-zyrtare-ne-seline-e-forces\/\"]}]},{\"@type\":\"BreadcrumbList\",\"@id\":\"https:\/\/www.visit-ulcinj.com\/blog\/2011\/02\/16\/leopold-mauer-ne-vizite-zyrtare-ne-seline-e-forces\/#breadcrumb\",\"itemListElement\":[{\"@type\":\"ListItem\",\"position\":1,\"name\":\"Leopold Mauer ne vizite zyrtare ne seline e Forces\"}]},{\"@type\":\"Person\",\"@id\":\"https:\/\/www.visit-ulcinj.com\/blog\/#\/schema\/person\/dcab619c614d3038751c63bc2aadc06d\",\"name\":\"ulqini\",\"sameAs\":[\"http:\/\/www.visit-ulcinj.com\"],\"url\":\"https:\/\/www.visit-ulcinj.com\/blog\/author\/admin\/\"}]}<\/script>\n<!-- \/ Yoast SEO plugin. -->","yoast_head_json":{"title":"Leopold Mauer ne vizite zyrtare ne seline e Forces - Lajme nga Ulqini","description":"Sot me dat\u00eb 16.02.2010 shefi i delegacionit t\u00eb Komisionit Evropian Z. Leopold Mauer ishte n\u00eb vizit\u00eb zyrtare n\u00eb selin\u00eb e Forc\u00ebs se re demokratike. Ne takim","robots":{"index":"index","follow":"follow","max-snippet":"max-snippet:-1","max-image-preview":"max-image-preview:large","max-video-preview":"max-video-preview:-1"},"canonical":"https:\/\/www.visit-ulcinj.com\/blog\/2011\/02\/16\/leopold-mauer-ne-vizite-zyrtare-ne-seline-e-forces\/","og_locale":"en_US","og_type":"article","og_title":"Leopold Mauer ne vizite zyrtare ne seline e Forces - Lajme nga Ulqini","og_description":"Sot me dat\u00eb 16.02.2010 shefi i delegacionit t\u00eb Komisionit Evropian Z. Leopold Mauer ishte n\u00eb vizit\u00eb zyrtare n\u00eb selin\u00eb e Forc\u00ebs se re demokratike. Ne takim","og_url":"https:\/\/www.visit-ulcinj.com\/blog\/2011\/02\/16\/leopold-mauer-ne-vizite-zyrtare-ne-seline-e-forces\/","og_site_name":"Lajme nga Ulqini","article_published_time":"2011-02-16T18:50:42+00:00","article_modified_time":"2011-02-19T11:03:38+00:00","og_image":[{"url":"http:\/\/www.visit-ulcinj.com\/blog\/wp-content\/uploads\/2011\/02\/Leopold-Mauer-ne-vizite-zyrtare-ne-seline-e-Forces_-1024x768.jpg"}],"twitter_misc":{"Written by":"ulqini","Est. reading time":"2 minutes"},"schema":{"@context":"https:\/\/schema.org","@graph":[{"@type":"WebSite","@id":"https:\/\/www.visit-ulcinj.com\/blog\/#website","url":"https:\/\/www.visit-ulcinj.com\/blog\/","name":"Lajme nga Ulqini","description":"Lajme,Vijesti,Ulqini,Ulqin,Crna Gora,Mali i Zi","potentialAction":[{"@type":"SearchAction","target":{"@type":"EntryPoint","urlTemplate":"https:\/\/www.visit-ulcinj.com\/blog\/?s={search_term_string}"},"query-input":"required name=search_term_string"}],"inLanguage":"en-US"},{"@type":"ImageObject","inLanguage":"en-US","@id":"https:\/\/www.visit-ulcinj.com\/blog\/2011\/02\/16\/leopold-mauer-ne-vizite-zyrtare-ne-seline-e-forces\/#primaryimage","url":"https:\/\/www.visit-ulcinj.com\/blog\/wp-content\/uploads\/2011\/02\/Leopold-Mauer-ne-vizite-zyrtare-ne-seline-e-Forces_.jpg","contentUrl":"https:\/\/www.visit-ulcinj.com\/blog\/wp-content\/uploads\/2011\/02\/Leopold-Mauer-ne-vizite-zyrtare-ne-seline-e-Forces_.jpg","width":"1040","height":"780"},{"@type":"WebPage","@id":"https:\/\/www.visit-ulcinj.com\/blog\/2011\/02\/16\/leopold-mauer-ne-vizite-zyrtare-ne-seline-e-forces\/#webpage","url":"https:\/\/www.visit-ulcinj.com\/blog\/2011\/02\/16\/leopold-mauer-ne-vizite-zyrtare-ne-seline-e-forces\/","name":"Leopold Mauer ne vizite zyrtare ne seline e Forces - Lajme nga Ulqini","isPartOf":{"@id":"https:\/\/www.visit-ulcinj.com\/blog\/#website"},"primaryImageOfPage":{"@id":"https:\/\/www.visit-ulcinj.com\/blog\/2011\/02\/16\/leopold-mauer-ne-vizite-zyrtare-ne-seline-e-forces\/#primaryimage"},"datePublished":"2011-02-16T18:50:42+00:00","dateModified":"2011-02-19T11:03:38+00:00","author":{"@id":"https:\/\/www.visit-ulcinj.com\/blog\/#\/schema\/person\/dcab619c614d3038751c63bc2aadc06d"},"description":"Sot me dat\u00eb 16.02.2010 shefi i delegacionit t\u00eb Komisionit Evropian Z. Leopold Mauer ishte n\u00eb vizit\u00eb zyrtare n\u00eb selin\u00eb e Forc\u00ebs se re demokratike. Ne takim","breadcrumb":{"@id":"https:\/\/www.visit-ulcinj.com\/blog\/2011\/02\/16\/leopold-mauer-ne-vizite-zyrtare-ne-seline-e-forces\/#breadcrumb"},"inLanguage":"en-US","potentialAction":[{"@type":"ReadAction","target":["https:\/\/www.visit-ulcinj.com\/blog\/2011\/02\/16\/leopold-mauer-ne-vizite-zyrtare-ne-seline-e-forces\/"]}]},{"@type":"BreadcrumbList","@id":"https:\/\/www.visit-ulcinj.com\/blog\/2011\/02\/16\/leopold-mauer-ne-vizite-zyrtare-ne-seline-e-forces\/#breadcrumb","itemListElement":[{"@type":"ListItem","position":1,"name":"Leopold Mauer ne vizite zyrtare ne seline e Forces"}]},{"@type":"Person","@id":"https:\/\/www.visit-ulcinj.com\/blog\/#\/schema\/person\/dcab619c614d3038751c63bc2aadc06d","name":"ulqini","sameAs":["http:\/\/www.visit-ulcinj.com"],"url":"https:\/\/www.visit-ulcinj.com\/blog\/author\/admin\/"}]}},"jetpack_featured_media_url":"","jetpack_sharing_enabled":true,"jetpack_shortlink":"https:\/\/wp.me\/pe6lTn-bja","_links":{"self":[{"href":"https:\/\/www.visit-ulcinj.com\/blog\/wp-json\/wp\/v2\/posts\/43472"}],"collection":[{"href":"https:\/\/www.visit-ulcinj.com\/blog\/wp-json\/wp\/v2\/posts"}],"about":[{"href":"https:\/\/www.visit-ulcinj.com\/blog\/wp-json\/wp\/v2\/types\/post"}],"author":[{"embeddable":true,"href":"https:\/\/www.visit-ulcinj.com\/blog\/wp-json\/wp\/v2\/users\/1"}],"replies":[{"embeddable":true,"href":"https:\/\/www.visit-ulcinj.com\/blog\/wp-json\/wp\/v2\/comments?post=43472"}],"version-history":[{"count":0,"href":"https:\/\/www.visit-ulcinj.com\/blog\/wp-json\/wp\/v2\/posts\/43472\/revisions"}],"wp:attachment":[{"href":"https:\/\/www.visit-ulcinj.com\/blog\/wp-json\/wp\/v2\/media?parent=43472"}],"wp:term":[{"taxonomy":"category","embeddable":true,"href":"https:\/\/www.visit-ulcinj.com\/blog\/wp-json\/wp\/v2\/categories?post=43472"},{"taxonomy":"post_tag","embeddable":true,"href":"https:\/\/www.visit-ulcinj.com\/blog\/wp-json\/wp\/v2\/tags?post=43472"}],"curies":[{"name":"wp","href":"https:\/\/api.w.org\/{rel}","templated":true}]}}