{"id":43478,"date":"2011-02-16T20:05:42","date_gmt":"2011-02-16T19:05:42","guid":{"rendered":"http:\/\/www.visit-ulcinj.com\/blog\/?p=43478"},"modified":"2011-02-19T12:07:58","modified_gmt":"2011-02-19T11:07:58","slug":"genci-nimanbegu-leter-e-hapur-kryetarit-te-komisionit-te-tenderit-per-valdanos","status":"publish","type":"post","link":"https:\/\/www.visit-ulcinj.com\/blog\/2011\/02\/16\/genci-nimanbegu-leter-e-hapur-kryetarit-te-komisionit-te-tenderit-per-valdanos\/","title":{"rendered":"Genci Nimanbegu: Let\u00ebr e hapur Kryetarit t\u00eb komisionit t\u00eb tenderit p\u00ebr Valdanos"},"content":{"rendered":"<p><a href=\"http:\/\/www.visit-ulcinj.com\/blog\/wp-content\/uploads\/2011\/02\/Genci-Nimanbego_Forca-Ulqin.jpg\"><img loading=\"lazy\" class=\"alignleft size-full wp-image-43479\" title=\"Genci Nimanbego_Forca Ulqin\" src=\"http:\/\/www.visit-ulcinj.com\/blog\/wp-content\/uploads\/2011\/02\/Genci-Nimanbego_Forca-Ulqin.jpg\" alt=\"\" width=\"370\" height=\"525\" \/><\/a>Let\u00ebr e hapur Kryetarit t\u00eb komisionit t\u00eb tenderit p\u00ebr Valdanos, n\u00ebnkryetarit t\u00eb Qeveris\u00eb s\u00eb Malit t\u00eb Zi dhe Ministrit p\u00ebr shoq\u00ebrin\u00eb informatiike, ish-Kryetarit t\u00eb K\u00ebshillit p\u00ebr privatizim, n\u00ebnkryetarit te SDP-s\u00eb<\/p>\n<p>I nderuari zot\u00ebri Lazoviq,<\/p>\n<p>S\u00eb pari ktheni Valdanosin pronar\u00ebve legjitim e pastaj jepni dor\u00ebheqje<\/p>\n<p>Shpreh pak\u00ebnaq\u00ebsi ne lidhje me shkres\u00ebn tuaj me t\u00eb cil\u00ebn m\u00eb njoftoni q\u00eb kontrata p\u00ebr dh\u00ebnien me qira t\u00eb Valdanosit \u00ebsht\u00eb n\u00eb web faqen e K\u00ebshillit p\u00ebr privatizim. Kjo ishte pergjegja e juaj n\u00eb k\u00ebrkes\u00ebn time derguar me 1.02.2011, konform nenit 50 te rregullores s\u00eb Parlamentit t\u00eb Malit te Zi, q\u00eb t\u00eb m\u00eb siguroni propozimin e kontrat\u00ebs t\u00eb dh\u00ebnies me q\u00ebra t\u00eb gjirit t\u00eb Valdanosit.<\/p>\n<p>K\u00ebshtu keni shkelur dispozit\u00ebm e rregullores s\u00eb Parlamentit dhe keni treguar mosrrespekt edhe ndaj institucionit te Parlamentit t\u00eb Malit te Zi, institucion ku un\u00eb jam zgjedhur n\u00eb votimet legjitime nga ana e qytetar\u00ebve t\u00eb perfaq\u00ebsoi interesat e tyre, me at\u00eb q\u00eb nuk mi keni dor\u00ebzuar dokumentat e k\u00ebrkuara.<\/p>\n<p>Mir\u00eb \u00ebsht\u00eb q\u00eb si\u00e7 theksuat q\u00eb dokumenti n\u00eb fjal\u00eb e keni publikuar me k\u00ebrkes\u00ebn e OJQ-s\u00eb MANS , edhe pse m\u00eb heret e keni patur k\u00ebrkes\u00ebn time, poashtu edhe kerkesat e shumta t\u00eb qytetar\u00ebve t\u00eb Ulqinit p\u00ebr dh\u00ebnien e k\u00ebsaj informate, se vet\u00ebm me pun\u00eb publike dhe transparenc\u00eb shoq\u00ebria mundet m\u00eb n\u00eb fund t\u00eb v\u00ebrtetohet q\u00eb ajo \u00e7ka ju planifikoni me gjirin e Valdanosit \u00ebsht\u00eb e d\u00ebmshme dhe e kund\u00ebrt me interesat e ish pronar\u00ebve, qytetareve t\u00eb Komun\u00ebs s\u00eb Ulqinit dhe t\u00eb Malit te Zi.<\/p>\n<p>P\u00ebr Cubus Luxin, dhe p\u00ebr ate q\u00eb e diskualifikon nga procedura e tenderit ju kam inrformuar publikisht, me institutin e pyetjeve t\u00eb deputet\u00ebve me 21 dhejtor\u00eb 2009. At\u00ebher\u00ebt t\u00eb gjith\u00eb klubeve parlamentare i]jan dh\u00ebn\u00eb raportet finansiare t\u00eb Cubus Luxit t\u00eb cilat tregojn\u00eb q\u00eb kjo firme \u00ebsht\u00eb n\u00eb borxhe, pa asnje pron\u00eb, ku borxhet tejkalojn\u00eb pron\u00ebn p\u00ebr 9 milion pounda. E cila nuk ka ka patur sukses\u00eb as n\u00eb Kroaci dhe n\u00eb vende tjera. Prandaj jam i sigurt\u00eb q\u00eb edhe ju e dini q\u00eb nuk jeni n\u00eb rrug\u00eb t\u00eb drejte dhe q\u00eb Cubus Lux eshte vet\u00ebm nj\u00eb mask p\u00ebr kush e di cil\u00ebt dhe \u00e7far\u00eb investitor\u00ebsh.<\/p>\n<p>E ne n\u00eb Ulqin investitor\u00eb t\u00eb till\u00eb kemi patur edhe tep\u00ebr: dhe Otranti, edhe Galebi, dhe Albatrosi, Solana dhe asnj\u00ebri investitor nuk i ka p\u00ebrmbushur pritjet e bashk\u00ebsis\u00eb ton\u00eb.<\/p>\n<p>P\u00ebr k\u00ebt\u00eb anuloni tenderin e Valdanosit dhe filloni t\u00eb merreni me revizion t\u00eb kontratave t\u00eb deritanishme t\u00eb privatizimit dhe efektet t\u00eb d\u00ebmshme t\u00eb privatizimit.<\/p>\n<p>Ju perkujtoj\u00eb q\u00eb problemi i Valdanosit nuk \u00ebsht\u00eb dhe nuk mund t\u00eb jet\u00eb vet\u00ebm n\u00eb kredibilitetin e investitorit potencial. Problemi q\u00ebndron n\u00eb at\u00eb se ajo pron\u00eb \u00ebsht\u00eb marr\u00eb n\u00eb m\u00ebnyre t\u00eb paligjshme dhe nuk \u00ebsht\u00eb shfrytzuar p\u00ebr ate. K\u00ebt\u00eb ju v\u00ebrtetojn\u00eb edhe dy vendime t\u00eb gjykat\u00ebs s\u00eb larte dhe asaj administrative t\u00eb Malit te Zi nga viti i kaluar.<\/p>\n<p>Ajo pron\u00eb duhet tu kthehet pronar\u00ebve legjitim, qindra familjeve, t\u00eb gjitha nacionaliteteve dhe p\u00ebrkatsive fetare, bashk\u00ebsive fetare dhe Komun\u00ebs s\u00eb Ulqinit. P\u00ebr k\u00ebt\u00eb askush relevant nga Ulqini nuk e p\u00ebrkrah\u00eb dh\u00ebnien me q\u00ebra t\u00eb Valdanosit. Do te ishte mir\u00eb q\u00eb t\u00eb na tregoni publikisht q\u00eb kush n\u00eb Komun\u00ebn e Ulqinit \u00ebsht\u00eb p\u00ebr dh\u00ebnien me q\u00ebra t\u00eb Valdanosit, kush \u00ebsht\u00eb p\u00ebr at\u00eb q\u00eb t\u00eb vazhdohet padrejt\u00ebsia ndaj qytatar\u00ebve t\u00eb Ulqinit.<\/p>\n<p>Ju. zot\u00ebri Lazoviq, n\u00eb Ulqin jeni i indentifikuar si personi i cili q\u00ebndroni mbas q\u00ebllimit q\u00eb t\u00eb mos k\u00ebthehet prona e Valdanosit pronar\u00ebve dh eti jepet kompanive t\u00eb pakualifikuara. Me k\u00ebt\u00eb punoni kund\u00ebr interesave t\u00eb komuniteti lokal dhe kjo \u00ebsht\u00eb arsye e mjaftueshme q\u00eb ju t\u00eb jepni dor\u00ebheqje.<\/p>\n<p>Do ta p\u00ebrfundoi me mesazhin te cilin ju kam d\u00ebrguar edhe m\u00eb par\u00eb: P\u00ebr ulqinak\u00ebt Valdanosi nuk \u00ebsht\u00eb vet\u00ebm hap\u00ebsire, lokalitet, p\u00ebrmendore e natyr\u00ebs dhe ullinj\u00ebve. Aj \u00ebsht\u00eb me shum\u00eb se aq, ai \u00ebsht\u00eb nj\u00eb vend mitik, pjese e tradit\u00ebs s\u00eb tyre dhe mbrojtje e t\u00eb drejtave n\u00eb t\u00eb ardhmen. P\u00ebr k\u00ebt\u00eb rezistenca \u00ebsht\u00eb kaq e madhe. Ta keni k\u00ebt\u00eb n\u00eb mendje kur t\u00eb merrni \u00e7fare do lloj\u00eb vendimi n\u00eb lidhje me Valdanosin.<\/p>\n<p>Ky s \u00ebsht\u00eb vet\u00ebm nje grup i qytetareve, e as ndonj\u00eb parti politike, e as OJQ. P\u00ebr kthimin e Valdanosit \u00ebsht\u00eb i t\u00ebr\u00eb Ulqini. Nd\u00ebrsa n\u00ebnshkrimi i peticionit p\u00ebr Vladanosin tregon qarte q\u00eb n\u00eb kemi p\u00ebrkrahje n\u00eb shoq\u00ebrin\u00eb civile dhe p\u00ebrkrahjen e intelektual\u00ebve n\u00eb mbar\u00eb Malin e Zi.<\/p>\n<p><strong>Sh\u00ebrbimi informativ i Forc\u00ebs<br \/>\n<\/strong><br \/>\n<strong>VIDEO RTV ATLAS<br \/>\n<!--YouTube Error: bad URL entered--><\/strong><\/p>\n","protected":false},"excerpt":{"rendered":"<p>Let\u00ebr e hapur Kryetarit t\u00eb komisionit t\u00eb tenderit p\u00ebr Valdanos, n\u00ebnkryetarit t\u00eb Qeveris\u00eb s\u00eb Malit t\u00eb Zi dhe Ministrit p\u00ebr shoq\u00ebrin\u00eb informatiike, ish-Kryetarit t\u00eb K\u00ebshillit p\u00ebr privatizim, n\u00ebnkryetarit te SDP-s\u00eb I nderuari zot\u00ebri Lazoviq, S\u00eb pari ktheni Valdanosin pronar\u00ebve legjitim e pastaj jepni dor\u00ebheqje Shpreh pak\u00ebnaq\u00ebsi ne lidhje me shkres\u00ebn tuaj me t\u00eb cil\u00ebn m\u00eb [&hellip;]<\/p>\n","protected":false},"author":1,"featured_media":0,"comment_status":"open","ping_status":"closed","sticky":false,"template":"","format":"standard","meta":{"spay_email":"","jetpack_publicize_message":"","jetpack_is_tweetstorm":false,"jetpack_publicize_feature_enabled":true},"categories":[6],"tags":[874,672,1073,111,200,18],"jetpack_publicize_connections":[],"yoast_head":"<!-- This site is optimized with the Yoast SEO plugin v19.1 - https:\/\/yoast.com\/wordpress\/plugins\/seo\/ -->\n<title>Genci Nimanbegu: Let\u00ebr e hapur Kryetarit t\u00eb komisionit t\u00eb tenderit p\u00ebr Valdanos - Lajme nga Ulqini<\/title>\n<meta name=\"description\" content=\"Let\u00ebr e hapur Kryetarit t\u00eb komisionit t\u00eb tenderit p\u00ebr Valdanos, n\u00ebnkryetarit t\u00eb Qeveris\u00eb s\u00eb Malit t\u00eb Zi dhe Ministrit p\u00ebr shoq\u00ebrin\u00eb informatiike,\" \/>\n<meta name=\"robots\" content=\"index, follow, max-snippet:-1, max-image-preview:large, max-video-preview:-1\" \/>\n<link rel=\"canonical\" href=\"https:\/\/www.visit-ulcinj.com\/blog\/2011\/02\/16\/genci-nimanbegu-leter-e-hapur-kryetarit-te-komisionit-te-tenderit-per-valdanos\/\" \/>\n<meta property=\"og:locale\" content=\"en_US\" \/>\n<meta property=\"og:type\" content=\"article\" \/>\n<meta property=\"og:title\" content=\"Genci Nimanbegu: Let\u00ebr e hapur Kryetarit t\u00eb komisionit t\u00eb tenderit p\u00ebr Valdanos - Lajme nga Ulqini\" \/>\n<meta property=\"og:description\" content=\"Let\u00ebr e hapur Kryetarit t\u00eb komisionit t\u00eb tenderit p\u00ebr Valdanos, n\u00ebnkryetarit t\u00eb Qeveris\u00eb s\u00eb Malit t\u00eb Zi dhe Ministrit p\u00ebr shoq\u00ebrin\u00eb informatiike,\" \/>\n<meta property=\"og:url\" content=\"https:\/\/www.visit-ulcinj.com\/blog\/2011\/02\/16\/genci-nimanbegu-leter-e-hapur-kryetarit-te-komisionit-te-tenderit-per-valdanos\/\" \/>\n<meta property=\"og:site_name\" content=\"Lajme nga Ulqini\" \/>\n<meta property=\"article:published_time\" content=\"2011-02-16T19:05:42+00:00\" \/>\n<meta property=\"article:modified_time\" content=\"2011-02-19T11:07:58+00:00\" \/>\n<meta property=\"og:image\" content=\"http:\/\/www.visit-ulcinj.com\/blog\/wp-content\/uploads\/2011\/02\/Genci-Nimanbego_Forca-Ulqin.jpg\" \/>\n<meta name=\"twitter:label1\" content=\"Written by\" \/>\n\t<meta name=\"twitter:data1\" content=\"ulqini\" \/>\n\t<meta name=\"twitter:label2\" content=\"Est. reading time\" \/>\n\t<meta name=\"twitter:data2\" content=\"4 minutes\" \/>\n<script type=\"application\/ld+json\" class=\"yoast-schema-graph\">{\"@context\":\"https:\/\/schema.org\",\"@graph\":[{\"@type\":\"WebSite\",\"@id\":\"https:\/\/www.visit-ulcinj.com\/blog\/#website\",\"url\":\"https:\/\/www.visit-ulcinj.com\/blog\/\",\"name\":\"Lajme nga Ulqini\",\"description\":\"Lajme,Vijesti,Ulqini,Ulqin,Crna Gora,Mali i Zi\",\"potentialAction\":[{\"@type\":\"SearchAction\",\"target\":{\"@type\":\"EntryPoint\",\"urlTemplate\":\"https:\/\/www.visit-ulcinj.com\/blog\/?s={search_term_string}\"},\"query-input\":\"required name=search_term_string\"}],\"inLanguage\":\"en-US\"},{\"@type\":\"ImageObject\",\"inLanguage\":\"en-US\",\"@id\":\"https:\/\/www.visit-ulcinj.com\/blog\/2011\/02\/16\/genci-nimanbegu-leter-e-hapur-kryetarit-te-komisionit-te-tenderit-per-valdanos\/#primaryimage\",\"url\":\"https:\/\/www.visit-ulcinj.com\/blog\/wp-content\/uploads\/2011\/02\/Genci-Nimanbego_Forca-Ulqin.jpg\",\"contentUrl\":\"https:\/\/www.visit-ulcinj.com\/blog\/wp-content\/uploads\/2011\/02\/Genci-Nimanbego_Forca-Ulqin.jpg\",\"width\":\"490\",\"height\":\"732\"},{\"@type\":\"WebPage\",\"@id\":\"https:\/\/www.visit-ulcinj.com\/blog\/2011\/02\/16\/genci-nimanbegu-leter-e-hapur-kryetarit-te-komisionit-te-tenderit-per-valdanos\/#webpage\",\"url\":\"https:\/\/www.visit-ulcinj.com\/blog\/2011\/02\/16\/genci-nimanbegu-leter-e-hapur-kryetarit-te-komisionit-te-tenderit-per-valdanos\/\",\"name\":\"Genci Nimanbegu: Let\u00ebr e hapur Kryetarit t\u00eb komisionit t\u00eb tenderit p\u00ebr Valdanos - Lajme nga Ulqini\",\"isPartOf\":{\"@id\":\"https:\/\/www.visit-ulcinj.com\/blog\/#website\"},\"primaryImageOfPage\":{\"@id\":\"https:\/\/www.visit-ulcinj.com\/blog\/2011\/02\/16\/genci-nimanbegu-leter-e-hapur-kryetarit-te-komisionit-te-tenderit-per-valdanos\/#primaryimage\"},\"datePublished\":\"2011-02-16T19:05:42+00:00\",\"dateModified\":\"2011-02-19T11:07:58+00:00\",\"author\":{\"@id\":\"https:\/\/www.visit-ulcinj.com\/blog\/#\/schema\/person\/dcab619c614d3038751c63bc2aadc06d\"},\"description\":\"Let\u00ebr e hapur Kryetarit t\u00eb komisionit t\u00eb tenderit p\u00ebr Valdanos, n\u00ebnkryetarit t\u00eb Qeveris\u00eb s\u00eb Malit t\u00eb Zi dhe Ministrit p\u00ebr shoq\u00ebrin\u00eb informatiike,\",\"breadcrumb\":{\"@id\":\"https:\/\/www.visit-ulcinj.com\/blog\/2011\/02\/16\/genci-nimanbegu-leter-e-hapur-kryetarit-te-komisionit-te-tenderit-per-valdanos\/#breadcrumb\"},\"inLanguage\":\"en-US\",\"potentialAction\":[{\"@type\":\"ReadAction\",\"target\":[\"https:\/\/www.visit-ulcinj.com\/blog\/2011\/02\/16\/genci-nimanbegu-leter-e-hapur-kryetarit-te-komisionit-te-tenderit-per-valdanos\/\"]}]},{\"@type\":\"BreadcrumbList\",\"@id\":\"https:\/\/www.visit-ulcinj.com\/blog\/2011\/02\/16\/genci-nimanbegu-leter-e-hapur-kryetarit-te-komisionit-te-tenderit-per-valdanos\/#breadcrumb\",\"itemListElement\":[{\"@type\":\"ListItem\",\"position\":1,\"name\":\"Genci Nimanbegu: Let\u00ebr e hapur Kryetarit t\u00eb komisionit t\u00eb tenderit p\u00ebr Valdanos\"}]},{\"@type\":\"Person\",\"@id\":\"https:\/\/www.visit-ulcinj.com\/blog\/#\/schema\/person\/dcab619c614d3038751c63bc2aadc06d\",\"name\":\"ulqini\",\"sameAs\":[\"http:\/\/www.visit-ulcinj.com\"],\"url\":\"https:\/\/www.visit-ulcinj.com\/blog\/author\/admin\/\"}]}<\/script>\n<!-- \/ Yoast SEO plugin. -->","yoast_head_json":{"title":"Genci Nimanbegu: Let\u00ebr e hapur Kryetarit t\u00eb komisionit t\u00eb tenderit p\u00ebr Valdanos - Lajme nga Ulqini","description":"Let\u00ebr e hapur Kryetarit t\u00eb komisionit t\u00eb tenderit p\u00ebr Valdanos, n\u00ebnkryetarit t\u00eb Qeveris\u00eb s\u00eb Malit t\u00eb Zi dhe Ministrit p\u00ebr shoq\u00ebrin\u00eb informatiike,","robots":{"index":"index","follow":"follow","max-snippet":"max-snippet:-1","max-image-preview":"max-image-preview:large","max-video-preview":"max-video-preview:-1"},"canonical":"https:\/\/www.visit-ulcinj.com\/blog\/2011\/02\/16\/genci-nimanbegu-leter-e-hapur-kryetarit-te-komisionit-te-tenderit-per-valdanos\/","og_locale":"en_US","og_type":"article","og_title":"Genci Nimanbegu: Let\u00ebr e hapur Kryetarit t\u00eb komisionit t\u00eb tenderit p\u00ebr Valdanos - Lajme nga Ulqini","og_description":"Let\u00ebr e hapur Kryetarit t\u00eb komisionit t\u00eb tenderit p\u00ebr Valdanos, n\u00ebnkryetarit t\u00eb Qeveris\u00eb s\u00eb Malit t\u00eb Zi dhe Ministrit p\u00ebr shoq\u00ebrin\u00eb informatiike,","og_url":"https:\/\/www.visit-ulcinj.com\/blog\/2011\/02\/16\/genci-nimanbegu-leter-e-hapur-kryetarit-te-komisionit-te-tenderit-per-valdanos\/","og_site_name":"Lajme nga Ulqini","article_published_time":"2011-02-16T19:05:42+00:00","article_modified_time":"2011-02-19T11:07:58+00:00","og_image":[{"url":"http:\/\/www.visit-ulcinj.com\/blog\/wp-content\/uploads\/2011\/02\/Genci-Nimanbego_Forca-Ulqin.jpg"}],"twitter_misc":{"Written by":"ulqini","Est. reading time":"4 minutes"},"schema":{"@context":"https:\/\/schema.org","@graph":[{"@type":"WebSite","@id":"https:\/\/www.visit-ulcinj.com\/blog\/#website","url":"https:\/\/www.visit-ulcinj.com\/blog\/","name":"Lajme nga Ulqini","description":"Lajme,Vijesti,Ulqini,Ulqin,Crna Gora,Mali i Zi","potentialAction":[{"@type":"SearchAction","target":{"@type":"EntryPoint","urlTemplate":"https:\/\/www.visit-ulcinj.com\/blog\/?s={search_term_string}"},"query-input":"required name=search_term_string"}],"inLanguage":"en-US"},{"@type":"ImageObject","inLanguage":"en-US","@id":"https:\/\/www.visit-ulcinj.com\/blog\/2011\/02\/16\/genci-nimanbegu-leter-e-hapur-kryetarit-te-komisionit-te-tenderit-per-valdanos\/#primaryimage","url":"https:\/\/www.visit-ulcinj.com\/blog\/wp-content\/uploads\/2011\/02\/Genci-Nimanbego_Forca-Ulqin.jpg","contentUrl":"https:\/\/www.visit-ulcinj.com\/blog\/wp-content\/uploads\/2011\/02\/Genci-Nimanbego_Forca-Ulqin.jpg","width":"490","height":"732"},{"@type":"WebPage","@id":"https:\/\/www.visit-ulcinj.com\/blog\/2011\/02\/16\/genci-nimanbegu-leter-e-hapur-kryetarit-te-komisionit-te-tenderit-per-valdanos\/#webpage","url":"https:\/\/www.visit-ulcinj.com\/blog\/2011\/02\/16\/genci-nimanbegu-leter-e-hapur-kryetarit-te-komisionit-te-tenderit-per-valdanos\/","name":"Genci Nimanbegu: Let\u00ebr e hapur Kryetarit t\u00eb komisionit t\u00eb tenderit p\u00ebr Valdanos - Lajme nga Ulqini","isPartOf":{"@id":"https:\/\/www.visit-ulcinj.com\/blog\/#website"},"primaryImageOfPage":{"@id":"https:\/\/www.visit-ulcinj.com\/blog\/2011\/02\/16\/genci-nimanbegu-leter-e-hapur-kryetarit-te-komisionit-te-tenderit-per-valdanos\/#primaryimage"},"datePublished":"2011-02-16T19:05:42+00:00","dateModified":"2011-02-19T11:07:58+00:00","author":{"@id":"https:\/\/www.visit-ulcinj.com\/blog\/#\/schema\/person\/dcab619c614d3038751c63bc2aadc06d"},"description":"Let\u00ebr e hapur Kryetarit t\u00eb komisionit t\u00eb tenderit p\u00ebr Valdanos, n\u00ebnkryetarit t\u00eb Qeveris\u00eb s\u00eb Malit t\u00eb Zi dhe Ministrit p\u00ebr shoq\u00ebrin\u00eb informatiike,","breadcrumb":{"@id":"https:\/\/www.visit-ulcinj.com\/blog\/2011\/02\/16\/genci-nimanbegu-leter-e-hapur-kryetarit-te-komisionit-te-tenderit-per-valdanos\/#breadcrumb"},"inLanguage":"en-US","potentialAction":[{"@type":"ReadAction","target":["https:\/\/www.visit-ulcinj.com\/blog\/2011\/02\/16\/genci-nimanbegu-leter-e-hapur-kryetarit-te-komisionit-te-tenderit-per-valdanos\/"]}]},{"@type":"BreadcrumbList","@id":"https:\/\/www.visit-ulcinj.com\/blog\/2011\/02\/16\/genci-nimanbegu-leter-e-hapur-kryetarit-te-komisionit-te-tenderit-per-valdanos\/#breadcrumb","itemListElement":[{"@type":"ListItem","position":1,"name":"Genci Nimanbegu: Let\u00ebr e hapur Kryetarit t\u00eb komisionit t\u00eb tenderit p\u00ebr Valdanos"}]},{"@type":"Person","@id":"https:\/\/www.visit-ulcinj.com\/blog\/#\/schema\/person\/dcab619c614d3038751c63bc2aadc06d","name":"ulqini","sameAs":["http:\/\/www.visit-ulcinj.com"],"url":"https:\/\/www.visit-ulcinj.com\/blog\/author\/admin\/"}]}},"jetpack_featured_media_url":"","jetpack_sharing_enabled":true,"jetpack_shortlink":"https:\/\/wp.me\/pe6lTn-bjg","_links":{"self":[{"href":"https:\/\/www.visit-ulcinj.com\/blog\/wp-json\/wp\/v2\/posts\/43478"}],"collection":[{"href":"https:\/\/www.visit-ulcinj.com\/blog\/wp-json\/wp\/v2\/posts"}],"about":[{"href":"https:\/\/www.visit-ulcinj.com\/blog\/wp-json\/wp\/v2\/types\/post"}],"author":[{"embeddable":true,"href":"https:\/\/www.visit-ulcinj.com\/blog\/wp-json\/wp\/v2\/users\/1"}],"replies":[{"embeddable":true,"href":"https:\/\/www.visit-ulcinj.com\/blog\/wp-json\/wp\/v2\/comments?post=43478"}],"version-history":[{"count":0,"href":"https:\/\/www.visit-ulcinj.com\/blog\/wp-json\/wp\/v2\/posts\/43478\/revisions"}],"wp:attachment":[{"href":"https:\/\/www.visit-ulcinj.com\/blog\/wp-json\/wp\/v2\/media?parent=43478"}],"wp:term":[{"taxonomy":"category","embeddable":true,"href":"https:\/\/www.visit-ulcinj.com\/blog\/wp-json\/wp\/v2\/categories?post=43478"},{"taxonomy":"post_tag","embeddable":true,"href":"https:\/\/www.visit-ulcinj.com\/blog\/wp-json\/wp\/v2\/tags?post=43478"}],"curies":[{"name":"wp","href":"https:\/\/api.w.org\/{rel}","templated":true}]}}