{"id":43486,"date":"2011-02-17T08:41:07","date_gmt":"2011-02-17T07:41:07","guid":{"rendered":"http:\/\/www.visit-ulcinj.com\/blog\/?p=43486"},"modified":"2011-02-17T08:43:08","modified_gmt":"2011-02-17T07:43:08","slug":"anjeza-shahini-nuk-e-tradhton-pd-ne","status":"publish","type":"post","link":"https:\/\/www.visit-ulcinj.com\/blog\/2011\/02\/17\/anjeza-shahini-nuk-e-tradhton-pd-ne\/","title":{"rendered":"Anjeza Shahini  nuk e tradhton PD-n\u00eb"},"content":{"rendered":"<p><a href=\"http:\/\/www.visit-ulcinj.com\/blog\/wp-content\/uploads\/2011\/02\/Anjeza-SHAHINI.jpg\"><img loading=\"lazy\" class=\"alignleft size-full wp-image-43487\" title=\"Anjeza-SHAHINI\" src=\"http:\/\/www.visit-ulcinj.com\/blog\/wp-content\/uploads\/2011\/02\/Anjeza-SHAHINI.jpg\" alt=\"\" width=\"508\" height=\"347\" \/><\/a>Ja m\u00eb n\u00eb fund e shohim t\u00eb dal\u00eb p\u00ebr jet\u00eb nate, jasht\u00eb pun\u00ebs q\u00eb b\u00ebn si e ftuar n\u00eb lokale t\u00eb ndryshme, e megjith\u00eb k\u00ebt\u00eb, e kemi kapur mat k\u00ebsaj radhe duke m\u00ebsuar edhe prirjet e saj partiake.<br \/>\nMe dy gishtat lart, simbol i demokracis\u00eb, Anjeza preferon t\u00eb pozoj\u00eb n\u00eb fotografi pa fshehur p\u00eblqimin e saj p\u00ebr PD-n\u00eb. T\u00eb pakt\u00ebn ne k\u00ebshtu e marrim, duke u nisur dhe nga statistikat q\u00eb pjesa m\u00eb e madhe e k\u00ebng\u00ebtareve t\u00eb reja, anojn\u00eb nga e djatht.<\/p>\n<p><strong>Koha e Re<br \/>\n<!--YouTube Error: bad URL entered--><\/strong><\/p>\n","protected":false},"excerpt":{"rendered":"<p>Ja m\u00eb n\u00eb fund e shohim t\u00eb dal\u00eb p\u00ebr jet\u00eb nate, jasht\u00eb pun\u00ebs q\u00eb b\u00ebn si e ftuar n\u00eb lokale t\u00eb ndryshme, e megjith\u00eb k\u00ebt\u00eb, e kemi kapur mat k\u00ebsaj radhe duke m\u00ebsuar edhe prirjet e saj partiake. Me dy gishtat lart, simbol i demokracis\u00eb, Anjeza preferon t\u00eb pozoj\u00eb n\u00eb fotografi pa fshehur p\u00eblqimin e [&hellip;]<\/p>\n","protected":false},"author":1,"featured_media":0,"comment_status":"open","ping_status":"closed","sticky":false,"template":"","format":"standard","meta":{"spay_email":"","jetpack_publicize_message":"","jetpack_is_tweetstorm":false,"jetpack_publicize_feature_enabled":true},"categories":[1],"tags":[5014],"jetpack_publicize_connections":[],"yoast_head":"<!-- This site is optimized with the Yoast SEO plugin v19.1 - https:\/\/yoast.com\/wordpress\/plugins\/seo\/ -->\n<title>Anjeza Shahini nuk e tradhton PD-n\u00eb - Lajme nga Ulqini<\/title>\n<meta name=\"description\" content=\"Ja m\u00eb n\u00eb fund e shohim t\u00eb dal\u00eb p\u00ebr jet\u00eb nate, jasht\u00eb pun\u00ebs q\u00eb b\u00ebn si e ftuar n\u00eb lokale t\u00eb ndryshme, e megjith\u00eb k\u00ebt\u00eb, e kemi kapur mat k\u00ebsaj radhe duke\" \/>\n<meta name=\"robots\" content=\"index, follow, max-snippet:-1, max-image-preview:large, max-video-preview:-1\" \/>\n<link rel=\"canonical\" href=\"https:\/\/www.visit-ulcinj.com\/blog\/2011\/02\/17\/anjeza-shahini-nuk-e-tradhton-pd-ne\/\" \/>\n<meta property=\"og:locale\" content=\"en_US\" \/>\n<meta property=\"og:type\" content=\"article\" \/>\n<meta property=\"og:title\" content=\"Anjeza Shahini nuk e tradhton PD-n\u00eb - Lajme nga Ulqini\" \/>\n<meta property=\"og:description\" content=\"Ja m\u00eb n\u00eb fund e shohim t\u00eb dal\u00eb p\u00ebr jet\u00eb nate, jasht\u00eb pun\u00ebs q\u00eb b\u00ebn si e ftuar n\u00eb lokale t\u00eb ndryshme, e megjith\u00eb k\u00ebt\u00eb, e kemi kapur mat k\u00ebsaj radhe duke\" \/>\n<meta property=\"og:url\" content=\"https:\/\/www.visit-ulcinj.com\/blog\/2011\/02\/17\/anjeza-shahini-nuk-e-tradhton-pd-ne\/\" \/>\n<meta property=\"og:site_name\" content=\"Lajme nga Ulqini\" \/>\n<meta property=\"article:published_time\" content=\"2011-02-17T07:41:07+00:00\" \/>\n<meta property=\"article:modified_time\" content=\"2011-02-17T07:43:08+00:00\" \/>\n<meta property=\"og:image\" content=\"http:\/\/www.visit-ulcinj.com\/blog\/wp-content\/uploads\/2011\/02\/Anjeza-SHAHINI.jpg\" \/>\n<meta name=\"twitter:label1\" content=\"Written by\" \/>\n\t<meta name=\"twitter:data1\" content=\"ulqini\" \/>\n\t<meta name=\"twitter:label2\" content=\"Est. reading time\" \/>\n\t<meta name=\"twitter:data2\" content=\"1 minute\" \/>\n<script type=\"application\/ld+json\" class=\"yoast-schema-graph\">{\"@context\":\"https:\/\/schema.org\",\"@graph\":[{\"@type\":\"WebSite\",\"@id\":\"https:\/\/www.visit-ulcinj.com\/blog\/#website\",\"url\":\"https:\/\/www.visit-ulcinj.com\/blog\/\",\"name\":\"Lajme nga Ulqini\",\"description\":\"Lajme,Vijesti,Ulqini,Ulqin,Crna Gora,Mali i Zi\",\"potentialAction\":[{\"@type\":\"SearchAction\",\"target\":{\"@type\":\"EntryPoint\",\"urlTemplate\":\"https:\/\/www.visit-ulcinj.com\/blog\/?s={search_term_string}\"},\"query-input\":\"required name=search_term_string\"}],\"inLanguage\":\"en-US\"},{\"@type\":\"ImageObject\",\"inLanguage\":\"en-US\",\"@id\":\"https:\/\/www.visit-ulcinj.com\/blog\/2011\/02\/17\/anjeza-shahini-nuk-e-tradhton-pd-ne\/#primaryimage\",\"url\":\"http:\/\/www.visit-ulcinj.com\/blog\/wp-content\/uploads\/2011\/02\/Anjeza-SHAHINI.jpg\",\"contentUrl\":\"http:\/\/www.visit-ulcinj.com\/blog\/wp-content\/uploads\/2011\/02\/Anjeza-SHAHINI.jpg\"},{\"@type\":\"WebPage\",\"@id\":\"https:\/\/www.visit-ulcinj.com\/blog\/2011\/02\/17\/anjeza-shahini-nuk-e-tradhton-pd-ne\/#webpage\",\"url\":\"https:\/\/www.visit-ulcinj.com\/blog\/2011\/02\/17\/anjeza-shahini-nuk-e-tradhton-pd-ne\/\",\"name\":\"Anjeza Shahini nuk e tradhton PD-n\u00eb - Lajme nga Ulqini\",\"isPartOf\":{\"@id\":\"https:\/\/www.visit-ulcinj.com\/blog\/#website\"},\"primaryImageOfPage\":{\"@id\":\"https:\/\/www.visit-ulcinj.com\/blog\/2011\/02\/17\/anjeza-shahini-nuk-e-tradhton-pd-ne\/#primaryimage\"},\"datePublished\":\"2011-02-17T07:41:07+00:00\",\"dateModified\":\"2011-02-17T07:43:08+00:00\",\"author\":{\"@id\":\"https:\/\/www.visit-ulcinj.com\/blog\/#\/schema\/person\/dcab619c614d3038751c63bc2aadc06d\"},\"description\":\"Ja m\u00eb n\u00eb fund e shohim t\u00eb dal\u00eb p\u00ebr jet\u00eb nate, jasht\u00eb pun\u00ebs q\u00eb b\u00ebn si e ftuar n\u00eb lokale t\u00eb ndryshme, e megjith\u00eb k\u00ebt\u00eb, e kemi kapur mat k\u00ebsaj radhe duke\",\"breadcrumb\":{\"@id\":\"https:\/\/www.visit-ulcinj.com\/blog\/2011\/02\/17\/anjeza-shahini-nuk-e-tradhton-pd-ne\/#breadcrumb\"},\"inLanguage\":\"en-US\",\"potentialAction\":[{\"@type\":\"ReadAction\",\"target\":[\"https:\/\/www.visit-ulcinj.com\/blog\/2011\/02\/17\/anjeza-shahini-nuk-e-tradhton-pd-ne\/\"]}]},{\"@type\":\"BreadcrumbList\",\"@id\":\"https:\/\/www.visit-ulcinj.com\/blog\/2011\/02\/17\/anjeza-shahini-nuk-e-tradhton-pd-ne\/#breadcrumb\",\"itemListElement\":[{\"@type\":\"ListItem\",\"position\":1,\"name\":\"Anjeza Shahini nuk e tradhton PD-n\u00eb\"}]},{\"@type\":\"Person\",\"@id\":\"https:\/\/www.visit-ulcinj.com\/blog\/#\/schema\/person\/dcab619c614d3038751c63bc2aadc06d\",\"name\":\"ulqini\",\"sameAs\":[\"http:\/\/www.visit-ulcinj.com\"],\"url\":\"https:\/\/www.visit-ulcinj.com\/blog\/author\/admin\/\"}]}<\/script>\n<!-- \/ Yoast SEO plugin. -->","yoast_head_json":{"title":"Anjeza Shahini nuk e tradhton PD-n\u00eb - Lajme nga Ulqini","description":"Ja m\u00eb n\u00eb fund e shohim t\u00eb dal\u00eb p\u00ebr jet\u00eb nate, jasht\u00eb pun\u00ebs q\u00eb b\u00ebn si e ftuar n\u00eb lokale t\u00eb ndryshme, e megjith\u00eb k\u00ebt\u00eb, e kemi kapur mat k\u00ebsaj radhe duke","robots":{"index":"index","follow":"follow","max-snippet":"max-snippet:-1","max-image-preview":"max-image-preview:large","max-video-preview":"max-video-preview:-1"},"canonical":"https:\/\/www.visit-ulcinj.com\/blog\/2011\/02\/17\/anjeza-shahini-nuk-e-tradhton-pd-ne\/","og_locale":"en_US","og_type":"article","og_title":"Anjeza Shahini nuk e tradhton PD-n\u00eb - Lajme nga Ulqini","og_description":"Ja m\u00eb n\u00eb fund e shohim t\u00eb dal\u00eb p\u00ebr jet\u00eb nate, jasht\u00eb pun\u00ebs q\u00eb b\u00ebn si e ftuar n\u00eb lokale t\u00eb ndryshme, e megjith\u00eb k\u00ebt\u00eb, e kemi kapur mat k\u00ebsaj radhe duke","og_url":"https:\/\/www.visit-ulcinj.com\/blog\/2011\/02\/17\/anjeza-shahini-nuk-e-tradhton-pd-ne\/","og_site_name":"Lajme nga Ulqini","article_published_time":"2011-02-17T07:41:07+00:00","article_modified_time":"2011-02-17T07:43:08+00:00","og_image":[{"url":"http:\/\/www.visit-ulcinj.com\/blog\/wp-content\/uploads\/2011\/02\/Anjeza-SHAHINI.jpg"}],"twitter_misc":{"Written by":"ulqini","Est. reading time":"1 minute"},"schema":{"@context":"https:\/\/schema.org","@graph":[{"@type":"WebSite","@id":"https:\/\/www.visit-ulcinj.com\/blog\/#website","url":"https:\/\/www.visit-ulcinj.com\/blog\/","name":"Lajme nga Ulqini","description":"Lajme,Vijesti,Ulqini,Ulqin,Crna Gora,Mali i Zi","potentialAction":[{"@type":"SearchAction","target":{"@type":"EntryPoint","urlTemplate":"https:\/\/www.visit-ulcinj.com\/blog\/?s={search_term_string}"},"query-input":"required name=search_term_string"}],"inLanguage":"en-US"},{"@type":"ImageObject","inLanguage":"en-US","@id":"https:\/\/www.visit-ulcinj.com\/blog\/2011\/02\/17\/anjeza-shahini-nuk-e-tradhton-pd-ne\/#primaryimage","url":"http:\/\/www.visit-ulcinj.com\/blog\/wp-content\/uploads\/2011\/02\/Anjeza-SHAHINI.jpg","contentUrl":"http:\/\/www.visit-ulcinj.com\/blog\/wp-content\/uploads\/2011\/02\/Anjeza-SHAHINI.jpg"},{"@type":"WebPage","@id":"https:\/\/www.visit-ulcinj.com\/blog\/2011\/02\/17\/anjeza-shahini-nuk-e-tradhton-pd-ne\/#webpage","url":"https:\/\/www.visit-ulcinj.com\/blog\/2011\/02\/17\/anjeza-shahini-nuk-e-tradhton-pd-ne\/","name":"Anjeza Shahini nuk e tradhton PD-n\u00eb - Lajme nga Ulqini","isPartOf":{"@id":"https:\/\/www.visit-ulcinj.com\/blog\/#website"},"primaryImageOfPage":{"@id":"https:\/\/www.visit-ulcinj.com\/blog\/2011\/02\/17\/anjeza-shahini-nuk-e-tradhton-pd-ne\/#primaryimage"},"datePublished":"2011-02-17T07:41:07+00:00","dateModified":"2011-02-17T07:43:08+00:00","author":{"@id":"https:\/\/www.visit-ulcinj.com\/blog\/#\/schema\/person\/dcab619c614d3038751c63bc2aadc06d"},"description":"Ja m\u00eb n\u00eb fund e shohim t\u00eb dal\u00eb p\u00ebr jet\u00eb nate, jasht\u00eb pun\u00ebs q\u00eb b\u00ebn si e ftuar n\u00eb lokale t\u00eb ndryshme, e megjith\u00eb k\u00ebt\u00eb, e kemi kapur mat k\u00ebsaj radhe duke","breadcrumb":{"@id":"https:\/\/www.visit-ulcinj.com\/blog\/2011\/02\/17\/anjeza-shahini-nuk-e-tradhton-pd-ne\/#breadcrumb"},"inLanguage":"en-US","potentialAction":[{"@type":"ReadAction","target":["https:\/\/www.visit-ulcinj.com\/blog\/2011\/02\/17\/anjeza-shahini-nuk-e-tradhton-pd-ne\/"]}]},{"@type":"BreadcrumbList","@id":"https:\/\/www.visit-ulcinj.com\/blog\/2011\/02\/17\/anjeza-shahini-nuk-e-tradhton-pd-ne\/#breadcrumb","itemListElement":[{"@type":"ListItem","position":1,"name":"Anjeza Shahini nuk e tradhton PD-n\u00eb"}]},{"@type":"Person","@id":"https:\/\/www.visit-ulcinj.com\/blog\/#\/schema\/person\/dcab619c614d3038751c63bc2aadc06d","name":"ulqini","sameAs":["http:\/\/www.visit-ulcinj.com"],"url":"https:\/\/www.visit-ulcinj.com\/blog\/author\/admin\/"}]}},"jetpack_featured_media_url":"","jetpack_sharing_enabled":true,"jetpack_shortlink":"https:\/\/wp.me\/pe6lTn-bjo","_links":{"self":[{"href":"https:\/\/www.visit-ulcinj.com\/blog\/wp-json\/wp\/v2\/posts\/43486"}],"collection":[{"href":"https:\/\/www.visit-ulcinj.com\/blog\/wp-json\/wp\/v2\/posts"}],"about":[{"href":"https:\/\/www.visit-ulcinj.com\/blog\/wp-json\/wp\/v2\/types\/post"}],"author":[{"embeddable":true,"href":"https:\/\/www.visit-ulcinj.com\/blog\/wp-json\/wp\/v2\/users\/1"}],"replies":[{"embeddable":true,"href":"https:\/\/www.visit-ulcinj.com\/blog\/wp-json\/wp\/v2\/comments?post=43486"}],"version-history":[{"count":0,"href":"https:\/\/www.visit-ulcinj.com\/blog\/wp-json\/wp\/v2\/posts\/43486\/revisions"}],"wp:attachment":[{"href":"https:\/\/www.visit-ulcinj.com\/blog\/wp-json\/wp\/v2\/media?parent=43486"}],"wp:term":[{"taxonomy":"category","embeddable":true,"href":"https:\/\/www.visit-ulcinj.com\/blog\/wp-json\/wp\/v2\/categories?post=43486"},{"taxonomy":"post_tag","embeddable":true,"href":"https:\/\/www.visit-ulcinj.com\/blog\/wp-json\/wp\/v2\/tags?post=43486"}],"curies":[{"name":"wp","href":"https:\/\/api.w.org\/{rel}","templated":true}]}}