{"id":43491,"date":"2011-02-17T08:54:23","date_gmt":"2011-02-17T07:54:23","guid":{"rendered":"http:\/\/www.visit-ulcinj.com\/blog\/?p=43491"},"modified":"2011-02-17T08:54:48","modified_gmt":"2011-02-17T07:54:48","slug":"ciljeta-xhilaga-ben-operacion-plastik-ne-vithe","status":"publish","type":"post","link":"https:\/\/www.visit-ulcinj.com\/blog\/2011\/02\/17\/ciljeta-xhilaga-ben-operacion-plastik-ne-vithe\/","title":{"rendered":"\u00c7iljeta Xhilaga, b\u00ebn operacion plastik n\u00eb vithe"},"content":{"rendered":"<p><a href=\"http:\/\/www.visit-ulcinj.com\/blog\/wp-content\/uploads\/2011\/02\/Ciljeta-Xhilaga.jpg\"><img loading=\"lazy\" class=\"alignleft size-full wp-image-43492\" title=\"Ciljeta-Xhilaga\" src=\"http:\/\/www.visit-ulcinj.com\/blog\/wp-content\/uploads\/2011\/02\/Ciljeta-Xhilaga.jpg\" alt=\"\" width=\"508\" height=\"324\" \/><\/a>Kan\u00eb munguar tullumbacet, torta, miqt\u00eb e shumt\u00eb dhe i dashuri, Aleksi, n\u00eb 26-vjetorin e k\u00ebng\u00ebtares, \u00c7iljeta Xhilaga. Ndryshe nga nj\u00eb vit m\u00eb par\u00eb, ku p\u00ebrvjetori i saj mori p\u00ebrmasat e nj\u00eb show mediatik, 5 shkurti i k\u00ebtij viti nuk ka qen\u00eb aspak i till\u00eb. \u00c7ili e ka pritur dit\u00eblindjen e saj n\u00eb pun\u00eb e sip\u00ebr, nd\u00ebrsa ishte e ftuar n\u00eb Miss Universi Shqiptar, n\u00eb Zyrih.<\/p>\n<p>Dhurata e vetme p\u00ebr t\u00eb at\u00eb nat\u00eb, ka qen\u00eb nj\u00eb tuf\u00eb me lule nga organizatori i spektaklit, Ardi Plaku, m\u00eb tej urimet nga koleg\u00ebt e saj dhe sigurisht, telefoni nuk u ndal gjat\u00eb gjith\u00eb dit\u00ebs. Mes urimeve, edhe nj\u00eb telefonat\u00eb nga n\u00ebna e saj, e cila e lajm\u00ebronte p\u00ebr nj\u00eb lajm q\u00eb kishte t\u00eb b\u00ebnte me t\u00eb dhe t\u00eb dashurin, Aleksin. \u201cKan\u00eb shkruar q\u00eb kemi qen\u00eb n\u00eb nj\u00eb lokal me Aleksin, dhe pse nuk kemi qen\u00eb bashk\u00eb. Por un\u00eb isha me mikeshat e mia dhe ai me miqt\u00eb e tij. Ne jemi nj\u00eb \u00e7ift i emancipuar, q\u00eb secili ka jet\u00ebn e vet, nuk \u00ebsht\u00eb e th\u00ebn\u00eb q\u00eb duhet t\u00eb jemi gjith\u00eb koh\u00ebn bashk\u00eb\u201d, m\u00eb sqaron \u00c7ili, e cila tashm\u00eb pohon se i \u00ebsht\u00eb regjur l\u00ebkura nga shkrimet n\u00eb gazeta dhe nuk i b\u00ebjn\u00eb p\u00ebrshtypje ato q\u00eb thuhen. E n\u00eb fakt ka t\u00eb drejt\u00eb, ashtu si edhe asaj, edhe lexuesve tashm\u00eb nuk u b\u00ebjn\u00eb t\u00eb nj\u00ebjtin efekt lajmet e jet\u00ebs personale t\u00eb \u00c7ilit, sikurse disa vite m\u00eb par\u00eb. Kjo sepse n\u00ebse m\u00eb par\u00eb kishte nj\u00eb lloj kurioziteti, tashm\u00eb nuk ndodh ashtu. \u00c7ili (ashtu sikurse edhe koleg\u00ebt e saj) \u00ebsht\u00eb e pranishme n\u00eb \u00e7do ambient t\u00eb jet\u00ebs s\u00eb nat\u00ebs n\u00eb Tiran\u00eb, del n\u00eb televizor dhe tregon vet\u00eb p\u00ebr jet\u00ebn personale, \u00ebsht\u00eb e pranishme n\u00eb qytetet shqiptare dhe nuk \u00ebsht\u00eb e v\u00ebshtir\u00eb p\u00ebr ta takuar, apo edhe b\u00ebr\u00eb foto me t\u00eb\u2026 Madje \u00e7do gj\u00eb tashm\u00eb \u00ebsht\u00eb kaq mediatike, sa kurioziteti \u00ebsht\u00eb shuar prej koh\u00ebsh. Megjithat\u00eb, rasti i dit\u00eblindjes s\u00eb \u00c7ilit \u00ebsht\u00eb p\u00ebr t\u2019u komentuar, aq m\u00eb tep\u00ebr q\u00eb ajo e festoi (n\u00eb fakt nuk pati fest\u00eb, pasi at\u00eb do ta b\u00ebnte kur t\u00eb kthehej n\u00eb Tiran\u00eb me t\u00eb dashurin e saj) larg sht\u00ebpis\u00eb!<\/p>\n<p>Por le t\u00eb kthehemi te dashuria e \u00c7ilit. K\u00ebt\u00eb her\u00eb ajo tregon se ka r\u00ebn\u00eb n\u00eb dashuri dhe \u201cAleksi \u00ebsht\u00eb njeriu i jet\u00ebs s\u00eb saj\u201d. Madje me t\u00eb planet shkojn\u00eb shum\u00eb larg, por ajo \u00ebsht\u00eb superticioze dhe nuk d\u00ebshiron t\u2019i thot\u00eb ato. \u00cbsht\u00eb mjaft e lumtur p\u00ebr lidhjen q\u00eb ka, madje duken si t\u00eb pandar\u00eb, pasi edhe n\u00eb distanc\u00eb, \u00c7ili \u00ebsht\u00eb gjith\u00eb koh\u00ebs duke folur me t\u00eb n\u00eb telefon, apo duke shk\u00ebmbyer mesazhe. \u201cNuk rrim\u00eb dot pa folur shpesh, kur jemi larg. Edhe kur nuk e marr un\u00eb, n\u00ebse kalojn\u00eb dy or\u00eb e nuk kemi folur, ai m\u00eb telefonon\u201d. Por n\u00eb fakt dit\u00ebn e dit\u00eblindjes (dhe me t\u00eb drejt\u00eb) ata kan\u00eb folur shum\u00eb n\u00eb telefon. Pasi ka mb\u00ebrritur n\u00eb Tiran\u00eb, Aleksandri dhe \u00c7iljeta kan\u00eb festuar s\u00eb bashku. \u201cDol\u00ebm drekuam dhe Aleksi m\u00eb dhuroi nj\u00eb var\u00ebse\u201d. Aktualisht, Aleksi ka ikur n\u00eb Lond\u00ebr e me siguri t\u00eb dy do t\u00eb jen\u00eb s\u00ebrish duke folur n\u00eb telefon\u2026<\/p>\n<p><strong>Pas nd\u00ebrhyrjes s\u00eb barkut, \u00c7iljeta do rris\u00eb t\u00eb pasmet<\/strong><\/p>\n<p>Kush tha se \u00c7ili \u00ebsht\u00eb e k\u00ebnaqur me trupin e saj\u2026?! Pasi t\u00ebrhoqi barkun n\u00eb nj\u00eb klinik\u00eb n\u00eb Zvic\u00ebr, ver\u00ebn q\u00eb shkoi, \u00c7iljeta ka b\u00ebr\u00eb edhe nj\u00eb tjet\u00ebr nd\u00ebrhyrje estetike n\u00eb trupin e saj. B\u00ebhet fjal\u00eb pik\u00ebrisht p\u00ebr vithet e saj. Vithet \u2018alla-braziliane\u2019 kan\u00eb qen\u00eb \u00ebndrra e saj e ver\u00ebs q\u00eb shkoi. Dhe m\u00eb n\u00eb fund, ajo e ka b\u00ebr\u00eb realitet at\u00eb. Operacioni thuhet se \u00ebsht\u00eb kryer n\u00eb Turqi, nga nj\u00eb mjek i specializuar p\u00ebr nd\u00ebrhyrjet plastike. D\u00ebshira p\u00ebr t\u00eb pasur nj\u00eb trup perfekt, nuk ka t\u00eb sosur te \u00c7ili. Ajo e ka pohuar publikisht at\u00eb q\u00eb ka \u00ebnd\u00ebrruar prej koh\u00ebsh. Por pas vitheve, p\u00ebr \u00c7ilin vazhdon t\u00eb jet\u00eb shqet\u00ebsues gjoksi i madh. Por at\u00eb do ta l\u00ebr\u00eb n\u00eb nj\u00eb moment t\u00eb m\u00ebvonsh\u00ebm, pasi t\u00eb b\u00ebhet n\u00ebn\u00eb!<\/p>\n<p><strong>Ora News<br \/>\n<!--YouTube Error: bad URL entered--><\/strong><\/p>\n","protected":false},"excerpt":{"rendered":"<p>Kan\u00eb munguar tullumbacet, torta, miqt\u00eb e shumt\u00eb dhe i dashuri, Aleksi, n\u00eb 26-vjetorin e k\u00ebng\u00ebtares, \u00c7iljeta Xhilaga. Ndryshe nga nj\u00eb vit m\u00eb par\u00eb, ku p\u00ebrvjetori i saj mori p\u00ebrmasat e nj\u00eb show mediatik, 5 shkurti i k\u00ebtij viti nuk ka qen\u00eb aspak i till\u00eb. \u00c7ili e ka pritur dit\u00eblindjen e saj n\u00eb pun\u00eb e sip\u00ebr, [&hellip;]<\/p>\n","protected":false},"author":1,"featured_media":0,"comment_status":"open","ping_status":"closed","sticky":false,"template":"","format":"standard","meta":{"spay_email":"","jetpack_publicize_message":"","jetpack_is_tweetstorm":false,"jetpack_publicize_feature_enabled":true},"categories":[1],"tags":[5456,17353,17354],"jetpack_publicize_connections":[],"yoast_head":"<!-- This site is optimized with the Yoast SEO plugin v19.1 - https:\/\/yoast.com\/wordpress\/plugins\/seo\/ -->\n<title>\u00c7iljeta Xhilaga, b\u00ebn operacion plastik n\u00eb vithe - Lajme nga Ulqini<\/title>\n<meta name=\"description\" content=\"Kan\u00eb munguar tullumbacet, torta, miqt\u00eb e shumt\u00eb dhe i dashuri, Aleksi, n\u00eb 26-vjetorin e k\u00ebng\u00ebtares, \u00c7iljeta Xhilaga. Ndryshe nga nj\u00eb vit m\u00eb par\u00eb, ku\" \/>\n<meta name=\"robots\" content=\"index, follow, max-snippet:-1, max-image-preview:large, max-video-preview:-1\" \/>\n<link rel=\"canonical\" href=\"https:\/\/www.visit-ulcinj.com\/blog\/2011\/02\/17\/ciljeta-xhilaga-ben-operacion-plastik-ne-vithe\/\" \/>\n<meta property=\"og:locale\" content=\"en_US\" \/>\n<meta property=\"og:type\" content=\"article\" \/>\n<meta property=\"og:title\" content=\"\u00c7iljeta Xhilaga, b\u00ebn operacion plastik n\u00eb vithe - Lajme nga Ulqini\" \/>\n<meta property=\"og:description\" content=\"Kan\u00eb munguar tullumbacet, torta, miqt\u00eb e shumt\u00eb dhe i dashuri, Aleksi, n\u00eb 26-vjetorin e k\u00ebng\u00ebtares, \u00c7iljeta Xhilaga. Ndryshe nga nj\u00eb vit m\u00eb par\u00eb, ku\" \/>\n<meta property=\"og:url\" content=\"https:\/\/www.visit-ulcinj.com\/blog\/2011\/02\/17\/ciljeta-xhilaga-ben-operacion-plastik-ne-vithe\/\" \/>\n<meta property=\"og:site_name\" content=\"Lajme nga Ulqini\" \/>\n<meta property=\"article:published_time\" content=\"2011-02-17T07:54:23+00:00\" \/>\n<meta property=\"article:modified_time\" content=\"2011-02-17T07:54:48+00:00\" \/>\n<meta property=\"og:image\" content=\"http:\/\/www.visit-ulcinj.com\/blog\/wp-content\/uploads\/2011\/02\/Ciljeta-Xhilaga.jpg\" \/>\n<meta name=\"twitter:label1\" content=\"Written by\" \/>\n\t<meta name=\"twitter:data1\" content=\"ulqini\" \/>\n\t<meta name=\"twitter:label2\" content=\"Est. reading time\" \/>\n\t<meta name=\"twitter:data2\" content=\"4 minutes\" \/>\n<script type=\"application\/ld+json\" class=\"yoast-schema-graph\">{\"@context\":\"https:\/\/schema.org\",\"@graph\":[{\"@type\":\"WebSite\",\"@id\":\"https:\/\/www.visit-ulcinj.com\/blog\/#website\",\"url\":\"https:\/\/www.visit-ulcinj.com\/blog\/\",\"name\":\"Lajme nga Ulqini\",\"description\":\"Lajme,Vijesti,Ulqini,Ulqin,Crna Gora,Mali i Zi\",\"potentialAction\":[{\"@type\":\"SearchAction\",\"target\":{\"@type\":\"EntryPoint\",\"urlTemplate\":\"https:\/\/www.visit-ulcinj.com\/blog\/?s={search_term_string}\"},\"query-input\":\"required name=search_term_string\"}],\"inLanguage\":\"en-US\"},{\"@type\":\"ImageObject\",\"inLanguage\":\"en-US\",\"@id\":\"https:\/\/www.visit-ulcinj.com\/blog\/2011\/02\/17\/ciljeta-xhilaga-ben-operacion-plastik-ne-vithe\/#primaryimage\",\"url\":\"http:\/\/www.visit-ulcinj.com\/blog\/wp-content\/uploads\/2011\/02\/Ciljeta-Xhilaga.jpg\",\"contentUrl\":\"http:\/\/www.visit-ulcinj.com\/blog\/wp-content\/uploads\/2011\/02\/Ciljeta-Xhilaga.jpg\"},{\"@type\":\"WebPage\",\"@id\":\"https:\/\/www.visit-ulcinj.com\/blog\/2011\/02\/17\/ciljeta-xhilaga-ben-operacion-plastik-ne-vithe\/#webpage\",\"url\":\"https:\/\/www.visit-ulcinj.com\/blog\/2011\/02\/17\/ciljeta-xhilaga-ben-operacion-plastik-ne-vithe\/\",\"name\":\"\u00c7iljeta Xhilaga, b\u00ebn operacion plastik n\u00eb vithe - Lajme nga Ulqini\",\"isPartOf\":{\"@id\":\"https:\/\/www.visit-ulcinj.com\/blog\/#website\"},\"primaryImageOfPage\":{\"@id\":\"https:\/\/www.visit-ulcinj.com\/blog\/2011\/02\/17\/ciljeta-xhilaga-ben-operacion-plastik-ne-vithe\/#primaryimage\"},\"datePublished\":\"2011-02-17T07:54:23+00:00\",\"dateModified\":\"2011-02-17T07:54:48+00:00\",\"author\":{\"@id\":\"https:\/\/www.visit-ulcinj.com\/blog\/#\/schema\/person\/dcab619c614d3038751c63bc2aadc06d\"},\"description\":\"Kan\u00eb munguar tullumbacet, torta, miqt\u00eb e shumt\u00eb dhe i dashuri, Aleksi, n\u00eb 26-vjetorin e k\u00ebng\u00ebtares, \u00c7iljeta Xhilaga. Ndryshe nga nj\u00eb vit m\u00eb par\u00eb, ku\",\"breadcrumb\":{\"@id\":\"https:\/\/www.visit-ulcinj.com\/blog\/2011\/02\/17\/ciljeta-xhilaga-ben-operacion-plastik-ne-vithe\/#breadcrumb\"},\"inLanguage\":\"en-US\",\"potentialAction\":[{\"@type\":\"ReadAction\",\"target\":[\"https:\/\/www.visit-ulcinj.com\/blog\/2011\/02\/17\/ciljeta-xhilaga-ben-operacion-plastik-ne-vithe\/\"]}]},{\"@type\":\"BreadcrumbList\",\"@id\":\"https:\/\/www.visit-ulcinj.com\/blog\/2011\/02\/17\/ciljeta-xhilaga-ben-operacion-plastik-ne-vithe\/#breadcrumb\",\"itemListElement\":[{\"@type\":\"ListItem\",\"position\":1,\"name\":\"\u00c7iljeta Xhilaga, b\u00ebn operacion plastik n\u00eb vithe\"}]},{\"@type\":\"Person\",\"@id\":\"https:\/\/www.visit-ulcinj.com\/blog\/#\/schema\/person\/dcab619c614d3038751c63bc2aadc06d\",\"name\":\"ulqini\",\"sameAs\":[\"http:\/\/www.visit-ulcinj.com\"],\"url\":\"https:\/\/www.visit-ulcinj.com\/blog\/author\/admin\/\"}]}<\/script>\n<!-- \/ Yoast SEO plugin. -->","yoast_head_json":{"title":"\u00c7iljeta Xhilaga, b\u00ebn operacion plastik n\u00eb vithe - Lajme nga Ulqini","description":"Kan\u00eb munguar tullumbacet, torta, miqt\u00eb e shumt\u00eb dhe i dashuri, Aleksi, n\u00eb 26-vjetorin e k\u00ebng\u00ebtares, \u00c7iljeta Xhilaga. Ndryshe nga nj\u00eb vit m\u00eb par\u00eb, ku","robots":{"index":"index","follow":"follow","max-snippet":"max-snippet:-1","max-image-preview":"max-image-preview:large","max-video-preview":"max-video-preview:-1"},"canonical":"https:\/\/www.visit-ulcinj.com\/blog\/2011\/02\/17\/ciljeta-xhilaga-ben-operacion-plastik-ne-vithe\/","og_locale":"en_US","og_type":"article","og_title":"\u00c7iljeta Xhilaga, b\u00ebn operacion plastik n\u00eb vithe - Lajme nga Ulqini","og_description":"Kan\u00eb munguar tullumbacet, torta, miqt\u00eb e shumt\u00eb dhe i dashuri, Aleksi, n\u00eb 26-vjetorin e k\u00ebng\u00ebtares, \u00c7iljeta Xhilaga. Ndryshe nga nj\u00eb vit m\u00eb par\u00eb, ku","og_url":"https:\/\/www.visit-ulcinj.com\/blog\/2011\/02\/17\/ciljeta-xhilaga-ben-operacion-plastik-ne-vithe\/","og_site_name":"Lajme nga Ulqini","article_published_time":"2011-02-17T07:54:23+00:00","article_modified_time":"2011-02-17T07:54:48+00:00","og_image":[{"url":"http:\/\/www.visit-ulcinj.com\/blog\/wp-content\/uploads\/2011\/02\/Ciljeta-Xhilaga.jpg"}],"twitter_misc":{"Written by":"ulqini","Est. reading time":"4 minutes"},"schema":{"@context":"https:\/\/schema.org","@graph":[{"@type":"WebSite","@id":"https:\/\/www.visit-ulcinj.com\/blog\/#website","url":"https:\/\/www.visit-ulcinj.com\/blog\/","name":"Lajme nga Ulqini","description":"Lajme,Vijesti,Ulqini,Ulqin,Crna Gora,Mali i Zi","potentialAction":[{"@type":"SearchAction","target":{"@type":"EntryPoint","urlTemplate":"https:\/\/www.visit-ulcinj.com\/blog\/?s={search_term_string}"},"query-input":"required name=search_term_string"}],"inLanguage":"en-US"},{"@type":"ImageObject","inLanguage":"en-US","@id":"https:\/\/www.visit-ulcinj.com\/blog\/2011\/02\/17\/ciljeta-xhilaga-ben-operacion-plastik-ne-vithe\/#primaryimage","url":"http:\/\/www.visit-ulcinj.com\/blog\/wp-content\/uploads\/2011\/02\/Ciljeta-Xhilaga.jpg","contentUrl":"http:\/\/www.visit-ulcinj.com\/blog\/wp-content\/uploads\/2011\/02\/Ciljeta-Xhilaga.jpg"},{"@type":"WebPage","@id":"https:\/\/www.visit-ulcinj.com\/blog\/2011\/02\/17\/ciljeta-xhilaga-ben-operacion-plastik-ne-vithe\/#webpage","url":"https:\/\/www.visit-ulcinj.com\/blog\/2011\/02\/17\/ciljeta-xhilaga-ben-operacion-plastik-ne-vithe\/","name":"\u00c7iljeta Xhilaga, b\u00ebn operacion plastik n\u00eb vithe - Lajme nga Ulqini","isPartOf":{"@id":"https:\/\/www.visit-ulcinj.com\/blog\/#website"},"primaryImageOfPage":{"@id":"https:\/\/www.visit-ulcinj.com\/blog\/2011\/02\/17\/ciljeta-xhilaga-ben-operacion-plastik-ne-vithe\/#primaryimage"},"datePublished":"2011-02-17T07:54:23+00:00","dateModified":"2011-02-17T07:54:48+00:00","author":{"@id":"https:\/\/www.visit-ulcinj.com\/blog\/#\/schema\/person\/dcab619c614d3038751c63bc2aadc06d"},"description":"Kan\u00eb munguar tullumbacet, torta, miqt\u00eb e shumt\u00eb dhe i dashuri, Aleksi, n\u00eb 26-vjetorin e k\u00ebng\u00ebtares, \u00c7iljeta Xhilaga. Ndryshe nga nj\u00eb vit m\u00eb par\u00eb, ku","breadcrumb":{"@id":"https:\/\/www.visit-ulcinj.com\/blog\/2011\/02\/17\/ciljeta-xhilaga-ben-operacion-plastik-ne-vithe\/#breadcrumb"},"inLanguage":"en-US","potentialAction":[{"@type":"ReadAction","target":["https:\/\/www.visit-ulcinj.com\/blog\/2011\/02\/17\/ciljeta-xhilaga-ben-operacion-plastik-ne-vithe\/"]}]},{"@type":"BreadcrumbList","@id":"https:\/\/www.visit-ulcinj.com\/blog\/2011\/02\/17\/ciljeta-xhilaga-ben-operacion-plastik-ne-vithe\/#breadcrumb","itemListElement":[{"@type":"ListItem","position":1,"name":"\u00c7iljeta Xhilaga, b\u00ebn operacion plastik n\u00eb vithe"}]},{"@type":"Person","@id":"https:\/\/www.visit-ulcinj.com\/blog\/#\/schema\/person\/dcab619c614d3038751c63bc2aadc06d","name":"ulqini","sameAs":["http:\/\/www.visit-ulcinj.com"],"url":"https:\/\/www.visit-ulcinj.com\/blog\/author\/admin\/"}]}},"jetpack_featured_media_url":"","jetpack_sharing_enabled":true,"jetpack_shortlink":"https:\/\/wp.me\/pe6lTn-bjt","_links":{"self":[{"href":"https:\/\/www.visit-ulcinj.com\/blog\/wp-json\/wp\/v2\/posts\/43491"}],"collection":[{"href":"https:\/\/www.visit-ulcinj.com\/blog\/wp-json\/wp\/v2\/posts"}],"about":[{"href":"https:\/\/www.visit-ulcinj.com\/blog\/wp-json\/wp\/v2\/types\/post"}],"author":[{"embeddable":true,"href":"https:\/\/www.visit-ulcinj.com\/blog\/wp-json\/wp\/v2\/users\/1"}],"replies":[{"embeddable":true,"href":"https:\/\/www.visit-ulcinj.com\/blog\/wp-json\/wp\/v2\/comments?post=43491"}],"version-history":[{"count":0,"href":"https:\/\/www.visit-ulcinj.com\/blog\/wp-json\/wp\/v2\/posts\/43491\/revisions"}],"wp:attachment":[{"href":"https:\/\/www.visit-ulcinj.com\/blog\/wp-json\/wp\/v2\/media?parent=43491"}],"wp:term":[{"taxonomy":"category","embeddable":true,"href":"https:\/\/www.visit-ulcinj.com\/blog\/wp-json\/wp\/v2\/categories?post=43491"},{"taxonomy":"post_tag","embeddable":true,"href":"https:\/\/www.visit-ulcinj.com\/blog\/wp-json\/wp\/v2\/tags?post=43491"}],"curies":[{"name":"wp","href":"https:\/\/api.w.org\/{rel}","templated":true}]}}