{"id":43499,"date":"2011-02-17T09:21:17","date_gmt":"2011-02-17T08:21:17","guid":{"rendered":"http:\/\/www.visit-ulcinj.com\/blog\/?p=43499"},"modified":"2011-02-17T09:21:38","modified_gmt":"2011-02-17T08:21:38","slug":"vesa-gati-per-dancing-with-the-stars","status":"publish","type":"post","link":"https:\/\/www.visit-ulcinj.com\/blog\/2011\/02\/17\/vesa-gati-per-dancing-with-the-stars\/","title":{"rendered":"Vesa gati p\u00ebr &#8211; Dancing with the stars"},"content":{"rendered":"<p><strong><a href=\"http:\/\/www.visit-ulcinj.com\/blog\/wp-content\/uploads\/2011\/02\/vesa-luma.jpg\"><img loading=\"lazy\" class=\"alignleft size-full wp-image-43500\" title=\"vesa luma\" src=\"http:\/\/www.visit-ulcinj.com\/blog\/wp-content\/uploads\/2011\/02\/vesa-luma.jpg\" alt=\"\" width=\"490\" height=\"647\" \/><\/a>Sot pritet t\u00eb nisin zyrtarisht provat p\u00ebr edicionin e dyt\u00eb t\u00eb \u201cDancing with the stars\u201d dhe nj\u00eb nga konkurrentet e k\u00ebtij edicioni do t\u00eb jet\u00eb edhe k\u00ebng\u00ebtarja nga Kosova, Vesa Luma. <\/strong><\/p>\n<p>Vesa tashm\u00eb ka shkuar t\u00eb jetoj\u00eb p\u00ebrkoh\u00ebsisht n\u00eb Tiran\u00eb dhe sapo ka filluar t\u00eb p\u00ebrgatitet p\u00ebr k\u00ebt\u00eb edicion. Vesa q\u00eb tani \u00ebsht\u00eb shprehur e emocionuar, por nd\u00ebrkoh\u00eb shprehet se do t\u2019i mungoj\u00eb shum\u00eb familja.<\/p>\n<p>\u201cI vetmi shqet\u00ebsim q\u00eb kam \u00ebsht\u00eb familja. Koh\u00ebt e fundit jam lidhur shum\u00eb me ta dhe preokupohem p\u00ebr \u00e7do gj\u00eb, ndoshta edhe m\u00eb shum\u00eb sesa duhet\u201d, tregon k\u00ebng\u00ebtarja.<\/p>\n<p>Sot, 15 shkurt, \u00ebsht\u00eb edhe dita kur provat p\u00ebr edicionin e dyt\u00eb t\u00eb k\u00ebtij kompeticioni nisin edhe zyrtarisht.<\/p>\n<p><strong>Vipat<br \/>\n<!--YouTube Error: bad URL entered--><\/strong><\/p>\n","protected":false},"excerpt":{"rendered":"<p>Sot pritet t\u00eb nisin zyrtarisht provat p\u00ebr edicionin e dyt\u00eb t\u00eb \u201cDancing with the stars\u201d dhe nj\u00eb nga konkurrentet e k\u00ebtij edicioni do t\u00eb jet\u00eb edhe k\u00ebng\u00ebtarja nga Kosova, Vesa Luma. Vesa tashm\u00eb ka shkuar t\u00eb jetoj\u00eb p\u00ebrkoh\u00ebsisht n\u00eb Tiran\u00eb dhe sapo ka filluar t\u00eb p\u00ebrgatitet p\u00ebr k\u00ebt\u00eb edicion. Vesa q\u00eb tani \u00ebsht\u00eb shprehur e [&hellip;]<\/p>\n","protected":false},"author":1,"featured_media":0,"comment_status":"open","ping_status":"closed","sticky":false,"template":"","format":"standard","meta":{"spay_email":"","jetpack_publicize_message":"","jetpack_is_tweetstorm":false,"jetpack_publicize_feature_enabled":true},"categories":[1],"tags":[5017],"jetpack_publicize_connections":[],"yoast_head":"<!-- This site is optimized with the Yoast SEO plugin v19.1 - https:\/\/yoast.com\/wordpress\/plugins\/seo\/ -->\n<title>Vesa gati p\u00ebr - Dancing with the stars - Lajme nga Ulqini<\/title>\n<meta name=\"description\" content=\"Sot pritet t\u00eb nisin zyrtarisht provat p\u00ebr edicionin e dyt\u00eb t\u00eb \u201cDancing with the stars\u201d dhe nj\u00eb nga konkurrentet e k\u00ebtij edicioni do t\u00eb jet\u00eb edhe\" \/>\n<meta name=\"robots\" content=\"index, follow, max-snippet:-1, max-image-preview:large, max-video-preview:-1\" \/>\n<link rel=\"canonical\" href=\"https:\/\/www.visit-ulcinj.com\/blog\/2011\/02\/17\/vesa-gati-per-dancing-with-the-stars\/\" \/>\n<meta property=\"og:locale\" content=\"en_US\" \/>\n<meta property=\"og:type\" content=\"article\" \/>\n<meta property=\"og:title\" content=\"Vesa gati p\u00ebr - Dancing with the stars - Lajme nga Ulqini\" \/>\n<meta property=\"og:description\" content=\"Sot pritet t\u00eb nisin zyrtarisht provat p\u00ebr edicionin e dyt\u00eb t\u00eb \u201cDancing with the stars\u201d dhe nj\u00eb nga konkurrentet e k\u00ebtij edicioni do t\u00eb jet\u00eb edhe\" \/>\n<meta property=\"og:url\" content=\"https:\/\/www.visit-ulcinj.com\/blog\/2011\/02\/17\/vesa-gati-per-dancing-with-the-stars\/\" \/>\n<meta property=\"og:site_name\" content=\"Lajme nga Ulqini\" \/>\n<meta property=\"article:published_time\" content=\"2011-02-17T08:21:17+00:00\" \/>\n<meta property=\"article:modified_time\" content=\"2011-02-17T08:21:38+00:00\" \/>\n<meta property=\"og:image\" content=\"http:\/\/www.visit-ulcinj.com\/blog\/wp-content\/uploads\/2011\/02\/vesa-luma.jpg\" \/>\n<meta name=\"twitter:label1\" content=\"Written by\" \/>\n\t<meta name=\"twitter:data1\" content=\"ulqini\" \/>\n\t<meta name=\"twitter:label2\" content=\"Est. reading time\" \/>\n\t<meta name=\"twitter:data2\" content=\"1 minute\" \/>\n<script type=\"application\/ld+json\" class=\"yoast-schema-graph\">{\"@context\":\"https:\/\/schema.org\",\"@graph\":[{\"@type\":\"WebSite\",\"@id\":\"https:\/\/www.visit-ulcinj.com\/blog\/#website\",\"url\":\"https:\/\/www.visit-ulcinj.com\/blog\/\",\"name\":\"Lajme nga Ulqini\",\"description\":\"Lajme,Vijesti,Ulqini,Ulqin,Crna Gora,Mali i Zi\",\"potentialAction\":[{\"@type\":\"SearchAction\",\"target\":{\"@type\":\"EntryPoint\",\"urlTemplate\":\"https:\/\/www.visit-ulcinj.com\/blog\/?s={search_term_string}\"},\"query-input\":\"required name=search_term_string\"}],\"inLanguage\":\"en-US\"},{\"@type\":\"ImageObject\",\"inLanguage\":\"en-US\",\"@id\":\"https:\/\/www.visit-ulcinj.com\/blog\/2011\/02\/17\/vesa-gati-per-dancing-with-the-stars\/#primaryimage\",\"url\":\"http:\/\/www.visit-ulcinj.com\/blog\/wp-content\/uploads\/2011\/02\/vesa-luma.jpg\",\"contentUrl\":\"http:\/\/www.visit-ulcinj.com\/blog\/wp-content\/uploads\/2011\/02\/vesa-luma.jpg\"},{\"@type\":\"WebPage\",\"@id\":\"https:\/\/www.visit-ulcinj.com\/blog\/2011\/02\/17\/vesa-gati-per-dancing-with-the-stars\/#webpage\",\"url\":\"https:\/\/www.visit-ulcinj.com\/blog\/2011\/02\/17\/vesa-gati-per-dancing-with-the-stars\/\",\"name\":\"Vesa gati p\u00ebr - Dancing with the stars - Lajme nga Ulqini\",\"isPartOf\":{\"@id\":\"https:\/\/www.visit-ulcinj.com\/blog\/#website\"},\"primaryImageOfPage\":{\"@id\":\"https:\/\/www.visit-ulcinj.com\/blog\/2011\/02\/17\/vesa-gati-per-dancing-with-the-stars\/#primaryimage\"},\"datePublished\":\"2011-02-17T08:21:17+00:00\",\"dateModified\":\"2011-02-17T08:21:38+00:00\",\"author\":{\"@id\":\"https:\/\/www.visit-ulcinj.com\/blog\/#\/schema\/person\/dcab619c614d3038751c63bc2aadc06d\"},\"description\":\"Sot pritet t\u00eb nisin zyrtarisht provat p\u00ebr edicionin e dyt\u00eb t\u00eb \u201cDancing with the stars\u201d dhe nj\u00eb nga konkurrentet e k\u00ebtij edicioni do t\u00eb jet\u00eb edhe\",\"breadcrumb\":{\"@id\":\"https:\/\/www.visit-ulcinj.com\/blog\/2011\/02\/17\/vesa-gati-per-dancing-with-the-stars\/#breadcrumb\"},\"inLanguage\":\"en-US\",\"potentialAction\":[{\"@type\":\"ReadAction\",\"target\":[\"https:\/\/www.visit-ulcinj.com\/blog\/2011\/02\/17\/vesa-gati-per-dancing-with-the-stars\/\"]}]},{\"@type\":\"BreadcrumbList\",\"@id\":\"https:\/\/www.visit-ulcinj.com\/blog\/2011\/02\/17\/vesa-gati-per-dancing-with-the-stars\/#breadcrumb\",\"itemListElement\":[{\"@type\":\"ListItem\",\"position\":1,\"name\":\"Vesa gati p\u00ebr &#8211; Dancing with the stars\"}]},{\"@type\":\"Person\",\"@id\":\"https:\/\/www.visit-ulcinj.com\/blog\/#\/schema\/person\/dcab619c614d3038751c63bc2aadc06d\",\"name\":\"ulqini\",\"sameAs\":[\"http:\/\/www.visit-ulcinj.com\"],\"url\":\"https:\/\/www.visit-ulcinj.com\/blog\/author\/admin\/\"}]}<\/script>\n<!-- \/ Yoast SEO plugin. -->","yoast_head_json":{"title":"Vesa gati p\u00ebr - Dancing with the stars - Lajme nga Ulqini","description":"Sot pritet t\u00eb nisin zyrtarisht provat p\u00ebr edicionin e dyt\u00eb t\u00eb \u201cDancing with the stars\u201d dhe nj\u00eb nga konkurrentet e k\u00ebtij edicioni do t\u00eb jet\u00eb edhe","robots":{"index":"index","follow":"follow","max-snippet":"max-snippet:-1","max-image-preview":"max-image-preview:large","max-video-preview":"max-video-preview:-1"},"canonical":"https:\/\/www.visit-ulcinj.com\/blog\/2011\/02\/17\/vesa-gati-per-dancing-with-the-stars\/","og_locale":"en_US","og_type":"article","og_title":"Vesa gati p\u00ebr - Dancing with the stars - Lajme nga Ulqini","og_description":"Sot pritet t\u00eb nisin zyrtarisht provat p\u00ebr edicionin e dyt\u00eb t\u00eb \u201cDancing with the stars\u201d dhe nj\u00eb nga konkurrentet e k\u00ebtij edicioni do t\u00eb jet\u00eb edhe","og_url":"https:\/\/www.visit-ulcinj.com\/blog\/2011\/02\/17\/vesa-gati-per-dancing-with-the-stars\/","og_site_name":"Lajme nga Ulqini","article_published_time":"2011-02-17T08:21:17+00:00","article_modified_time":"2011-02-17T08:21:38+00:00","og_image":[{"url":"http:\/\/www.visit-ulcinj.com\/blog\/wp-content\/uploads\/2011\/02\/vesa-luma.jpg"}],"twitter_misc":{"Written by":"ulqini","Est. reading time":"1 minute"},"schema":{"@context":"https:\/\/schema.org","@graph":[{"@type":"WebSite","@id":"https:\/\/www.visit-ulcinj.com\/blog\/#website","url":"https:\/\/www.visit-ulcinj.com\/blog\/","name":"Lajme nga Ulqini","description":"Lajme,Vijesti,Ulqini,Ulqin,Crna Gora,Mali i Zi","potentialAction":[{"@type":"SearchAction","target":{"@type":"EntryPoint","urlTemplate":"https:\/\/www.visit-ulcinj.com\/blog\/?s={search_term_string}"},"query-input":"required name=search_term_string"}],"inLanguage":"en-US"},{"@type":"ImageObject","inLanguage":"en-US","@id":"https:\/\/www.visit-ulcinj.com\/blog\/2011\/02\/17\/vesa-gati-per-dancing-with-the-stars\/#primaryimage","url":"http:\/\/www.visit-ulcinj.com\/blog\/wp-content\/uploads\/2011\/02\/vesa-luma.jpg","contentUrl":"http:\/\/www.visit-ulcinj.com\/blog\/wp-content\/uploads\/2011\/02\/vesa-luma.jpg"},{"@type":"WebPage","@id":"https:\/\/www.visit-ulcinj.com\/blog\/2011\/02\/17\/vesa-gati-per-dancing-with-the-stars\/#webpage","url":"https:\/\/www.visit-ulcinj.com\/blog\/2011\/02\/17\/vesa-gati-per-dancing-with-the-stars\/","name":"Vesa gati p\u00ebr - Dancing with the stars - Lajme nga Ulqini","isPartOf":{"@id":"https:\/\/www.visit-ulcinj.com\/blog\/#website"},"primaryImageOfPage":{"@id":"https:\/\/www.visit-ulcinj.com\/blog\/2011\/02\/17\/vesa-gati-per-dancing-with-the-stars\/#primaryimage"},"datePublished":"2011-02-17T08:21:17+00:00","dateModified":"2011-02-17T08:21:38+00:00","author":{"@id":"https:\/\/www.visit-ulcinj.com\/blog\/#\/schema\/person\/dcab619c614d3038751c63bc2aadc06d"},"description":"Sot pritet t\u00eb nisin zyrtarisht provat p\u00ebr edicionin e dyt\u00eb t\u00eb \u201cDancing with the stars\u201d dhe nj\u00eb nga konkurrentet e k\u00ebtij edicioni do t\u00eb jet\u00eb edhe","breadcrumb":{"@id":"https:\/\/www.visit-ulcinj.com\/blog\/2011\/02\/17\/vesa-gati-per-dancing-with-the-stars\/#breadcrumb"},"inLanguage":"en-US","potentialAction":[{"@type":"ReadAction","target":["https:\/\/www.visit-ulcinj.com\/blog\/2011\/02\/17\/vesa-gati-per-dancing-with-the-stars\/"]}]},{"@type":"BreadcrumbList","@id":"https:\/\/www.visit-ulcinj.com\/blog\/2011\/02\/17\/vesa-gati-per-dancing-with-the-stars\/#breadcrumb","itemListElement":[{"@type":"ListItem","position":1,"name":"Vesa gati p\u00ebr &#8211; Dancing with the stars"}]},{"@type":"Person","@id":"https:\/\/www.visit-ulcinj.com\/blog\/#\/schema\/person\/dcab619c614d3038751c63bc2aadc06d","name":"ulqini","sameAs":["http:\/\/www.visit-ulcinj.com"],"url":"https:\/\/www.visit-ulcinj.com\/blog\/author\/admin\/"}]}},"jetpack_featured_media_url":"","jetpack_sharing_enabled":true,"jetpack_shortlink":"https:\/\/wp.me\/pe6lTn-bjB","_links":{"self":[{"href":"https:\/\/www.visit-ulcinj.com\/blog\/wp-json\/wp\/v2\/posts\/43499"}],"collection":[{"href":"https:\/\/www.visit-ulcinj.com\/blog\/wp-json\/wp\/v2\/posts"}],"about":[{"href":"https:\/\/www.visit-ulcinj.com\/blog\/wp-json\/wp\/v2\/types\/post"}],"author":[{"embeddable":true,"href":"https:\/\/www.visit-ulcinj.com\/blog\/wp-json\/wp\/v2\/users\/1"}],"replies":[{"embeddable":true,"href":"https:\/\/www.visit-ulcinj.com\/blog\/wp-json\/wp\/v2\/comments?post=43499"}],"version-history":[{"count":0,"href":"https:\/\/www.visit-ulcinj.com\/blog\/wp-json\/wp\/v2\/posts\/43499\/revisions"}],"wp:attachment":[{"href":"https:\/\/www.visit-ulcinj.com\/blog\/wp-json\/wp\/v2\/media?parent=43499"}],"wp:term":[{"taxonomy":"category","embeddable":true,"href":"https:\/\/www.visit-ulcinj.com\/blog\/wp-json\/wp\/v2\/categories?post=43499"},{"taxonomy":"post_tag","embeddable":true,"href":"https:\/\/www.visit-ulcinj.com\/blog\/wp-json\/wp\/v2\/tags?post=43499"}],"curies":[{"name":"wp","href":"https:\/\/api.w.org\/{rel}","templated":true}]}}