{"id":435,"date":"2008-02-08T13:45:42","date_gmt":"2008-02-08T18:45:42","guid":{"rendered":"http:\/\/www.visit-ulcinj.com\/blog\/2008\/02\/08\/od-turizma-pola-milijarde\/"},"modified":"2008-02-12T14:16:01","modified_gmt":"2008-02-12T19:16:01","slug":"od-turizma-pola-milijarde","status":"publish","type":"post","link":"https:\/\/www.visit-ulcinj.com\/blog\/2008\/02\/08\/od-turizma-pola-milijarde\/","title":{"rendered":"Od turizma pola milijarde"},"content":{"rendered":"<p><img loading=\"lazy\" src=\"http:\/\/www.vijesti.cg.yu\/vijesti_old\/slike\/260883.jpg\" align=\"left\" height=\"170\" width=\"125\" \/>Budva &#8211; Ministar turizma i za\u0161tite \u017eivotne sredine Predrag Nenezi? kazao je ju?e da o?ekuje da ?e Crna Gora ove godine od turizma zaraditi 550 miliona eura, 14,5 odsto vi\u0161e nego lani, i ugostiti 1,3 miliona turista.<br \/>\nOtvaraju?i 17. Me?unarodnu berzu i sajam turizma, opreme za hotelijerstvo i ugostiteljstvo &#8211; METUBES, Nenezi? je kazao da je trenutni imid\u017e Crne Gore &#8220;nikad bolji&#8221;.<br \/>\n&#8211; Zadovoljstvo \u0161to se berza odr\u017eava po?etkom februara, mjesec dana ranije nego lani, a to se moglo i o?ekivati nakon uspje\u0161ne sezone kakva je<!--more--> rekordna 2007. sa kojom ?e se upore?ivati sve sljede?e. Nadam se da ?emo i svake naredne osvarivati bolje rezultate- kazao je Nenezi?.<br \/>\nOn je ocijenio da tako dobre rezultate ne bi bilo mogu?e ostvariti bez ?vrste saradnje javnog i privatnog sektora.<br \/>\n&#8211; To je novi kvalitet koji smo dobili proteklih godina i pravi recept za ubudu?e. Javno privatno partnerstvo je budu?nost Crne Gore. Imamo sve vi\u0161e izazova i sa njima se hvatamo u ko\u0161tac. Pripreme za ovu turisti?ku sezonu po?ele su ve? krajem septembra pro\u0161le godine, tako da mo\u017eemo ra?unati na znatno unaprije?enu komunalnu infrastrukturu, na ve?i broj hotelskih kapaciteta i na jedan broj modernizovanih postoje?ih hotelskih kapaciteta, kao i na razvnovrsniju ponudu na primorju i planinama. Ovo ?e biti godina kada ?emo se truditi da jo\u0161 vi\u0161e promovi\u0161emo na\u0161e potencijale u centralnom i sjevernom dijelu Crne Gore i godina kada ra?unamo da ?emo stvoriti mnogo vi\u0161e radnih mjesta u turizmu nego \u0161to to je bilo svih ranijih godina &#8211; naglasio je Nenezi?.<br \/>\nOn o?ekuje da ?e Crnu Goru ove godine posjetiti 1,1 milion inostranih gostiju, te da ?e biti ostvareno osam miliona no?enja.<br \/>\n&#8211; U saobra?ajnu infrastrukturu bi?e ulo\u017eeno 15 miliona eura. U naredne tri godine o?ekujemo da ?e u pobolj\u0161anje saobra?ajnica biti ulo\u017eeno 143 miliona eura. Projekat regionalnog vodosnabdijevanja bi?e zavr\u0161en do 2010. godine, a poku\u0161avamo da taj rok skratimo za godinu. U naredne 4,5 godina u rje\u0161avanje problema otpadnih voda bi?e ulo\u017eeno 45 miliona eura, kada o?ekujemo da ?e u svim primorskim op\u0161tinama, izuzev Ulcinja, biti postavljena postrojenja &#8211; kazao je Nenezi?.<br \/>\nMenad\u017eer Op\u0161tine Budva Aleksandar Ti?i? naveo je da Budva kao metropola turizma zaslu\u017euje me?unarodnu berzu, te da ?e lokalna uprava podr\u017eavati njeno odganizovanje.<br \/>\nIzvr\u0161ni direktor Jadranskog sajma Rajko Bujkovi? kazao je da je rije? o izuzetno uspje\u0161noj sajamskoj manifestaciji na kojoj se predstavilo vi\u0161e od 300 izlaga?a iz Italije, Njema?ke, Srbije, Slovenije, SAD, \u0160vedske, Hrvatske i Crne Gore.<br \/>\nNa berzi ?e biti odr\u017ean Festival turisti?kih komunikacija koji ?e se odvijati u ?etiri kategorije i to turisti?ki prospekt, oglas, web site i turisti?ka fotografija. Bi?e organizovana i berza privatnog smje\u0161taja, organizovano dr\u017eavno takmi?enje u ugostiteljstvu, Prolje?ni koktel festival Crne Gore, te brojni okrugli stolovi, prezentacije i diskusije na aktuelne teme iz oblasti turizma. Turisti?ka organizacija Budve ve?eras ispred zidina grada organizuje i koncert sarajevskog pop benda &#8220;Crvena jabuka&#8221;.<\/p>\n<p>V.L.<\/p>\n<p><strong>STOP &#8220;PARADAJZ TURIZMU&#8221;<\/strong><\/p>\n<p>Ministar turizma je kazao da je Skup\u0161tina usvojila Zakon o bezbjednosti hrane kojim je predvi?eno da se individualno ne?e mo?i unositi ve?e koli?ine hrane od onih koje su propisane.<br \/>\n-To je jedan elemenat zbog kojeg moramo dobro komunicirati sa kolegama iz regiona kako se ne bi u sezoni javljali problemi zbog nepoznavanja propisa. Kao \u0161to je to slu?aj sa Njema?kom ili Hrvatskom, gdje ne mo\u017eete unijeti pr\u0161utu, jer ?ete platiti kaznu od 300 eura, ili ve?u koli?inu vina od dvije fla\u0161e, ni u Crnu Goru se ne?e mo?i unositi hrana. To je veoma va\u017eno jer ?emo na taj na?in za\u0161titi na\u0161e turiste jer je bilo dosta problema sa hranom koja se prevozila u kombijima, automobilima na temperaturama od vi\u0161e od 40 stepeni, \u0161to je donosilo velike probleme. Jo\u0161 jedna novost koju uvodimo su eko naknade, koje ?e pla?ati i gra?ani Crne Gore, a i turisti koji ?e svojim vozilima do?i u Crnu Goru. Morali smo donijeti takav propis s obzirom da smo dobili podatke da je zaga?enje ugljen dioksidom 26 puta ljeti ve?i nego u zimskom periodu, posebno u turisti?kim op\u0161tinama &#8211; kazao je Nenezi?.<br \/>\nOn je kazao da ?e novac dobijen od eko naknada biti ulagan u razne ekolo\u0161ke projekte koji ?e doprinijeti boljem o?uvanju \u017eivotne sredine.<\/p>\n","protected":false},"excerpt":{"rendered":"<p><img loading=\"lazy\" src=\"http:\/\/www.vijesti.cg.yu\/vijesti_old\/slike\/260883.jpg\" height=\"140\" width=\"140\" \/><\/p>\n","protected":false},"author":1,"featured_media":0,"comment_status":"open","ping_status":"closed","sticky":false,"template":"","format":"standard","meta":{"spay_email":"","jetpack_publicize_message":"","jetpack_is_tweetstorm":false,"jetpack_publicize_feature_enabled":true},"categories":[15],"tags":[],"jetpack_publicize_connections":[],"yoast_head":"<!-- This site is optimized with the Yoast SEO plugin v19.1 - https:\/\/yoast.com\/wordpress\/plugins\/seo\/ -->\n<title>Od turizma pola milijarde - Lajme nga Ulqini<\/title>\n<meta name=\"robots\" content=\"index, follow, max-snippet:-1, max-image-preview:large, max-video-preview:-1\" \/>\n<link rel=\"canonical\" href=\"https:\/\/www.visit-ulcinj.com\/blog\/2008\/02\/08\/od-turizma-pola-milijarde\/\" \/>\n<meta property=\"og:locale\" content=\"en_US\" \/>\n<meta property=\"og:type\" content=\"article\" \/>\n<meta property=\"og:title\" content=\"Od turizma pola milijarde - Lajme nga Ulqini\" \/>\n<meta property=\"og:url\" content=\"https:\/\/www.visit-ulcinj.com\/blog\/2008\/02\/08\/od-turizma-pola-milijarde\/\" \/>\n<meta property=\"og:site_name\" content=\"Lajme nga Ulqini\" \/>\n<meta property=\"article:published_time\" content=\"2008-02-08T18:45:42+00:00\" \/>\n<meta property=\"article:modified_time\" content=\"2008-02-12T19:16:01+00:00\" \/>\n<meta property=\"og:image\" content=\"http:\/\/www.vijesti.cg.yu\/vijesti_old\/slike\/260883.jpg\" \/>\n<meta name=\"twitter:label1\" content=\"Written by\" \/>\n\t<meta name=\"twitter:data1\" content=\"ulqini\" \/>\n\t<meta name=\"twitter:label2\" content=\"Est. reading time\" \/>\n\t<meta name=\"twitter:data2\" content=\"4 minutes\" \/>\n<script type=\"application\/ld+json\" class=\"yoast-schema-graph\">{\"@context\":\"https:\/\/schema.org\",\"@graph\":[{\"@type\":\"WebSite\",\"@id\":\"https:\/\/www.visit-ulcinj.com\/blog\/#website\",\"url\":\"https:\/\/www.visit-ulcinj.com\/blog\/\",\"name\":\"Lajme nga Ulqini\",\"description\":\"Lajme,Vijesti,Ulqini,Ulqin,Crna Gora,Mali i Zi\",\"potentialAction\":[{\"@type\":\"SearchAction\",\"target\":{\"@type\":\"EntryPoint\",\"urlTemplate\":\"https:\/\/www.visit-ulcinj.com\/blog\/?s={search_term_string}\"},\"query-input\":\"required name=search_term_string\"}],\"inLanguage\":\"en-US\"},{\"@type\":\"ImageObject\",\"inLanguage\":\"en-US\",\"@id\":\"https:\/\/www.visit-ulcinj.com\/blog\/2008\/02\/08\/od-turizma-pola-milijarde\/#primaryimage\",\"url\":\"http:\/\/www.vijesti.cg.yu\/vijesti_old\/slike\/260883.jpg\",\"contentUrl\":\"http:\/\/www.vijesti.cg.yu\/vijesti_old\/slike\/260883.jpg\"},{\"@type\":\"WebPage\",\"@id\":\"https:\/\/www.visit-ulcinj.com\/blog\/2008\/02\/08\/od-turizma-pola-milijarde\/#webpage\",\"url\":\"https:\/\/www.visit-ulcinj.com\/blog\/2008\/02\/08\/od-turizma-pola-milijarde\/\",\"name\":\"Od turizma pola milijarde - Lajme nga Ulqini\",\"isPartOf\":{\"@id\":\"https:\/\/www.visit-ulcinj.com\/blog\/#website\"},\"primaryImageOfPage\":{\"@id\":\"https:\/\/www.visit-ulcinj.com\/blog\/2008\/02\/08\/od-turizma-pola-milijarde\/#primaryimage\"},\"datePublished\":\"2008-02-08T18:45:42+00:00\",\"dateModified\":\"2008-02-12T19:16:01+00:00\",\"author\":{\"@id\":\"https:\/\/www.visit-ulcinj.com\/blog\/#\/schema\/person\/dcab619c614d3038751c63bc2aadc06d\"},\"breadcrumb\":{\"@id\":\"https:\/\/www.visit-ulcinj.com\/blog\/2008\/02\/08\/od-turizma-pola-milijarde\/#breadcrumb\"},\"inLanguage\":\"en-US\",\"potentialAction\":[{\"@type\":\"ReadAction\",\"target\":[\"https:\/\/www.visit-ulcinj.com\/blog\/2008\/02\/08\/od-turizma-pola-milijarde\/\"]}]},{\"@type\":\"BreadcrumbList\",\"@id\":\"https:\/\/www.visit-ulcinj.com\/blog\/2008\/02\/08\/od-turizma-pola-milijarde\/#breadcrumb\",\"itemListElement\":[{\"@type\":\"ListItem\",\"position\":1,\"name\":\"Od turizma pola milijarde\"}]},{\"@type\":\"Person\",\"@id\":\"https:\/\/www.visit-ulcinj.com\/blog\/#\/schema\/person\/dcab619c614d3038751c63bc2aadc06d\",\"name\":\"ulqini\",\"sameAs\":[\"http:\/\/www.visit-ulcinj.com\"],\"url\":\"https:\/\/www.visit-ulcinj.com\/blog\/author\/admin\/\"}]}<\/script>\n<!-- \/ Yoast SEO plugin. -->","yoast_head_json":{"title":"Od turizma pola milijarde - Lajme nga Ulqini","robots":{"index":"index","follow":"follow","max-snippet":"max-snippet:-1","max-image-preview":"max-image-preview:large","max-video-preview":"max-video-preview:-1"},"canonical":"https:\/\/www.visit-ulcinj.com\/blog\/2008\/02\/08\/od-turizma-pola-milijarde\/","og_locale":"en_US","og_type":"article","og_title":"Od turizma pola milijarde - Lajme nga Ulqini","og_url":"https:\/\/www.visit-ulcinj.com\/blog\/2008\/02\/08\/od-turizma-pola-milijarde\/","og_site_name":"Lajme nga Ulqini","article_published_time":"2008-02-08T18:45:42+00:00","article_modified_time":"2008-02-12T19:16:01+00:00","og_image":[{"url":"http:\/\/www.vijesti.cg.yu\/vijesti_old\/slike\/260883.jpg"}],"twitter_misc":{"Written by":"ulqini","Est. reading time":"4 minutes"},"schema":{"@context":"https:\/\/schema.org","@graph":[{"@type":"WebSite","@id":"https:\/\/www.visit-ulcinj.com\/blog\/#website","url":"https:\/\/www.visit-ulcinj.com\/blog\/","name":"Lajme nga Ulqini","description":"Lajme,Vijesti,Ulqini,Ulqin,Crna Gora,Mali i Zi","potentialAction":[{"@type":"SearchAction","target":{"@type":"EntryPoint","urlTemplate":"https:\/\/www.visit-ulcinj.com\/blog\/?s={search_term_string}"},"query-input":"required name=search_term_string"}],"inLanguage":"en-US"},{"@type":"ImageObject","inLanguage":"en-US","@id":"https:\/\/www.visit-ulcinj.com\/blog\/2008\/02\/08\/od-turizma-pola-milijarde\/#primaryimage","url":"http:\/\/www.vijesti.cg.yu\/vijesti_old\/slike\/260883.jpg","contentUrl":"http:\/\/www.vijesti.cg.yu\/vijesti_old\/slike\/260883.jpg"},{"@type":"WebPage","@id":"https:\/\/www.visit-ulcinj.com\/blog\/2008\/02\/08\/od-turizma-pola-milijarde\/#webpage","url":"https:\/\/www.visit-ulcinj.com\/blog\/2008\/02\/08\/od-turizma-pola-milijarde\/","name":"Od turizma pola milijarde - Lajme nga Ulqini","isPartOf":{"@id":"https:\/\/www.visit-ulcinj.com\/blog\/#website"},"primaryImageOfPage":{"@id":"https:\/\/www.visit-ulcinj.com\/blog\/2008\/02\/08\/od-turizma-pola-milijarde\/#primaryimage"},"datePublished":"2008-02-08T18:45:42+00:00","dateModified":"2008-02-12T19:16:01+00:00","author":{"@id":"https:\/\/www.visit-ulcinj.com\/blog\/#\/schema\/person\/dcab619c614d3038751c63bc2aadc06d"},"breadcrumb":{"@id":"https:\/\/www.visit-ulcinj.com\/blog\/2008\/02\/08\/od-turizma-pola-milijarde\/#breadcrumb"},"inLanguage":"en-US","potentialAction":[{"@type":"ReadAction","target":["https:\/\/www.visit-ulcinj.com\/blog\/2008\/02\/08\/od-turizma-pola-milijarde\/"]}]},{"@type":"BreadcrumbList","@id":"https:\/\/www.visit-ulcinj.com\/blog\/2008\/02\/08\/od-turizma-pola-milijarde\/#breadcrumb","itemListElement":[{"@type":"ListItem","position":1,"name":"Od turizma pola milijarde"}]},{"@type":"Person","@id":"https:\/\/www.visit-ulcinj.com\/blog\/#\/schema\/person\/dcab619c614d3038751c63bc2aadc06d","name":"ulqini","sameAs":["http:\/\/www.visit-ulcinj.com"],"url":"https:\/\/www.visit-ulcinj.com\/blog\/author\/admin\/"}]}},"jetpack_featured_media_url":"","jetpack_sharing_enabled":true,"jetpack_shortlink":"https:\/\/wp.me\/pe6lTn-71","_links":{"self":[{"href":"https:\/\/www.visit-ulcinj.com\/blog\/wp-json\/wp\/v2\/posts\/435"}],"collection":[{"href":"https:\/\/www.visit-ulcinj.com\/blog\/wp-json\/wp\/v2\/posts"}],"about":[{"href":"https:\/\/www.visit-ulcinj.com\/blog\/wp-json\/wp\/v2\/types\/post"}],"author":[{"embeddable":true,"href":"https:\/\/www.visit-ulcinj.com\/blog\/wp-json\/wp\/v2\/users\/1"}],"replies":[{"embeddable":true,"href":"https:\/\/www.visit-ulcinj.com\/blog\/wp-json\/wp\/v2\/comments?post=435"}],"version-history":[{"count":0,"href":"https:\/\/www.visit-ulcinj.com\/blog\/wp-json\/wp\/v2\/posts\/435\/revisions"}],"wp:attachment":[{"href":"https:\/\/www.visit-ulcinj.com\/blog\/wp-json\/wp\/v2\/media?parent=435"}],"wp:term":[{"taxonomy":"category","embeddable":true,"href":"https:\/\/www.visit-ulcinj.com\/blog\/wp-json\/wp\/v2\/categories?post=435"},{"taxonomy":"post_tag","embeddable":true,"href":"https:\/\/www.visit-ulcinj.com\/blog\/wp-json\/wp\/v2\/tags?post=435"}],"curies":[{"name":"wp","href":"https:\/\/api.w.org\/{rel}","templated":true}]}}