{"id":43511,"date":"2011-02-17T10:16:15","date_gmt":"2011-02-17T09:16:15","guid":{"rendered":"http:\/\/www.visit-ulcinj.com\/blog\/?p=43511"},"modified":"2011-02-17T10:16:15","modified_gmt":"2011-02-17T09:16:15","slug":"politika-zhvillimi-ekonomik-dhe-shpirteror","status":"publish","type":"post","link":"https:\/\/www.visit-ulcinj.com\/blog\/2011\/02\/17\/politika-zhvillimi-ekonomik-dhe-shpirteror\/","title":{"rendered":"Politika, zhvillimi ekonomik dhe shpirt\u00ebror"},"content":{"rendered":"<p><a href=\"http:\/\/www.visit-ulcinj.com\/blog\/wp-content\/uploads\/2011\/02\/unemployment.jpg\"><img loading=\"lazy\" class=\"alignleft size-full wp-image-43512\" title=\"unemployment\" src=\"http:\/\/www.visit-ulcinj.com\/blog\/wp-content\/uploads\/2011\/02\/unemployment.jpg\" alt=\"\" width=\"508\" height=\"380\" srcset=\"https:\/\/www.visit-ulcinj.com\/blog\/wp-content\/uploads\/2011\/02\/unemployment.jpg 640w, https:\/\/www.visit-ulcinj.com\/blog\/wp-content\/uploads\/2011\/02\/unemployment-300x225.jpg 300w\" sizes=\"(max-width: 508px) 100vw, 508px\" \/><\/a><strong>Rruga e humbur<\/strong><\/p>\n<p>Bota e zhvilluar per\u00ebndimore e bazon\u00a0gjith\u00e7ka n\u00eb pun\u00eb. Si zhvillimin material,\u00a0ashtu edhe at\u00eb shpirt\u00ebror. Ashtu ka qen\u00eb\u00a0gjith\u00ebher\u00eb dhe kudo gjat\u00eb zhvillimit t\u00eb\u00a0gjat\u00eb historik, dhe k\u00ebt\u00eb nuk e ndryshon\u00a0asgj\u00eb.<br \/>\nN\u00ebse hedhim nj\u00eb v\u00ebshtrim tek ne n\u00eb Ballkanin\u00a0Per\u00ebndimor, tashti jo aq t\u00eb trazuar,\u00a0mund t\u00eb arrijm\u00eb n\u00eb p\u00ebrfundimin q\u00eb kjo\u00a0nuk q\u00ebndron. Sidomos tek ne, n\u00eb trevat\u00a0shqiptare, e ve\u00e7an\u00ebrisht tek shqiptar\u00ebt n\u00eb\u00a0Mal t\u00eb Zi. Sikur ky rregull aq i qart\u00eb dhe\u00a0nj\u00ebkoh\u00ebsisht edhe dometh\u00ebn\u00ebs dhe vendimtar\u00a0nuk vlen te ne, qoft\u00eb sa i p\u00ebrket\u00a0\u00e7\u00ebshtjeve ekonomike ashtu edhe atyre\u00a0shpirt\u00ebrore.\u00a0N\u00eb aksionet dhe vendimet tona ekonomike\u00a0v\u00ebrehet sip\u00ebrfaq\u00ebsia, t\u00eb pa q\u00eblluara\u00a0marrja e vendimeve joadekuate dhe\u00a0t\u00eb vendosura, si dhe nj\u00eb mend\u00ebsi e jona\u00a0q\u00eb edhe me pak pun\u00eb, mund t\u00eb arrihet\u00a0shum\u00eb. Normalisht, kjo nuk \u00ebsht\u00eb e sakt\u00eb,\u00a0as si q\u00ebndrim e as si veprim. Andaj ndodhemi\u00a0n\u00eb k\u00ebt\u00eb pozit\u00eb q\u00eb jemi, q\u00eb viset shqiptare\u00a0jan\u00eb m\u00eb pak t\u00eb zhvilluara dhe me\u00a0shum\u00eb pak ose fare pak investime, si dhe\u00a0ekziston nj\u00eb situat\u00eb e v\u00ebshtir\u00eb ekonomike\u00a0e popullsis\u00eb.<br \/>\nTa l\u00ebm\u00eb anash n\u00ebse kjo \u00ebsht\u00eb\u00a0p\u00ebr shkak t\u00eb \u201cmosv\u00ebnies\u201d dor\u00eb t\u00eb shtetit\u00a0apo munges\u00ebs s\u00eb entuziazmi, ideve dhe\u00a0iniciativ\u00ebs ton\u00eb, e cila duhet t\u00eb jet\u00eb shtys\u00eb\u00a0dhe bart\u00ebse e gjith\u00e7kaje pozitive n\u00eb nj\u00eb\u00a0mjedis.\u00a0Pasi q\u00eb tek ne nga politika ende varet\u00a0edhe ekonomia e nj\u00eb rajoni apo shteti,\u00a0\u00ebsht\u00eb e qart\u00eb q\u00eb veprimi apo mosveprimi\u00a0politik ka pasoja serioze edhe n\u00eb jet\u00ebn\u00a0ekonomike dhe shpirt\u00ebrore, si dhe te t\u00eb\u00a0gjitha l\u00ebmit\u00eb n\u00eb viset shqiptare n\u00eb Mal\u00a0t\u00eb Zi. \u00cbsht\u00eb sinjifikative nganj\u00ebher\u00eb mosinventiviteti\u00a0dhe mosnd\u00ebrmarrja e veprimeve\u00a0t\u00eb q\u00eblluara politike e politikan\u00ebve\u00a0tan\u00eb, t\u00eb cilat pastaj kan\u00eb pasoja serioze materiale e pastaj edhe shpirt\u00ebrore n\u00eb\u00a0vet\u00eb popullsin\u00eb.<br \/>\nEdhe politikani \u00ebsht\u00eb njeri. Andaj, edhe ai\u00a0\u00ebsht\u00eb i prirur nga joshjet aq \u201cnormale\u201d tek\u00a0viset tona, por tek ai pasojat jan\u00eb m\u00eb t\u00eb\u00a0r\u00ebnda dhe me reperkusione m\u00eb serioze p\u00ebr\u00a0popullsin\u00eb dhe p\u00ebr t\u00eb ardhmen e brezave\u00a0t\u00eb ardhsh\u00ebm. Mungesa e p\u00ebrgjegj\u00ebsis\u00eb\u00a0dhe t\u00eb t\u00eb vet\u00ebkuptuarit t\u00eb termit politikan\u00a0apo \u201cp\u00ebrfaq\u00ebsues i popullit\u201d nga\u00a0vet\u00eb njer\u00ebzit q\u00eb jan\u00eb n\u00eb k\u00ebt\u00eb profesion,\u00a0shkakton nj\u00eb mosbesim, mosiniciativ\u00eb\u00a0dhe demoralizim tek shtresat e popullit.\u00a0P\u00ebrgjegjshm\u00ebria ndaj popullit apo ndaj\u00a0\u201celektoratit\u201d \u00ebsht\u00eb ky\u00e7e dhe thelb\u00ebsore n\u00eb\u00a0k\u00ebt\u00eb mes dhe sintagma e shpeshp\u00ebrdorur\u00a0n\u00eb popull se \u201cfjal\u00ebt i merr era\u201d, nuk duhet\u00a0t\u00eb q\u00ebndroj\u00eb, bile as t\u00eb mendohet, pasi q\u00eb\u00a0kemi t\u00eb b\u00ebjm\u00eb me nj\u00eb pjes\u00eb t\u00eb kombit, i\u00a0cili ende lufton p\u00ebr identitetin e vet dhe\u00a0p\u00ebr t\u00eb vet\u00ebkuptuarit dhe t\u00eb vetekzistuarit\u00a0si pjes\u00eb e nj\u00eb kombi i cili nuk \u00ebsht\u00eb i vog\u00ebl\u00a0n\u00eb rajon. Andaj, edhe vendimet e \u201cprij\u00ebsve\u00a0t\u00eb popullit\u201d jan\u00eb m\u00eb me pesh\u00eb, m\u00eb serioze\u00a0dhe me pasoja afatgjate. Mosiniciativa\u00a0p\u00ebr zhvillim m\u00eb t\u00eb qen\u00ebsish\u00ebm ekonomik\u00a0dhe me at\u00eb edhe shpirt\u00ebror, sjell papun\u00ebsi\u00a0m\u00eb t\u00eb madhe, varf\u00ebri dhe mosperspektiv\u00eb\u00a0zhvillimore e me t\u00eb edhe at\u00eb shpirt\u00ebrore.\u00a0Pasi q\u00eb kur humbet identiteti dhe pavar\u00ebsia\u00a0ekonomike, nj\u00eb hap i af\u00ebrt \u00ebsht\u00eb q\u00eb\u00a0t\u00eb humbet edhe identiteti dhe pavar\u00ebsia\u00a0shpirt\u00ebrore.<br \/>\nE me t\u00eb humbet edhe qen\u00ebsia\u00a0e p\u00ebrkat\u00ebsis\u00eb dhe identiteti me t\u00eb gjitha\u00a0elementet dhe variantet e veta.\u00a0Andaj p\u00ebrgjegj\u00ebsia m\u00eb e madhe \u00ebsht\u00eb tek\u00a0politikan\u00ebt. Ata duhet t\u00eb jen\u00eb pararoja e\u00a0mbrojtjes dhe shtys\u00eb inventive e zhvillimit,\u00a0s\u00eb pari ekonomik e pastaj edhe shpirt\u00ebror\u00a0t\u00eb popullit. N\u00ebse politikan\u00ebt edhe m\u00eb tej\u00a0vazhdojn\u00eb si deri m\u00eb tash, duke mos pasur\u00a0iniciativ\u00eb zhvillimore, do t\u00eb arrijm\u00eb n\u00eb situat\u00eb\u00a0edhe m\u00eb t\u00eb v\u00ebshtir\u00eb, si n\u00eb kultur\u00eb, arsim\u00a0dhe n\u00eb shum\u00eb l\u00ebmi t\u00eb tjera. Kjo shtres\u00eb\u00a0e popullsis\u00eb, e cila duhet t\u00eb jet\u00eb bart\u00ebse\u00a0e iniciativave, duhet t\u00eb nd\u00ebrgjegj\u00ebsohet\u00a0dhe ta drejtoj\u00eb energjin\u00eb dhe veprimin e\u00a0vet drejt kahjeve pozitive, drejt kahjeve t\u00eb\u00a0zhvillimit ekonomik dhe shpirt\u00ebror t\u00eb popullit\u00a0t\u00eb vet. N\u00ebse e b\u00ebn\u00eb k\u00ebt\u00eb, populli do\u00a0ta ndjej\u00eb at\u00eb dhe do t\u2019i jap\u00eb p\u00ebrkrahjen e\u00a0duhur dhe do t\u00eb rifitoj\u00eb besimin n\u00eb ta dhe\u00a0n\u00eb perspektiv\u00ebn e vet t\u00eb t\u00eb ekzistuarit si\u00a0entitet, si pjes\u00eb e kombit m\u00eb t\u00eb vjet\u00ebr n\u00eb\u00a0Ballkan dhe nd\u00ebr m\u00eb t\u00eb vjetrit n\u00eb Europ\u00eb,\u00a0me tradita t\u00eb shk\u00eblqyera ekonomike, kulturore\u00a0dhe shpirt\u00ebrore. Andaj politikan\u00ebt\u00a0duhet t\u00eb zgjohen nga gjumi dhe t\u00eb z\u00ebn\u00eb\u00a0vendin e vet t\u00eb merituar si p\u00ebrfaq\u00ebsues t\u00eb\u00a0denj\u00eb t\u00eb popullit t\u00eb vet. K\u00ebt\u00eb populli me\u00a0verdiktin e vet ua ka dh\u00ebn\u00eb, por pret nga\u00a0ata q\u00eb t\u00eb jen\u00eb t\u00eb denj\u00eb n\u00eb p\u00ebrfaq\u00ebsimin e\u00a0tyre dhe t\u00eb plot\u00ebsimit t\u00eb k\u00ebrkesave dhe\u00a0d\u00ebshirave t\u00eb tij pa ekuivoke.<\/p>\n<p><strong>Enver Mollabeqiri \u2013 Eno<br \/>\nKoha Javore<\/strong><\/p>\n","protected":false},"excerpt":{"rendered":"<p>Rruga e humbur Bota e zhvilluar per\u00ebndimore e bazon\u00a0gjith\u00e7ka n\u00eb pun\u00eb. Si zhvillimin material,\u00a0ashtu edhe at\u00eb shpirt\u00ebror. Ashtu ka qen\u00eb\u00a0gjith\u00ebher\u00eb dhe kudo gjat\u00eb zhvillimit t\u00eb\u00a0gjat\u00eb historik, dhe k\u00ebt\u00eb nuk e ndryshon\u00a0asgj\u00eb. N\u00ebse hedhim nj\u00eb v\u00ebshtrim tek ne n\u00eb Ballkanin\u00a0Per\u00ebndimor, tashti jo aq t\u00eb trazuar,\u00a0mund t\u00eb arrijm\u00eb n\u00eb p\u00ebrfundimin q\u00eb kjo\u00a0nuk q\u00ebndron. Sidomos tek ne, n\u00eb [&hellip;]<\/p>\n","protected":false},"author":1,"featured_media":0,"comment_status":"open","ping_status":"closed","sticky":false,"template":"","format":"standard","meta":{"spay_email":"","jetpack_publicize_message":"","jetpack_is_tweetstorm":false,"jetpack_publicize_feature_enabled":true},"categories":[12],"tags":[17356,17357,18],"jetpack_publicize_connections":[],"yoast_head":"<!-- This site is optimized with the Yoast SEO plugin v19.1 - https:\/\/yoast.com\/wordpress\/plugins\/seo\/ -->\n<title>Politika, zhvillimi ekonomik dhe shpirt\u00ebror - Lajme nga Ulqini<\/title>\n<meta name=\"description\" content=\"Rruga e humbur Bota e zhvilluar per\u00ebndimore e bazon\u00a0gjith\u00e7ka n\u00eb pun\u00eb. Si zhvillimin material,\u00a0ashtu edhe at\u00eb shpirt\u00ebror. Ashtu ka qen\u00eb\u00a0gjith\u00ebher\u00eb dhe kudo\" \/>\n<meta name=\"robots\" content=\"index, follow, max-snippet:-1, max-image-preview:large, max-video-preview:-1\" \/>\n<link rel=\"canonical\" href=\"https:\/\/www.visit-ulcinj.com\/blog\/2011\/02\/17\/politika-zhvillimi-ekonomik-dhe-shpirteror\/\" \/>\n<meta property=\"og:locale\" content=\"en_US\" \/>\n<meta property=\"og:type\" content=\"article\" \/>\n<meta property=\"og:title\" content=\"Politika, zhvillimi ekonomik dhe shpirt\u00ebror - Lajme nga Ulqini\" \/>\n<meta property=\"og:description\" content=\"Rruga e humbur Bota e zhvilluar per\u00ebndimore e bazon\u00a0gjith\u00e7ka n\u00eb pun\u00eb. Si zhvillimin material,\u00a0ashtu edhe at\u00eb shpirt\u00ebror. Ashtu ka qen\u00eb\u00a0gjith\u00ebher\u00eb dhe kudo\" \/>\n<meta property=\"og:url\" content=\"https:\/\/www.visit-ulcinj.com\/blog\/2011\/02\/17\/politika-zhvillimi-ekonomik-dhe-shpirteror\/\" \/>\n<meta property=\"og:site_name\" content=\"Lajme nga Ulqini\" \/>\n<meta property=\"article:published_time\" content=\"2011-02-17T09:16:15+00:00\" \/>\n<meta property=\"og:image\" content=\"http:\/\/www.visit-ulcinj.com\/blog\/wp-content\/uploads\/2011\/02\/unemployment.jpg\" \/>\n<meta name=\"twitter:label1\" content=\"Written by\" \/>\n\t<meta name=\"twitter:data1\" content=\"ulqini\" \/>\n\t<meta name=\"twitter:label2\" content=\"Est. reading time\" \/>\n\t<meta name=\"twitter:data2\" content=\"4 minutes\" \/>\n<script type=\"application\/ld+json\" class=\"yoast-schema-graph\">{\"@context\":\"https:\/\/schema.org\",\"@graph\":[{\"@type\":\"WebSite\",\"@id\":\"https:\/\/www.visit-ulcinj.com\/blog\/#website\",\"url\":\"https:\/\/www.visit-ulcinj.com\/blog\/\",\"name\":\"Lajme nga Ulqini\",\"description\":\"Lajme,Vijesti,Ulqini,Ulqin,Crna Gora,Mali i Zi\",\"potentialAction\":[{\"@type\":\"SearchAction\",\"target\":{\"@type\":\"EntryPoint\",\"urlTemplate\":\"https:\/\/www.visit-ulcinj.com\/blog\/?s={search_term_string}\"},\"query-input\":\"required name=search_term_string\"}],\"inLanguage\":\"en-US\"},{\"@type\":\"ImageObject\",\"inLanguage\":\"en-US\",\"@id\":\"https:\/\/www.visit-ulcinj.com\/blog\/2011\/02\/17\/politika-zhvillimi-ekonomik-dhe-shpirteror\/#primaryimage\",\"url\":\"https:\/\/www.visit-ulcinj.com\/blog\/wp-content\/uploads\/2011\/02\/unemployment.jpg\",\"contentUrl\":\"https:\/\/www.visit-ulcinj.com\/blog\/wp-content\/uploads\/2011\/02\/unemployment.jpg\",\"width\":\"640\",\"height\":\"480\"},{\"@type\":\"WebPage\",\"@id\":\"https:\/\/www.visit-ulcinj.com\/blog\/2011\/02\/17\/politika-zhvillimi-ekonomik-dhe-shpirteror\/#webpage\",\"url\":\"https:\/\/www.visit-ulcinj.com\/blog\/2011\/02\/17\/politika-zhvillimi-ekonomik-dhe-shpirteror\/\",\"name\":\"Politika, zhvillimi ekonomik dhe shpirt\u00ebror - Lajme nga Ulqini\",\"isPartOf\":{\"@id\":\"https:\/\/www.visit-ulcinj.com\/blog\/#website\"},\"primaryImageOfPage\":{\"@id\":\"https:\/\/www.visit-ulcinj.com\/blog\/2011\/02\/17\/politika-zhvillimi-ekonomik-dhe-shpirteror\/#primaryimage\"},\"datePublished\":\"2011-02-17T09:16:15+00:00\",\"dateModified\":\"2011-02-17T09:16:15+00:00\",\"author\":{\"@id\":\"https:\/\/www.visit-ulcinj.com\/blog\/#\/schema\/person\/dcab619c614d3038751c63bc2aadc06d\"},\"description\":\"Rruga e humbur Bota e zhvilluar per\u00ebndimore e bazon\u00a0gjith\u00e7ka n\u00eb pun\u00eb. Si zhvillimin material,\u00a0ashtu edhe at\u00eb shpirt\u00ebror. Ashtu ka qen\u00eb\u00a0gjith\u00ebher\u00eb dhe kudo\",\"breadcrumb\":{\"@id\":\"https:\/\/www.visit-ulcinj.com\/blog\/2011\/02\/17\/politika-zhvillimi-ekonomik-dhe-shpirteror\/#breadcrumb\"},\"inLanguage\":\"en-US\",\"potentialAction\":[{\"@type\":\"ReadAction\",\"target\":[\"https:\/\/www.visit-ulcinj.com\/blog\/2011\/02\/17\/politika-zhvillimi-ekonomik-dhe-shpirteror\/\"]}]},{\"@type\":\"BreadcrumbList\",\"@id\":\"https:\/\/www.visit-ulcinj.com\/blog\/2011\/02\/17\/politika-zhvillimi-ekonomik-dhe-shpirteror\/#breadcrumb\",\"itemListElement\":[{\"@type\":\"ListItem\",\"position\":1,\"name\":\"Politika, zhvillimi ekonomik dhe shpirt\u00ebror\"}]},{\"@type\":\"Person\",\"@id\":\"https:\/\/www.visit-ulcinj.com\/blog\/#\/schema\/person\/dcab619c614d3038751c63bc2aadc06d\",\"name\":\"ulqini\",\"sameAs\":[\"http:\/\/www.visit-ulcinj.com\"],\"url\":\"https:\/\/www.visit-ulcinj.com\/blog\/author\/admin\/\"}]}<\/script>\n<!-- \/ Yoast SEO plugin. -->","yoast_head_json":{"title":"Politika, zhvillimi ekonomik dhe shpirt\u00ebror - Lajme nga Ulqini","description":"Rruga e humbur Bota e zhvilluar per\u00ebndimore e bazon\u00a0gjith\u00e7ka n\u00eb pun\u00eb. Si zhvillimin material,\u00a0ashtu edhe at\u00eb shpirt\u00ebror. Ashtu ka qen\u00eb\u00a0gjith\u00ebher\u00eb dhe kudo","robots":{"index":"index","follow":"follow","max-snippet":"max-snippet:-1","max-image-preview":"max-image-preview:large","max-video-preview":"max-video-preview:-1"},"canonical":"https:\/\/www.visit-ulcinj.com\/blog\/2011\/02\/17\/politika-zhvillimi-ekonomik-dhe-shpirteror\/","og_locale":"en_US","og_type":"article","og_title":"Politika, zhvillimi ekonomik dhe shpirt\u00ebror - Lajme nga Ulqini","og_description":"Rruga e humbur Bota e zhvilluar per\u00ebndimore e bazon\u00a0gjith\u00e7ka n\u00eb pun\u00eb. Si zhvillimin material,\u00a0ashtu edhe at\u00eb shpirt\u00ebror. Ashtu ka qen\u00eb\u00a0gjith\u00ebher\u00eb dhe kudo","og_url":"https:\/\/www.visit-ulcinj.com\/blog\/2011\/02\/17\/politika-zhvillimi-ekonomik-dhe-shpirteror\/","og_site_name":"Lajme nga Ulqini","article_published_time":"2011-02-17T09:16:15+00:00","og_image":[{"url":"http:\/\/www.visit-ulcinj.com\/blog\/wp-content\/uploads\/2011\/02\/unemployment.jpg"}],"twitter_misc":{"Written by":"ulqini","Est. reading time":"4 minutes"},"schema":{"@context":"https:\/\/schema.org","@graph":[{"@type":"WebSite","@id":"https:\/\/www.visit-ulcinj.com\/blog\/#website","url":"https:\/\/www.visit-ulcinj.com\/blog\/","name":"Lajme nga Ulqini","description":"Lajme,Vijesti,Ulqini,Ulqin,Crna Gora,Mali i Zi","potentialAction":[{"@type":"SearchAction","target":{"@type":"EntryPoint","urlTemplate":"https:\/\/www.visit-ulcinj.com\/blog\/?s={search_term_string}"},"query-input":"required name=search_term_string"}],"inLanguage":"en-US"},{"@type":"ImageObject","inLanguage":"en-US","@id":"https:\/\/www.visit-ulcinj.com\/blog\/2011\/02\/17\/politika-zhvillimi-ekonomik-dhe-shpirteror\/#primaryimage","url":"https:\/\/www.visit-ulcinj.com\/blog\/wp-content\/uploads\/2011\/02\/unemployment.jpg","contentUrl":"https:\/\/www.visit-ulcinj.com\/blog\/wp-content\/uploads\/2011\/02\/unemployment.jpg","width":"640","height":"480"},{"@type":"WebPage","@id":"https:\/\/www.visit-ulcinj.com\/blog\/2011\/02\/17\/politika-zhvillimi-ekonomik-dhe-shpirteror\/#webpage","url":"https:\/\/www.visit-ulcinj.com\/blog\/2011\/02\/17\/politika-zhvillimi-ekonomik-dhe-shpirteror\/","name":"Politika, zhvillimi ekonomik dhe shpirt\u00ebror - Lajme nga Ulqini","isPartOf":{"@id":"https:\/\/www.visit-ulcinj.com\/blog\/#website"},"primaryImageOfPage":{"@id":"https:\/\/www.visit-ulcinj.com\/blog\/2011\/02\/17\/politika-zhvillimi-ekonomik-dhe-shpirteror\/#primaryimage"},"datePublished":"2011-02-17T09:16:15+00:00","dateModified":"2011-02-17T09:16:15+00:00","author":{"@id":"https:\/\/www.visit-ulcinj.com\/blog\/#\/schema\/person\/dcab619c614d3038751c63bc2aadc06d"},"description":"Rruga e humbur Bota e zhvilluar per\u00ebndimore e bazon\u00a0gjith\u00e7ka n\u00eb pun\u00eb. Si zhvillimin material,\u00a0ashtu edhe at\u00eb shpirt\u00ebror. Ashtu ka qen\u00eb\u00a0gjith\u00ebher\u00eb dhe kudo","breadcrumb":{"@id":"https:\/\/www.visit-ulcinj.com\/blog\/2011\/02\/17\/politika-zhvillimi-ekonomik-dhe-shpirteror\/#breadcrumb"},"inLanguage":"en-US","potentialAction":[{"@type":"ReadAction","target":["https:\/\/www.visit-ulcinj.com\/blog\/2011\/02\/17\/politika-zhvillimi-ekonomik-dhe-shpirteror\/"]}]},{"@type":"BreadcrumbList","@id":"https:\/\/www.visit-ulcinj.com\/blog\/2011\/02\/17\/politika-zhvillimi-ekonomik-dhe-shpirteror\/#breadcrumb","itemListElement":[{"@type":"ListItem","position":1,"name":"Politika, zhvillimi ekonomik dhe shpirt\u00ebror"}]},{"@type":"Person","@id":"https:\/\/www.visit-ulcinj.com\/blog\/#\/schema\/person\/dcab619c614d3038751c63bc2aadc06d","name":"ulqini","sameAs":["http:\/\/www.visit-ulcinj.com"],"url":"https:\/\/www.visit-ulcinj.com\/blog\/author\/admin\/"}]}},"jetpack_featured_media_url":"","jetpack_sharing_enabled":true,"jetpack_shortlink":"https:\/\/wp.me\/pe6lTn-bjN","_links":{"self":[{"href":"https:\/\/www.visit-ulcinj.com\/blog\/wp-json\/wp\/v2\/posts\/43511"}],"collection":[{"href":"https:\/\/www.visit-ulcinj.com\/blog\/wp-json\/wp\/v2\/posts"}],"about":[{"href":"https:\/\/www.visit-ulcinj.com\/blog\/wp-json\/wp\/v2\/types\/post"}],"author":[{"embeddable":true,"href":"https:\/\/www.visit-ulcinj.com\/blog\/wp-json\/wp\/v2\/users\/1"}],"replies":[{"embeddable":true,"href":"https:\/\/www.visit-ulcinj.com\/blog\/wp-json\/wp\/v2\/comments?post=43511"}],"version-history":[{"count":0,"href":"https:\/\/www.visit-ulcinj.com\/blog\/wp-json\/wp\/v2\/posts\/43511\/revisions"}],"wp:attachment":[{"href":"https:\/\/www.visit-ulcinj.com\/blog\/wp-json\/wp\/v2\/media?parent=43511"}],"wp:term":[{"taxonomy":"category","embeddable":true,"href":"https:\/\/www.visit-ulcinj.com\/blog\/wp-json\/wp\/v2\/categories?post=43511"},{"taxonomy":"post_tag","embeddable":true,"href":"https:\/\/www.visit-ulcinj.com\/blog\/wp-json\/wp\/v2\/tags?post=43511"}],"curies":[{"name":"wp","href":"https:\/\/api.w.org\/{rel}","templated":true}]}}