{"id":43515,"date":"2011-02-17T11:31:08","date_gmt":"2011-02-17T10:31:08","guid":{"rendered":"http:\/\/www.visit-ulcinj.com\/blog\/?p=43515"},"modified":"2011-02-17T11:31:52","modified_gmt":"2011-02-17T10:31:52","slug":"lazovic-rok-za-kjubus-luks","status":"publish","type":"post","link":"https:\/\/www.visit-ulcinj.com\/blog\/2011\/02\/17\/lazovic-rok-za-kjubus-luks\/","title":{"rendered":"Lazovi\u0107: Rok za Kjubus luks"},"content":{"rendered":"<p><a href=\"http:\/\/www.visit-ulcinj.com\/blog\/wp-content\/uploads\/2011\/02\/Vujica-Lazovic2.jpg\"><img loading=\"lazy\" class=\"alignleft size-full wp-image-43516\" title=\"Vujica Lazovic\" src=\"http:\/\/www.visit-ulcinj.com\/blog\/wp-content\/uploads\/2011\/02\/Vujica-Lazovic2.jpg\" alt=\"\" width=\"360\" height=\"324\" srcset=\"https:\/\/www.visit-ulcinj.com\/blog\/wp-content\/uploads\/2011\/02\/Vujica-Lazovic2.jpg 360w, https:\/\/www.visit-ulcinj.com\/blog\/wp-content\/uploads\/2011\/02\/Vujica-Lazovic2-300x270.jpg 300w\" sizes=\"(max-width: 360px) 100vw, 360px\" \/><\/a>Vlada Crne Gore pristupi\u0107e potpisivanju ugovora o dugoro\u010dnom zakupu Valdanosa tek po obezbije\u0111enim bankarskim garancijama za investicioni program, kazao je za Antenu M potpredsjednik Vlade Vujica Lazovi\u0107 i skrenuo pa\u017enju da su medijska prepucavanja ne\u0161to \u0161to \u201egeneralno mo\u017ee biti lo\u0161a poruka za sve investitore&#8221;.<\/p>\n<p>&#8211; Garancije su uslov koji smo postavili investitoru i ne pada nam na pamet da potpisujemo Uogovor bez njih. Mislim da je veoma zna\u010dajno za Crnu Goru da i u ovoj godini imamo izuzetno dobru u turisti\u010dkom, investicionom i razvojnom pogledu zna\u010dajnu investiciju &#8211; kazao je Lazovi\u0107.<\/p>\n<p>&#8211; Kako je bilo \u010destih komentara o transparentnosti ovog projekta, \u017eelim da saop\u0161tim da smo na startu, poslali pismo za iskazivanje interesovanja preko Ministarstva turizma na 3.000 adresa i da se tada 13 hiljada respektabilnih kompanija pijavilo, \u0161to nas je motivisalo da raspi\u0161emo me\u0111unarodni tender &#8211; pojasnio je Lazovi\u0107 i dodao da \u0107e Vlada narednih dana dati rok Kjubus Luksu do kada treba da dostavi garanciju.<\/p>\n<p>Nakon brojnih reagovanja nevladinih organizacija i poziva da se preispita Odluka o izdavanju u dugoro\u010dni zakup Vladanosa Kjubus luksu iz Velike Britanije, Vujica Lazovi\u0107 gra\u0111anima Crne Gore, najprije Ulcinjanima poru\u010duje:<\/p>\n<p>&#8211; Ni jedna maslina ne\u0107e biti uni\u0161tena, niti pomjerena ni premje\u0161tena. Sve masline bi\u0107e za\u0161ti\u0107ene i lokalnom stanovni\u0161tvu bi\u0107e omogu\u0107eno da ih koristi i ubira plodove u dogovoru sa zakupcem. Realizacijom ovog projekta za\u0161titi\u0107e se taj zasad maslina, pravi dragulj. Mislim da je ovo posljednja \u0161ansa da sa\u010duvamo od devastacije zahvat Valdanosa i da \u0107e ovo predstavljati idelan primjer simbioze odr\u017eivog razvoja \u2013 kazao je Lazovi\u0107 za podgori\u010dki radio.<\/p>\n<p><strong>RTCG<br \/>\nVIDEO TV IN<br \/>\n[flv]http:\/\/www.rtvin.me\/flv\/16_02_post_valdanos.flv[\/flv]<\/strong><\/p>\n","protected":false},"excerpt":{"rendered":"<p>Vlada Crne Gore pristupi\u0107e potpisivanju ugovora o dugoro\u010dnom zakupu Valdanosa tek po obezbije\u0111enim bankarskim garancijama za investicioni program, kazao je za Antenu M potpredsjednik Vlade Vujica Lazovi\u0107 i skrenuo pa\u017enju da su medijska prepucavanja ne\u0161to \u0161to \u201egeneralno mo\u017ee biti lo\u0161a poruka za sve investitore&#8221;. &#8211; Garancije su uslov koji smo postavili investitoru i ne pada [&hellip;]<\/p>\n","protected":false},"author":1,"featured_media":0,"comment_status":"open","ping_status":"closed","sticky":false,"template":"","format":"standard","meta":{"spay_email":"","jetpack_publicize_message":"","jetpack_is_tweetstorm":false,"jetpack_publicize_feature_enabled":true},"categories":[8337],"tags":[17358,17359,19,136,13062],"jetpack_publicize_connections":[],"yoast_head":"<!-- This site is optimized with the Yoast SEO plugin v19.1 - https:\/\/yoast.com\/wordpress\/plugins\/seo\/ -->\n<title>Lazovi\u0107: Rok za Kjubus luks - Lajme nga Ulqini<\/title>\n<meta name=\"description\" content=\"Vlada Crne Gore pristupi\u0107e potpisivanju ugovora o dugoro\u010dnom zakupu Valdanosa tek po obezbije\u0111enim bankarskim garancijama za investicioni program, kazao\" \/>\n<meta name=\"robots\" content=\"index, follow, max-snippet:-1, max-image-preview:large, max-video-preview:-1\" \/>\n<link rel=\"canonical\" href=\"https:\/\/www.visit-ulcinj.com\/blog\/2011\/02\/17\/lazovic-rok-za-kjubus-luks\/\" \/>\n<meta property=\"og:locale\" content=\"en_US\" \/>\n<meta property=\"og:type\" content=\"article\" \/>\n<meta property=\"og:title\" content=\"Lazovi\u0107: Rok za Kjubus luks - Lajme nga Ulqini\" \/>\n<meta property=\"og:description\" content=\"Vlada Crne Gore pristupi\u0107e potpisivanju ugovora o dugoro\u010dnom zakupu Valdanosa tek po obezbije\u0111enim bankarskim garancijama za investicioni program, kazao\" \/>\n<meta property=\"og:url\" content=\"https:\/\/www.visit-ulcinj.com\/blog\/2011\/02\/17\/lazovic-rok-za-kjubus-luks\/\" \/>\n<meta property=\"og:site_name\" content=\"Lajme nga Ulqini\" \/>\n<meta property=\"article:published_time\" content=\"2011-02-17T10:31:08+00:00\" \/>\n<meta property=\"article:modified_time\" content=\"2011-02-17T10:31:52+00:00\" \/>\n<meta property=\"og:image\" content=\"http:\/\/www.visit-ulcinj.com\/blog\/wp-content\/uploads\/2011\/02\/Vujica-Lazovic2.jpg\" \/>\n<meta name=\"twitter:label1\" content=\"Written by\" \/>\n\t<meta name=\"twitter:data1\" content=\"ulqini\" \/>\n\t<meta name=\"twitter:label2\" content=\"Est. reading time\" \/>\n\t<meta name=\"twitter:data2\" content=\"1 minute\" \/>\n<script type=\"application\/ld+json\" class=\"yoast-schema-graph\">{\"@context\":\"https:\/\/schema.org\",\"@graph\":[{\"@type\":\"WebSite\",\"@id\":\"https:\/\/www.visit-ulcinj.com\/blog\/#website\",\"url\":\"https:\/\/www.visit-ulcinj.com\/blog\/\",\"name\":\"Lajme nga Ulqini\",\"description\":\"Lajme,Vijesti,Ulqini,Ulqin,Crna Gora,Mali i Zi\",\"potentialAction\":[{\"@type\":\"SearchAction\",\"target\":{\"@type\":\"EntryPoint\",\"urlTemplate\":\"https:\/\/www.visit-ulcinj.com\/blog\/?s={search_term_string}\"},\"query-input\":\"required name=search_term_string\"}],\"inLanguage\":\"en-US\"},{\"@type\":\"ImageObject\",\"inLanguage\":\"en-US\",\"@id\":\"https:\/\/www.visit-ulcinj.com\/blog\/2011\/02\/17\/lazovic-rok-za-kjubus-luks\/#primaryimage\",\"url\":\"https:\/\/www.visit-ulcinj.com\/blog\/wp-content\/uploads\/2011\/02\/Vujica-Lazovic2.jpg\",\"contentUrl\":\"https:\/\/www.visit-ulcinj.com\/blog\/wp-content\/uploads\/2011\/02\/Vujica-Lazovic2.jpg\",\"width\":\"360\",\"height\":\"324\"},{\"@type\":\"WebPage\",\"@id\":\"https:\/\/www.visit-ulcinj.com\/blog\/2011\/02\/17\/lazovic-rok-za-kjubus-luks\/#webpage\",\"url\":\"https:\/\/www.visit-ulcinj.com\/blog\/2011\/02\/17\/lazovic-rok-za-kjubus-luks\/\",\"name\":\"Lazovi\u0107: Rok za Kjubus luks - Lajme nga Ulqini\",\"isPartOf\":{\"@id\":\"https:\/\/www.visit-ulcinj.com\/blog\/#website\"},\"primaryImageOfPage\":{\"@id\":\"https:\/\/www.visit-ulcinj.com\/blog\/2011\/02\/17\/lazovic-rok-za-kjubus-luks\/#primaryimage\"},\"datePublished\":\"2011-02-17T10:31:08+00:00\",\"dateModified\":\"2011-02-17T10:31:52+00:00\",\"author\":{\"@id\":\"https:\/\/www.visit-ulcinj.com\/blog\/#\/schema\/person\/dcab619c614d3038751c63bc2aadc06d\"},\"description\":\"Vlada Crne Gore pristupi\u0107e potpisivanju ugovora o dugoro\u010dnom zakupu Valdanosa tek po obezbije\u0111enim bankarskim garancijama za investicioni program, kazao\",\"breadcrumb\":{\"@id\":\"https:\/\/www.visit-ulcinj.com\/blog\/2011\/02\/17\/lazovic-rok-za-kjubus-luks\/#breadcrumb\"},\"inLanguage\":\"en-US\",\"potentialAction\":[{\"@type\":\"ReadAction\",\"target\":[\"https:\/\/www.visit-ulcinj.com\/blog\/2011\/02\/17\/lazovic-rok-za-kjubus-luks\/\"]}]},{\"@type\":\"BreadcrumbList\",\"@id\":\"https:\/\/www.visit-ulcinj.com\/blog\/2011\/02\/17\/lazovic-rok-za-kjubus-luks\/#breadcrumb\",\"itemListElement\":[{\"@type\":\"ListItem\",\"position\":1,\"name\":\"Lazovi\u0107: Rok za Kjubus luks\"}]},{\"@type\":\"Person\",\"@id\":\"https:\/\/www.visit-ulcinj.com\/blog\/#\/schema\/person\/dcab619c614d3038751c63bc2aadc06d\",\"name\":\"ulqini\",\"sameAs\":[\"http:\/\/www.visit-ulcinj.com\"],\"url\":\"https:\/\/www.visit-ulcinj.com\/blog\/author\/admin\/\"}]}<\/script>\n<!-- \/ Yoast SEO plugin. -->","yoast_head_json":{"title":"Lazovi\u0107: Rok za Kjubus luks - Lajme nga Ulqini","description":"Vlada Crne Gore pristupi\u0107e potpisivanju ugovora o dugoro\u010dnom zakupu Valdanosa tek po obezbije\u0111enim bankarskim garancijama za investicioni program, kazao","robots":{"index":"index","follow":"follow","max-snippet":"max-snippet:-1","max-image-preview":"max-image-preview:large","max-video-preview":"max-video-preview:-1"},"canonical":"https:\/\/www.visit-ulcinj.com\/blog\/2011\/02\/17\/lazovic-rok-za-kjubus-luks\/","og_locale":"en_US","og_type":"article","og_title":"Lazovi\u0107: Rok za Kjubus luks - Lajme nga Ulqini","og_description":"Vlada Crne Gore pristupi\u0107e potpisivanju ugovora o dugoro\u010dnom zakupu Valdanosa tek po obezbije\u0111enim bankarskim garancijama za investicioni program, kazao","og_url":"https:\/\/www.visit-ulcinj.com\/blog\/2011\/02\/17\/lazovic-rok-za-kjubus-luks\/","og_site_name":"Lajme nga Ulqini","article_published_time":"2011-02-17T10:31:08+00:00","article_modified_time":"2011-02-17T10:31:52+00:00","og_image":[{"url":"http:\/\/www.visit-ulcinj.com\/blog\/wp-content\/uploads\/2011\/02\/Vujica-Lazovic2.jpg"}],"twitter_misc":{"Written by":"ulqini","Est. reading time":"1 minute"},"schema":{"@context":"https:\/\/schema.org","@graph":[{"@type":"WebSite","@id":"https:\/\/www.visit-ulcinj.com\/blog\/#website","url":"https:\/\/www.visit-ulcinj.com\/blog\/","name":"Lajme nga Ulqini","description":"Lajme,Vijesti,Ulqini,Ulqin,Crna Gora,Mali i Zi","potentialAction":[{"@type":"SearchAction","target":{"@type":"EntryPoint","urlTemplate":"https:\/\/www.visit-ulcinj.com\/blog\/?s={search_term_string}"},"query-input":"required name=search_term_string"}],"inLanguage":"en-US"},{"@type":"ImageObject","inLanguage":"en-US","@id":"https:\/\/www.visit-ulcinj.com\/blog\/2011\/02\/17\/lazovic-rok-za-kjubus-luks\/#primaryimage","url":"https:\/\/www.visit-ulcinj.com\/blog\/wp-content\/uploads\/2011\/02\/Vujica-Lazovic2.jpg","contentUrl":"https:\/\/www.visit-ulcinj.com\/blog\/wp-content\/uploads\/2011\/02\/Vujica-Lazovic2.jpg","width":"360","height":"324"},{"@type":"WebPage","@id":"https:\/\/www.visit-ulcinj.com\/blog\/2011\/02\/17\/lazovic-rok-za-kjubus-luks\/#webpage","url":"https:\/\/www.visit-ulcinj.com\/blog\/2011\/02\/17\/lazovic-rok-za-kjubus-luks\/","name":"Lazovi\u0107: Rok za Kjubus luks - Lajme nga Ulqini","isPartOf":{"@id":"https:\/\/www.visit-ulcinj.com\/blog\/#website"},"primaryImageOfPage":{"@id":"https:\/\/www.visit-ulcinj.com\/blog\/2011\/02\/17\/lazovic-rok-za-kjubus-luks\/#primaryimage"},"datePublished":"2011-02-17T10:31:08+00:00","dateModified":"2011-02-17T10:31:52+00:00","author":{"@id":"https:\/\/www.visit-ulcinj.com\/blog\/#\/schema\/person\/dcab619c614d3038751c63bc2aadc06d"},"description":"Vlada Crne Gore pristupi\u0107e potpisivanju ugovora o dugoro\u010dnom zakupu Valdanosa tek po obezbije\u0111enim bankarskim garancijama za investicioni program, kazao","breadcrumb":{"@id":"https:\/\/www.visit-ulcinj.com\/blog\/2011\/02\/17\/lazovic-rok-za-kjubus-luks\/#breadcrumb"},"inLanguage":"en-US","potentialAction":[{"@type":"ReadAction","target":["https:\/\/www.visit-ulcinj.com\/blog\/2011\/02\/17\/lazovic-rok-za-kjubus-luks\/"]}]},{"@type":"BreadcrumbList","@id":"https:\/\/www.visit-ulcinj.com\/blog\/2011\/02\/17\/lazovic-rok-za-kjubus-luks\/#breadcrumb","itemListElement":[{"@type":"ListItem","position":1,"name":"Lazovi\u0107: Rok za Kjubus luks"}]},{"@type":"Person","@id":"https:\/\/www.visit-ulcinj.com\/blog\/#\/schema\/person\/dcab619c614d3038751c63bc2aadc06d","name":"ulqini","sameAs":["http:\/\/www.visit-ulcinj.com"],"url":"https:\/\/www.visit-ulcinj.com\/blog\/author\/admin\/"}]}},"jetpack_featured_media_url":"","jetpack_sharing_enabled":true,"jetpack_shortlink":"https:\/\/wp.me\/pe6lTn-bjR","_links":{"self":[{"href":"https:\/\/www.visit-ulcinj.com\/blog\/wp-json\/wp\/v2\/posts\/43515"}],"collection":[{"href":"https:\/\/www.visit-ulcinj.com\/blog\/wp-json\/wp\/v2\/posts"}],"about":[{"href":"https:\/\/www.visit-ulcinj.com\/blog\/wp-json\/wp\/v2\/types\/post"}],"author":[{"embeddable":true,"href":"https:\/\/www.visit-ulcinj.com\/blog\/wp-json\/wp\/v2\/users\/1"}],"replies":[{"embeddable":true,"href":"https:\/\/www.visit-ulcinj.com\/blog\/wp-json\/wp\/v2\/comments?post=43515"}],"version-history":[{"count":0,"href":"https:\/\/www.visit-ulcinj.com\/blog\/wp-json\/wp\/v2\/posts\/43515\/revisions"}],"wp:attachment":[{"href":"https:\/\/www.visit-ulcinj.com\/blog\/wp-json\/wp\/v2\/media?parent=43515"}],"wp:term":[{"taxonomy":"category","embeddable":true,"href":"https:\/\/www.visit-ulcinj.com\/blog\/wp-json\/wp\/v2\/categories?post=43515"},{"taxonomy":"post_tag","embeddable":true,"href":"https:\/\/www.visit-ulcinj.com\/blog\/wp-json\/wp\/v2\/tags?post=43515"}],"curies":[{"name":"wp","href":"https:\/\/api.w.org\/{rel}","templated":true}]}}