{"id":43536,"date":"2011-02-17T13:13:00","date_gmt":"2011-02-17T12:13:00","guid":{"rendered":"http:\/\/www.visit-ulcinj.com\/blog\/?p=43536"},"modified":"2011-02-17T13:14:16","modified_gmt":"2011-02-17T12:14:16","slug":"ministarstvo-finansija-obesteceni-bivsi-vlasnici-valdanosa","status":"publish","type":"post","link":"https:\/\/www.visit-ulcinj.com\/blog\/2011\/02\/17\/ministarstvo-finansija-obesteceni-bivsi-vlasnici-valdanosa\/","title":{"rendered":"Ministarstvo finansija: Obe\u0161te\u0107eni biv\u0161i vlasnici Valdanosa"},"content":{"rendered":"<p><a href=\"http:\/\/www.visit-ulcinj.com\/blog\/wp-content\/uploads\/2011\/02\/valdanos_Ulcinj_crna-gora.jpg\"><img loading=\"lazy\" class=\"alignleft size-full wp-image-43537\" title=\"valdanos_Ulcinj_crna gora\" src=\"http:\/\/www.visit-ulcinj.com\/blog\/wp-content\/uploads\/2011\/02\/valdanos_Ulcinj_crna-gora.jpg\" alt=\"\" width=\"508\" height=\"333\" \/><\/a>PODGORICA &#8211; Eksproprijacija nekretnina na lokalitetu kompleksa Valdanos sprovedena je dva puta: 1949. godine za potrebe formiranja poljoprivrednog dobra \u201eJadran\u201c, koje je u me\u0111uvremenu prestalo da postoji (te nekretnine u\u0161le su u sastav vojnog kompleksa Valdanos) i 1978. godine za potrebe Saveznog sekretarijata za narodnu odbranu, a u cilju izgradnje vojnog objekta stalnog karaktera, saop\u0161teno je z Ministarstva finansija.<\/p>\n<p>Eksproprijacijom iz januara 1978. godine eksproprisane su nekretnine 204 vlasnika, ukupne povr\u0161ine 937.739 metara kvadratnih. Tako\u0111e, radi kompletiranja vojnog kompleksa, krajem iste godine eksproprisane su nekretnine koje su se nalazile u dru\u0161tvenoj svojini.<\/p>\n<p>Va\u017eno je napomenuti da su, nakon eksproprijacije iz 1978. godine biv\u0161im vlasnicima ispla\u0107ene naknade po odredbama tada va\u017ee\u0107eg Zakona o izmjenama i dopunama Saveznog zakona o eksproprijaciji.<\/p>\n<p>Va\u017ee\u0107im Zakonom o povra\u0107aju oduzetih imovinskih prava i obe\u0161te\u0107enju, koji je usvojen 2004. godine, uz izmjene i dopune iz 2007. godine, ure\u0111uju se uslovi, na\u010din i postupak povra\u0107aja prava svojine i drugih imovinskih prava i obe\u0161te\u0107enja biv\u0161ih vlasnika za prava oduzeta u korist op\u0161tenarodne, dr\u017eavne, dru\u0161tvene ili zadru\u017ene svojine.<\/p>\n<p>\u010clanom 7 navedenog Zakona definisano je da biv\u0161i vlasnici kojim je za oduzeta imovinska prava odre\u0111ena naknada u novcu ili drugim stvarima ili pravima nakon stupanja na snagu Zakona o izmjenama i dopunama zakona o eksproprijaciji iz 1968. godine nemaju pravo na povra\u0107aj ili obe\u0161te\u0107enja u skladu sa va\u017ee\u0107im Zakonom.<\/p>\n<p>To zna\u010di da, u odnosu biv\u0161e vlasnike nekretnina na lokalitetu Valdanos, koji su obe\u0161te\u0107eni nakon eksproprijacije iz 1978. godine Vlada Crne Gore nema obaveza u pogledu obe\u0161te\u0107enja, jer je obe\u0161te\u0107enje ve\u0107 sprovedeno.<\/p>\n<p><strong>Autor\/izvor: SEEbiz<br \/>\n<!--YouTube Error: bad URL entered--><\/strong><\/p>\n","protected":false},"excerpt":{"rendered":"<p>PODGORICA &#8211; Eksproprijacija nekretnina na lokalitetu kompleksa Valdanos sprovedena je dva puta: 1949. godine za potrebe formiranja poljoprivrednog dobra \u201eJadran\u201c, koje je u me\u0111uvremenu prestalo da postoji (te nekretnine u\u0161le su u sastav vojnog kompleksa Valdanos) i 1978. godine za potrebe Saveznog sekretarijata za narodnu odbranu, a u cilju izgradnje vojnog objekta stalnog karaktera, saop\u0161teno [&hellip;]<\/p>\n","protected":false},"author":1,"featured_media":0,"comment_status":"open","ping_status":"closed","sticky":false,"template":"","format":"standard","meta":{"spay_email":"","jetpack_publicize_message":"","jetpack_is_tweetstorm":false,"jetpack_publicize_feature_enabled":true},"categories":[8337],"tags":[19,136],"jetpack_publicize_connections":[],"yoast_head":"<!-- This site is optimized with the Yoast SEO plugin v19.1 - https:\/\/yoast.com\/wordpress\/plugins\/seo\/ -->\n<title>Ministarstvo finansija: Obe\u0161te\u0107eni biv\u0161i vlasnici Valdanosa - Lajme nga Ulqini<\/title>\n<meta name=\"description\" content=\"PODGORICA - Eksproprijacija nekretnina na lokalitetu kompleksa Valdanos sprovedena je dva puta: 1949. godine za potrebe formiranja poljoprivrednog dobra\" \/>\n<meta name=\"robots\" content=\"index, follow, max-snippet:-1, max-image-preview:large, max-video-preview:-1\" \/>\n<link rel=\"canonical\" href=\"https:\/\/www.visit-ulcinj.com\/blog\/2011\/02\/17\/ministarstvo-finansija-obesteceni-bivsi-vlasnici-valdanosa\/\" \/>\n<meta property=\"og:locale\" content=\"en_US\" \/>\n<meta property=\"og:type\" content=\"article\" \/>\n<meta property=\"og:title\" content=\"Ministarstvo finansija: Obe\u0161te\u0107eni biv\u0161i vlasnici Valdanosa - Lajme nga Ulqini\" \/>\n<meta property=\"og:description\" content=\"PODGORICA - Eksproprijacija nekretnina na lokalitetu kompleksa Valdanos sprovedena je dva puta: 1949. godine za potrebe formiranja poljoprivrednog dobra\" \/>\n<meta property=\"og:url\" content=\"https:\/\/www.visit-ulcinj.com\/blog\/2011\/02\/17\/ministarstvo-finansija-obesteceni-bivsi-vlasnici-valdanosa\/\" \/>\n<meta property=\"og:site_name\" content=\"Lajme nga Ulqini\" \/>\n<meta property=\"article:published_time\" content=\"2011-02-17T12:13:00+00:00\" \/>\n<meta property=\"article:modified_time\" content=\"2011-02-17T12:14:16+00:00\" \/>\n<meta property=\"og:image\" content=\"http:\/\/www.visit-ulcinj.com\/blog\/wp-content\/uploads\/2011\/02\/valdanos_Ulcinj_crna-gora.jpg\" \/>\n<meta name=\"twitter:label1\" content=\"Written by\" \/>\n\t<meta name=\"twitter:data1\" content=\"ulqini\" \/>\n\t<meta name=\"twitter:label2\" content=\"Est. reading time\" \/>\n\t<meta name=\"twitter:data2\" content=\"1 minute\" \/>\n<script type=\"application\/ld+json\" class=\"yoast-schema-graph\">{\"@context\":\"https:\/\/schema.org\",\"@graph\":[{\"@type\":\"WebSite\",\"@id\":\"https:\/\/www.visit-ulcinj.com\/blog\/#website\",\"url\":\"https:\/\/www.visit-ulcinj.com\/blog\/\",\"name\":\"Lajme nga Ulqini\",\"description\":\"Lajme,Vijesti,Ulqini,Ulqin,Crna Gora,Mali i Zi\",\"potentialAction\":[{\"@type\":\"SearchAction\",\"target\":{\"@type\":\"EntryPoint\",\"urlTemplate\":\"https:\/\/www.visit-ulcinj.com\/blog\/?s={search_term_string}\"},\"query-input\":\"required name=search_term_string\"}],\"inLanguage\":\"en-US\"},{\"@type\":\"ImageObject\",\"inLanguage\":\"en-US\",\"@id\":\"https:\/\/www.visit-ulcinj.com\/blog\/2011\/02\/17\/ministarstvo-finansija-obesteceni-bivsi-vlasnici-valdanosa\/#primaryimage\",\"url\":\"https:\/\/www.visit-ulcinj.com\/blog\/wp-content\/uploads\/2011\/02\/valdanos_Ulcinj_crna-gora.jpg\",\"contentUrl\":\"https:\/\/www.visit-ulcinj.com\/blog\/wp-content\/uploads\/2011\/02\/valdanos_Ulcinj_crna-gora.jpg\",\"width\":\"500\",\"height\":\"333\"},{\"@type\":\"WebPage\",\"@id\":\"https:\/\/www.visit-ulcinj.com\/blog\/2011\/02\/17\/ministarstvo-finansija-obesteceni-bivsi-vlasnici-valdanosa\/#webpage\",\"url\":\"https:\/\/www.visit-ulcinj.com\/blog\/2011\/02\/17\/ministarstvo-finansija-obesteceni-bivsi-vlasnici-valdanosa\/\",\"name\":\"Ministarstvo finansija: Obe\u0161te\u0107eni biv\u0161i vlasnici Valdanosa - Lajme nga Ulqini\",\"isPartOf\":{\"@id\":\"https:\/\/www.visit-ulcinj.com\/blog\/#website\"},\"primaryImageOfPage\":{\"@id\":\"https:\/\/www.visit-ulcinj.com\/blog\/2011\/02\/17\/ministarstvo-finansija-obesteceni-bivsi-vlasnici-valdanosa\/#primaryimage\"},\"datePublished\":\"2011-02-17T12:13:00+00:00\",\"dateModified\":\"2011-02-17T12:14:16+00:00\",\"author\":{\"@id\":\"https:\/\/www.visit-ulcinj.com\/blog\/#\/schema\/person\/dcab619c614d3038751c63bc2aadc06d\"},\"description\":\"PODGORICA - Eksproprijacija nekretnina na lokalitetu kompleksa Valdanos sprovedena je dva puta: 1949. godine za potrebe formiranja poljoprivrednog dobra\",\"breadcrumb\":{\"@id\":\"https:\/\/www.visit-ulcinj.com\/blog\/2011\/02\/17\/ministarstvo-finansija-obesteceni-bivsi-vlasnici-valdanosa\/#breadcrumb\"},\"inLanguage\":\"en-US\",\"potentialAction\":[{\"@type\":\"ReadAction\",\"target\":[\"https:\/\/www.visit-ulcinj.com\/blog\/2011\/02\/17\/ministarstvo-finansija-obesteceni-bivsi-vlasnici-valdanosa\/\"]}]},{\"@type\":\"BreadcrumbList\",\"@id\":\"https:\/\/www.visit-ulcinj.com\/blog\/2011\/02\/17\/ministarstvo-finansija-obesteceni-bivsi-vlasnici-valdanosa\/#breadcrumb\",\"itemListElement\":[{\"@type\":\"ListItem\",\"position\":1,\"name\":\"Ministarstvo finansija: Obe\u0161te\u0107eni biv\u0161i vlasnici Valdanosa\"}]},{\"@type\":\"Person\",\"@id\":\"https:\/\/www.visit-ulcinj.com\/blog\/#\/schema\/person\/dcab619c614d3038751c63bc2aadc06d\",\"name\":\"ulqini\",\"sameAs\":[\"http:\/\/www.visit-ulcinj.com\"],\"url\":\"https:\/\/www.visit-ulcinj.com\/blog\/author\/admin\/\"}]}<\/script>\n<!-- \/ Yoast SEO plugin. -->","yoast_head_json":{"title":"Ministarstvo finansija: Obe\u0161te\u0107eni biv\u0161i vlasnici Valdanosa - Lajme nga Ulqini","description":"PODGORICA - Eksproprijacija nekretnina na lokalitetu kompleksa Valdanos sprovedena je dva puta: 1949. godine za potrebe formiranja poljoprivrednog dobra","robots":{"index":"index","follow":"follow","max-snippet":"max-snippet:-1","max-image-preview":"max-image-preview:large","max-video-preview":"max-video-preview:-1"},"canonical":"https:\/\/www.visit-ulcinj.com\/blog\/2011\/02\/17\/ministarstvo-finansija-obesteceni-bivsi-vlasnici-valdanosa\/","og_locale":"en_US","og_type":"article","og_title":"Ministarstvo finansija: Obe\u0161te\u0107eni biv\u0161i vlasnici Valdanosa - Lajme nga Ulqini","og_description":"PODGORICA - Eksproprijacija nekretnina na lokalitetu kompleksa Valdanos sprovedena je dva puta: 1949. godine za potrebe formiranja poljoprivrednog dobra","og_url":"https:\/\/www.visit-ulcinj.com\/blog\/2011\/02\/17\/ministarstvo-finansija-obesteceni-bivsi-vlasnici-valdanosa\/","og_site_name":"Lajme nga Ulqini","article_published_time":"2011-02-17T12:13:00+00:00","article_modified_time":"2011-02-17T12:14:16+00:00","og_image":[{"url":"http:\/\/www.visit-ulcinj.com\/blog\/wp-content\/uploads\/2011\/02\/valdanos_Ulcinj_crna-gora.jpg"}],"twitter_misc":{"Written by":"ulqini","Est. reading time":"1 minute"},"schema":{"@context":"https:\/\/schema.org","@graph":[{"@type":"WebSite","@id":"https:\/\/www.visit-ulcinj.com\/blog\/#website","url":"https:\/\/www.visit-ulcinj.com\/blog\/","name":"Lajme nga Ulqini","description":"Lajme,Vijesti,Ulqini,Ulqin,Crna Gora,Mali i Zi","potentialAction":[{"@type":"SearchAction","target":{"@type":"EntryPoint","urlTemplate":"https:\/\/www.visit-ulcinj.com\/blog\/?s={search_term_string}"},"query-input":"required name=search_term_string"}],"inLanguage":"en-US"},{"@type":"ImageObject","inLanguage":"en-US","@id":"https:\/\/www.visit-ulcinj.com\/blog\/2011\/02\/17\/ministarstvo-finansija-obesteceni-bivsi-vlasnici-valdanosa\/#primaryimage","url":"https:\/\/www.visit-ulcinj.com\/blog\/wp-content\/uploads\/2011\/02\/valdanos_Ulcinj_crna-gora.jpg","contentUrl":"https:\/\/www.visit-ulcinj.com\/blog\/wp-content\/uploads\/2011\/02\/valdanos_Ulcinj_crna-gora.jpg","width":"500","height":"333"},{"@type":"WebPage","@id":"https:\/\/www.visit-ulcinj.com\/blog\/2011\/02\/17\/ministarstvo-finansija-obesteceni-bivsi-vlasnici-valdanosa\/#webpage","url":"https:\/\/www.visit-ulcinj.com\/blog\/2011\/02\/17\/ministarstvo-finansija-obesteceni-bivsi-vlasnici-valdanosa\/","name":"Ministarstvo finansija: Obe\u0161te\u0107eni biv\u0161i vlasnici Valdanosa - Lajme nga Ulqini","isPartOf":{"@id":"https:\/\/www.visit-ulcinj.com\/blog\/#website"},"primaryImageOfPage":{"@id":"https:\/\/www.visit-ulcinj.com\/blog\/2011\/02\/17\/ministarstvo-finansija-obesteceni-bivsi-vlasnici-valdanosa\/#primaryimage"},"datePublished":"2011-02-17T12:13:00+00:00","dateModified":"2011-02-17T12:14:16+00:00","author":{"@id":"https:\/\/www.visit-ulcinj.com\/blog\/#\/schema\/person\/dcab619c614d3038751c63bc2aadc06d"},"description":"PODGORICA - Eksproprijacija nekretnina na lokalitetu kompleksa Valdanos sprovedena je dva puta: 1949. godine za potrebe formiranja poljoprivrednog dobra","breadcrumb":{"@id":"https:\/\/www.visit-ulcinj.com\/blog\/2011\/02\/17\/ministarstvo-finansija-obesteceni-bivsi-vlasnici-valdanosa\/#breadcrumb"},"inLanguage":"en-US","potentialAction":[{"@type":"ReadAction","target":["https:\/\/www.visit-ulcinj.com\/blog\/2011\/02\/17\/ministarstvo-finansija-obesteceni-bivsi-vlasnici-valdanosa\/"]}]},{"@type":"BreadcrumbList","@id":"https:\/\/www.visit-ulcinj.com\/blog\/2011\/02\/17\/ministarstvo-finansija-obesteceni-bivsi-vlasnici-valdanosa\/#breadcrumb","itemListElement":[{"@type":"ListItem","position":1,"name":"Ministarstvo finansija: Obe\u0161te\u0107eni biv\u0161i vlasnici Valdanosa"}]},{"@type":"Person","@id":"https:\/\/www.visit-ulcinj.com\/blog\/#\/schema\/person\/dcab619c614d3038751c63bc2aadc06d","name":"ulqini","sameAs":["http:\/\/www.visit-ulcinj.com"],"url":"https:\/\/www.visit-ulcinj.com\/blog\/author\/admin\/"}]}},"jetpack_featured_media_url":"","jetpack_sharing_enabled":true,"jetpack_shortlink":"https:\/\/wp.me\/pe6lTn-bkc","_links":{"self":[{"href":"https:\/\/www.visit-ulcinj.com\/blog\/wp-json\/wp\/v2\/posts\/43536"}],"collection":[{"href":"https:\/\/www.visit-ulcinj.com\/blog\/wp-json\/wp\/v2\/posts"}],"about":[{"href":"https:\/\/www.visit-ulcinj.com\/blog\/wp-json\/wp\/v2\/types\/post"}],"author":[{"embeddable":true,"href":"https:\/\/www.visit-ulcinj.com\/blog\/wp-json\/wp\/v2\/users\/1"}],"replies":[{"embeddable":true,"href":"https:\/\/www.visit-ulcinj.com\/blog\/wp-json\/wp\/v2\/comments?post=43536"}],"version-history":[{"count":0,"href":"https:\/\/www.visit-ulcinj.com\/blog\/wp-json\/wp\/v2\/posts\/43536\/revisions"}],"wp:attachment":[{"href":"https:\/\/www.visit-ulcinj.com\/blog\/wp-json\/wp\/v2\/media?parent=43536"}],"wp:term":[{"taxonomy":"category","embeddable":true,"href":"https:\/\/www.visit-ulcinj.com\/blog\/wp-json\/wp\/v2\/categories?post=43536"},{"taxonomy":"post_tag","embeddable":true,"href":"https:\/\/www.visit-ulcinj.com\/blog\/wp-json\/wp\/v2\/tags?post=43536"}],"curies":[{"name":"wp","href":"https:\/\/api.w.org\/{rel}","templated":true}]}}