{"id":43540,"date":"2011-02-17T18:15:36","date_gmt":"2011-02-17T17:15:36","guid":{"rendered":"http:\/\/www.visit-ulcinj.com\/blog\/?p=43540"},"modified":"2011-02-17T18:07:53","modified_gmt":"2011-02-17T17:07:53","slug":"rocen-poslao-sluzbenike-u-frankfurt-da-ispitaju-incident-ulcinjanke-m-kurtovic","status":"publish","type":"post","link":"https:\/\/www.visit-ulcinj.com\/blog\/2011\/02\/17\/rocen-poslao-sluzbenike-u-frankfurt-da-ispitaju-incident-ulcinjanke-m-kurtovic\/","title":{"rendered":"Ro\u0107en poslao slu\u017ebenike u Frankfurt da ispitaju incident ..Ulcinjanke M.Kurtovi\u0107"},"content":{"rendered":"<p><strong><a href=\"http:\/\/www.visit-ulcinj.com\/blog\/wp-content\/uploads\/2011\/02\/Milan-Rocen.jpg\"><img loading=\"lazy\" class=\"alignleft size-full wp-image-43541\" title=\"Milan Rocen\" src=\"http:\/\/www.visit-ulcinj.com\/blog\/wp-content\/uploads\/2011\/02\/Milan-Rocen.jpg\" alt=\"\" width=\"508\" height=\"380\" \/><\/a>Ro\u0107en najavio istragu<\/strong><\/p>\n<p><strong>MVP \u0107e naredne sedmice odlu\u010diti je li konzul \u017dari\u0107 kriv<\/strong><\/p>\n<p>Ro\u0107en je kazao da su predstavnici ministartva razgovarali sa svim zaposlenima u konzulatu, kao i sa Kurtovi\u0107evom.<br \/>\nMinistarstvo vanjskih poslova \u0107e naredne nedjelje raspravljati o slu\u010daju Slobodana \u017dari\u0107a, konzula Crne Gore u Franfurtu, i preduzeti zakonske mjere, kazao je ministar Milan Ro\u0107en.<\/p>\n<p>On je rekao da su nakon prijave incidenta u konzulatu, predstavnici ministarstva hitno poslati u Franfurt kako bi ispitali cio slu\u010daj.<\/p>\n<p>Ulcinjanka Mirsada Kurtovi\u0107 optu\u017eila je \u017dari\u0107a da je u crnogorskom konzulatu u Frankfurtu maltretirao a potom se i umalo fizi\u010dki obra\u010dunao sa njom zato \u0161to na albanskom jeziku obratila njegovom kolegi Nikoli Ljulj\u0111uraju.<\/p>\n<p>Ro\u0107en je kazao da su predstavnici ministartva razgovarali sa svim zaposlenima u konzulatu, kao i sa Kurtovi\u0107evom.<\/p>\n<p>&#8220;Sa\u010dinjen je detaljan izvje\u0161taJ i tokom naredne nedjelje kolegijum ministartva vanjskih poslova \u0107e donijeti odluku u skladu sa zakonom&#8221;, kazao je Ro\u0107en na konferenciji za novinare u zgradi Vlade Crne Gore.<\/p>\n<p>Ministarstvo se ve\u0107 izvinilo Mirsadi Kurtovi\u0107 zbog<a href=\"http:\/\/www.vijesti.me\/vijesti\/ulcinjanku-mirsadu-kurtovic-napao-konzul-frankfurtu-clanak-6958\"> neprijatnosti <\/a>koje je do\u017eivjela.<\/p>\n<p><a href=\"http:\/\/www.vijesti.me\/vijesti\/mvp-ce-naredne-sedmice-odluciti-je-li-konzul-zaric-kriv-clanak-7054\" target=\"_blank\"><strong>Vijesti<\/strong><\/a><\/p>\n","protected":false},"excerpt":{"rendered":"<p>Ro\u0107en najavio istragu MVP \u0107e naredne sedmice odlu\u010diti je li konzul \u017dari\u0107 kriv Ro\u0107en je kazao da su predstavnici ministartva razgovarali sa svim zaposlenima u konzulatu, kao i sa Kurtovi\u0107evom. Ministarstvo vanjskih poslova \u0107e naredne nedjelje raspravljati o slu\u010daju Slobodana \u017dari\u0107a, konzula Crne Gore u Franfurtu, i preduzeti zakonske mjere, kazao je ministar Milan Ro\u0107en. [&hellip;]<\/p>\n","protected":false},"author":1,"featured_media":0,"comment_status":"open","ping_status":"closed","sticky":false,"template":"","format":"standard","meta":{"spay_email":"","jetpack_publicize_message":"","jetpack_is_tweetstorm":false,"jetpack_publicize_feature_enabled":true},"categories":[8337],"tags":[416,17370,17369,3860,17368,17371,15301,10609],"jetpack_publicize_connections":[],"yoast_head":"<!-- This site is optimized with the Yoast SEO plugin v19.1 - https:\/\/yoast.com\/wordpress\/plugins\/seo\/ -->\n<title>Ro\u0107en poslao slu\u017ebenike u Frankfurt da ispitaju incident ..Ulcinjanke M.Kurtovi\u0107 - Lajme nga Ulqini<\/title>\n<meta name=\"description\" content=\"Ro\u0107en najavio istragu MVP \u0107e naredne sedmice odlu\u010diti je li konzul \u017dari\u0107 kriv Ro\u0107en je kazao da su predstavnici ministartva razgovarali sa svim\" \/>\n<meta name=\"robots\" content=\"index, follow, max-snippet:-1, max-image-preview:large, max-video-preview:-1\" \/>\n<link rel=\"canonical\" href=\"https:\/\/www.visit-ulcinj.com\/blog\/2011\/02\/17\/rocen-poslao-sluzbenike-u-frankfurt-da-ispitaju-incident-ulcinjanke-m-kurtovic\/\" \/>\n<meta property=\"og:locale\" content=\"en_US\" \/>\n<meta property=\"og:type\" content=\"article\" \/>\n<meta property=\"og:title\" content=\"Ro\u0107en poslao slu\u017ebenike u Frankfurt da ispitaju incident ..Ulcinjanke M.Kurtovi\u0107 - Lajme nga Ulqini\" \/>\n<meta property=\"og:description\" content=\"Ro\u0107en najavio istragu MVP \u0107e naredne sedmice odlu\u010diti je li konzul \u017dari\u0107 kriv Ro\u0107en je kazao da su predstavnici ministartva razgovarali sa svim\" \/>\n<meta property=\"og:url\" content=\"https:\/\/www.visit-ulcinj.com\/blog\/2011\/02\/17\/rocen-poslao-sluzbenike-u-frankfurt-da-ispitaju-incident-ulcinjanke-m-kurtovic\/\" \/>\n<meta property=\"og:site_name\" content=\"Lajme nga Ulqini\" \/>\n<meta property=\"article:published_time\" content=\"2011-02-17T17:15:36+00:00\" \/>\n<meta property=\"article:modified_time\" content=\"2011-02-17T17:07:53+00:00\" \/>\n<meta property=\"og:image\" content=\"http:\/\/www.visit-ulcinj.com\/blog\/wp-content\/uploads\/2011\/02\/Milan-Rocen.jpg\" \/>\n<meta name=\"twitter:label1\" content=\"Written by\" \/>\n\t<meta name=\"twitter:data1\" content=\"ulqini\" \/>\n\t<meta name=\"twitter:label2\" content=\"Est. reading time\" \/>\n\t<meta name=\"twitter:data2\" content=\"1 minute\" \/>\n<script type=\"application\/ld+json\" class=\"yoast-schema-graph\">{\"@context\":\"https:\/\/schema.org\",\"@graph\":[{\"@type\":\"WebSite\",\"@id\":\"https:\/\/www.visit-ulcinj.com\/blog\/#website\",\"url\":\"https:\/\/www.visit-ulcinj.com\/blog\/\",\"name\":\"Lajme nga Ulqini\",\"description\":\"Lajme,Vijesti,Ulqini,Ulqin,Crna Gora,Mali i Zi\",\"potentialAction\":[{\"@type\":\"SearchAction\",\"target\":{\"@type\":\"EntryPoint\",\"urlTemplate\":\"https:\/\/www.visit-ulcinj.com\/blog\/?s={search_term_string}\"},\"query-input\":\"required name=search_term_string\"}],\"inLanguage\":\"en-US\"},{\"@type\":\"ImageObject\",\"inLanguage\":\"en-US\",\"@id\":\"https:\/\/www.visit-ulcinj.com\/blog\/2011\/02\/17\/rocen-poslao-sluzbenike-u-frankfurt-da-ispitaju-incident-ulcinjanke-m-kurtovic\/#primaryimage\",\"url\":\"https:\/\/www.visit-ulcinj.com\/blog\/wp-content\/uploads\/2011\/02\/Milan-Rocen.jpg\",\"contentUrl\":\"https:\/\/www.visit-ulcinj.com\/blog\/wp-content\/uploads\/2011\/02\/Milan-Rocen.jpg\",\"width\":\"976\",\"height\":\"750\"},{\"@type\":\"WebPage\",\"@id\":\"https:\/\/www.visit-ulcinj.com\/blog\/2011\/02\/17\/rocen-poslao-sluzbenike-u-frankfurt-da-ispitaju-incident-ulcinjanke-m-kurtovic\/#webpage\",\"url\":\"https:\/\/www.visit-ulcinj.com\/blog\/2011\/02\/17\/rocen-poslao-sluzbenike-u-frankfurt-da-ispitaju-incident-ulcinjanke-m-kurtovic\/\",\"name\":\"Ro\u0107en poslao slu\u017ebenike u Frankfurt da ispitaju incident ..Ulcinjanke M.Kurtovi\u0107 - Lajme nga Ulqini\",\"isPartOf\":{\"@id\":\"https:\/\/www.visit-ulcinj.com\/blog\/#website\"},\"primaryImageOfPage\":{\"@id\":\"https:\/\/www.visit-ulcinj.com\/blog\/2011\/02\/17\/rocen-poslao-sluzbenike-u-frankfurt-da-ispitaju-incident-ulcinjanke-m-kurtovic\/#primaryimage\"},\"datePublished\":\"2011-02-17T17:15:36+00:00\",\"dateModified\":\"2011-02-17T17:07:53+00:00\",\"author\":{\"@id\":\"https:\/\/www.visit-ulcinj.com\/blog\/#\/schema\/person\/dcab619c614d3038751c63bc2aadc06d\"},\"description\":\"Ro\u0107en najavio istragu MVP \u0107e naredne sedmice odlu\u010diti je li konzul \u017dari\u0107 kriv Ro\u0107en je kazao da su predstavnici ministartva razgovarali sa svim\",\"breadcrumb\":{\"@id\":\"https:\/\/www.visit-ulcinj.com\/blog\/2011\/02\/17\/rocen-poslao-sluzbenike-u-frankfurt-da-ispitaju-incident-ulcinjanke-m-kurtovic\/#breadcrumb\"},\"inLanguage\":\"en-US\",\"potentialAction\":[{\"@type\":\"ReadAction\",\"target\":[\"https:\/\/www.visit-ulcinj.com\/blog\/2011\/02\/17\/rocen-poslao-sluzbenike-u-frankfurt-da-ispitaju-incident-ulcinjanke-m-kurtovic\/\"]}]},{\"@type\":\"BreadcrumbList\",\"@id\":\"https:\/\/www.visit-ulcinj.com\/blog\/2011\/02\/17\/rocen-poslao-sluzbenike-u-frankfurt-da-ispitaju-incident-ulcinjanke-m-kurtovic\/#breadcrumb\",\"itemListElement\":[{\"@type\":\"ListItem\",\"position\":1,\"name\":\"Ro\u0107en poslao slu\u017ebenike u Frankfurt da ispitaju incident ..Ulcinjanke M.Kurtovi\u0107\"}]},{\"@type\":\"Person\",\"@id\":\"https:\/\/www.visit-ulcinj.com\/blog\/#\/schema\/person\/dcab619c614d3038751c63bc2aadc06d\",\"name\":\"ulqini\",\"sameAs\":[\"http:\/\/www.visit-ulcinj.com\"],\"url\":\"https:\/\/www.visit-ulcinj.com\/blog\/author\/admin\/\"}]}<\/script>\n<!-- \/ Yoast SEO plugin. -->","yoast_head_json":{"title":"Ro\u0107en poslao slu\u017ebenike u Frankfurt da ispitaju incident ..Ulcinjanke M.Kurtovi\u0107 - Lajme nga Ulqini","description":"Ro\u0107en najavio istragu MVP \u0107e naredne sedmice odlu\u010diti je li konzul \u017dari\u0107 kriv Ro\u0107en je kazao da su predstavnici ministartva razgovarali sa svim","robots":{"index":"index","follow":"follow","max-snippet":"max-snippet:-1","max-image-preview":"max-image-preview:large","max-video-preview":"max-video-preview:-1"},"canonical":"https:\/\/www.visit-ulcinj.com\/blog\/2011\/02\/17\/rocen-poslao-sluzbenike-u-frankfurt-da-ispitaju-incident-ulcinjanke-m-kurtovic\/","og_locale":"en_US","og_type":"article","og_title":"Ro\u0107en poslao slu\u017ebenike u Frankfurt da ispitaju incident ..Ulcinjanke M.Kurtovi\u0107 - Lajme nga Ulqini","og_description":"Ro\u0107en najavio istragu MVP \u0107e naredne sedmice odlu\u010diti je li konzul \u017dari\u0107 kriv Ro\u0107en je kazao da su predstavnici ministartva razgovarali sa svim","og_url":"https:\/\/www.visit-ulcinj.com\/blog\/2011\/02\/17\/rocen-poslao-sluzbenike-u-frankfurt-da-ispitaju-incident-ulcinjanke-m-kurtovic\/","og_site_name":"Lajme nga Ulqini","article_published_time":"2011-02-17T17:15:36+00:00","article_modified_time":"2011-02-17T17:07:53+00:00","og_image":[{"url":"http:\/\/www.visit-ulcinj.com\/blog\/wp-content\/uploads\/2011\/02\/Milan-Rocen.jpg"}],"twitter_misc":{"Written by":"ulqini","Est. reading time":"1 minute"},"schema":{"@context":"https:\/\/schema.org","@graph":[{"@type":"WebSite","@id":"https:\/\/www.visit-ulcinj.com\/blog\/#website","url":"https:\/\/www.visit-ulcinj.com\/blog\/","name":"Lajme nga Ulqini","description":"Lajme,Vijesti,Ulqini,Ulqin,Crna Gora,Mali i Zi","potentialAction":[{"@type":"SearchAction","target":{"@type":"EntryPoint","urlTemplate":"https:\/\/www.visit-ulcinj.com\/blog\/?s={search_term_string}"},"query-input":"required name=search_term_string"}],"inLanguage":"en-US"},{"@type":"ImageObject","inLanguage":"en-US","@id":"https:\/\/www.visit-ulcinj.com\/blog\/2011\/02\/17\/rocen-poslao-sluzbenike-u-frankfurt-da-ispitaju-incident-ulcinjanke-m-kurtovic\/#primaryimage","url":"https:\/\/www.visit-ulcinj.com\/blog\/wp-content\/uploads\/2011\/02\/Milan-Rocen.jpg","contentUrl":"https:\/\/www.visit-ulcinj.com\/blog\/wp-content\/uploads\/2011\/02\/Milan-Rocen.jpg","width":"976","height":"750"},{"@type":"WebPage","@id":"https:\/\/www.visit-ulcinj.com\/blog\/2011\/02\/17\/rocen-poslao-sluzbenike-u-frankfurt-da-ispitaju-incident-ulcinjanke-m-kurtovic\/#webpage","url":"https:\/\/www.visit-ulcinj.com\/blog\/2011\/02\/17\/rocen-poslao-sluzbenike-u-frankfurt-da-ispitaju-incident-ulcinjanke-m-kurtovic\/","name":"Ro\u0107en poslao slu\u017ebenike u Frankfurt da ispitaju incident ..Ulcinjanke M.Kurtovi\u0107 - Lajme nga Ulqini","isPartOf":{"@id":"https:\/\/www.visit-ulcinj.com\/blog\/#website"},"primaryImageOfPage":{"@id":"https:\/\/www.visit-ulcinj.com\/blog\/2011\/02\/17\/rocen-poslao-sluzbenike-u-frankfurt-da-ispitaju-incident-ulcinjanke-m-kurtovic\/#primaryimage"},"datePublished":"2011-02-17T17:15:36+00:00","dateModified":"2011-02-17T17:07:53+00:00","author":{"@id":"https:\/\/www.visit-ulcinj.com\/blog\/#\/schema\/person\/dcab619c614d3038751c63bc2aadc06d"},"description":"Ro\u0107en najavio istragu MVP \u0107e naredne sedmice odlu\u010diti je li konzul \u017dari\u0107 kriv Ro\u0107en je kazao da su predstavnici ministartva razgovarali sa svim","breadcrumb":{"@id":"https:\/\/www.visit-ulcinj.com\/blog\/2011\/02\/17\/rocen-poslao-sluzbenike-u-frankfurt-da-ispitaju-incident-ulcinjanke-m-kurtovic\/#breadcrumb"},"inLanguage":"en-US","potentialAction":[{"@type":"ReadAction","target":["https:\/\/www.visit-ulcinj.com\/blog\/2011\/02\/17\/rocen-poslao-sluzbenike-u-frankfurt-da-ispitaju-incident-ulcinjanke-m-kurtovic\/"]}]},{"@type":"BreadcrumbList","@id":"https:\/\/www.visit-ulcinj.com\/blog\/2011\/02\/17\/rocen-poslao-sluzbenike-u-frankfurt-da-ispitaju-incident-ulcinjanke-m-kurtovic\/#breadcrumb","itemListElement":[{"@type":"ListItem","position":1,"name":"Ro\u0107en poslao slu\u017ebenike u Frankfurt da ispitaju incident ..Ulcinjanke M.Kurtovi\u0107"}]},{"@type":"Person","@id":"https:\/\/www.visit-ulcinj.com\/blog\/#\/schema\/person\/dcab619c614d3038751c63bc2aadc06d","name":"ulqini","sameAs":["http:\/\/www.visit-ulcinj.com"],"url":"https:\/\/www.visit-ulcinj.com\/blog\/author\/admin\/"}]}},"jetpack_featured_media_url":"","jetpack_sharing_enabled":true,"jetpack_shortlink":"https:\/\/wp.me\/pe6lTn-bkg","_links":{"self":[{"href":"https:\/\/www.visit-ulcinj.com\/blog\/wp-json\/wp\/v2\/posts\/43540"}],"collection":[{"href":"https:\/\/www.visit-ulcinj.com\/blog\/wp-json\/wp\/v2\/posts"}],"about":[{"href":"https:\/\/www.visit-ulcinj.com\/blog\/wp-json\/wp\/v2\/types\/post"}],"author":[{"embeddable":true,"href":"https:\/\/www.visit-ulcinj.com\/blog\/wp-json\/wp\/v2\/users\/1"}],"replies":[{"embeddable":true,"href":"https:\/\/www.visit-ulcinj.com\/blog\/wp-json\/wp\/v2\/comments?post=43540"}],"version-history":[{"count":0,"href":"https:\/\/www.visit-ulcinj.com\/blog\/wp-json\/wp\/v2\/posts\/43540\/revisions"}],"wp:attachment":[{"href":"https:\/\/www.visit-ulcinj.com\/blog\/wp-json\/wp\/v2\/media?parent=43540"}],"wp:term":[{"taxonomy":"category","embeddable":true,"href":"https:\/\/www.visit-ulcinj.com\/blog\/wp-json\/wp\/v2\/categories?post=43540"},{"taxonomy":"post_tag","embeddable":true,"href":"https:\/\/www.visit-ulcinj.com\/blog\/wp-json\/wp\/v2\/tags?post=43540"}],"curies":[{"name":"wp","href":"https:\/\/api.w.org\/{rel}","templated":true}]}}