{"id":43544,"date":"2011-02-17T17:49:27","date_gmt":"2011-02-17T16:49:27","guid":{"rendered":"http:\/\/www.visit-ulcinj.com\/blog\/?p=43544"},"modified":"2011-02-17T17:49:57","modified_gmt":"2011-02-17T16:49:57","slug":"ulcinjanku-mirsadu-kurtovic-napao-konzul-u-frankfurtu","status":"publish","type":"post","link":"https:\/\/www.visit-ulcinj.com\/blog\/2011\/02\/17\/ulcinjanku-mirsadu-kurtovic-napao-konzul-u-frankfurtu\/","title":{"rendered":"Ulcinjanku Mirsadu Kurtovi\u0107 napao konzul u Frankfurtu"},"content":{"rendered":"<p><a href=\"http:\/\/www.visit-ulcinj.com\/blog\/wp-content\/uploads\/2011\/02\/Generalkonsulat-von-Montenegro_Frankfurt.jpg\"><img loading=\"lazy\" class=\"alignleft size-full wp-image-43545\" title=\"Generalkonsulat von Montenegro_Frankfurt\" src=\"http:\/\/www.visit-ulcinj.com\/blog\/wp-content\/uploads\/2011\/02\/Generalkonsulat-von-Montenegro_Frankfurt.jpg\" alt=\"\" width=\"508\" height=\"380\" \/><\/a>Konzul Slobodan \u017dari\u0107 je 1981. godine bio komandant zdru\u017eenih jedinica SMUP-a za podru\u010dje Kosovska Mitrovica.<br \/>\nUlcinjanka Mirsada Kurtovi\u0107 do\u017eivjela je neprijatnost u crnogorskom konzulatu u Frankfurtu gdje je, kako tvrdi, 4. februara konzul Slobodan \u017dari\u0107 prvo maltretirao a potom se i umalo fizi\u010dki obra\u010dunao sa njom.<\/p>\n<p>U \u017ealbi generalnom konzulu Abidu Crnovr\u0161aninu, Kurtovi\u0107 ka\u017ee, da je \u017dari\u0107 dva puta neljubazno i neprimjerenim rije\u010dima udaljio sa \u0161altera nakon \u0161to je htjela da prijavi da joj je k\u0107erka izgubila paso\u0161 i da pita \u0161ta je sve potrebno za novu putnu ispravu.<\/p>\n<p><a href=\"http:\/\/www.visit-ulcinj.com\/blog\/wp-content\/uploads\/2011\/02\/Vice-konzul_Nikola-Ljuljdjuraj.jpg\"><img loading=\"lazy\" class=\"alignleft size-full wp-image-43547\" title=\"Vice konzul_Nikola Ljuljdjuraj\" src=\"http:\/\/www.visit-ulcinj.com\/blog\/wp-content\/uploads\/2011\/02\/Vice-konzul_Nikola-Ljuljdjuraj.jpg\" alt=\"\" width=\"350\" height=\"257\" srcset=\"https:\/\/www.visit-ulcinj.com\/blog\/wp-content\/uploads\/2011\/02\/Vice-konzul_Nikola-Ljuljdjuraj.jpg 350w, https:\/\/www.visit-ulcinj.com\/blog\/wp-content\/uploads\/2011\/02\/Vice-konzul_Nikola-Ljuljdjuraj-300x220.jpg 300w\" sizes=\"(max-width: 350px) 100vw, 350px\" \/><\/a><\/p>\n<p><strong>Ne govorite iza le\u0111a<\/strong><\/p>\n<p>\u201cPoslije izvjesnog vremena na drugi \u0161alter stigao je vicekonzul Nikola Ljulj\u0111uraj koji me vrlo ljubazno primio i pru\u017eio sve potrebne informacije. Na albanskom jeziku sam mu se zahvalila pitaju\u0107i ga gdje mogu ulo\u017eiti \u017ealbu na pona\u0161anje \u017dari\u0107a koji se, kako sam mu objasnila, odnio neprofesionalno i uvredljivo\u201d, pi\u0161e Kurtovi\u0107 u \u017ealbi.<\/p>\n<p>Ulcinjanka je navela da je \u017dari\u0107 \u201cvjerovatno iritiran \u0161to je pri\u010dala na albanskom jeziku &#8216;reagovao vrlo burno&#8217; upozoriv\u0161i je \u201cda mu ne govori iza le\u0111a\u201d.<\/p>\n<p>\u201cTada je sa \u0161altera do\u0161ao u \u010dekaonicu na sav glas psuju\u0107i me u prisustvu osoblja i stranaka. Na svu sre\u0107u, jedan mladi\u0107 koji je bio u \u010dekaonici sprije\u010dio je \u017dari\u0107a da se fizi\u010dki obra\u010duna sa mnom. U tom momentu, u \u010dekaonicu je do\u0161ao Ljulj\u0111uraj koji me u kancelariju uveo sa druge strane da me smiri od \u0161oka i poni\u017eenja\u201d, kazala je Kurtovi\u0107.<\/p>\n<p>Ali, kako ka\u017ee, ni tu nije bio kraj njenih muka.<br \/>\n<a href=\"http:\/\/www.visit-ulcinj.com\/blog\/wp-content\/uploads\/2011\/02\/Konzul_Slobodan-Zaric.jpg\"><img loading=\"lazy\" class=\"alignleft size-full wp-image-43546\" title=\"Konzul_Slobodan Zaric\" src=\"http:\/\/www.visit-ulcinj.com\/blog\/wp-content\/uploads\/2011\/02\/Konzul_Slobodan-Zaric.jpg\" alt=\"\" width=\"350\" height=\"250\" srcset=\"https:\/\/www.visit-ulcinj.com\/blog\/wp-content\/uploads\/2011\/02\/Konzul_Slobodan-Zaric.jpg 350w, https:\/\/www.visit-ulcinj.com\/blog\/wp-content\/uploads\/2011\/02\/Konzul_Slobodan-Zaric-300x214.jpg 300w\" sizes=\"(max-width: 350px) 100vw, 350px\" \/><\/a><\/p>\n<p>\u201c\u017dari\u0107 se vratio u kancelariju i ponovo po\u010deo da me vrije\u0111a i prijeti. Opet je poku\u0161ao da me udari ali se ovog puta isprije\u010dio Ljulj\u0111uraj. Kasnije sam obavila razgovor i sa Crnovr\u0161aninom koji mi je nakon \u0161to je \u010duo \u0161ta mi se dogodilo, uputio rije\u010di izvinjenja\u201d, navodi Kurtovi\u0107.<\/p>\n<p>Ona je rekla da je ipak odlu\u010dila da napi\u0161e \u017ealbu zbog straha, \u0161oka i poni\u017eenja koje je do\u017eivjela.<\/p>\n<p>Kurtovi\u0107eva se nada da \u0107e Ministarstvo vanjskih poslova preuzeti sve svoje nadle\u017enosti kako se ovakvi ili sli\u010dni slu\u010dajevi u crnogorskim predstavni\u0161tvima u Evropi i svijetu vi\u0161e nikad ne bi dogodili.<\/p>\n<p><strong>Ministarstvo se izvinilo<\/strong><\/p>\n<p>Ministarstvo vanjskih poslova je saop\u0161tilo da su odmah nakon \u0161to je obavije\u0161teno o incidentu, po nalogu ministra, generalni sekretar i direktor direkcije za konzularne poslove posjetili konzulat u Frankfurtu i upoznali se sa svim detaljima.<\/p>\n<p>Oni su, kako je saop\u0161teno razgovarali i sa Mirsadom Kurtovi\u0107 i izvinili se u ime Ministarstva.<\/p>\n<p>Ona je izjavila da cijeni izvinjenje i reakciju Ministarstva i zahvalila se na ovom gestu. Pripremamo detaljan izvje\u0161taj o ovom doga\u0111aju. Kolegijum Ministarstva \u0107e na osnovu toga, u skladu sa Zakonom donijeti adekvatnu odluku\u201d, pi\u0161e u saop\u0161tenju.<\/p>\n<p><strong>\u017dari\u0107 1981. godine bio komandant policije u Kosovskoj Mitrovici<\/strong><\/p>\n<p>\u017dari\u0107 je od 1976. godine do 1996. radio u MUP-u Crne Gore, izme\u0111u ostalog i u posebnim jedinicama, a bio je komandant policije u Kosovskoj Mitrovici 1981. godine.<\/p>\n<ul>\n<li>1978 polo\u017eio dr\u017eavni ispit<\/li>\n<li>1976-1980 vi\u0161i inspektor u      Upravi policije i zamjenik komandanta Posebne jedinice policije<\/li>\n<li>1981 komandant zdru\u017eenih      jedinica SMUP-a za podru\u010dje Kosovska Mitrovica<\/li>\n<li>1982-1991 na\u010delnik VI      odjeljenja SDB MUPa Crne Gore<\/li>\n<li>1991-1993 Vi\u0161i inspektor u I      Upravi SDB MUPa Crne Gore<\/li>\n<li>1993-1996 Glavni inspektor      za KOZ republi\u010dkih organa u SDB MUPa Crne Gore<\/li>\n<li>1996-1998 Zamjenik direktora      slu\u017ebe za zajedni\u010dke poslove Savezne vlade SRJ<\/li>\n<li>1998-2001 neraspore\u0111en<\/li>\n<li>1999 20. april &#8211; 20. jul      Komandant posebne jedinice MUP-a Crne Gore u Ro\u017eajama<\/li>\n<li>2002-2004 glavni inspektor za KOZ u SDB MUP-a      Crne Gore<\/li>\n<li>2004 Zamjenik rukovodioca Slu\u017ebe bezbjednosti,      ambasador u Ministarstvu spoljnih poslova SiCG<\/li>\n<\/ul>\n<p>\u017dari\u0107 je biv\u0161i prvak Crne Gore u karateu (te\u0161ka kategorija), a 1980. je bio selektor reprezentacije Crne Gore.<\/p>\n<p><a href=\"http:\/\/www.vijesti.me\/vijesti\/ulcinjanku-mirsadu-kurtovic-napao-konzul-frankfurtu-clanak-6958\" target=\"_blank\"><strong>Vijesti<\/strong><\/a><\/p>\n","protected":false},"excerpt":{"rendered":"<p>Konzul Slobodan \u017dari\u0107 je 1981. godine bio komandant zdru\u017eenih jedinica SMUP-a za podru\u010dje Kosovska Mitrovica. Ulcinjanka Mirsada Kurtovi\u0107 do\u017eivjela je neprijatnost u crnogorskom konzulatu u Frankfurtu gdje je, kako tvrdi, 4. februara konzul Slobodan \u017dari\u0107 prvo maltretirao a potom se i umalo fizi\u010dki obra\u010dunao sa njom. U \u017ealbi generalnom konzulu Abidu Crnovr\u0161aninu, Kurtovi\u0107 ka\u017ee, da [&hellip;]<\/p>\n","protected":false},"author":1,"featured_media":0,"comment_status":"open","ping_status":"closed","sticky":false,"template":"","format":"standard","meta":{"spay_email":"","jetpack_publicize_message":"","jetpack_is_tweetstorm":false,"jetpack_publicize_feature_enabled":true},"categories":[8337],"tags":[17374,17375,17372,17373],"jetpack_publicize_connections":[],"yoast_head":"<!-- This site is optimized with the Yoast SEO plugin v19.1 - https:\/\/yoast.com\/wordpress\/plugins\/seo\/ -->\n<title>Ulcinjanku Mirsadu Kurtovi\u0107 napao konzul u Frankfurtu - Lajme nga Ulqini<\/title>\n<meta name=\"description\" content=\"Konzul Slobodan \u017dari\u0107 je 1981. godine bio komandant zdru\u017eenih jedinica SMUP-a za podru\u010dje Kosovska Mitrovica. Ulcinjanka Mirsada Kurtovi\u0107 do\u017eivjela je\" \/>\n<meta name=\"robots\" content=\"index, follow, max-snippet:-1, max-image-preview:large, max-video-preview:-1\" \/>\n<link rel=\"canonical\" href=\"https:\/\/www.visit-ulcinj.com\/blog\/2011\/02\/17\/ulcinjanku-mirsadu-kurtovic-napao-konzul-u-frankfurtu\/\" \/>\n<meta property=\"og:locale\" content=\"en_US\" \/>\n<meta property=\"og:type\" content=\"article\" \/>\n<meta property=\"og:title\" content=\"Ulcinjanku Mirsadu Kurtovi\u0107 napao konzul u Frankfurtu - Lajme nga Ulqini\" \/>\n<meta property=\"og:description\" content=\"Konzul Slobodan \u017dari\u0107 je 1981. godine bio komandant zdru\u017eenih jedinica SMUP-a za podru\u010dje Kosovska Mitrovica. Ulcinjanka Mirsada Kurtovi\u0107 do\u017eivjela je\" \/>\n<meta property=\"og:url\" content=\"https:\/\/www.visit-ulcinj.com\/blog\/2011\/02\/17\/ulcinjanku-mirsadu-kurtovic-napao-konzul-u-frankfurtu\/\" \/>\n<meta property=\"og:site_name\" content=\"Lajme nga Ulqini\" \/>\n<meta property=\"article:published_time\" content=\"2011-02-17T16:49:27+00:00\" \/>\n<meta property=\"article:modified_time\" content=\"2011-02-17T16:49:57+00:00\" \/>\n<meta property=\"og:image\" content=\"http:\/\/www.visit-ulcinj.com\/blog\/wp-content\/uploads\/2011\/02\/Generalkonsulat-von-Montenegro_Frankfurt.jpg\" \/>\n<meta name=\"twitter:label1\" content=\"Written by\" \/>\n\t<meta name=\"twitter:data1\" content=\"ulqini\" \/>\n\t<meta name=\"twitter:label2\" content=\"Est. reading time\" \/>\n\t<meta name=\"twitter:data2\" content=\"3 minutes\" \/>\n<script type=\"application\/ld+json\" class=\"yoast-schema-graph\">{\"@context\":\"https:\/\/schema.org\",\"@graph\":[{\"@type\":\"WebSite\",\"@id\":\"https:\/\/www.visit-ulcinj.com\/blog\/#website\",\"url\":\"https:\/\/www.visit-ulcinj.com\/blog\/\",\"name\":\"Lajme nga Ulqini\",\"description\":\"Lajme,Vijesti,Ulqini,Ulqin,Crna Gora,Mali i Zi\",\"potentialAction\":[{\"@type\":\"SearchAction\",\"target\":{\"@type\":\"EntryPoint\",\"urlTemplate\":\"https:\/\/www.visit-ulcinj.com\/blog\/?s={search_term_string}\"},\"query-input\":\"required name=search_term_string\"}],\"inLanguage\":\"en-US\"},{\"@type\":\"ImageObject\",\"inLanguage\":\"en-US\",\"@id\":\"https:\/\/www.visit-ulcinj.com\/blog\/2011\/02\/17\/ulcinjanku-mirsadu-kurtovic-napao-konzul-u-frankfurtu\/#primaryimage\",\"url\":\"https:\/\/www.visit-ulcinj.com\/blog\/wp-content\/uploads\/2011\/02\/Generalkonsulat-von-Montenegro_Frankfurt.jpg\",\"contentUrl\":\"https:\/\/www.visit-ulcinj.com\/blog\/wp-content\/uploads\/2011\/02\/Generalkonsulat-von-Montenegro_Frankfurt.jpg\",\"width\":\"579\",\"height\":\"436\"},{\"@type\":\"WebPage\",\"@id\":\"https:\/\/www.visit-ulcinj.com\/blog\/2011\/02\/17\/ulcinjanku-mirsadu-kurtovic-napao-konzul-u-frankfurtu\/#webpage\",\"url\":\"https:\/\/www.visit-ulcinj.com\/blog\/2011\/02\/17\/ulcinjanku-mirsadu-kurtovic-napao-konzul-u-frankfurtu\/\",\"name\":\"Ulcinjanku Mirsadu Kurtovi\u0107 napao konzul u Frankfurtu - Lajme nga Ulqini\",\"isPartOf\":{\"@id\":\"https:\/\/www.visit-ulcinj.com\/blog\/#website\"},\"primaryImageOfPage\":{\"@id\":\"https:\/\/www.visit-ulcinj.com\/blog\/2011\/02\/17\/ulcinjanku-mirsadu-kurtovic-napao-konzul-u-frankfurtu\/#primaryimage\"},\"datePublished\":\"2011-02-17T16:49:27+00:00\",\"dateModified\":\"2011-02-17T16:49:57+00:00\",\"author\":{\"@id\":\"https:\/\/www.visit-ulcinj.com\/blog\/#\/schema\/person\/dcab619c614d3038751c63bc2aadc06d\"},\"description\":\"Konzul Slobodan \u017dari\u0107 je 1981. godine bio komandant zdru\u017eenih jedinica SMUP-a za podru\u010dje Kosovska Mitrovica. Ulcinjanka Mirsada Kurtovi\u0107 do\u017eivjela je\",\"breadcrumb\":{\"@id\":\"https:\/\/www.visit-ulcinj.com\/blog\/2011\/02\/17\/ulcinjanku-mirsadu-kurtovic-napao-konzul-u-frankfurtu\/#breadcrumb\"},\"inLanguage\":\"en-US\",\"potentialAction\":[{\"@type\":\"ReadAction\",\"target\":[\"https:\/\/www.visit-ulcinj.com\/blog\/2011\/02\/17\/ulcinjanku-mirsadu-kurtovic-napao-konzul-u-frankfurtu\/\"]}]},{\"@type\":\"BreadcrumbList\",\"@id\":\"https:\/\/www.visit-ulcinj.com\/blog\/2011\/02\/17\/ulcinjanku-mirsadu-kurtovic-napao-konzul-u-frankfurtu\/#breadcrumb\",\"itemListElement\":[{\"@type\":\"ListItem\",\"position\":1,\"name\":\"Ulcinjanku Mirsadu Kurtovi\u0107 napao konzul u Frankfurtu\"}]},{\"@type\":\"Person\",\"@id\":\"https:\/\/www.visit-ulcinj.com\/blog\/#\/schema\/person\/dcab619c614d3038751c63bc2aadc06d\",\"name\":\"ulqini\",\"sameAs\":[\"http:\/\/www.visit-ulcinj.com\"],\"url\":\"https:\/\/www.visit-ulcinj.com\/blog\/author\/admin\/\"}]}<\/script>\n<!-- \/ Yoast SEO plugin. -->","yoast_head_json":{"title":"Ulcinjanku Mirsadu Kurtovi\u0107 napao konzul u Frankfurtu - Lajme nga Ulqini","description":"Konzul Slobodan \u017dari\u0107 je 1981. godine bio komandant zdru\u017eenih jedinica SMUP-a za podru\u010dje Kosovska Mitrovica. Ulcinjanka Mirsada Kurtovi\u0107 do\u017eivjela je","robots":{"index":"index","follow":"follow","max-snippet":"max-snippet:-1","max-image-preview":"max-image-preview:large","max-video-preview":"max-video-preview:-1"},"canonical":"https:\/\/www.visit-ulcinj.com\/blog\/2011\/02\/17\/ulcinjanku-mirsadu-kurtovic-napao-konzul-u-frankfurtu\/","og_locale":"en_US","og_type":"article","og_title":"Ulcinjanku Mirsadu Kurtovi\u0107 napao konzul u Frankfurtu - Lajme nga Ulqini","og_description":"Konzul Slobodan \u017dari\u0107 je 1981. godine bio komandant zdru\u017eenih jedinica SMUP-a za podru\u010dje Kosovska Mitrovica. Ulcinjanka Mirsada Kurtovi\u0107 do\u017eivjela je","og_url":"https:\/\/www.visit-ulcinj.com\/blog\/2011\/02\/17\/ulcinjanku-mirsadu-kurtovic-napao-konzul-u-frankfurtu\/","og_site_name":"Lajme nga Ulqini","article_published_time":"2011-02-17T16:49:27+00:00","article_modified_time":"2011-02-17T16:49:57+00:00","og_image":[{"url":"http:\/\/www.visit-ulcinj.com\/blog\/wp-content\/uploads\/2011\/02\/Generalkonsulat-von-Montenegro_Frankfurt.jpg"}],"twitter_misc":{"Written by":"ulqini","Est. reading time":"3 minutes"},"schema":{"@context":"https:\/\/schema.org","@graph":[{"@type":"WebSite","@id":"https:\/\/www.visit-ulcinj.com\/blog\/#website","url":"https:\/\/www.visit-ulcinj.com\/blog\/","name":"Lajme nga Ulqini","description":"Lajme,Vijesti,Ulqini,Ulqin,Crna Gora,Mali i Zi","potentialAction":[{"@type":"SearchAction","target":{"@type":"EntryPoint","urlTemplate":"https:\/\/www.visit-ulcinj.com\/blog\/?s={search_term_string}"},"query-input":"required name=search_term_string"}],"inLanguage":"en-US"},{"@type":"ImageObject","inLanguage":"en-US","@id":"https:\/\/www.visit-ulcinj.com\/blog\/2011\/02\/17\/ulcinjanku-mirsadu-kurtovic-napao-konzul-u-frankfurtu\/#primaryimage","url":"https:\/\/www.visit-ulcinj.com\/blog\/wp-content\/uploads\/2011\/02\/Generalkonsulat-von-Montenegro_Frankfurt.jpg","contentUrl":"https:\/\/www.visit-ulcinj.com\/blog\/wp-content\/uploads\/2011\/02\/Generalkonsulat-von-Montenegro_Frankfurt.jpg","width":"579","height":"436"},{"@type":"WebPage","@id":"https:\/\/www.visit-ulcinj.com\/blog\/2011\/02\/17\/ulcinjanku-mirsadu-kurtovic-napao-konzul-u-frankfurtu\/#webpage","url":"https:\/\/www.visit-ulcinj.com\/blog\/2011\/02\/17\/ulcinjanku-mirsadu-kurtovic-napao-konzul-u-frankfurtu\/","name":"Ulcinjanku Mirsadu Kurtovi\u0107 napao konzul u Frankfurtu - Lajme nga Ulqini","isPartOf":{"@id":"https:\/\/www.visit-ulcinj.com\/blog\/#website"},"primaryImageOfPage":{"@id":"https:\/\/www.visit-ulcinj.com\/blog\/2011\/02\/17\/ulcinjanku-mirsadu-kurtovic-napao-konzul-u-frankfurtu\/#primaryimage"},"datePublished":"2011-02-17T16:49:27+00:00","dateModified":"2011-02-17T16:49:57+00:00","author":{"@id":"https:\/\/www.visit-ulcinj.com\/blog\/#\/schema\/person\/dcab619c614d3038751c63bc2aadc06d"},"description":"Konzul Slobodan \u017dari\u0107 je 1981. godine bio komandant zdru\u017eenih jedinica SMUP-a za podru\u010dje Kosovska Mitrovica. Ulcinjanka Mirsada Kurtovi\u0107 do\u017eivjela je","breadcrumb":{"@id":"https:\/\/www.visit-ulcinj.com\/blog\/2011\/02\/17\/ulcinjanku-mirsadu-kurtovic-napao-konzul-u-frankfurtu\/#breadcrumb"},"inLanguage":"en-US","potentialAction":[{"@type":"ReadAction","target":["https:\/\/www.visit-ulcinj.com\/blog\/2011\/02\/17\/ulcinjanku-mirsadu-kurtovic-napao-konzul-u-frankfurtu\/"]}]},{"@type":"BreadcrumbList","@id":"https:\/\/www.visit-ulcinj.com\/blog\/2011\/02\/17\/ulcinjanku-mirsadu-kurtovic-napao-konzul-u-frankfurtu\/#breadcrumb","itemListElement":[{"@type":"ListItem","position":1,"name":"Ulcinjanku Mirsadu Kurtovi\u0107 napao konzul u Frankfurtu"}]},{"@type":"Person","@id":"https:\/\/www.visit-ulcinj.com\/blog\/#\/schema\/person\/dcab619c614d3038751c63bc2aadc06d","name":"ulqini","sameAs":["http:\/\/www.visit-ulcinj.com"],"url":"https:\/\/www.visit-ulcinj.com\/blog\/author\/admin\/"}]}},"jetpack_featured_media_url":"","jetpack_sharing_enabled":true,"jetpack_shortlink":"https:\/\/wp.me\/pe6lTn-bkk","_links":{"self":[{"href":"https:\/\/www.visit-ulcinj.com\/blog\/wp-json\/wp\/v2\/posts\/43544"}],"collection":[{"href":"https:\/\/www.visit-ulcinj.com\/blog\/wp-json\/wp\/v2\/posts"}],"about":[{"href":"https:\/\/www.visit-ulcinj.com\/blog\/wp-json\/wp\/v2\/types\/post"}],"author":[{"embeddable":true,"href":"https:\/\/www.visit-ulcinj.com\/blog\/wp-json\/wp\/v2\/users\/1"}],"replies":[{"embeddable":true,"href":"https:\/\/www.visit-ulcinj.com\/blog\/wp-json\/wp\/v2\/comments?post=43544"}],"version-history":[{"count":0,"href":"https:\/\/www.visit-ulcinj.com\/blog\/wp-json\/wp\/v2\/posts\/43544\/revisions"}],"wp:attachment":[{"href":"https:\/\/www.visit-ulcinj.com\/blog\/wp-json\/wp\/v2\/media?parent=43544"}],"wp:term":[{"taxonomy":"category","embeddable":true,"href":"https:\/\/www.visit-ulcinj.com\/blog\/wp-json\/wp\/v2\/categories?post=43544"},{"taxonomy":"post_tag","embeddable":true,"href":"https:\/\/www.visit-ulcinj.com\/blog\/wp-json\/wp\/v2\/tags?post=43544"}],"curies":[{"name":"wp","href":"https:\/\/api.w.org\/{rel}","templated":true}]}}