{"id":43556,"date":"2011-02-17T18:16:23","date_gmt":"2011-02-17T17:16:23","guid":{"rendered":"http:\/\/www.visit-ulcinj.com\/blog\/?p=43556"},"modified":"2011-02-19T09:43:50","modified_gmt":"2011-02-19T08:43:50","slug":"regjistrimi-mund-t%e2%80%99i-pakesoje-shqiptaret-ne-mal-te-zi","status":"publish","type":"post","link":"https:\/\/www.visit-ulcinj.com\/blog\/2011\/02\/17\/regjistrimi-mund-t%e2%80%99i-pakesoje-shqiptaret-ne-mal-te-zi\/","title":{"rendered":"Regjistrimi mund t\u2019i pak\u00ebsoj\u00eb shqiptar\u00ebt n\u00eb Mal t\u00eb Zi &#8211; Video"},"content":{"rendered":"<p><a href=\"http:\/\/www.visit-ulcinj.com\/blog\/wp-content\/uploads\/2011\/02\/Regjistrimi-i-popullsise-ne-Mal-te-Zi.jpg\"><img loading=\"lazy\" class=\"alignleft size-large wp-image-42986\" title=\"Regjistrimi i popullsise ne Mal te Zi\" src=\"http:\/\/www.visit-ulcinj.com\/blog\/wp-content\/uploads\/2011\/02\/Regjistrimi-i-popullsise-ne-Mal-te-Zi-819x1024.jpg\" alt=\"\" width=\"350\" height=\"500\" \/><\/a>Ulqin, 17 shkurt &#8211; Ndon\u00ebse ka mbetur edhe nj\u00eb muaj e m\u00eb shum\u00eb kur duhet t\u00eb filloj\u00eb regjistrimi i popullsis\u00eb n\u00eb Malin e Zi, proces i cili do t\u00eb realizohet nga data 1 deri m\u00eb 15 prill, shqiptar\u00ebt duhet t\u00eb sensibilizohen me koh\u00eb p\u00ebr t\u00eb mos pasur m\u00ebdyshje me rastin e deklarimit t\u00eb p\u00ebrkat\u00ebsis\u00eb komb\u00ebtare, edhe pse ata e kan\u00eb t\u00eb qart\u00eb se cilit komb i takojn\u00eb.<\/p>\n<p>K\u00ebshtu deklaroi dit\u00ebn e enjte p\u00ebr KosovaLive Nail Draga, funksionar i lart\u00eb i Forc\u00ebs s\u00eb Re Demokratike, nj\u00ebri nd\u00ebr njoh\u00ebsit m\u00eb t\u00eb spikatur t\u00eb \u00e7\u00ebshtjeve demografike shqiptare n\u00eb Malin e Zi.<\/p>\n<p>\u201cProblemi m\u00eb i madh do t\u00eb jet\u00eb me banor\u00ebt e Kraj\u00ebs s\u00eb Sip\u00ebrme, p\u00ebrkat\u00ebsisht t\u00eb Shestanit ku jeton popullata shqiptare e besimit katolik. N\u00eb disa katunde t\u00eb k\u00ebsaj zone, ose t\u00eb shp\u00ebrngulur, sidomos n\u00eb Tivar, vet\u00ebn e quajn\u00eb kroat\u00eb ose malazez. Ky \u00ebsht\u00eb rezultat i pushteteve t\u00eb koh\u00ebs s\u00eb monizmit dhe i grupeve t\u00eb ndryshme t\u00eb interesit p\u00ebr t\u00eb asimiluar shqiptar\u00ebt e k\u00ebtyre mjediseve t\u00eb Kraj\u00ebs s\u00eb Sipme n\u00ebn Rumi\u201d, shprehet Draga.<\/p>\n<p>Ai po ashtu apelon shqiptar\u00ebt, t\u00eb cil\u00ebt kan\u00eb t\u00eb af\u00ebrmit e tyre n\u00eb vendet per\u00ebndimore, sidomos n\u00eb Shtetet e Bashkuara t\u00eb Amerik\u00ebs q\u00eb t\u2019i regjistrojn\u00eb.<\/p>\n<p>Dihet mir\u00ebfilli se \u00e7do i treti shqiptar me origjin\u00eb nga Mali i Zi \u00ebsht\u00eb n\u00eb m\u00ebrgim, familjar\u00ebt e tyre n\u00eb vendlindje g\u00ebzojn\u00eb t\u00eb drejt\u00ebn p\u00ebr t\u2019i regjistruar ata.<\/p>\n<p>\u201cN\u00ebse anashkalohen m\u00ebrgimtar\u00ebt, at\u00ebher\u00eb do t\u00eb zvog\u00eblohet numri i p\u00ebrqindjes s\u00eb shqiptar\u00ebve n\u00eb Malin e Zi. Kjo do t\u00eb reflektohet negativisht n\u00eb p\u00ebrfaq\u00ebsimin autentik n\u00eb Parlament, n\u00eb ndarjen e mjeteve financiare nga Fondi i pakicave, n\u00eb pun\u00ebsim n\u00eb nivelet e organeve shtet\u00ebrore dhe lokale\u201d, n\u00ebnvizon studiuesi dhe analisti, Nail Draga.<\/p>\n<p><strong>KOHA NET<br \/>\nVIDEO TV IN<br \/>\n[flv]http:\/\/www.rtvin.me\/flv\/18_02_post_popis.flv[\/flv]<\/strong><\/p>\n","protected":false},"excerpt":{"rendered":"<p>Ulqin, 17 shkurt &#8211; Ndon\u00ebse ka mbetur edhe nj\u00eb muaj e m\u00eb shum\u00eb kur duhet t\u00eb filloj\u00eb regjistrimi i popullsis\u00eb n\u00eb Malin e Zi, proces i cili do t\u00eb realizohet nga data 1 deri m\u00eb 15 prill, shqiptar\u00ebt duhet t\u00eb sensibilizohen me koh\u00eb p\u00ebr t\u00eb mos pasur m\u00ebdyshje me rastin e deklarimit t\u00eb p\u00ebrkat\u00ebsis\u00eb komb\u00ebtare, [&hellip;]<\/p>\n","protected":false},"author":1,"featured_media":0,"comment_status":"open","ping_status":"closed","sticky":false,"template":"","format":"standard","meta":{"spay_email":"","jetpack_publicize_message":"","jetpack_is_tweetstorm":false,"jetpack_publicize_feature_enabled":true},"categories":[12],"tags":[14351,15136,17401,15139,10203,14359,214,16210,17402,3507,3717,14364,15140,3512,15141,14366,318,17376,14030,2083,4686,15143,2800,200],"jetpack_publicize_connections":[],"yoast_head":"<!-- This site is optimized with the Yoast SEO plugin v19.1 - https:\/\/yoast.com\/wordpress\/plugins\/seo\/ -->\n<title>Regjistrimi mund t\u2019i pak\u00ebsoj\u00eb shqiptar\u00ebt n\u00eb Mal t\u00eb Zi - Video - Lajme nga Ulqini<\/title>\n<meta name=\"description\" content=\"Ulqin, 17 shkurt - Ndon\u00ebse ka mbetur edhe nj\u00eb muaj e m\u00eb shum\u00eb kur duhet t\u00eb filloj\u00eb regjistrimi i popullsis\u00eb n\u00eb Malin e Zi, proces i cili do t\u00eb realizohet\" \/>\n<meta name=\"robots\" content=\"index, follow, max-snippet:-1, max-image-preview:large, max-video-preview:-1\" \/>\n<link rel=\"canonical\" href=\"https:\/\/www.visit-ulcinj.com\/blog\/2011\/02\/17\/regjistrimi-mund-t\u2019i-pakesoje-shqiptaret-ne-mal-te-zi\/\" \/>\n<meta property=\"og:locale\" content=\"en_US\" \/>\n<meta property=\"og:type\" content=\"article\" \/>\n<meta property=\"og:title\" content=\"Regjistrimi mund t\u2019i pak\u00ebsoj\u00eb shqiptar\u00ebt n\u00eb Mal t\u00eb Zi - Video - Lajme nga Ulqini\" \/>\n<meta property=\"og:description\" content=\"Ulqin, 17 shkurt - Ndon\u00ebse ka mbetur edhe nj\u00eb muaj e m\u00eb shum\u00eb kur duhet t\u00eb filloj\u00eb regjistrimi i popullsis\u00eb n\u00eb Malin e Zi, proces i cili do t\u00eb realizohet\" \/>\n<meta property=\"og:url\" content=\"https:\/\/www.visit-ulcinj.com\/blog\/2011\/02\/17\/regjistrimi-mund-t\u2019i-pakesoje-shqiptaret-ne-mal-te-zi\/\" \/>\n<meta property=\"og:site_name\" content=\"Lajme nga Ulqini\" \/>\n<meta property=\"article:published_time\" content=\"2011-02-17T17:16:23+00:00\" \/>\n<meta property=\"article:modified_time\" content=\"2011-02-19T08:43:50+00:00\" \/>\n<meta property=\"og:image\" content=\"http:\/\/www.visit-ulcinj.com\/blog\/wp-content\/uploads\/2011\/02\/Regjistrimi-i-popullsise-ne-Mal-te-Zi-819x1024.jpg\" \/>\n<meta name=\"twitter:label1\" content=\"Written by\" \/>\n\t<meta name=\"twitter:data1\" content=\"ulqini\" \/>\n\t<meta name=\"twitter:label2\" content=\"Est. reading time\" \/>\n\t<meta name=\"twitter:data2\" content=\"2 minutes\" \/>\n<script type=\"application\/ld+json\" class=\"yoast-schema-graph\">{\"@context\":\"https:\/\/schema.org\",\"@graph\":[{\"@type\":\"WebSite\",\"@id\":\"https:\/\/www.visit-ulcinj.com\/blog\/#website\",\"url\":\"https:\/\/www.visit-ulcinj.com\/blog\/\",\"name\":\"Lajme nga Ulqini\",\"description\":\"Lajme,Vijesti,Ulqini,Ulqin,Crna Gora,Mali i Zi\",\"potentialAction\":[{\"@type\":\"SearchAction\",\"target\":{\"@type\":\"EntryPoint\",\"urlTemplate\":\"https:\/\/www.visit-ulcinj.com\/blog\/?s={search_term_string}\"},\"query-input\":\"required name=search_term_string\"}],\"inLanguage\":\"en-US\"},{\"@type\":\"ImageObject\",\"inLanguage\":\"en-US\",\"@id\":\"https:\/\/www.visit-ulcinj.com\/blog\/2011\/02\/17\/regjistrimi-mund-t%e2%80%99i-pakesoje-shqiptaret-ne-mal-te-zi\/#primaryimage\",\"url\":\"https:\/\/www.visit-ulcinj.com\/blog\/wp-content\/uploads\/2011\/02\/Regjistrimi-i-popullsise-ne-Mal-te-Zi.jpg\",\"contentUrl\":\"https:\/\/www.visit-ulcinj.com\/blog\/wp-content\/uploads\/2011\/02\/Regjistrimi-i-popullsise-ne-Mal-te-Zi.jpg\",\"width\":\"871\",\"height\":\"1088\"},{\"@type\":\"WebPage\",\"@id\":\"https:\/\/www.visit-ulcinj.com\/blog\/2011\/02\/17\/regjistrimi-mund-t%e2%80%99i-pakesoje-shqiptaret-ne-mal-te-zi\/#webpage\",\"url\":\"https:\/\/www.visit-ulcinj.com\/blog\/2011\/02\/17\/regjistrimi-mund-t%e2%80%99i-pakesoje-shqiptaret-ne-mal-te-zi\/\",\"name\":\"Regjistrimi mund t\u2019i pak\u00ebsoj\u00eb shqiptar\u00ebt n\u00eb Mal t\u00eb Zi - Video - Lajme nga Ulqini\",\"isPartOf\":{\"@id\":\"https:\/\/www.visit-ulcinj.com\/blog\/#website\"},\"primaryImageOfPage\":{\"@id\":\"https:\/\/www.visit-ulcinj.com\/blog\/2011\/02\/17\/regjistrimi-mund-t%e2%80%99i-pakesoje-shqiptaret-ne-mal-te-zi\/#primaryimage\"},\"datePublished\":\"2011-02-17T17:16:23+00:00\",\"dateModified\":\"2011-02-19T08:43:50+00:00\",\"author\":{\"@id\":\"https:\/\/www.visit-ulcinj.com\/blog\/#\/schema\/person\/dcab619c614d3038751c63bc2aadc06d\"},\"description\":\"Ulqin, 17 shkurt - Ndon\u00ebse ka mbetur edhe nj\u00eb muaj e m\u00eb shum\u00eb kur duhet t\u00eb filloj\u00eb regjistrimi i popullsis\u00eb n\u00eb Malin e Zi, proces i cili do t\u00eb realizohet\",\"breadcrumb\":{\"@id\":\"https:\/\/www.visit-ulcinj.com\/blog\/2011\/02\/17\/regjistrimi-mund-t%e2%80%99i-pakesoje-shqiptaret-ne-mal-te-zi\/#breadcrumb\"},\"inLanguage\":\"en-US\",\"potentialAction\":[{\"@type\":\"ReadAction\",\"target\":[\"https:\/\/www.visit-ulcinj.com\/blog\/2011\/02\/17\/regjistrimi-mund-t%e2%80%99i-pakesoje-shqiptaret-ne-mal-te-zi\/\"]}]},{\"@type\":\"BreadcrumbList\",\"@id\":\"https:\/\/www.visit-ulcinj.com\/blog\/2011\/02\/17\/regjistrimi-mund-t%e2%80%99i-pakesoje-shqiptaret-ne-mal-te-zi\/#breadcrumb\",\"itemListElement\":[{\"@type\":\"ListItem\",\"position\":1,\"name\":\"Regjistrimi mund t\u2019i pak\u00ebsoj\u00eb shqiptar\u00ebt n\u00eb Mal t\u00eb Zi &#8211; Video\"}]},{\"@type\":\"Person\",\"@id\":\"https:\/\/www.visit-ulcinj.com\/blog\/#\/schema\/person\/dcab619c614d3038751c63bc2aadc06d\",\"name\":\"ulqini\",\"sameAs\":[\"http:\/\/www.visit-ulcinj.com\"],\"url\":\"https:\/\/www.visit-ulcinj.com\/blog\/author\/admin\/\"}]}<\/script>\n<!-- \/ Yoast SEO plugin. -->","yoast_head_json":{"title":"Regjistrimi mund t\u2019i pak\u00ebsoj\u00eb shqiptar\u00ebt n\u00eb Mal t\u00eb Zi - Video - Lajme nga Ulqini","description":"Ulqin, 17 shkurt - Ndon\u00ebse ka mbetur edhe nj\u00eb muaj e m\u00eb shum\u00eb kur duhet t\u00eb filloj\u00eb regjistrimi i popullsis\u00eb n\u00eb Malin e Zi, proces i cili do t\u00eb realizohet","robots":{"index":"index","follow":"follow","max-snippet":"max-snippet:-1","max-image-preview":"max-image-preview:large","max-video-preview":"max-video-preview:-1"},"canonical":"https:\/\/www.visit-ulcinj.com\/blog\/2011\/02\/17\/regjistrimi-mund-t\u2019i-pakesoje-shqiptaret-ne-mal-te-zi\/","og_locale":"en_US","og_type":"article","og_title":"Regjistrimi mund t\u2019i pak\u00ebsoj\u00eb shqiptar\u00ebt n\u00eb Mal t\u00eb Zi - Video - Lajme nga Ulqini","og_description":"Ulqin, 17 shkurt - Ndon\u00ebse ka mbetur edhe nj\u00eb muaj e m\u00eb shum\u00eb kur duhet t\u00eb filloj\u00eb regjistrimi i popullsis\u00eb n\u00eb Malin e Zi, proces i cili do t\u00eb realizohet","og_url":"https:\/\/www.visit-ulcinj.com\/blog\/2011\/02\/17\/regjistrimi-mund-t\u2019i-pakesoje-shqiptaret-ne-mal-te-zi\/","og_site_name":"Lajme nga Ulqini","article_published_time":"2011-02-17T17:16:23+00:00","article_modified_time":"2011-02-19T08:43:50+00:00","og_image":[{"url":"http:\/\/www.visit-ulcinj.com\/blog\/wp-content\/uploads\/2011\/02\/Regjistrimi-i-popullsise-ne-Mal-te-Zi-819x1024.jpg"}],"twitter_misc":{"Written by":"ulqini","Est. reading time":"2 minutes"},"schema":{"@context":"https:\/\/schema.org","@graph":[{"@type":"WebSite","@id":"https:\/\/www.visit-ulcinj.com\/blog\/#website","url":"https:\/\/www.visit-ulcinj.com\/blog\/","name":"Lajme nga Ulqini","description":"Lajme,Vijesti,Ulqini,Ulqin,Crna Gora,Mali i Zi","potentialAction":[{"@type":"SearchAction","target":{"@type":"EntryPoint","urlTemplate":"https:\/\/www.visit-ulcinj.com\/blog\/?s={search_term_string}"},"query-input":"required name=search_term_string"}],"inLanguage":"en-US"},{"@type":"ImageObject","inLanguage":"en-US","@id":"https:\/\/www.visit-ulcinj.com\/blog\/2011\/02\/17\/regjistrimi-mund-t%e2%80%99i-pakesoje-shqiptaret-ne-mal-te-zi\/#primaryimage","url":"https:\/\/www.visit-ulcinj.com\/blog\/wp-content\/uploads\/2011\/02\/Regjistrimi-i-popullsise-ne-Mal-te-Zi.jpg","contentUrl":"https:\/\/www.visit-ulcinj.com\/blog\/wp-content\/uploads\/2011\/02\/Regjistrimi-i-popullsise-ne-Mal-te-Zi.jpg","width":"871","height":"1088"},{"@type":"WebPage","@id":"https:\/\/www.visit-ulcinj.com\/blog\/2011\/02\/17\/regjistrimi-mund-t%e2%80%99i-pakesoje-shqiptaret-ne-mal-te-zi\/#webpage","url":"https:\/\/www.visit-ulcinj.com\/blog\/2011\/02\/17\/regjistrimi-mund-t%e2%80%99i-pakesoje-shqiptaret-ne-mal-te-zi\/","name":"Regjistrimi mund t\u2019i pak\u00ebsoj\u00eb shqiptar\u00ebt n\u00eb Mal t\u00eb Zi - Video - Lajme nga Ulqini","isPartOf":{"@id":"https:\/\/www.visit-ulcinj.com\/blog\/#website"},"primaryImageOfPage":{"@id":"https:\/\/www.visit-ulcinj.com\/blog\/2011\/02\/17\/regjistrimi-mund-t%e2%80%99i-pakesoje-shqiptaret-ne-mal-te-zi\/#primaryimage"},"datePublished":"2011-02-17T17:16:23+00:00","dateModified":"2011-02-19T08:43:50+00:00","author":{"@id":"https:\/\/www.visit-ulcinj.com\/blog\/#\/schema\/person\/dcab619c614d3038751c63bc2aadc06d"},"description":"Ulqin, 17 shkurt - Ndon\u00ebse ka mbetur edhe nj\u00eb muaj e m\u00eb shum\u00eb kur duhet t\u00eb filloj\u00eb regjistrimi i popullsis\u00eb n\u00eb Malin e Zi, proces i cili do t\u00eb realizohet","breadcrumb":{"@id":"https:\/\/www.visit-ulcinj.com\/blog\/2011\/02\/17\/regjistrimi-mund-t%e2%80%99i-pakesoje-shqiptaret-ne-mal-te-zi\/#breadcrumb"},"inLanguage":"en-US","potentialAction":[{"@type":"ReadAction","target":["https:\/\/www.visit-ulcinj.com\/blog\/2011\/02\/17\/regjistrimi-mund-t%e2%80%99i-pakesoje-shqiptaret-ne-mal-te-zi\/"]}]},{"@type":"BreadcrumbList","@id":"https:\/\/www.visit-ulcinj.com\/blog\/2011\/02\/17\/regjistrimi-mund-t%e2%80%99i-pakesoje-shqiptaret-ne-mal-te-zi\/#breadcrumb","itemListElement":[{"@type":"ListItem","position":1,"name":"Regjistrimi mund t\u2019i pak\u00ebsoj\u00eb shqiptar\u00ebt n\u00eb Mal t\u00eb Zi &#8211; Video"}]},{"@type":"Person","@id":"https:\/\/www.visit-ulcinj.com\/blog\/#\/schema\/person\/dcab619c614d3038751c63bc2aadc06d","name":"ulqini","sameAs":["http:\/\/www.visit-ulcinj.com"],"url":"https:\/\/www.visit-ulcinj.com\/blog\/author\/admin\/"}]}},"jetpack_featured_media_url":"","jetpack_sharing_enabled":true,"jetpack_shortlink":"https:\/\/wp.me\/pe6lTn-bkw","_links":{"self":[{"href":"https:\/\/www.visit-ulcinj.com\/blog\/wp-json\/wp\/v2\/posts\/43556"}],"collection":[{"href":"https:\/\/www.visit-ulcinj.com\/blog\/wp-json\/wp\/v2\/posts"}],"about":[{"href":"https:\/\/www.visit-ulcinj.com\/blog\/wp-json\/wp\/v2\/types\/post"}],"author":[{"embeddable":true,"href":"https:\/\/www.visit-ulcinj.com\/blog\/wp-json\/wp\/v2\/users\/1"}],"replies":[{"embeddable":true,"href":"https:\/\/www.visit-ulcinj.com\/blog\/wp-json\/wp\/v2\/comments?post=43556"}],"version-history":[{"count":0,"href":"https:\/\/www.visit-ulcinj.com\/blog\/wp-json\/wp\/v2\/posts\/43556\/revisions"}],"wp:attachment":[{"href":"https:\/\/www.visit-ulcinj.com\/blog\/wp-json\/wp\/v2\/media?parent=43556"}],"wp:term":[{"taxonomy":"category","embeddable":true,"href":"https:\/\/www.visit-ulcinj.com\/blog\/wp-json\/wp\/v2\/categories?post=43556"},{"taxonomy":"post_tag","embeddable":true,"href":"https:\/\/www.visit-ulcinj.com\/blog\/wp-json\/wp\/v2\/tags?post=43556"}],"curies":[{"name":"wp","href":"https:\/\/api.w.org\/{rel}","templated":true}]}}