{"id":43566,"date":"2011-02-18T06:58:50","date_gmt":"2011-02-18T05:58:50","guid":{"rendered":"http:\/\/www.visit-ulcinj.com\/blog\/?p=43566"},"modified":"2011-02-18T06:58:50","modified_gmt":"2011-02-18T05:58:50","slug":"delegacija-evropske-komisije-posjetila-forcu","status":"publish","type":"post","link":"https:\/\/www.visit-ulcinj.com\/blog\/2011\/02\/18\/delegacija-evropske-komisije-posjetila-forcu\/","title":{"rendered":"Delegacija Evropske komisije posjetila Forcu"},"content":{"rendered":"<p><a href=\"http:\/\/www.visit-ulcinj.com\/blog\/wp-content\/uploads\/2011\/02\/Delegacija-Evropske-komisije-posjetila-Forcu_Ulcinj.jpg\"><img loading=\"lazy\" class=\"alignleft size-large wp-image-43567\" title=\"Delegacija Evropske komisije posjetila Forcu_Ulcinj\" src=\"http:\/\/www.visit-ulcinj.com\/blog\/wp-content\/uploads\/2011\/02\/Delegacija-Evropske-komisije-posjetila-Forcu_Ulcinj-1024x768.jpg\" alt=\"\" width=\"508\" height=\"380\" srcset=\"https:\/\/www.visit-ulcinj.com\/blog\/wp-content\/uploads\/2011\/02\/Delegacija-Evropske-komisije-posjetila-Forcu_Ulcinj-1024x768.jpg 1024w, https:\/\/www.visit-ulcinj.com\/blog\/wp-content\/uploads\/2011\/02\/Delegacija-Evropske-komisije-posjetila-Forcu_Ulcinj-300x224.jpg 300w, https:\/\/www.visit-ulcinj.com\/blog\/wp-content\/uploads\/2011\/02\/Delegacija-Evropske-komisije-posjetila-Forcu_Ulcinj.jpg 1040w\" sizes=\"(max-width: 508px) 100vw, 508px\" \/><\/a>ULCINJ &#8211; \u0160ef delegacije Evropske komisije Leopold Maurer sa saradnicima bio je u radnoj posjeti Novoj demokratskoj stranci Forca, gdje se sastao sa predsjednikom partije Nazifom Cunguom i potpredsjednicima najja\u010de opozicione partije ove op\u0161tine.<\/p>\n<p>Cilj susreta bilo je informisanje o aktuelnoj situaciji, kao i mi\u0161ljenje opozicije o ispunjenju sedam ta\u010daka mi\u0161ljenja Evropske komisije date Crnoj Gori kao uslov za po\u010detak pregovora.<\/p>\n<p>Predstavnici Force informisali su \u0161efa Delegacije o aktuelnom stanju, nagla\u0161avaju\u0107i oblasti turizma i poljoprivrede kao osnovne djelatnosti. Bilo je rije\u010di i o situaciji vezanoj za izborni zakon, povra\u0107aju imovine &#8211; Valdanos, slu\u010daju Velike pla\u017ee, kao i de\u0161avanjima koja se ti\u010du za\u0161tite i prava manjinskih naroda, uklju\u010divanja manjina u dr\u017eavne institucije, kao i o mnogim drugim temama od \u017eivotnog zna\u010daja za gra\u0111ane Ulcinja, ali i albanskog stanovni\u0161tva u Crnoj Gori u cjelini, navodi se u saop\u0161tenju Force.<\/p>\n<p>Predstavnici Force pokazali su spremnost za saradnju sa evropskim institucijama u svim oblastima koje \u0107e dalje unaprijediti situaciju kod nas, \u0161to brzi izlazak iz krize koja je zahvatila Ulcinj usljed lo\u0161eg funksionisanja op\u0161tinskih institucija, saop\u0161teno je iz ove stranke.<\/p>\n<p>Na kraju susreta konstatovano je da u Crnoj Gori postoji sna\u017ena politi\u010dka volja za unapre\u0111enje procesa evropskih integracija i da je ostvaren zna\u010dajan napredak za ostvarenje uslova i zahtjeva Evropske unije, ali da se treba jo\u0161 vi\u0161e raditi na implementaciji zakona.<br \/>\n<a href=\"http:\/\/www.pobjeda.co.me\/citanje.php?datum=2011-02-17&amp;id=201489\" target=\"_blank\"><strong>A. \u017d.<br \/>\nPobjeda<\/strong><\/a><\/p>\n","protected":false},"excerpt":{"rendered":"<p>ULCINJ &#8211; \u0160ef delegacije Evropske komisije Leopold Maurer sa saradnicima bio je u radnoj posjeti Novoj demokratskoj stranci Forca, gdje se sastao sa predsjednikom partije Nazifom Cunguom i potpredsjednicima najja\u010de opozicione partije ove op\u0161tine. Cilj susreta bilo je informisanje o aktuelnoj situaciji, kao i mi\u0161ljenje opozicije o ispunjenju sedam ta\u010daka mi\u0161ljenja Evropske komisije date Crnoj [&hellip;]<\/p>\n","protected":false},"author":1,"featured_media":0,"comment_status":"open","ping_status":"closed","sticky":false,"template":"","format":"standard","meta":{"spay_email":"","jetpack_publicize_message":"","jetpack_is_tweetstorm":false,"jetpack_publicize_feature_enabled":true},"categories":[8337],"tags":[4529,824,4666,19,17382],"jetpack_publicize_connections":[],"yoast_head":"<!-- This site is optimized with the Yoast SEO plugin v19.1 - https:\/\/yoast.com\/wordpress\/plugins\/seo\/ -->\n<title>Delegacija Evropske komisije posjetila Forcu - Lajme nga Ulqini<\/title>\n<meta name=\"description\" content=\"ULCINJ - \u0160ef delegacije Evropske komisije Leopold Maurer sa saradnicima bio je u radnoj posjeti Novoj demokratskoj stranci Forca, gdje se sastao sa\" \/>\n<meta name=\"robots\" content=\"index, follow, max-snippet:-1, max-image-preview:large, max-video-preview:-1\" \/>\n<link rel=\"canonical\" href=\"https:\/\/www.visit-ulcinj.com\/blog\/2011\/02\/18\/delegacija-evropske-komisije-posjetila-forcu\/\" \/>\n<meta property=\"og:locale\" content=\"en_US\" \/>\n<meta property=\"og:type\" content=\"article\" \/>\n<meta property=\"og:title\" content=\"Delegacija Evropske komisije posjetila Forcu - Lajme nga Ulqini\" \/>\n<meta property=\"og:description\" content=\"ULCINJ - \u0160ef delegacije Evropske komisije Leopold Maurer sa saradnicima bio je u radnoj posjeti Novoj demokratskoj stranci Forca, gdje se sastao sa\" \/>\n<meta property=\"og:url\" content=\"https:\/\/www.visit-ulcinj.com\/blog\/2011\/02\/18\/delegacija-evropske-komisije-posjetila-forcu\/\" \/>\n<meta property=\"og:site_name\" content=\"Lajme nga Ulqini\" \/>\n<meta property=\"article:published_time\" content=\"2011-02-18T05:58:50+00:00\" \/>\n<meta property=\"og:image\" content=\"http:\/\/www.visit-ulcinj.com\/blog\/wp-content\/uploads\/2011\/02\/Delegacija-Evropske-komisije-posjetila-Forcu_Ulcinj-1024x768.jpg\" \/>\n<meta name=\"twitter:label1\" content=\"Written by\" \/>\n\t<meta name=\"twitter:data1\" content=\"ulqini\" \/>\n\t<meta name=\"twitter:label2\" content=\"Est. reading time\" \/>\n\t<meta name=\"twitter:data2\" content=\"1 minute\" \/>\n<script type=\"application\/ld+json\" class=\"yoast-schema-graph\">{\"@context\":\"https:\/\/schema.org\",\"@graph\":[{\"@type\":\"WebSite\",\"@id\":\"https:\/\/www.visit-ulcinj.com\/blog\/#website\",\"url\":\"https:\/\/www.visit-ulcinj.com\/blog\/\",\"name\":\"Lajme nga Ulqini\",\"description\":\"Lajme,Vijesti,Ulqini,Ulqin,Crna Gora,Mali i Zi\",\"potentialAction\":[{\"@type\":\"SearchAction\",\"target\":{\"@type\":\"EntryPoint\",\"urlTemplate\":\"https:\/\/www.visit-ulcinj.com\/blog\/?s={search_term_string}\"},\"query-input\":\"required name=search_term_string\"}],\"inLanguage\":\"en-US\"},{\"@type\":\"ImageObject\",\"inLanguage\":\"en-US\",\"@id\":\"https:\/\/www.visit-ulcinj.com\/blog\/2011\/02\/18\/delegacija-evropske-komisije-posjetila-forcu\/#primaryimage\",\"url\":\"https:\/\/www.visit-ulcinj.com\/blog\/wp-content\/uploads\/2011\/02\/Delegacija-Evropske-komisije-posjetila-Forcu_Ulcinj.jpg\",\"contentUrl\":\"https:\/\/www.visit-ulcinj.com\/blog\/wp-content\/uploads\/2011\/02\/Delegacija-Evropske-komisije-posjetila-Forcu_Ulcinj.jpg\",\"width\":\"1040\",\"height\":\"780\"},{\"@type\":\"WebPage\",\"@id\":\"https:\/\/www.visit-ulcinj.com\/blog\/2011\/02\/18\/delegacija-evropske-komisije-posjetila-forcu\/#webpage\",\"url\":\"https:\/\/www.visit-ulcinj.com\/blog\/2011\/02\/18\/delegacija-evropske-komisije-posjetila-forcu\/\",\"name\":\"Delegacija Evropske komisije posjetila Forcu - Lajme nga Ulqini\",\"isPartOf\":{\"@id\":\"https:\/\/www.visit-ulcinj.com\/blog\/#website\"},\"primaryImageOfPage\":{\"@id\":\"https:\/\/www.visit-ulcinj.com\/blog\/2011\/02\/18\/delegacija-evropske-komisije-posjetila-forcu\/#primaryimage\"},\"datePublished\":\"2011-02-18T05:58:50+00:00\",\"dateModified\":\"2011-02-18T05:58:50+00:00\",\"author\":{\"@id\":\"https:\/\/www.visit-ulcinj.com\/blog\/#\/schema\/person\/dcab619c614d3038751c63bc2aadc06d\"},\"description\":\"ULCINJ - \u0160ef delegacije Evropske komisije Leopold Maurer sa saradnicima bio je u radnoj posjeti Novoj demokratskoj stranci Forca, gdje se sastao sa\",\"breadcrumb\":{\"@id\":\"https:\/\/www.visit-ulcinj.com\/blog\/2011\/02\/18\/delegacija-evropske-komisije-posjetila-forcu\/#breadcrumb\"},\"inLanguage\":\"en-US\",\"potentialAction\":[{\"@type\":\"ReadAction\",\"target\":[\"https:\/\/www.visit-ulcinj.com\/blog\/2011\/02\/18\/delegacija-evropske-komisije-posjetila-forcu\/\"]}]},{\"@type\":\"BreadcrumbList\",\"@id\":\"https:\/\/www.visit-ulcinj.com\/blog\/2011\/02\/18\/delegacija-evropske-komisije-posjetila-forcu\/#breadcrumb\",\"itemListElement\":[{\"@type\":\"ListItem\",\"position\":1,\"name\":\"Delegacija Evropske komisije posjetila Forcu\"}]},{\"@type\":\"Person\",\"@id\":\"https:\/\/www.visit-ulcinj.com\/blog\/#\/schema\/person\/dcab619c614d3038751c63bc2aadc06d\",\"name\":\"ulqini\",\"sameAs\":[\"http:\/\/www.visit-ulcinj.com\"],\"url\":\"https:\/\/www.visit-ulcinj.com\/blog\/author\/admin\/\"}]}<\/script>\n<!-- \/ Yoast SEO plugin. -->","yoast_head_json":{"title":"Delegacija Evropske komisije posjetila Forcu - Lajme nga Ulqini","description":"ULCINJ - \u0160ef delegacije Evropske komisije Leopold Maurer sa saradnicima bio je u radnoj posjeti Novoj demokratskoj stranci Forca, gdje se sastao sa","robots":{"index":"index","follow":"follow","max-snippet":"max-snippet:-1","max-image-preview":"max-image-preview:large","max-video-preview":"max-video-preview:-1"},"canonical":"https:\/\/www.visit-ulcinj.com\/blog\/2011\/02\/18\/delegacija-evropske-komisije-posjetila-forcu\/","og_locale":"en_US","og_type":"article","og_title":"Delegacija Evropske komisije posjetila Forcu - Lajme nga Ulqini","og_description":"ULCINJ - \u0160ef delegacije Evropske komisije Leopold Maurer sa saradnicima bio je u radnoj posjeti Novoj demokratskoj stranci Forca, gdje se sastao sa","og_url":"https:\/\/www.visit-ulcinj.com\/blog\/2011\/02\/18\/delegacija-evropske-komisije-posjetila-forcu\/","og_site_name":"Lajme nga Ulqini","article_published_time":"2011-02-18T05:58:50+00:00","og_image":[{"url":"http:\/\/www.visit-ulcinj.com\/blog\/wp-content\/uploads\/2011\/02\/Delegacija-Evropske-komisije-posjetila-Forcu_Ulcinj-1024x768.jpg"}],"twitter_misc":{"Written by":"ulqini","Est. reading time":"1 minute"},"schema":{"@context":"https:\/\/schema.org","@graph":[{"@type":"WebSite","@id":"https:\/\/www.visit-ulcinj.com\/blog\/#website","url":"https:\/\/www.visit-ulcinj.com\/blog\/","name":"Lajme nga Ulqini","description":"Lajme,Vijesti,Ulqini,Ulqin,Crna Gora,Mali i Zi","potentialAction":[{"@type":"SearchAction","target":{"@type":"EntryPoint","urlTemplate":"https:\/\/www.visit-ulcinj.com\/blog\/?s={search_term_string}"},"query-input":"required name=search_term_string"}],"inLanguage":"en-US"},{"@type":"ImageObject","inLanguage":"en-US","@id":"https:\/\/www.visit-ulcinj.com\/blog\/2011\/02\/18\/delegacija-evropske-komisije-posjetila-forcu\/#primaryimage","url":"https:\/\/www.visit-ulcinj.com\/blog\/wp-content\/uploads\/2011\/02\/Delegacija-Evropske-komisije-posjetila-Forcu_Ulcinj.jpg","contentUrl":"https:\/\/www.visit-ulcinj.com\/blog\/wp-content\/uploads\/2011\/02\/Delegacija-Evropske-komisije-posjetila-Forcu_Ulcinj.jpg","width":"1040","height":"780"},{"@type":"WebPage","@id":"https:\/\/www.visit-ulcinj.com\/blog\/2011\/02\/18\/delegacija-evropske-komisije-posjetila-forcu\/#webpage","url":"https:\/\/www.visit-ulcinj.com\/blog\/2011\/02\/18\/delegacija-evropske-komisije-posjetila-forcu\/","name":"Delegacija Evropske komisije posjetila Forcu - Lajme nga Ulqini","isPartOf":{"@id":"https:\/\/www.visit-ulcinj.com\/blog\/#website"},"primaryImageOfPage":{"@id":"https:\/\/www.visit-ulcinj.com\/blog\/2011\/02\/18\/delegacija-evropske-komisije-posjetila-forcu\/#primaryimage"},"datePublished":"2011-02-18T05:58:50+00:00","dateModified":"2011-02-18T05:58:50+00:00","author":{"@id":"https:\/\/www.visit-ulcinj.com\/blog\/#\/schema\/person\/dcab619c614d3038751c63bc2aadc06d"},"description":"ULCINJ - \u0160ef delegacije Evropske komisije Leopold Maurer sa saradnicima bio je u radnoj posjeti Novoj demokratskoj stranci Forca, gdje se sastao sa","breadcrumb":{"@id":"https:\/\/www.visit-ulcinj.com\/blog\/2011\/02\/18\/delegacija-evropske-komisije-posjetila-forcu\/#breadcrumb"},"inLanguage":"en-US","potentialAction":[{"@type":"ReadAction","target":["https:\/\/www.visit-ulcinj.com\/blog\/2011\/02\/18\/delegacija-evropske-komisije-posjetila-forcu\/"]}]},{"@type":"BreadcrumbList","@id":"https:\/\/www.visit-ulcinj.com\/blog\/2011\/02\/18\/delegacija-evropske-komisije-posjetila-forcu\/#breadcrumb","itemListElement":[{"@type":"ListItem","position":1,"name":"Delegacija Evropske komisije posjetila Forcu"}]},{"@type":"Person","@id":"https:\/\/www.visit-ulcinj.com\/blog\/#\/schema\/person\/dcab619c614d3038751c63bc2aadc06d","name":"ulqini","sameAs":["http:\/\/www.visit-ulcinj.com"],"url":"https:\/\/www.visit-ulcinj.com\/blog\/author\/admin\/"}]}},"jetpack_featured_media_url":"","jetpack_sharing_enabled":true,"jetpack_shortlink":"https:\/\/wp.me\/pe6lTn-bkG","_links":{"self":[{"href":"https:\/\/www.visit-ulcinj.com\/blog\/wp-json\/wp\/v2\/posts\/43566"}],"collection":[{"href":"https:\/\/www.visit-ulcinj.com\/blog\/wp-json\/wp\/v2\/posts"}],"about":[{"href":"https:\/\/www.visit-ulcinj.com\/blog\/wp-json\/wp\/v2\/types\/post"}],"author":[{"embeddable":true,"href":"https:\/\/www.visit-ulcinj.com\/blog\/wp-json\/wp\/v2\/users\/1"}],"replies":[{"embeddable":true,"href":"https:\/\/www.visit-ulcinj.com\/blog\/wp-json\/wp\/v2\/comments?post=43566"}],"version-history":[{"count":0,"href":"https:\/\/www.visit-ulcinj.com\/blog\/wp-json\/wp\/v2\/posts\/43566\/revisions"}],"wp:attachment":[{"href":"https:\/\/www.visit-ulcinj.com\/blog\/wp-json\/wp\/v2\/media?parent=43566"}],"wp:term":[{"taxonomy":"category","embeddable":true,"href":"https:\/\/www.visit-ulcinj.com\/blog\/wp-json\/wp\/v2\/categories?post=43566"},{"taxonomy":"post_tag","embeddable":true,"href":"https:\/\/www.visit-ulcinj.com\/blog\/wp-json\/wp\/v2\/tags?post=43566"}],"curies":[{"name":"wp","href":"https:\/\/api.w.org\/{rel}","templated":true}]}}