{"id":43570,"date":"2011-02-18T07:45:51","date_gmt":"2011-02-18T06:45:51","guid":{"rendered":"http:\/\/www.visit-ulcinj.com\/blog\/?p=43570"},"modified":"2011-02-18T07:46:16","modified_gmt":"2011-02-18T06:46:16","slug":"pozivaju-dinosu-da-trazi-natrag-novac-namijenjen-rae-populaciji","status":"publish","type":"post","link":"https:\/\/www.visit-ulcinj.com\/blog\/2011\/02\/18\/pozivaju-dinosu-da-trazi-natrag-novac-namijenjen-rae-populaciji\/","title":{"rendered":"Pozivaju Dino\u0161u da tra\u017ei natrag novac namijenjen RAE populaciji"},"content":{"rendered":"<p><a href=\"http:\/\/www.visit-ulcinj.com\/blog\/wp-content\/uploads\/2011\/02\/FERHAT-DINOSA.jpg\"><img loading=\"lazy\" class=\"alignleft size-full wp-image-43571\" title=\"FERHAT DINOSA\" src=\"http:\/\/www.visit-ulcinj.com\/blog\/wp-content\/uploads\/2011\/02\/FERHAT-DINOSA.jpg\" alt=\"\" width=\"340\" height=\"500\" \/><\/a>Nacionalni DecadeWatch Tim za Crnu Goru uputio je javni poziv ministru Dino\u0161i da od op\u0161tina Nik\u0161i\u0107, Bijelo Polje i Berane hitno zatra\u017ei povra\u0107aj 390 hiljada eura zbog nerealizovanih projekata u oblasti socijalnog stanovanja za Rome i Egip\u0107ane.<\/p>\n<p>U pismu koje potpisuje koordinatorka Biljana Alkovi\u0107 navedeno je da je Komisija za pra\u0107enje implementacije Strategije za pobolj\u0161anje polo\u017eaja RAE populacije u Crnoj Gori 2008 &#8211; 2012, donijela odluku da se u 2009. godini odobre projekti za stanovanje u iznosu od 390.000 eura.<\/p>\n<p>Za op\u0161tinu Nik\u0161i\u0107, predstavljen je projekat \u201eRegulisanje stambenog pitanja za 15 porodica domicilnih RAE sa podru\u010dja op\u0161tine Nik\u0161i\u0107\u201c, koji je dobio 180.000 eura.<\/p>\n<p>Op\u0161tina Bijelo Polje, za projekat \u201eRje\u0161avanje stambenog problema za 30 RAE porodica dobila je 150.000 eura.<\/p>\n<p>Op\u0161tina Berane, projekat pod nazivom \u201eI nama treba dom\u201c, dobila je 60.000 eura.<\/p>\n<p>\u201eS obzirom da nijedan od navedenih projekata do danas nije realizovan, nakon dvije godine, pozivam Vas, da bez daljeg odlaganja, i bez davanja dodatnih rokova, zatra\u017eite povra\u0107aj tog novca od ovih lokalnih samouprava\u201c, ka\u017ee se u pozivu dostavljenom Portalu Analitika.<\/p>\n<p>\u201eIz tih razloga pozivamo vas da bez daljeg odlaganja iskoristite ugovorne mogu\u0107nosti i zatra\u017eite povra\u0107aj 390.000 eura. Ukoliko to op\u0161tine odbiju da urade o tome hitno obavijestite premijera i pokrenite spor pred Osnovnim sudom u Podgorici.\u201c<\/p>\n<p><a href=\"http:\/\/www.portalanalitika.me\/drutvo\/vijesti\/20327-pozivaju-dinou-da-trai-natrag-novac-namijenjen-rae-populaciji.html\" target=\"_blank\"><strong>Portal Analitika<\/strong><\/a><\/p>\n","protected":false},"excerpt":{"rendered":"<p>Nacionalni DecadeWatch Tim za Crnu Goru uputio je javni poziv ministru Dino\u0161i da od op\u0161tina Nik\u0161i\u0107, Bijelo Polje i Berane hitno zatra\u017ei povra\u0107aj 390 hiljada eura zbog nerealizovanih projekata u oblasti socijalnog stanovanja za Rome i Egip\u0107ane. U pismu koje potpisuje koordinatorka Biljana Alkovi\u0107 navedeno je da je Komisija za pra\u0107enje implementacije Strategije za pobolj\u0161anje [&hellip;]<\/p>\n","protected":false},"author":1,"featured_media":0,"comment_status":"open","ping_status":"closed","sticky":false,"template":"","format":"standard","meta":{"spay_email":"","jetpack_publicize_message":"","jetpack_is_tweetstorm":false,"jetpack_publicize_feature_enabled":true},"categories":[8337],"tags":[17383,88],"jetpack_publicize_connections":[],"yoast_head":"<!-- This site is optimized with the Yoast SEO plugin v19.1 - https:\/\/yoast.com\/wordpress\/plugins\/seo\/ -->\n<title>Pozivaju Dino\u0161u da tra\u017ei natrag novac namijenjen RAE populaciji - Lajme nga Ulqini<\/title>\n<meta name=\"description\" content=\"Nacionalni DecadeWatch Tim za Crnu Goru uputio je javni poziv ministru Dino\u0161i da od op\u0161tina Nik\u0161i\u0107, Bijelo Polje i Berane hitno zatra\u017ei povra\u0107aj 390\" \/>\n<meta name=\"robots\" content=\"index, follow, max-snippet:-1, max-image-preview:large, max-video-preview:-1\" \/>\n<link rel=\"canonical\" href=\"https:\/\/www.visit-ulcinj.com\/blog\/2011\/02\/18\/pozivaju-dinosu-da-trazi-natrag-novac-namijenjen-rae-populaciji\/\" \/>\n<meta property=\"og:locale\" content=\"en_US\" \/>\n<meta property=\"og:type\" content=\"article\" \/>\n<meta property=\"og:title\" content=\"Pozivaju Dino\u0161u da tra\u017ei natrag novac namijenjen RAE populaciji - Lajme nga Ulqini\" \/>\n<meta property=\"og:description\" content=\"Nacionalni DecadeWatch Tim za Crnu Goru uputio je javni poziv ministru Dino\u0161i da od op\u0161tina Nik\u0161i\u0107, Bijelo Polje i Berane hitno zatra\u017ei povra\u0107aj 390\" \/>\n<meta property=\"og:url\" content=\"https:\/\/www.visit-ulcinj.com\/blog\/2011\/02\/18\/pozivaju-dinosu-da-trazi-natrag-novac-namijenjen-rae-populaciji\/\" \/>\n<meta property=\"og:site_name\" content=\"Lajme nga Ulqini\" \/>\n<meta property=\"article:published_time\" content=\"2011-02-18T06:45:51+00:00\" \/>\n<meta property=\"article:modified_time\" content=\"2011-02-18T06:46:16+00:00\" \/>\n<meta property=\"og:image\" content=\"http:\/\/www.visit-ulcinj.com\/blog\/wp-content\/uploads\/2011\/02\/FERHAT-DINOSA.jpg\" \/>\n<meta name=\"twitter:label1\" content=\"Written by\" \/>\n\t<meta name=\"twitter:data1\" content=\"ulqini\" \/>\n\t<meta name=\"twitter:label2\" content=\"Est. reading time\" \/>\n\t<meta name=\"twitter:data2\" content=\"1 minute\" \/>\n<script type=\"application\/ld+json\" class=\"yoast-schema-graph\">{\"@context\":\"https:\/\/schema.org\",\"@graph\":[{\"@type\":\"WebSite\",\"@id\":\"https:\/\/www.visit-ulcinj.com\/blog\/#website\",\"url\":\"https:\/\/www.visit-ulcinj.com\/blog\/\",\"name\":\"Lajme nga Ulqini\",\"description\":\"Lajme,Vijesti,Ulqini,Ulqin,Crna Gora,Mali i Zi\",\"potentialAction\":[{\"@type\":\"SearchAction\",\"target\":{\"@type\":\"EntryPoint\",\"urlTemplate\":\"https:\/\/www.visit-ulcinj.com\/blog\/?s={search_term_string}\"},\"query-input\":\"required name=search_term_string\"}],\"inLanguage\":\"en-US\"},{\"@type\":\"ImageObject\",\"inLanguage\":\"en-US\",\"@id\":\"https:\/\/www.visit-ulcinj.com\/blog\/2011\/02\/18\/pozivaju-dinosu-da-trazi-natrag-novac-namijenjen-rae-populaciji\/#primaryimage\",\"url\":\"https:\/\/www.visit-ulcinj.com\/blog\/wp-content\/uploads\/2011\/02\/FERHAT-DINOSA.jpg\",\"contentUrl\":\"https:\/\/www.visit-ulcinj.com\/blog\/wp-content\/uploads\/2011\/02\/FERHAT-DINOSA.jpg\",\"width\":\"535\",\"height\":\"750\"},{\"@type\":\"WebPage\",\"@id\":\"https:\/\/www.visit-ulcinj.com\/blog\/2011\/02\/18\/pozivaju-dinosu-da-trazi-natrag-novac-namijenjen-rae-populaciji\/#webpage\",\"url\":\"https:\/\/www.visit-ulcinj.com\/blog\/2011\/02\/18\/pozivaju-dinosu-da-trazi-natrag-novac-namijenjen-rae-populaciji\/\",\"name\":\"Pozivaju Dino\u0161u da tra\u017ei natrag novac namijenjen RAE populaciji - Lajme nga Ulqini\",\"isPartOf\":{\"@id\":\"https:\/\/www.visit-ulcinj.com\/blog\/#website\"},\"primaryImageOfPage\":{\"@id\":\"https:\/\/www.visit-ulcinj.com\/blog\/2011\/02\/18\/pozivaju-dinosu-da-trazi-natrag-novac-namijenjen-rae-populaciji\/#primaryimage\"},\"datePublished\":\"2011-02-18T06:45:51+00:00\",\"dateModified\":\"2011-02-18T06:46:16+00:00\",\"author\":{\"@id\":\"https:\/\/www.visit-ulcinj.com\/blog\/#\/schema\/person\/dcab619c614d3038751c63bc2aadc06d\"},\"description\":\"Nacionalni DecadeWatch Tim za Crnu Goru uputio je javni poziv ministru Dino\u0161i da od op\u0161tina Nik\u0161i\u0107, Bijelo Polje i Berane hitno zatra\u017ei povra\u0107aj 390\",\"breadcrumb\":{\"@id\":\"https:\/\/www.visit-ulcinj.com\/blog\/2011\/02\/18\/pozivaju-dinosu-da-trazi-natrag-novac-namijenjen-rae-populaciji\/#breadcrumb\"},\"inLanguage\":\"en-US\",\"potentialAction\":[{\"@type\":\"ReadAction\",\"target\":[\"https:\/\/www.visit-ulcinj.com\/blog\/2011\/02\/18\/pozivaju-dinosu-da-trazi-natrag-novac-namijenjen-rae-populaciji\/\"]}]},{\"@type\":\"BreadcrumbList\",\"@id\":\"https:\/\/www.visit-ulcinj.com\/blog\/2011\/02\/18\/pozivaju-dinosu-da-trazi-natrag-novac-namijenjen-rae-populaciji\/#breadcrumb\",\"itemListElement\":[{\"@type\":\"ListItem\",\"position\":1,\"name\":\"Pozivaju Dino\u0161u da tra\u017ei natrag novac namijenjen RAE populaciji\"}]},{\"@type\":\"Person\",\"@id\":\"https:\/\/www.visit-ulcinj.com\/blog\/#\/schema\/person\/dcab619c614d3038751c63bc2aadc06d\",\"name\":\"ulqini\",\"sameAs\":[\"http:\/\/www.visit-ulcinj.com\"],\"url\":\"https:\/\/www.visit-ulcinj.com\/blog\/author\/admin\/\"}]}<\/script>\n<!-- \/ Yoast SEO plugin. -->","yoast_head_json":{"title":"Pozivaju Dino\u0161u da tra\u017ei natrag novac namijenjen RAE populaciji - Lajme nga Ulqini","description":"Nacionalni DecadeWatch Tim za Crnu Goru uputio je javni poziv ministru Dino\u0161i da od op\u0161tina Nik\u0161i\u0107, Bijelo Polje i Berane hitno zatra\u017ei povra\u0107aj 390","robots":{"index":"index","follow":"follow","max-snippet":"max-snippet:-1","max-image-preview":"max-image-preview:large","max-video-preview":"max-video-preview:-1"},"canonical":"https:\/\/www.visit-ulcinj.com\/blog\/2011\/02\/18\/pozivaju-dinosu-da-trazi-natrag-novac-namijenjen-rae-populaciji\/","og_locale":"en_US","og_type":"article","og_title":"Pozivaju Dino\u0161u da tra\u017ei natrag novac namijenjen RAE populaciji - Lajme nga Ulqini","og_description":"Nacionalni DecadeWatch Tim za Crnu Goru uputio je javni poziv ministru Dino\u0161i da od op\u0161tina Nik\u0161i\u0107, Bijelo Polje i Berane hitno zatra\u017ei povra\u0107aj 390","og_url":"https:\/\/www.visit-ulcinj.com\/blog\/2011\/02\/18\/pozivaju-dinosu-da-trazi-natrag-novac-namijenjen-rae-populaciji\/","og_site_name":"Lajme nga Ulqini","article_published_time":"2011-02-18T06:45:51+00:00","article_modified_time":"2011-02-18T06:46:16+00:00","og_image":[{"url":"http:\/\/www.visit-ulcinj.com\/blog\/wp-content\/uploads\/2011\/02\/FERHAT-DINOSA.jpg"}],"twitter_misc":{"Written by":"ulqini","Est. reading time":"1 minute"},"schema":{"@context":"https:\/\/schema.org","@graph":[{"@type":"WebSite","@id":"https:\/\/www.visit-ulcinj.com\/blog\/#website","url":"https:\/\/www.visit-ulcinj.com\/blog\/","name":"Lajme nga Ulqini","description":"Lajme,Vijesti,Ulqini,Ulqin,Crna Gora,Mali i Zi","potentialAction":[{"@type":"SearchAction","target":{"@type":"EntryPoint","urlTemplate":"https:\/\/www.visit-ulcinj.com\/blog\/?s={search_term_string}"},"query-input":"required name=search_term_string"}],"inLanguage":"en-US"},{"@type":"ImageObject","inLanguage":"en-US","@id":"https:\/\/www.visit-ulcinj.com\/blog\/2011\/02\/18\/pozivaju-dinosu-da-trazi-natrag-novac-namijenjen-rae-populaciji\/#primaryimage","url":"https:\/\/www.visit-ulcinj.com\/blog\/wp-content\/uploads\/2011\/02\/FERHAT-DINOSA.jpg","contentUrl":"https:\/\/www.visit-ulcinj.com\/blog\/wp-content\/uploads\/2011\/02\/FERHAT-DINOSA.jpg","width":"535","height":"750"},{"@type":"WebPage","@id":"https:\/\/www.visit-ulcinj.com\/blog\/2011\/02\/18\/pozivaju-dinosu-da-trazi-natrag-novac-namijenjen-rae-populaciji\/#webpage","url":"https:\/\/www.visit-ulcinj.com\/blog\/2011\/02\/18\/pozivaju-dinosu-da-trazi-natrag-novac-namijenjen-rae-populaciji\/","name":"Pozivaju Dino\u0161u da tra\u017ei natrag novac namijenjen RAE populaciji - Lajme nga Ulqini","isPartOf":{"@id":"https:\/\/www.visit-ulcinj.com\/blog\/#website"},"primaryImageOfPage":{"@id":"https:\/\/www.visit-ulcinj.com\/blog\/2011\/02\/18\/pozivaju-dinosu-da-trazi-natrag-novac-namijenjen-rae-populaciji\/#primaryimage"},"datePublished":"2011-02-18T06:45:51+00:00","dateModified":"2011-02-18T06:46:16+00:00","author":{"@id":"https:\/\/www.visit-ulcinj.com\/blog\/#\/schema\/person\/dcab619c614d3038751c63bc2aadc06d"},"description":"Nacionalni DecadeWatch Tim za Crnu Goru uputio je javni poziv ministru Dino\u0161i da od op\u0161tina Nik\u0161i\u0107, Bijelo Polje i Berane hitno zatra\u017ei povra\u0107aj 390","breadcrumb":{"@id":"https:\/\/www.visit-ulcinj.com\/blog\/2011\/02\/18\/pozivaju-dinosu-da-trazi-natrag-novac-namijenjen-rae-populaciji\/#breadcrumb"},"inLanguage":"en-US","potentialAction":[{"@type":"ReadAction","target":["https:\/\/www.visit-ulcinj.com\/blog\/2011\/02\/18\/pozivaju-dinosu-da-trazi-natrag-novac-namijenjen-rae-populaciji\/"]}]},{"@type":"BreadcrumbList","@id":"https:\/\/www.visit-ulcinj.com\/blog\/2011\/02\/18\/pozivaju-dinosu-da-trazi-natrag-novac-namijenjen-rae-populaciji\/#breadcrumb","itemListElement":[{"@type":"ListItem","position":1,"name":"Pozivaju Dino\u0161u da tra\u017ei natrag novac namijenjen RAE populaciji"}]},{"@type":"Person","@id":"https:\/\/www.visit-ulcinj.com\/blog\/#\/schema\/person\/dcab619c614d3038751c63bc2aadc06d","name":"ulqini","sameAs":["http:\/\/www.visit-ulcinj.com"],"url":"https:\/\/www.visit-ulcinj.com\/blog\/author\/admin\/"}]}},"jetpack_featured_media_url":"","jetpack_sharing_enabled":true,"jetpack_shortlink":"https:\/\/wp.me\/pe6lTn-bkK","_links":{"self":[{"href":"https:\/\/www.visit-ulcinj.com\/blog\/wp-json\/wp\/v2\/posts\/43570"}],"collection":[{"href":"https:\/\/www.visit-ulcinj.com\/blog\/wp-json\/wp\/v2\/posts"}],"about":[{"href":"https:\/\/www.visit-ulcinj.com\/blog\/wp-json\/wp\/v2\/types\/post"}],"author":[{"embeddable":true,"href":"https:\/\/www.visit-ulcinj.com\/blog\/wp-json\/wp\/v2\/users\/1"}],"replies":[{"embeddable":true,"href":"https:\/\/www.visit-ulcinj.com\/blog\/wp-json\/wp\/v2\/comments?post=43570"}],"version-history":[{"count":0,"href":"https:\/\/www.visit-ulcinj.com\/blog\/wp-json\/wp\/v2\/posts\/43570\/revisions"}],"wp:attachment":[{"href":"https:\/\/www.visit-ulcinj.com\/blog\/wp-json\/wp\/v2\/media?parent=43570"}],"wp:term":[{"taxonomy":"category","embeddable":true,"href":"https:\/\/www.visit-ulcinj.com\/blog\/wp-json\/wp\/v2\/categories?post=43570"},{"taxonomy":"post_tag","embeddable":true,"href":"https:\/\/www.visit-ulcinj.com\/blog\/wp-json\/wp\/v2\/tags?post=43570"}],"curies":[{"name":"wp","href":"https:\/\/api.w.org\/{rel}","templated":true}]}}