{"id":43592,"date":"2011-02-18T22:14:35","date_gmt":"2011-02-18T21:14:35","guid":{"rendered":"http:\/\/www.visit-ulcinj.com\/blog\/?p=43592"},"modified":"2011-02-20T16:27:47","modified_gmt":"2011-02-20T15:27:47","slug":"interviste-me-musa-palin-deputetin-komunal-ne-vevey-te-zviceres","status":"publish","type":"post","link":"https:\/\/www.visit-ulcinj.com\/blog\/2011\/02\/18\/interviste-me-musa-palin-deputetin-komunal-ne-vevey-te-zviceres\/","title":{"rendered":"Intervist\u00eb me Musa Palin, deputetin komunal ne Vevey t\u00eb Zviceres"},"content":{"rendered":"<p><strong><a href=\"http:\/\/www.visit-ulcinj.com\/blog\/wp-content\/uploads\/2011\/02\/Musa-Pali.jpg\"><img loading=\"lazy\" class=\"alignleft size-full wp-image-43593\" title=\"Musa Pali\" src=\"http:\/\/www.visit-ulcinj.com\/blog\/wp-content\/uploads\/2011\/02\/Musa-Pali.jpg\" alt=\"\" width=\"482\" height=\"403\" srcset=\"https:\/\/www.visit-ulcinj.com\/blog\/wp-content\/uploads\/2011\/02\/Musa-Pali.jpg 482w, https:\/\/www.visit-ulcinj.com\/blog\/wp-content\/uploads\/2011\/02\/Musa-Pali-300x250.jpg 300w\" sizes=\"(max-width: 482px) 100vw, 482px\" \/><\/a>Lajme Nga Ulqini : Ju lutem na thoni disa fjal\u00eb p\u00ebr prezantimin<br \/>\ntuaj ?<br \/>\n<\/strong><br \/>\n<strong>Musa Pali:<\/strong>Quhem Musa Pali i lindur n\u00eb fshatin Mill\u00eb komuna e Ulqinit.<br \/>\nPasi q\u00eb kreva Shkoll\u00ebn e Lart\u00eb Pedagogjike n\u00eb Gjakov\u00eb, grupi gjuh\u00eb dhe let\u00ebrsi, u pun\u00ebsova n\u00eb shkoll\u00ebn fillore \u201cZenel Hajdini\u201d n\u00eb Banj\u00eb t\u00eb Sijarin\u00ebs ku punova tre vjet.<br \/>\nPas kryerjes s\u00eb sh\u00ebrbimit ushtarak u largova nga vendlindja dhe u vendosa n\u00eb Zvic\u00ebr n\u00eb vitin 1980.<\/p>\n<p><strong>Lajme nga Ulqini: P\u00ebrve\u00e7 pun\u00ebs suaj profesionale cilat jan\u00eb aktivitet tuaja me vendosjen tuaj n\u00eb Zvic\u00ebr?<br \/>\n<\/strong><br \/>\n<strong>Musa Pali:<\/strong> Po, p\u00ebr fillim kam qen\u00eb gjithmon\u00eb i interesuar q\u00eb t\u00eb hapi shkolla me m\u00ebsim plot\u00ebsues n\u00eb gjuh\u00ebn shqipe. Kah viti 1987 provova t\u00eb hap nj\u00eb klas\u00eb k\u00ebtu n\u00eb Vevey, ku jetoj prej vendosjes sime n\u00eb Zvic\u00ebr. Mir\u00ebpo n\u00eb at\u00eb koh\u00eb ishte v\u00ebshtir\u00eb t\u00eb punosh p\u00ebr interesat e shqiptar\u00ebve sepse Jugosllavia kishte njer\u00ebz \u00e7do kund ku jetonin shqiptar\u00ebt n\u00eb m\u00ebrgim dhe q\u00eb ata b\u00ebnin t\u00eb pamundsh\u00ebm nj\u00eb aktivitet t\u00eb mir\u00ebfillt\u00eb, sidomos kur ishte \u00e7\u00ebshtja e hapjes s\u00eb shkollave n\u00eb gjuh\u00ebn shqipe.<br \/>\n<a href=\"http:\/\/www.visit-ulcinj.com\/blog\/wp-content\/uploads\/2011\/02\/Interviste-me-Musa-Palin_Vevey.jpg\"><img loading=\"lazy\" class=\"alignleft size-full wp-image-43594\" title=\"Interviste me Musa Palin_Vevey\" src=\"http:\/\/www.visit-ulcinj.com\/blog\/wp-content\/uploads\/2011\/02\/Interviste-me-Musa-Palin_Vevey.jpg\" alt=\"\" width=\"508\" height=\"380\" \/><\/a><br \/>\n<strong>Lajme nga Ulqini: N\u00eb cilin vit u hapen shkollat e para n\u00eb Vevey me rrethin\u00eb?<br \/>\n<\/strong><br \/>\n<strong>Musa Pali:<\/strong> Po si\u00e7 thash edhe m\u00eb par\u00eb puna n\u00eb \u00e7\u00ebshtjen komb\u00ebtare ishte e v\u00ebshtir\u00eb nga pengesat q\u00eb b\u00ebnin agjent\u00ebt jugosllav. N\u00eb vitin 1991 u zgjodha kryetar i LDK p\u00ebr regjionin e Veveyt e pak m\u00eb von\u00eb Sekretar i LDK p\u00ebr kantonin Vaud ku nun\u00ebri i an\u00ebtar\u00ebve t\u00eb k\u00ebsaj partie ishte mbi nj\u00ebmij\u00eb.<br \/>\nKjo gj\u00eb m\u00eb mund\u00ebsoi q\u00eb me ndihm\u00ebn e an\u00ebtar\u00ebsis\u00eb s\u00eb gjer\u00eb t\u00eb hapim shkollat e pavarura n\u00eb t\u00ebr\u00eb Kantonin VAUD.<br \/>\nEdhe sot e k\u00ebsaj dite gati t\u00eb gjitha ato shkolla q\u00eb u hapen rreth viteve 1991 dhe 1992 funksionojn\u00eb pa nd\u00ebrprerje<br \/>\n.<br \/>\n<strong>Lajme nga Ulqini: P\u00ebrve\u00e7 angazhimit tuaj n\u00eb m\u00ebsimin plot\u00ebsues n\u00eb gjuh\u00ebn shqipe ju jeni dhe deputet n\u00eb Kuvendin komunal t\u00eb Veveyt. N\u00eb cilin vit u zgjodh\u00ebt p\u00ebr her\u00eb t\u00eb par\u00eb si deputet komunal?<br \/>\n<\/strong><br \/>\n<strong>Musa Pali:<\/strong> P\u00ebrvoja q\u00eb fitova n\u00eb hierarkin\u00eb m\u00eb t\u00eb lart\u00eb t\u00eb LDK N\u00cb Zvic\u00ebr m\u00eb sh\u00ebrbeu tani ta aplikoj n\u00eb politik\u00ebn zvicerane. N\u00eb vitin 2004 bashkiaku i komun\u00ebs s\u00eb Veveyt m\u00eb k\u00ebrkoi q\u00eb t\u00eb b\u00ebhen an\u00ebtar\u00eb i PS t\u00eb Veveyt dhe pas nj\u00eb kohe t\u00eb shkurt\u00ebr u paraqita si kandidat n\u00eb zgjedhjet komunale dhe u zgjodha si deputet komunal. K\u00ebt\u00eb vit po b\u00ebhen shtat\u00eb vite me radh\u00eb q\u00eb rrij\u00eb n\u00eb bankat e kuvendit komunal t\u00eb Veveyt.<\/p>\n<p><strong>Lajme nga Ulqini: Ju lutem na thoni cilat jan\u00eb arsyet q\u00eb ju e zgjodh\u00ebt pik\u00ebrisht k\u00ebt\u00eb parti t\u00eb majt\u00eb q\u00eb ta zhvilloni aktivitetin e juaj politik n\u00eb Zvic\u00ebr?<br \/>\n<\/strong><br \/>\n<strong>Musa Pali:<\/strong> Po arsyet jan\u00eb shum\u00eb t\u00eb thjeshta. Paria Socialiste Zvicerane ka b\u00ebr\u00eb shum\u00eb p\u00ebr komunitetin e t\u00eb huajve q\u00eb jetojn\u00eb n\u00eb Zvic\u00ebr. Nj\u00eb nd\u00ebr m\u00eb t\u00eb r\u00ebnd\u00ebsishmet \u00ebsht\u00eb se kjo parti ka mbrojtur \u00e7doher\u00eb t\u00eb huajt nga sulmet q\u00eb b\u00ebnin partit\u00eb e djathta. Mjeti kryesor q\u00eb ka p\u00ebrdorur PS e Zvicr\u00ebs \u00ebsht\u00eb shpallja e referendumeve t\u00eb ndryshme p\u00ebr t\u00eb aprovuar ligje q\u00eb mbrojn\u00eb dhe u japin t\u00eb drejta t\u00eb huajve. Nj\u00eb nd\u00ebr k\u00ebto ligje \u00ebsht\u00eb dhe e drejta e vot\u00ebs s\u00eb t\u00eb huajve n\u00eb komunat e Kantonit VAUD.<\/p>\n<p><strong>Lajme nga Ulqini: Po p\u00ebr shqiptar\u00ebt \u00e7far\u00eb ka b\u00ebr\u00eb kjo parti.<br \/>\n<\/strong><br \/>\n<strong>Musa Pali<\/strong>: Micheline Calmy-Rey, q\u00eb \u00ebsht\u00eb sot kryetare e Konfederat\u00ebs Zvicerane, ka p\u00ebrkrahur Z. Ibrahim Rugova dhe t\u00eb cilin e ka vizituar disa her\u00eb sa ishte gjall\u00eb. N\u00eb vitin 2008 kur Kosova shpalli pavar\u00ebsin\u00eb, Micheline Calmy-Rey K\u00ebrkoi nga K\u00ebshilli Konfederat\u00ebs Zvicerane q\u00eb ta njoh menj\u00ebher\u00eb dhe pa kushte pavar\u00ebsin\u00eb e Kosov\u00ebs, gj\u00eb qe edhe u b\u00eb.<br \/>\n<a href=\"http:\/\/www.visit-ulcinj.com\/blog\/wp-content\/uploads\/2011\/02\/Interviste-me-Musa-Palin_Vevey.1.jpg\"><img loading=\"lazy\" class=\"alignleft size-full wp-image-43595\" title=\"Interviste me Musa Palin_Vevey.1\" src=\"http:\/\/www.visit-ulcinj.com\/blog\/wp-content\/uploads\/2011\/02\/Interviste-me-Musa-Palin_Vevey.1.jpg\" alt=\"\" width=\"508\" height=\"380\" \/><\/a><br \/>\n<strong>Lajme nga Ulqini: M\u00ebsuam q\u00eb ishit paraqitur p\u00ebrs\u00ebri n\u00eb zgjedhjet komunale q\u00eb do t\u00eb mbahen n\u00eb muajin mars. A keni gjasa q\u00eb t\u00eb fitoni p\u00ebrs\u00ebri n\u00eb k\u00ebto zgjedhje?<br \/>\n<\/strong><br \/>\n<strong>Musa Pali:<\/strong> \u00cbsht\u00eb nj\u00eb gj\u00eb e mir\u00eb q\u00eb k\u00ebtu n\u00eb komun\u00ebn ku jetoj un\u00eb qytetar\u00ebt e k\u00ebsaj komune njer\u00ebzit i vler\u00ebsojn\u00eb n\u00eb baz\u00eb t\u00eb pun\u00ebs s\u00eb tyre q\u00eb kan\u00eb kryer e jo sipas rac\u00ebs apo prejardhjes nacionale. Gjat\u00eb k\u00ebtyre viteve kam kryer shum\u00eb aktivitete si deputet. N\u00eb vitin 2007 isha edhe an\u00ebtar i byros\u00eb s\u00eb kuvendit komunal p\u00ebr nj\u00eb vit. Pastaj n\u00eb vitin 2009 u zgjodha kryetar i grupit parlamentar n\u00eb kuvendin regjional SIGE. P\u00ebrve\u00e7 k\u00ebsaj p\u00ebr tre vite kam qen\u00eb edhe an\u00ebtar i komisionit t\u00eb p\u00ebrhersh\u00ebm t\u00eb financave. Kam qen\u00eb shum\u00eb her\u00eb an\u00ebtar\u00eb i komisioneve t\u00eb p\u00ebrkohshme. Pra n\u00eb baz\u00eb t\u00eb k\u00ebtij bilanci t\u00eb pasur t\u00eb pun\u00eb sime si deputet shpresoj se do t\u00eb kaloj n\u00eb turnin e par\u00eb.<\/p>\n<p><strong>Lajme nga Ulqini: Zoti deputet ju urojm\u00eb pun\u00eb t\u00eb suksesshme n\u00eb aktivitetin tuaj politik zviceran dhe nj\u00ebkoh\u00ebsisht edhe pun\u00eb t\u00eb mbar\u00eb n\u00eb shkoll\u00ebn e m\u00ebsimit plot\u00ebsues n\u00eb gjuh\u00ebn shqipe.<br \/>\n<\/strong><br \/>\n<strong>Musa Pali:<\/strong> Faleminderit n\u00eb intervist\u00ebn tuaj dhe mirupafshim herave tjera.Me k\u00ebt\u00eb rast p\u00ebrsh\u00ebndes t\u00eb gjith\u00eb bashkatdhetar\u00eb kudo q\u00eb jan\u00eb dhe G\u00ebzuar tre vjetori i Pavar\u00ebsis\u00eb s\u00eb Kosov\u00ebs.<\/p>\n<p><strong>Lajme nga Ulqini<\/strong><\/p>\n","protected":false},"excerpt":{"rendered":"<p>Lajme Nga Ulqini : Ju lutem na thoni disa fjal\u00eb p\u00ebr prezantimin tuaj ? Musa Pali:Quhem Musa Pali i lindur n\u00eb fshatin Mill\u00eb komuna e Ulqinit. Pasi q\u00eb kreva Shkoll\u00ebn e Lart\u00eb Pedagogjike n\u00eb Gjakov\u00eb, grupi gjuh\u00eb dhe let\u00ebrsi, u pun\u00ebsova n\u00eb shkoll\u00ebn fillore \u201cZenel Hajdini\u201d n\u00eb Banj\u00eb t\u00eb Sijarin\u00ebs ku punova tre vjet. Pas [&hellip;]<\/p>\n","protected":false},"author":1,"featured_media":0,"comment_status":"open","ping_status":"closed","sticky":false,"template":"","format":"standard","meta":{"spay_email":"","jetpack_publicize_message":"","jetpack_is_tweetstorm":false,"jetpack_publicize_feature_enabled":true},"categories":[5],"tags":[14351,3505,212,14352,14349,14353,3510,3502,14354,12340,14355,16216,14356,3516,14357,3511,3504,14358,17399,3220,16214,8966,16491,14359,3506,3499,14360,14361,3509,16210,16211,14362,14363,3507,14655,3717,3500,1762,4625,3228,14364,22008,13230,3512,16212,95,14365,3227,14366,3513,17397,4642,3514,14367,3501,14368,14369,14370,10472,2083,3231,14371,3617,3508,14372,3503,14373,14374,3515,16215,15160,14375,7041,200,18,17398,16213,14376],"jetpack_publicize_connections":[],"yoast_head":"<!-- This site is optimized with the Yoast SEO plugin v19.1 - https:\/\/yoast.com\/wordpress\/plugins\/seo\/ -->\n<title>Intervist\u00eb me Musa Palin, deputetin komunal ne Vevey t\u00eb Zviceres - Lajme nga Ulqini<\/title>\n<meta name=\"description\" content=\"Lajme Nga Ulqini : Ju lutem na thoni disa fjal\u00eb p\u00ebr prezantimin tuaj ? Musa Pali:Quhem Musa Pali i lindur n\u00eb fshatin Mill\u00eb komuna e Ulqinit. Pasi q\u00eb kreva\" \/>\n<meta name=\"robots\" content=\"index, follow, max-snippet:-1, max-image-preview:large, max-video-preview:-1\" \/>\n<link rel=\"canonical\" href=\"https:\/\/www.visit-ulcinj.com\/blog\/2011\/02\/18\/interviste-me-musa-palin-deputetin-komunal-ne-vevey-te-zviceres\/\" \/>\n<meta property=\"og:locale\" content=\"en_US\" \/>\n<meta property=\"og:type\" content=\"article\" \/>\n<meta property=\"og:title\" content=\"Intervist\u00eb me Musa Palin, deputetin komunal ne Vevey t\u00eb Zviceres - Lajme nga Ulqini\" \/>\n<meta property=\"og:description\" content=\"Lajme Nga Ulqini : Ju lutem na thoni disa fjal\u00eb p\u00ebr prezantimin tuaj ? Musa Pali:Quhem Musa Pali i lindur n\u00eb fshatin Mill\u00eb komuna e Ulqinit. Pasi q\u00eb kreva\" \/>\n<meta property=\"og:url\" content=\"https:\/\/www.visit-ulcinj.com\/blog\/2011\/02\/18\/interviste-me-musa-palin-deputetin-komunal-ne-vevey-te-zviceres\/\" \/>\n<meta property=\"og:site_name\" content=\"Lajme nga Ulqini\" \/>\n<meta property=\"article:published_time\" content=\"2011-02-18T21:14:35+00:00\" \/>\n<meta property=\"article:modified_time\" content=\"2011-02-20T15:27:47+00:00\" \/>\n<meta property=\"og:image\" content=\"http:\/\/www.visit-ulcinj.com\/blog\/wp-content\/uploads\/2011\/02\/Musa-Pali.jpg\" \/>\n<meta name=\"twitter:label1\" content=\"Written by\" \/>\n\t<meta name=\"twitter:data1\" content=\"ulqini\" \/>\n\t<meta name=\"twitter:label2\" content=\"Est. reading time\" \/>\n\t<meta name=\"twitter:data2\" content=\"5 minutes\" \/>\n<script type=\"application\/ld+json\" class=\"yoast-schema-graph\">{\"@context\":\"https:\/\/schema.org\",\"@graph\":[{\"@type\":\"WebSite\",\"@id\":\"https:\/\/www.visit-ulcinj.com\/blog\/#website\",\"url\":\"https:\/\/www.visit-ulcinj.com\/blog\/\",\"name\":\"Lajme nga Ulqini\",\"description\":\"Lajme,Vijesti,Ulqini,Ulqin,Crna Gora,Mali i Zi\",\"potentialAction\":[{\"@type\":\"SearchAction\",\"target\":{\"@type\":\"EntryPoint\",\"urlTemplate\":\"https:\/\/www.visit-ulcinj.com\/blog\/?s={search_term_string}\"},\"query-input\":\"required name=search_term_string\"}],\"inLanguage\":\"en-US\"},{\"@type\":\"ImageObject\",\"inLanguage\":\"en-US\",\"@id\":\"https:\/\/www.visit-ulcinj.com\/blog\/2011\/02\/18\/interviste-me-musa-palin-deputetin-komunal-ne-vevey-te-zviceres\/#primaryimage\",\"url\":\"https:\/\/www.visit-ulcinj.com\/blog\/wp-content\/uploads\/2011\/02\/Musa-Pali.jpg\",\"contentUrl\":\"https:\/\/www.visit-ulcinj.com\/blog\/wp-content\/uploads\/2011\/02\/Musa-Pali.jpg\",\"width\":\"482\",\"height\":\"403\"},{\"@type\":\"WebPage\",\"@id\":\"https:\/\/www.visit-ulcinj.com\/blog\/2011\/02\/18\/interviste-me-musa-palin-deputetin-komunal-ne-vevey-te-zviceres\/#webpage\",\"url\":\"https:\/\/www.visit-ulcinj.com\/blog\/2011\/02\/18\/interviste-me-musa-palin-deputetin-komunal-ne-vevey-te-zviceres\/\",\"name\":\"Intervist\u00eb me Musa Palin, deputetin komunal ne Vevey t\u00eb Zviceres - Lajme nga Ulqini\",\"isPartOf\":{\"@id\":\"https:\/\/www.visit-ulcinj.com\/blog\/#website\"},\"primaryImageOfPage\":{\"@id\":\"https:\/\/www.visit-ulcinj.com\/blog\/2011\/02\/18\/interviste-me-musa-palin-deputetin-komunal-ne-vevey-te-zviceres\/#primaryimage\"},\"datePublished\":\"2011-02-18T21:14:35+00:00\",\"dateModified\":\"2011-02-20T15:27:47+00:00\",\"author\":{\"@id\":\"https:\/\/www.visit-ulcinj.com\/blog\/#\/schema\/person\/dcab619c614d3038751c63bc2aadc06d\"},\"description\":\"Lajme Nga Ulqini : Ju lutem na thoni disa fjal\u00eb p\u00ebr prezantimin tuaj ? Musa Pali:Quhem Musa Pali i lindur n\u00eb fshatin Mill\u00eb komuna e Ulqinit. Pasi q\u00eb kreva\",\"breadcrumb\":{\"@id\":\"https:\/\/www.visit-ulcinj.com\/blog\/2011\/02\/18\/interviste-me-musa-palin-deputetin-komunal-ne-vevey-te-zviceres\/#breadcrumb\"},\"inLanguage\":\"en-US\",\"potentialAction\":[{\"@type\":\"ReadAction\",\"target\":[\"https:\/\/www.visit-ulcinj.com\/blog\/2011\/02\/18\/interviste-me-musa-palin-deputetin-komunal-ne-vevey-te-zviceres\/\"]}]},{\"@type\":\"BreadcrumbList\",\"@id\":\"https:\/\/www.visit-ulcinj.com\/blog\/2011\/02\/18\/interviste-me-musa-palin-deputetin-komunal-ne-vevey-te-zviceres\/#breadcrumb\",\"itemListElement\":[{\"@type\":\"ListItem\",\"position\":1,\"name\":\"Intervist\u00eb me Musa Palin, deputetin komunal ne Vevey t\u00eb Zviceres\"}]},{\"@type\":\"Person\",\"@id\":\"https:\/\/www.visit-ulcinj.com\/blog\/#\/schema\/person\/dcab619c614d3038751c63bc2aadc06d\",\"name\":\"ulqini\",\"sameAs\":[\"http:\/\/www.visit-ulcinj.com\"],\"url\":\"https:\/\/www.visit-ulcinj.com\/blog\/author\/admin\/\"}]}<\/script>\n<!-- \/ Yoast SEO plugin. -->","yoast_head_json":{"title":"Intervist\u00eb me Musa Palin, deputetin komunal ne Vevey t\u00eb Zviceres - Lajme nga Ulqini","description":"Lajme Nga Ulqini : Ju lutem na thoni disa fjal\u00eb p\u00ebr prezantimin tuaj ? Musa Pali:Quhem Musa Pali i lindur n\u00eb fshatin Mill\u00eb komuna e Ulqinit. Pasi q\u00eb kreva","robots":{"index":"index","follow":"follow","max-snippet":"max-snippet:-1","max-image-preview":"max-image-preview:large","max-video-preview":"max-video-preview:-1"},"canonical":"https:\/\/www.visit-ulcinj.com\/blog\/2011\/02\/18\/interviste-me-musa-palin-deputetin-komunal-ne-vevey-te-zviceres\/","og_locale":"en_US","og_type":"article","og_title":"Intervist\u00eb me Musa Palin, deputetin komunal ne Vevey t\u00eb Zviceres - Lajme nga Ulqini","og_description":"Lajme Nga Ulqini : Ju lutem na thoni disa fjal\u00eb p\u00ebr prezantimin tuaj ? Musa Pali:Quhem Musa Pali i lindur n\u00eb fshatin Mill\u00eb komuna e Ulqinit. Pasi q\u00eb kreva","og_url":"https:\/\/www.visit-ulcinj.com\/blog\/2011\/02\/18\/interviste-me-musa-palin-deputetin-komunal-ne-vevey-te-zviceres\/","og_site_name":"Lajme nga Ulqini","article_published_time":"2011-02-18T21:14:35+00:00","article_modified_time":"2011-02-20T15:27:47+00:00","og_image":[{"url":"http:\/\/www.visit-ulcinj.com\/blog\/wp-content\/uploads\/2011\/02\/Musa-Pali.jpg"}],"twitter_misc":{"Written by":"ulqini","Est. reading time":"5 minutes"},"schema":{"@context":"https:\/\/schema.org","@graph":[{"@type":"WebSite","@id":"https:\/\/www.visit-ulcinj.com\/blog\/#website","url":"https:\/\/www.visit-ulcinj.com\/blog\/","name":"Lajme nga Ulqini","description":"Lajme,Vijesti,Ulqini,Ulqin,Crna Gora,Mali i Zi","potentialAction":[{"@type":"SearchAction","target":{"@type":"EntryPoint","urlTemplate":"https:\/\/www.visit-ulcinj.com\/blog\/?s={search_term_string}"},"query-input":"required name=search_term_string"}],"inLanguage":"en-US"},{"@type":"ImageObject","inLanguage":"en-US","@id":"https:\/\/www.visit-ulcinj.com\/blog\/2011\/02\/18\/interviste-me-musa-palin-deputetin-komunal-ne-vevey-te-zviceres\/#primaryimage","url":"https:\/\/www.visit-ulcinj.com\/blog\/wp-content\/uploads\/2011\/02\/Musa-Pali.jpg","contentUrl":"https:\/\/www.visit-ulcinj.com\/blog\/wp-content\/uploads\/2011\/02\/Musa-Pali.jpg","width":"482","height":"403"},{"@type":"WebPage","@id":"https:\/\/www.visit-ulcinj.com\/blog\/2011\/02\/18\/interviste-me-musa-palin-deputetin-komunal-ne-vevey-te-zviceres\/#webpage","url":"https:\/\/www.visit-ulcinj.com\/blog\/2011\/02\/18\/interviste-me-musa-palin-deputetin-komunal-ne-vevey-te-zviceres\/","name":"Intervist\u00eb me Musa Palin, deputetin komunal ne Vevey t\u00eb Zviceres - Lajme nga Ulqini","isPartOf":{"@id":"https:\/\/www.visit-ulcinj.com\/blog\/#website"},"primaryImageOfPage":{"@id":"https:\/\/www.visit-ulcinj.com\/blog\/2011\/02\/18\/interviste-me-musa-palin-deputetin-komunal-ne-vevey-te-zviceres\/#primaryimage"},"datePublished":"2011-02-18T21:14:35+00:00","dateModified":"2011-02-20T15:27:47+00:00","author":{"@id":"https:\/\/www.visit-ulcinj.com\/blog\/#\/schema\/person\/dcab619c614d3038751c63bc2aadc06d"},"description":"Lajme Nga Ulqini : Ju lutem na thoni disa fjal\u00eb p\u00ebr prezantimin tuaj ? Musa Pali:Quhem Musa Pali i lindur n\u00eb fshatin Mill\u00eb komuna e Ulqinit. Pasi q\u00eb kreva","breadcrumb":{"@id":"https:\/\/www.visit-ulcinj.com\/blog\/2011\/02\/18\/interviste-me-musa-palin-deputetin-komunal-ne-vevey-te-zviceres\/#breadcrumb"},"inLanguage":"en-US","potentialAction":[{"@type":"ReadAction","target":["https:\/\/www.visit-ulcinj.com\/blog\/2011\/02\/18\/interviste-me-musa-palin-deputetin-komunal-ne-vevey-te-zviceres\/"]}]},{"@type":"BreadcrumbList","@id":"https:\/\/www.visit-ulcinj.com\/blog\/2011\/02\/18\/interviste-me-musa-palin-deputetin-komunal-ne-vevey-te-zviceres\/#breadcrumb","itemListElement":[{"@type":"ListItem","position":1,"name":"Intervist\u00eb me Musa Palin, deputetin komunal ne Vevey t\u00eb Zviceres"}]},{"@type":"Person","@id":"https:\/\/www.visit-ulcinj.com\/blog\/#\/schema\/person\/dcab619c614d3038751c63bc2aadc06d","name":"ulqini","sameAs":["http:\/\/www.visit-ulcinj.com"],"url":"https:\/\/www.visit-ulcinj.com\/blog\/author\/admin\/"}]}},"jetpack_featured_media_url":"","jetpack_sharing_enabled":true,"jetpack_shortlink":"https:\/\/wp.me\/pe6lTn-bl6","_links":{"self":[{"href":"https:\/\/www.visit-ulcinj.com\/blog\/wp-json\/wp\/v2\/posts\/43592"}],"collection":[{"href":"https:\/\/www.visit-ulcinj.com\/blog\/wp-json\/wp\/v2\/posts"}],"about":[{"href":"https:\/\/www.visit-ulcinj.com\/blog\/wp-json\/wp\/v2\/types\/post"}],"author":[{"embeddable":true,"href":"https:\/\/www.visit-ulcinj.com\/blog\/wp-json\/wp\/v2\/users\/1"}],"replies":[{"embeddable":true,"href":"https:\/\/www.visit-ulcinj.com\/blog\/wp-json\/wp\/v2\/comments?post=43592"}],"version-history":[{"count":0,"href":"https:\/\/www.visit-ulcinj.com\/blog\/wp-json\/wp\/v2\/posts\/43592\/revisions"}],"wp:attachment":[{"href":"https:\/\/www.visit-ulcinj.com\/blog\/wp-json\/wp\/v2\/media?parent=43592"}],"wp:term":[{"taxonomy":"category","embeddable":true,"href":"https:\/\/www.visit-ulcinj.com\/blog\/wp-json\/wp\/v2\/categories?post=43592"},{"taxonomy":"post_tag","embeddable":true,"href":"https:\/\/www.visit-ulcinj.com\/blog\/wp-json\/wp\/v2\/tags?post=43592"}],"curies":[{"name":"wp","href":"https:\/\/api.w.org\/{rel}","templated":true}]}}