{"id":43603,"date":"2011-02-18T23:03:15","date_gmt":"2011-02-18T22:03:15","guid":{"rendered":"http:\/\/www.visit-ulcinj.com\/blog\/?p=43603"},"modified":"2011-02-18T23:37:19","modified_gmt":"2011-02-18T22:37:19","slug":"ulcinjani-se-opet-oglasili-za-valdanos-video","status":"publish","type":"post","link":"https:\/\/www.visit-ulcinj.com\/blog\/2011\/02\/18\/ulcinjani-se-opet-oglasili-za-valdanos-video\/","title":{"rendered":"Ulcinjani se opet oglasili za Valdanos &#8211; Video TVCG"},"content":{"rendered":"<p><strong><a href=\"http:\/\/www.visit-ulcinj.com\/blog\/wp-content\/uploads\/2011\/02\/Ulcinjani-se-opet-oglasili-za-Valdanos_.jpg\"><img loading=\"lazy\" class=\"alignleft size-full wp-image-43604\" title=\"Ulcinjani se opet oglasili za Valdanos_\" src=\"http:\/\/www.visit-ulcinj.com\/blog\/wp-content\/uploads\/2011\/02\/Ulcinjani-se-opet-oglasili-za-Valdanos_.jpg\" alt=\"\" width=\"508\" height=\"380\" \/><\/a>Posao za Valdanos je blama\u017ea sa nesagledivim posljedicama<\/strong><\/p>\n<p>Ulcinjanima je, kako isti\u010du, neshvatljivo da Lazovi\u0107 mo\u017ee da izjavi da \u201enijedna maslina ne\u0107e biti uni\u0161tena niti pomjerena niti premje\u0161tena\u201c.<br \/>\nNajnovija odluka Vlade Crne Gore da kompaniji Kjubus luks iz Londona ostavi rok od 10 dana za dostavljanje garancija kao uslov za zaklju\u010denje ugovora o zakupu Valdanosa, samo je jo\u0161 jedan u nizu poku\u0161aja stvaranja privida da je cijeli postupak \u010dist i transparentan, ocijenila je grupa nevladinih organizacija i nezavisnih intelektualaca iz Ulcinja.<\/p>\n<p>\u201cNa taj se na\u010din vrlo nevje\u0161to poku\u0161ava prikriti su\u0161tinska neregularnost i nezakonitost cijelog tog krajnje \u0161tetnog posla. Mi i kolege iz civilnog sektora smo vrlo ubjedljivo dokazali da je Savjet za privatizaciju odnosno Tenderska komisija na \u010delu sa gospodinom Vujicom Lazovi\u0107em, grubo kr\u0161e\u0107i pravila i odredbe Tendera i zakone ove zemlje, uvukla Vladu i Crnu Goru u blama\u017eu i aferu sa nesagledivim posljedicama\u201d, stoji u saop\u0161tenju.<\/p>\n<p>Potpisnici saop\u0161tenja smatraju da Lazovi\u0107 i Vlada \u201cpoku\u0161avaju nametnuti tezu da je samo i jedino dostavljanje garancija sporno u cijelom ovom nakaradnom poslu\u201d.<\/p>\n<p>Ulcinjanima je, kako isti\u010du, neshvatljivo da Lazovi\u0107 mo\u017ee da izjavi da \u201enijedna maslina ne\u0107e biti uni\u0161tena niti pomjerena niti premje\u0161tena\u201c.<\/p>\n<p>\u201c\u010covjek nakon ove izjave jednostavno zanijemi. Pa zar u Va\u0161oj Studiji lokacije ne stoji da je \u201eneophodno obezbjediti izmje\u0161tanje maslina\u201c radi izgradnje nekretnina i da su za to potrebne \u201eve\u0107e ma\u0161ine za obradu terena (buldo\u017eer, ka\u0161ikar)\u201c! Zasto ne kazete: Mjenja\u0107emo studiju lokacije?\u201d, zapitali su Ulcinjani potpredsjednika Vlade.<\/p>\n<p>Oni smatraju da je Lazovi\u0107, ali i cijela Vlada, uhva\u0107en u nezakonitom i \u0161tetnom poslu.<\/p>\n<p>&#8220;Ali, vi nastavljate da srljate. Prekinite ove manipulacije i pomognite sebi i svima nama!&#8221; apeluje se u saop\u0161tenju i ponovo poziva Vlada da poni\u0161ti odluku Tenderske komisije da kompaniji Kjubus luks ustupe ulcinjsku uvalu.<\/p>\n<p><strong>Oglasio se i MANS<\/strong><\/p>\n<p>Povodom odluke Vlade da Kjubus luksu daju rok od 10 dana za dostavljanje bankarskih i \u010dinidbenih garancija, oglasila se i Mre\u017ea za afirmaciju nevladinog sektora (MANS).<\/p>\n<p>Oni su ocijenili da je Vlada, \u201cuprkos svim dokazima i dokumentaciji koju je MANS objelodanio u prethodnih nekoliko sedmica\u201d, ocijenila da je tenderski postupak za Valdanos sproveden transparentno i u skladu sa zakonom.<\/p>\n<p>MANS je sa obimnom dokumentacijom koja definitivno potvr\u0111uje da kompanija Kjubus luks nije mogla biti prvorangirana na tenderu upoznao i premijera Igora Luk\u0161i\u0107a li\u010dno i zatra\u017eio da se hitno zaka\u017ee sjednica Savjeta za privatizaciju koja bi bila otvorena za javnost, a na kojoj bi se razmatrao slu\u010daj Valdanos.<\/p>\n<p>Oni su ocijenili da je Luk\u0161i\u0107 na slu\u010daju Valdanos, pokazao \u201cne samo da nema snage da se odupre privatnim interesima koji su zarobili ovaj proces, ve\u0107 da ne pokazuje ni elementarnu zainteresovanost za ono \u0161to su konkretni dokazi i neoborive \u010dinjenice\u201d.<\/p>\n<p>&#8220;\u017dao nam je \u0161to vidimo da je nova politika transparentnog rada Vlade ipak bila samo predstava za doma\u0107u i me\u0111unarodnu javnost, te da je pred prvim ozbiljnijim izazovom premijer Luk\u0161i\u0107 odlu\u010dio da nastavi sa praksom svoga prethodnika, te prikrivanjem informacija i obmanjivanjem javnosti &#8220;stoji u saop\u0161tenju MANS-a<\/p>\n<p><a href=\"http:\/\/www.vijesti.me\/vijesti\/posao-valdanos-je-blamaza-sa-nesagledivim-posljedicama-clanak-7223\" target=\"_blank\"><strong>Vijesti<\/strong><\/a><br \/>\n<strong>VIDEO TVCG<br \/>\n[flv width=&#8221;508&#8243; height=&#8221;390&#8243;]http:\/\/www.valdanos.me\/images\/stories\/video\/valdanos.flv[\/flv]<\/strong><\/p>\n","protected":false},"excerpt":{"rendered":"<p>Posao za Valdanos je blama\u017ea sa nesagledivim posljedicama Ulcinjanima je, kako isti\u010du, neshvatljivo da Lazovi\u0107 mo\u017ee da izjavi da \u201enijedna maslina ne\u0107e biti uni\u0161tena niti pomjerena niti premje\u0161tena\u201c. Najnovija odluka Vlade Crne Gore da kompaniji Kjubus luks iz Londona ostavi rok od 10 dana za dostavljanje garancija kao uslov za zaklju\u010denje ugovora o zakupu Valdanosa, [&hellip;]<\/p>\n","protected":false},"author":1,"featured_media":0,"comment_status":"open","ping_status":"closed","sticky":false,"template":"","format":"standard","meta":{"spay_email":"","jetpack_publicize_message":"","jetpack_is_tweetstorm":false,"jetpack_publicize_feature_enabled":true},"categories":[8337],"tags":[3898,17208,8761,19,9841,136,434],"jetpack_publicize_connections":[],"yoast_head":"<!-- This site is optimized with the Yoast SEO plugin v19.1 - https:\/\/yoast.com\/wordpress\/plugins\/seo\/ -->\n<title>Ulcinjani se opet oglasili za Valdanos - Video TVCG - Lajme nga Ulqini<\/title>\n<meta name=\"description\" content=\"Posao za Valdanos je blama\u017ea sa nesagledivim posljedicama Ulcinjanima je, kako isti\u010du, neshvatljivo da Lazovi\u0107 mo\u017ee da izjavi da \u201enijedna maslina ne\u0107e\" \/>\n<meta name=\"robots\" content=\"index, follow, max-snippet:-1, max-image-preview:large, max-video-preview:-1\" \/>\n<link rel=\"canonical\" href=\"https:\/\/www.visit-ulcinj.com\/blog\/2011\/02\/18\/ulcinjani-se-opet-oglasili-za-valdanos-video\/\" \/>\n<meta property=\"og:locale\" content=\"en_US\" \/>\n<meta property=\"og:type\" content=\"article\" \/>\n<meta property=\"og:title\" content=\"Ulcinjani se opet oglasili za Valdanos - Video TVCG - Lajme nga Ulqini\" \/>\n<meta property=\"og:description\" content=\"Posao za Valdanos je blama\u017ea sa nesagledivim posljedicama Ulcinjanima je, kako isti\u010du, neshvatljivo da Lazovi\u0107 mo\u017ee da izjavi da \u201enijedna maslina ne\u0107e\" \/>\n<meta property=\"og:url\" content=\"https:\/\/www.visit-ulcinj.com\/blog\/2011\/02\/18\/ulcinjani-se-opet-oglasili-za-valdanos-video\/\" \/>\n<meta property=\"og:site_name\" content=\"Lajme nga Ulqini\" \/>\n<meta property=\"article:published_time\" content=\"2011-02-18T22:03:15+00:00\" \/>\n<meta property=\"article:modified_time\" content=\"2011-02-18T22:37:19+00:00\" \/>\n<meta property=\"og:image\" content=\"http:\/\/www.visit-ulcinj.com\/blog\/wp-content\/uploads\/2011\/02\/Ulcinjani-se-opet-oglasili-za-Valdanos_.jpg\" \/>\n<meta name=\"twitter:label1\" content=\"Written by\" \/>\n\t<meta name=\"twitter:data1\" content=\"ulqini\" \/>\n\t<meta name=\"twitter:label2\" content=\"Est. reading time\" \/>\n\t<meta name=\"twitter:data2\" content=\"3 minutes\" \/>\n<script type=\"application\/ld+json\" class=\"yoast-schema-graph\">{\"@context\":\"https:\/\/schema.org\",\"@graph\":[{\"@type\":\"WebSite\",\"@id\":\"https:\/\/www.visit-ulcinj.com\/blog\/#website\",\"url\":\"https:\/\/www.visit-ulcinj.com\/blog\/\",\"name\":\"Lajme nga Ulqini\",\"description\":\"Lajme,Vijesti,Ulqini,Ulqin,Crna Gora,Mali i Zi\",\"potentialAction\":[{\"@type\":\"SearchAction\",\"target\":{\"@type\":\"EntryPoint\",\"urlTemplate\":\"https:\/\/www.visit-ulcinj.com\/blog\/?s={search_term_string}\"},\"query-input\":\"required name=search_term_string\"}],\"inLanguage\":\"en-US\"},{\"@type\":\"ImageObject\",\"inLanguage\":\"en-US\",\"@id\":\"https:\/\/www.visit-ulcinj.com\/blog\/2011\/02\/18\/ulcinjani-se-opet-oglasili-za-valdanos-video\/#primaryimage\",\"url\":\"https:\/\/www.visit-ulcinj.com\/blog\/wp-content\/uploads\/2011\/02\/Ulcinjani-se-opet-oglasili-za-Valdanos_.jpg\",\"contentUrl\":\"https:\/\/www.visit-ulcinj.com\/blog\/wp-content\/uploads\/2011\/02\/Ulcinjani-se-opet-oglasili-za-Valdanos_.jpg\",\"width\":\"800\",\"height\":\"586\"},{\"@type\":\"WebPage\",\"@id\":\"https:\/\/www.visit-ulcinj.com\/blog\/2011\/02\/18\/ulcinjani-se-opet-oglasili-za-valdanos-video\/#webpage\",\"url\":\"https:\/\/www.visit-ulcinj.com\/blog\/2011\/02\/18\/ulcinjani-se-opet-oglasili-za-valdanos-video\/\",\"name\":\"Ulcinjani se opet oglasili za Valdanos - Video TVCG - Lajme nga Ulqini\",\"isPartOf\":{\"@id\":\"https:\/\/www.visit-ulcinj.com\/blog\/#website\"},\"primaryImageOfPage\":{\"@id\":\"https:\/\/www.visit-ulcinj.com\/blog\/2011\/02\/18\/ulcinjani-se-opet-oglasili-za-valdanos-video\/#primaryimage\"},\"datePublished\":\"2011-02-18T22:03:15+00:00\",\"dateModified\":\"2011-02-18T22:37:19+00:00\",\"author\":{\"@id\":\"https:\/\/www.visit-ulcinj.com\/blog\/#\/schema\/person\/dcab619c614d3038751c63bc2aadc06d\"},\"description\":\"Posao za Valdanos je blama\u017ea sa nesagledivim posljedicama Ulcinjanima je, kako isti\u010du, neshvatljivo da Lazovi\u0107 mo\u017ee da izjavi da \u201enijedna maslina ne\u0107e\",\"breadcrumb\":{\"@id\":\"https:\/\/www.visit-ulcinj.com\/blog\/2011\/02\/18\/ulcinjani-se-opet-oglasili-za-valdanos-video\/#breadcrumb\"},\"inLanguage\":\"en-US\",\"potentialAction\":[{\"@type\":\"ReadAction\",\"target\":[\"https:\/\/www.visit-ulcinj.com\/blog\/2011\/02\/18\/ulcinjani-se-opet-oglasili-za-valdanos-video\/\"]}]},{\"@type\":\"BreadcrumbList\",\"@id\":\"https:\/\/www.visit-ulcinj.com\/blog\/2011\/02\/18\/ulcinjani-se-opet-oglasili-za-valdanos-video\/#breadcrumb\",\"itemListElement\":[{\"@type\":\"ListItem\",\"position\":1,\"name\":\"Ulcinjani se opet oglasili za Valdanos &#8211; Video TVCG\"}]},{\"@type\":\"Person\",\"@id\":\"https:\/\/www.visit-ulcinj.com\/blog\/#\/schema\/person\/dcab619c614d3038751c63bc2aadc06d\",\"name\":\"ulqini\",\"sameAs\":[\"http:\/\/www.visit-ulcinj.com\"],\"url\":\"https:\/\/www.visit-ulcinj.com\/blog\/author\/admin\/\"}]}<\/script>\n<!-- \/ Yoast SEO plugin. -->","yoast_head_json":{"title":"Ulcinjani se opet oglasili za Valdanos - Video TVCG - Lajme nga Ulqini","description":"Posao za Valdanos je blama\u017ea sa nesagledivim posljedicama Ulcinjanima je, kako isti\u010du, neshvatljivo da Lazovi\u0107 mo\u017ee da izjavi da \u201enijedna maslina ne\u0107e","robots":{"index":"index","follow":"follow","max-snippet":"max-snippet:-1","max-image-preview":"max-image-preview:large","max-video-preview":"max-video-preview:-1"},"canonical":"https:\/\/www.visit-ulcinj.com\/blog\/2011\/02\/18\/ulcinjani-se-opet-oglasili-za-valdanos-video\/","og_locale":"en_US","og_type":"article","og_title":"Ulcinjani se opet oglasili za Valdanos - Video TVCG - Lajme nga Ulqini","og_description":"Posao za Valdanos je blama\u017ea sa nesagledivim posljedicama Ulcinjanima je, kako isti\u010du, neshvatljivo da Lazovi\u0107 mo\u017ee da izjavi da \u201enijedna maslina ne\u0107e","og_url":"https:\/\/www.visit-ulcinj.com\/blog\/2011\/02\/18\/ulcinjani-se-opet-oglasili-za-valdanos-video\/","og_site_name":"Lajme nga Ulqini","article_published_time":"2011-02-18T22:03:15+00:00","article_modified_time":"2011-02-18T22:37:19+00:00","og_image":[{"url":"http:\/\/www.visit-ulcinj.com\/blog\/wp-content\/uploads\/2011\/02\/Ulcinjani-se-opet-oglasili-za-Valdanos_.jpg"}],"twitter_misc":{"Written by":"ulqini","Est. reading time":"3 minutes"},"schema":{"@context":"https:\/\/schema.org","@graph":[{"@type":"WebSite","@id":"https:\/\/www.visit-ulcinj.com\/blog\/#website","url":"https:\/\/www.visit-ulcinj.com\/blog\/","name":"Lajme nga Ulqini","description":"Lajme,Vijesti,Ulqini,Ulqin,Crna Gora,Mali i Zi","potentialAction":[{"@type":"SearchAction","target":{"@type":"EntryPoint","urlTemplate":"https:\/\/www.visit-ulcinj.com\/blog\/?s={search_term_string}"},"query-input":"required name=search_term_string"}],"inLanguage":"en-US"},{"@type":"ImageObject","inLanguage":"en-US","@id":"https:\/\/www.visit-ulcinj.com\/blog\/2011\/02\/18\/ulcinjani-se-opet-oglasili-za-valdanos-video\/#primaryimage","url":"https:\/\/www.visit-ulcinj.com\/blog\/wp-content\/uploads\/2011\/02\/Ulcinjani-se-opet-oglasili-za-Valdanos_.jpg","contentUrl":"https:\/\/www.visit-ulcinj.com\/blog\/wp-content\/uploads\/2011\/02\/Ulcinjani-se-opet-oglasili-za-Valdanos_.jpg","width":"800","height":"586"},{"@type":"WebPage","@id":"https:\/\/www.visit-ulcinj.com\/blog\/2011\/02\/18\/ulcinjani-se-opet-oglasili-za-valdanos-video\/#webpage","url":"https:\/\/www.visit-ulcinj.com\/blog\/2011\/02\/18\/ulcinjani-se-opet-oglasili-za-valdanos-video\/","name":"Ulcinjani se opet oglasili za Valdanos - Video TVCG - Lajme nga Ulqini","isPartOf":{"@id":"https:\/\/www.visit-ulcinj.com\/blog\/#website"},"primaryImageOfPage":{"@id":"https:\/\/www.visit-ulcinj.com\/blog\/2011\/02\/18\/ulcinjani-se-opet-oglasili-za-valdanos-video\/#primaryimage"},"datePublished":"2011-02-18T22:03:15+00:00","dateModified":"2011-02-18T22:37:19+00:00","author":{"@id":"https:\/\/www.visit-ulcinj.com\/blog\/#\/schema\/person\/dcab619c614d3038751c63bc2aadc06d"},"description":"Posao za Valdanos je blama\u017ea sa nesagledivim posljedicama Ulcinjanima je, kako isti\u010du, neshvatljivo da Lazovi\u0107 mo\u017ee da izjavi da \u201enijedna maslina ne\u0107e","breadcrumb":{"@id":"https:\/\/www.visit-ulcinj.com\/blog\/2011\/02\/18\/ulcinjani-se-opet-oglasili-za-valdanos-video\/#breadcrumb"},"inLanguage":"en-US","potentialAction":[{"@type":"ReadAction","target":["https:\/\/www.visit-ulcinj.com\/blog\/2011\/02\/18\/ulcinjani-se-opet-oglasili-za-valdanos-video\/"]}]},{"@type":"BreadcrumbList","@id":"https:\/\/www.visit-ulcinj.com\/blog\/2011\/02\/18\/ulcinjani-se-opet-oglasili-za-valdanos-video\/#breadcrumb","itemListElement":[{"@type":"ListItem","position":1,"name":"Ulcinjani se opet oglasili za Valdanos &#8211; Video TVCG"}]},{"@type":"Person","@id":"https:\/\/www.visit-ulcinj.com\/blog\/#\/schema\/person\/dcab619c614d3038751c63bc2aadc06d","name":"ulqini","sameAs":["http:\/\/www.visit-ulcinj.com"],"url":"https:\/\/www.visit-ulcinj.com\/blog\/author\/admin\/"}]}},"jetpack_featured_media_url":"","jetpack_sharing_enabled":true,"jetpack_shortlink":"https:\/\/wp.me\/pe6lTn-blh","_links":{"self":[{"href":"https:\/\/www.visit-ulcinj.com\/blog\/wp-json\/wp\/v2\/posts\/43603"}],"collection":[{"href":"https:\/\/www.visit-ulcinj.com\/blog\/wp-json\/wp\/v2\/posts"}],"about":[{"href":"https:\/\/www.visit-ulcinj.com\/blog\/wp-json\/wp\/v2\/types\/post"}],"author":[{"embeddable":true,"href":"https:\/\/www.visit-ulcinj.com\/blog\/wp-json\/wp\/v2\/users\/1"}],"replies":[{"embeddable":true,"href":"https:\/\/www.visit-ulcinj.com\/blog\/wp-json\/wp\/v2\/comments?post=43603"}],"version-history":[{"count":0,"href":"https:\/\/www.visit-ulcinj.com\/blog\/wp-json\/wp\/v2\/posts\/43603\/revisions"}],"wp:attachment":[{"href":"https:\/\/www.visit-ulcinj.com\/blog\/wp-json\/wp\/v2\/media?parent=43603"}],"wp:term":[{"taxonomy":"category","embeddable":true,"href":"https:\/\/www.visit-ulcinj.com\/blog\/wp-json\/wp\/v2\/categories?post=43603"},{"taxonomy":"post_tag","embeddable":true,"href":"https:\/\/www.visit-ulcinj.com\/blog\/wp-json\/wp\/v2\/tags?post=43603"}],"curies":[{"name":"wp","href":"https:\/\/api.w.org\/{rel}","templated":true}]}}