{"id":43619,"date":"2011-02-19T08:58:53","date_gmt":"2011-02-19T07:58:53","guid":{"rendered":"http:\/\/www.visit-ulcinj.com\/blog\/?p=43619"},"modified":"2011-02-19T08:59:12","modified_gmt":"2011-02-19T07:59:12","slug":"roqen-ka-munguar-iniciativa-e-kosoves-per-emertimin-e-ambasadorit","status":"publish","type":"post","link":"https:\/\/www.visit-ulcinj.com\/blog\/2011\/02\/19\/roqen-ka-munguar-iniciativa-e-kosoves-per-emertimin-e-ambasadorit\/","title":{"rendered":"Roqen: Ka munguar iniciativa e Kosov\u00ebs p\u00ebr em\u00ebrtimin e ambasadorit"},"content":{"rendered":"<p><a href=\"http:\/\/www.visit-ulcinj.com\/blog\/wp-content\/uploads\/2011\/02\/MILAN-ROCEN_SKENDER-HYSENI.jpg\"><img loading=\"lazy\" class=\"alignleft size-full wp-image-43621\" title=\"MILAN-ROCEN_SKENDER-HYSENI\" src=\"http:\/\/www.visit-ulcinj.com\/blog\/wp-content\/uploads\/2011\/02\/MILAN-ROCEN_SKENDER-HYSENI.jpg\" alt=\"\" width=\"490\" height=\"326\" srcset=\"https:\/\/www.visit-ulcinj.com\/blog\/wp-content\/uploads\/2011\/02\/MILAN-ROCEN_SKENDER-HYSENI.jpg 490w, https:\/\/www.visit-ulcinj.com\/blog\/wp-content\/uploads\/2011\/02\/MILAN-ROCEN_SKENDER-HYSENI-300x199.jpg 300w\" sizes=\"(max-width: 490px) 100vw, 490px\" \/><\/a>Ministri i Pun\u00ebve t\u00eb Jashtme t\u00eb Malit t\u00eb Zi, Millan Ro\u00e7en deklaroi sot se Podgorica dhe Prishtina do t&#8217;i k\u00ebmbejn\u00eb ambasador\u00ebt kur p\u00ebr k\u00ebt\u00eb t\u00eb krijohen kushtet. Ai rikujtoi se Podgorica dhe Prishtina kan\u00eb vendosur marr\u00ebdh\u00ebnie diplomatike n\u00eb fillim t\u00eb vitit t\u00eb kaluar dhe ka shtuar se fakti i mos k\u00ebmbimit t\u00eb ambasador\u00ebve nuk i &#8220;r\u00ebndon marr\u00ebdh\u00ebniet nd\u00ebrmjet dy vendeve&#8221;.<\/p>\n<p>&#8220;Mali i Zi dhe Kosova kan\u00eb kaluar n\u00ebp\u00ebr kriz\u00eb ekonomike, nd\u00ebrsa sot edhe n\u00ebp\u00ebr shtete shum\u00eb m\u00eb t\u00eb pasura e t\u00eb zhvilluara ekonomikisht nuk \u00ebsht\u00eb e leht\u00eb t\u00eb merren vendime p\u00ebr hapjen e p\u00ebrfaq\u00ebsive t\u00eb reja konsullore, por q\u00ebllimi yn\u00eb \u00ebsht\u00eb t\u00eb shkojm\u00eb n\u00eb at\u00eb drejtim&#8221;, u ka th\u00ebn\u00eb Roqen gazetar\u00ebve pas mbledhjes s\u00eb qeveris\u00eb.<\/p>\n<p>Sipas tij, ka munguar edhe iniciativa e Kosov\u00ebs p\u00ebr em\u00ebrtimin e ambasadorit t\u00eb saj n\u00eb Malin e Zi.<\/p>\n<p>&#8220;Nganj\u00ebher\u00eb procedura e em\u00ebrtimit zhvillohet m\u00eb ngadal\u00eb dhe nuk \u00ebsht\u00eb biseduar me partner\u00ebt tan\u00eb n\u00eb Prishtin\u00eb lidhur me rregullimin e statusit t\u00eb komunitetit malazez n\u00eb sistemin juridik \u00eb Kosov\u00ebs&#8221;, ka th\u00ebn\u00eb shefi i diplomacis\u00eb malazeze, duke shtuar se kjo nuk \u00ebsht\u00eb kurrfar\u00eb parakushti p\u00ebr k\u00ebmbimin e ambasador\u00ebve<\/p>\n<p><strong>BOTA SOT<\/strong><\/p>\n","protected":false},"excerpt":{"rendered":"<p>Ministri i Pun\u00ebve t\u00eb Jashtme t\u00eb Malit t\u00eb Zi, Millan Ro\u00e7en deklaroi sot se Podgorica dhe Prishtina do t&#8217;i k\u00ebmbejn\u00eb ambasador\u00ebt kur p\u00ebr k\u00ebt\u00eb t\u00eb krijohen kushtet. Ai rikujtoi se Podgorica dhe Prishtina kan\u00eb vendosur marr\u00ebdh\u00ebnie diplomatike n\u00eb fillim t\u00eb vitit t\u00eb kaluar dhe ka shtuar se fakti i mos k\u00ebmbimit t\u00eb ambasador\u00ebve nuk i [&hellip;]<\/p>\n","protected":false},"author":1,"featured_media":0,"comment_status":"open","ping_status":"closed","sticky":false,"template":"","format":"standard","meta":{"spay_email":"","jetpack_publicize_message":"","jetpack_is_tweetstorm":false,"jetpack_publicize_feature_enabled":true},"categories":[12],"tags":[17404,49,95,92,2306],"jetpack_publicize_connections":[],"yoast_head":"<!-- This site is optimized with the Yoast SEO plugin v19.1 - https:\/\/yoast.com\/wordpress\/plugins\/seo\/ -->\n<title>Roqen: Ka munguar iniciativa e Kosov\u00ebs p\u00ebr em\u00ebrtimin e ambasadorit - Lajme nga Ulqini<\/title>\n<meta name=\"description\" content=\"Ministri i Pun\u00ebve t\u00eb Jashtme t\u00eb Malit t\u00eb Zi, Millan Ro\u00e7en deklaroi sot se Podgorica dhe Prishtina do t&#039;i k\u00ebmbejn\u00eb ambasador\u00ebt kur p\u00ebr k\u00ebt\u00eb t\u00eb krijohen\" \/>\n<meta name=\"robots\" content=\"index, follow, max-snippet:-1, max-image-preview:large, max-video-preview:-1\" \/>\n<link rel=\"canonical\" href=\"https:\/\/www.visit-ulcinj.com\/blog\/2011\/02\/19\/roqen-ka-munguar-iniciativa-e-kosoves-per-emertimin-e-ambasadorit\/\" \/>\n<meta property=\"og:locale\" content=\"en_US\" \/>\n<meta property=\"og:type\" content=\"article\" \/>\n<meta property=\"og:title\" content=\"Roqen: Ka munguar iniciativa e Kosov\u00ebs p\u00ebr em\u00ebrtimin e ambasadorit - Lajme nga Ulqini\" \/>\n<meta property=\"og:description\" content=\"Ministri i Pun\u00ebve t\u00eb Jashtme t\u00eb Malit t\u00eb Zi, Millan Ro\u00e7en deklaroi sot se Podgorica dhe Prishtina do t&#039;i k\u00ebmbejn\u00eb ambasador\u00ebt kur p\u00ebr k\u00ebt\u00eb t\u00eb krijohen\" \/>\n<meta property=\"og:url\" content=\"https:\/\/www.visit-ulcinj.com\/blog\/2011\/02\/19\/roqen-ka-munguar-iniciativa-e-kosoves-per-emertimin-e-ambasadorit\/\" \/>\n<meta property=\"og:site_name\" content=\"Lajme nga Ulqini\" \/>\n<meta property=\"article:published_time\" content=\"2011-02-19T07:58:53+00:00\" \/>\n<meta property=\"article:modified_time\" content=\"2011-02-19T07:59:12+00:00\" \/>\n<meta property=\"og:image\" content=\"http:\/\/www.visit-ulcinj.com\/blog\/wp-content\/uploads\/2011\/02\/MILAN-ROCEN_SKENDER-HYSENI.jpg\" \/>\n<meta name=\"twitter:label1\" content=\"Written by\" \/>\n\t<meta name=\"twitter:data1\" content=\"ulqini\" \/>\n\t<meta name=\"twitter:label2\" content=\"Est. reading time\" \/>\n\t<meta name=\"twitter:data2\" content=\"1 minute\" \/>\n<script type=\"application\/ld+json\" class=\"yoast-schema-graph\">{\"@context\":\"https:\/\/schema.org\",\"@graph\":[{\"@type\":\"WebSite\",\"@id\":\"https:\/\/www.visit-ulcinj.com\/blog\/#website\",\"url\":\"https:\/\/www.visit-ulcinj.com\/blog\/\",\"name\":\"Lajme nga Ulqini\",\"description\":\"Lajme,Vijesti,Ulqini,Ulqin,Crna Gora,Mali i Zi\",\"potentialAction\":[{\"@type\":\"SearchAction\",\"target\":{\"@type\":\"EntryPoint\",\"urlTemplate\":\"https:\/\/www.visit-ulcinj.com\/blog\/?s={search_term_string}\"},\"query-input\":\"required name=search_term_string\"}],\"inLanguage\":\"en-US\"},{\"@type\":\"ImageObject\",\"inLanguage\":\"en-US\",\"@id\":\"https:\/\/www.visit-ulcinj.com\/blog\/2011\/02\/19\/roqen-ka-munguar-iniciativa-e-kosoves-per-emertimin-e-ambasadorit\/#primaryimage\",\"url\":\"https:\/\/www.visit-ulcinj.com\/blog\/wp-content\/uploads\/2011\/02\/MILAN-ROCEN_SKENDER-HYSENI.jpg\",\"contentUrl\":\"https:\/\/www.visit-ulcinj.com\/blog\/wp-content\/uploads\/2011\/02\/MILAN-ROCEN_SKENDER-HYSENI.jpg\",\"width\":\"490\",\"height\":\"326\"},{\"@type\":\"WebPage\",\"@id\":\"https:\/\/www.visit-ulcinj.com\/blog\/2011\/02\/19\/roqen-ka-munguar-iniciativa-e-kosoves-per-emertimin-e-ambasadorit\/#webpage\",\"url\":\"https:\/\/www.visit-ulcinj.com\/blog\/2011\/02\/19\/roqen-ka-munguar-iniciativa-e-kosoves-per-emertimin-e-ambasadorit\/\",\"name\":\"Roqen: Ka munguar iniciativa e Kosov\u00ebs p\u00ebr em\u00ebrtimin e ambasadorit - Lajme nga Ulqini\",\"isPartOf\":{\"@id\":\"https:\/\/www.visit-ulcinj.com\/blog\/#website\"},\"primaryImageOfPage\":{\"@id\":\"https:\/\/www.visit-ulcinj.com\/blog\/2011\/02\/19\/roqen-ka-munguar-iniciativa-e-kosoves-per-emertimin-e-ambasadorit\/#primaryimage\"},\"datePublished\":\"2011-02-19T07:58:53+00:00\",\"dateModified\":\"2011-02-19T07:59:12+00:00\",\"author\":{\"@id\":\"https:\/\/www.visit-ulcinj.com\/blog\/#\/schema\/person\/dcab619c614d3038751c63bc2aadc06d\"},\"description\":\"Ministri i Pun\u00ebve t\u00eb Jashtme t\u00eb Malit t\u00eb Zi, Millan Ro\u00e7en deklaroi sot se Podgorica dhe Prishtina do t'i k\u00ebmbejn\u00eb ambasador\u00ebt kur p\u00ebr k\u00ebt\u00eb t\u00eb krijohen\",\"breadcrumb\":{\"@id\":\"https:\/\/www.visit-ulcinj.com\/blog\/2011\/02\/19\/roqen-ka-munguar-iniciativa-e-kosoves-per-emertimin-e-ambasadorit\/#breadcrumb\"},\"inLanguage\":\"en-US\",\"potentialAction\":[{\"@type\":\"ReadAction\",\"target\":[\"https:\/\/www.visit-ulcinj.com\/blog\/2011\/02\/19\/roqen-ka-munguar-iniciativa-e-kosoves-per-emertimin-e-ambasadorit\/\"]}]},{\"@type\":\"BreadcrumbList\",\"@id\":\"https:\/\/www.visit-ulcinj.com\/blog\/2011\/02\/19\/roqen-ka-munguar-iniciativa-e-kosoves-per-emertimin-e-ambasadorit\/#breadcrumb\",\"itemListElement\":[{\"@type\":\"ListItem\",\"position\":1,\"name\":\"Roqen: Ka munguar iniciativa e Kosov\u00ebs p\u00ebr em\u00ebrtimin e ambasadorit\"}]},{\"@type\":\"Person\",\"@id\":\"https:\/\/www.visit-ulcinj.com\/blog\/#\/schema\/person\/dcab619c614d3038751c63bc2aadc06d\",\"name\":\"ulqini\",\"sameAs\":[\"http:\/\/www.visit-ulcinj.com\"],\"url\":\"https:\/\/www.visit-ulcinj.com\/blog\/author\/admin\/\"}]}<\/script>\n<!-- \/ Yoast SEO plugin. -->","yoast_head_json":{"title":"Roqen: Ka munguar iniciativa e Kosov\u00ebs p\u00ebr em\u00ebrtimin e ambasadorit - Lajme nga Ulqini","description":"Ministri i Pun\u00ebve t\u00eb Jashtme t\u00eb Malit t\u00eb Zi, Millan Ro\u00e7en deklaroi sot se Podgorica dhe Prishtina do t'i k\u00ebmbejn\u00eb ambasador\u00ebt kur p\u00ebr k\u00ebt\u00eb t\u00eb krijohen","robots":{"index":"index","follow":"follow","max-snippet":"max-snippet:-1","max-image-preview":"max-image-preview:large","max-video-preview":"max-video-preview:-1"},"canonical":"https:\/\/www.visit-ulcinj.com\/blog\/2011\/02\/19\/roqen-ka-munguar-iniciativa-e-kosoves-per-emertimin-e-ambasadorit\/","og_locale":"en_US","og_type":"article","og_title":"Roqen: Ka munguar iniciativa e Kosov\u00ebs p\u00ebr em\u00ebrtimin e ambasadorit - Lajme nga Ulqini","og_description":"Ministri i Pun\u00ebve t\u00eb Jashtme t\u00eb Malit t\u00eb Zi, Millan Ro\u00e7en deklaroi sot se Podgorica dhe Prishtina do t'i k\u00ebmbejn\u00eb ambasador\u00ebt kur p\u00ebr k\u00ebt\u00eb t\u00eb krijohen","og_url":"https:\/\/www.visit-ulcinj.com\/blog\/2011\/02\/19\/roqen-ka-munguar-iniciativa-e-kosoves-per-emertimin-e-ambasadorit\/","og_site_name":"Lajme nga Ulqini","article_published_time":"2011-02-19T07:58:53+00:00","article_modified_time":"2011-02-19T07:59:12+00:00","og_image":[{"url":"http:\/\/www.visit-ulcinj.com\/blog\/wp-content\/uploads\/2011\/02\/MILAN-ROCEN_SKENDER-HYSENI.jpg"}],"twitter_misc":{"Written by":"ulqini","Est. reading time":"1 minute"},"schema":{"@context":"https:\/\/schema.org","@graph":[{"@type":"WebSite","@id":"https:\/\/www.visit-ulcinj.com\/blog\/#website","url":"https:\/\/www.visit-ulcinj.com\/blog\/","name":"Lajme nga Ulqini","description":"Lajme,Vijesti,Ulqini,Ulqin,Crna Gora,Mali i Zi","potentialAction":[{"@type":"SearchAction","target":{"@type":"EntryPoint","urlTemplate":"https:\/\/www.visit-ulcinj.com\/blog\/?s={search_term_string}"},"query-input":"required name=search_term_string"}],"inLanguage":"en-US"},{"@type":"ImageObject","inLanguage":"en-US","@id":"https:\/\/www.visit-ulcinj.com\/blog\/2011\/02\/19\/roqen-ka-munguar-iniciativa-e-kosoves-per-emertimin-e-ambasadorit\/#primaryimage","url":"https:\/\/www.visit-ulcinj.com\/blog\/wp-content\/uploads\/2011\/02\/MILAN-ROCEN_SKENDER-HYSENI.jpg","contentUrl":"https:\/\/www.visit-ulcinj.com\/blog\/wp-content\/uploads\/2011\/02\/MILAN-ROCEN_SKENDER-HYSENI.jpg","width":"490","height":"326"},{"@type":"WebPage","@id":"https:\/\/www.visit-ulcinj.com\/blog\/2011\/02\/19\/roqen-ka-munguar-iniciativa-e-kosoves-per-emertimin-e-ambasadorit\/#webpage","url":"https:\/\/www.visit-ulcinj.com\/blog\/2011\/02\/19\/roqen-ka-munguar-iniciativa-e-kosoves-per-emertimin-e-ambasadorit\/","name":"Roqen: Ka munguar iniciativa e Kosov\u00ebs p\u00ebr em\u00ebrtimin e ambasadorit - Lajme nga Ulqini","isPartOf":{"@id":"https:\/\/www.visit-ulcinj.com\/blog\/#website"},"primaryImageOfPage":{"@id":"https:\/\/www.visit-ulcinj.com\/blog\/2011\/02\/19\/roqen-ka-munguar-iniciativa-e-kosoves-per-emertimin-e-ambasadorit\/#primaryimage"},"datePublished":"2011-02-19T07:58:53+00:00","dateModified":"2011-02-19T07:59:12+00:00","author":{"@id":"https:\/\/www.visit-ulcinj.com\/blog\/#\/schema\/person\/dcab619c614d3038751c63bc2aadc06d"},"description":"Ministri i Pun\u00ebve t\u00eb Jashtme t\u00eb Malit t\u00eb Zi, Millan Ro\u00e7en deklaroi sot se Podgorica dhe Prishtina do t'i k\u00ebmbejn\u00eb ambasador\u00ebt kur p\u00ebr k\u00ebt\u00eb t\u00eb krijohen","breadcrumb":{"@id":"https:\/\/www.visit-ulcinj.com\/blog\/2011\/02\/19\/roqen-ka-munguar-iniciativa-e-kosoves-per-emertimin-e-ambasadorit\/#breadcrumb"},"inLanguage":"en-US","potentialAction":[{"@type":"ReadAction","target":["https:\/\/www.visit-ulcinj.com\/blog\/2011\/02\/19\/roqen-ka-munguar-iniciativa-e-kosoves-per-emertimin-e-ambasadorit\/"]}]},{"@type":"BreadcrumbList","@id":"https:\/\/www.visit-ulcinj.com\/blog\/2011\/02\/19\/roqen-ka-munguar-iniciativa-e-kosoves-per-emertimin-e-ambasadorit\/#breadcrumb","itemListElement":[{"@type":"ListItem","position":1,"name":"Roqen: Ka munguar iniciativa e Kosov\u00ebs p\u00ebr em\u00ebrtimin e ambasadorit"}]},{"@type":"Person","@id":"https:\/\/www.visit-ulcinj.com\/blog\/#\/schema\/person\/dcab619c614d3038751c63bc2aadc06d","name":"ulqini","sameAs":["http:\/\/www.visit-ulcinj.com"],"url":"https:\/\/www.visit-ulcinj.com\/blog\/author\/admin\/"}]}},"jetpack_featured_media_url":"","jetpack_sharing_enabled":true,"jetpack_shortlink":"https:\/\/wp.me\/pe6lTn-blx","_links":{"self":[{"href":"https:\/\/www.visit-ulcinj.com\/blog\/wp-json\/wp\/v2\/posts\/43619"}],"collection":[{"href":"https:\/\/www.visit-ulcinj.com\/blog\/wp-json\/wp\/v2\/posts"}],"about":[{"href":"https:\/\/www.visit-ulcinj.com\/blog\/wp-json\/wp\/v2\/types\/post"}],"author":[{"embeddable":true,"href":"https:\/\/www.visit-ulcinj.com\/blog\/wp-json\/wp\/v2\/users\/1"}],"replies":[{"embeddable":true,"href":"https:\/\/www.visit-ulcinj.com\/blog\/wp-json\/wp\/v2\/comments?post=43619"}],"version-history":[{"count":0,"href":"https:\/\/www.visit-ulcinj.com\/blog\/wp-json\/wp\/v2\/posts\/43619\/revisions"}],"wp:attachment":[{"href":"https:\/\/www.visit-ulcinj.com\/blog\/wp-json\/wp\/v2\/media?parent=43619"}],"wp:term":[{"taxonomy":"category","embeddable":true,"href":"https:\/\/www.visit-ulcinj.com\/blog\/wp-json\/wp\/v2\/categories?post=43619"},{"taxonomy":"post_tag","embeddable":true,"href":"https:\/\/www.visit-ulcinj.com\/blog\/wp-json\/wp\/v2\/tags?post=43619"}],"curies":[{"name":"wp","href":"https:\/\/api.w.org\/{rel}","templated":true}]}}