{"id":43634,"date":"2011-02-19T10:19:22","date_gmt":"2011-02-19T09:19:22","guid":{"rendered":"http:\/\/www.visit-ulcinj.com\/blog\/?p=43634"},"modified":"2011-02-19T14:25:48","modified_gmt":"2011-02-19T13:25:48","slug":"nuset-shqiptare-qe-behen-serbe","status":"publish","type":"post","link":"https:\/\/www.visit-ulcinj.com\/blog\/2011\/02\/19\/nuset-shqiptare-qe-behen-serbe\/","title":{"rendered":"Nuset shqiptare q\u00eb b\u00ebhen serbe &#8211; Video"},"content":{"rendered":"<p><strong><a href=\"http:\/\/www.visit-ulcinj.com\/blog\/wp-content\/uploads\/2011\/02\/Shqiptarja-u-ba-Serbe.1.jpg\"><img loading=\"lazy\" class=\"alignleft size-full wp-image-43636\" title=\"Shqiptarja u ba Serbe.1\" src=\"http:\/\/www.visit-ulcinj.com\/blog\/wp-content\/uploads\/2011\/02\/Shqiptarja-u-ba-Serbe.1.jpg\" alt=\"\" width=\"508\" height=\"380\" srcset=\"https:\/\/www.visit-ulcinj.com\/blog\/wp-content\/uploads\/2011\/02\/Shqiptarja-u-ba-Serbe.1.jpg 632w, https:\/\/www.visit-ulcinj.com\/blog\/wp-content\/uploads\/2011\/02\/Shqiptarja-u-ba-Serbe.1-300x225.jpg 300w\" sizes=\"(max-width: 508px) 100vw, 508px\" \/><\/a>T\u00eb pakt\u00ebn 200 vajza nga Veriu i Shqip\u00ebris\u00eb jan\u00eb martuar n\u00eb zonat e thella t\u00eb Serbis\u00eb. Nj\u00ebra prej tyre, 32 vje\u00e7e nga Tropoja, ka marr\u00eb pasaport\u00ebn serbe nga Ministri i Policis\u00eb. <\/strong><\/p>\n<p>Luma Millishevi\u00e7 humbi bashk\u00ebshortin pa mbushur ende tre vjet martes\u00eb dhe k\u00ebrkoi n\u00ebnshtet\u00ebsin\u00eb serbe p\u00ebr t\u00eb rritur e ve dy f\u00ebmij\u00ebt q\u00eb pati nga martesa e pafat.<\/p>\n<p>32 vje\u00e7arja ka vendosur t\u00eb qendroj\u00eb n\u00eb Serbi p\u00ebr t\u00eb rritur 2 f\u00ebmij\u00ebt edhe pse, sipas ligjit serb duhej t\u00eb mbushte 3 vjet martes\u00eb p\u00ebr t\u00eb marr\u00eb pasaport\u00ebn vendase.<\/p>\n<p>Historia e saj \u00ebsht\u00eb pasqyruar nga mediat serbi pasi iu dor\u00ebzua pasaporta nga vet\u00eb Ministri i Policis\u00eb, Ivica Da\u00e7i\u00e7.<\/p>\n<p><strong>TOP CHANNEL<br \/>\n\n\t\t<style type=\"text\/css\">\n\t\t\t#gallery-1 {\n\t\t\t\tmargin: auto;\n\t\t\t}\n\t\t\t#gallery-1 .gallery-item {\n\t\t\t\tfloat: left;\n\t\t\t\tmargin-top: 10px;\n\t\t\t\ttext-align: center;\n\t\t\t\twidth: 33%;\n\t\t\t}\n\t\t\t#gallery-1 img {\n\t\t\t\tborder: 2px solid #cfcfcf;\n\t\t\t}\n\t\t\t#gallery-1 .gallery-caption {\n\t\t\t\tmargin-left: 0;\n\t\t\t}\n\t\t\t\/* see gallery_shortcode() in wp-includes\/media.php *\/\n\t\t<\/style>\n\t\t<div id='gallery-1' class='gallery galleryid-43634 gallery-columns-3 gallery-size-thumbnail'><dl class='gallery-item'>\n\t\t\t<dt class='gallery-icon landscape'>\n\t\t\t\t<a href='https:\/\/www.visit-ulcinj.com\/blog\/wp-content\/uploads\/2011\/02\/Shqiptarja-u-ba-Serbe.1.jpg'><img width=\"150\" height=\"150\" src=\"https:\/\/www.visit-ulcinj.com\/blog\/wp-content\/uploads\/2011\/02\/Shqiptarja-u-ba-Serbe.1-150x150.jpg\" class=\"attachment-thumbnail size-thumbnail\" alt=\"\" loading=\"lazy\" \/><\/a>\n\t\t\t<\/dt><\/dl><dl class='gallery-item'>\n\t\t\t<dt class='gallery-icon landscape'>\n\t\t\t\t<a href='https:\/\/www.visit-ulcinj.com\/blog\/wp-content\/uploads\/2011\/02\/nisja-shqiptare.jpg'><img width=\"150\" height=\"150\" src=\"https:\/\/www.visit-ulcinj.com\/blog\/wp-content\/uploads\/2011\/02\/nisja-shqiptare-150x150.jpg\" class=\"attachment-thumbnail size-thumbnail\" alt=\"\" loading=\"lazy\" \/><\/a>\n\t\t\t<\/dt><\/dl><dl class='gallery-item'>\n\t\t\t<dt class='gallery-icon landscape'>\n\t\t\t\t<a href='https:\/\/www.visit-ulcinj.com\/blog\/wp-content\/uploads\/2011\/02\/Shqiptarja-u-ba-Serbe.jpg'><img width=\"150\" height=\"150\" src=\"https:\/\/www.visit-ulcinj.com\/blog\/wp-content\/uploads\/2011\/02\/Shqiptarja-u-ba-Serbe-150x150.jpg\" class=\"attachment-thumbnail size-thumbnail\" alt=\"\" loading=\"lazy\" \/><\/a>\n\t\t\t<\/dt><\/dl><br style=\"clear: both\" \/><dl class='gallery-item'>\n\t\t\t<dt class='gallery-icon landscape'>\n\t\t\t\t<a href='https:\/\/www.visit-ulcinj.com\/blog\/wp-content\/uploads\/2011\/02\/Shqiptarja_Lume-u-ba-Serbe.3.jpg'><img width=\"150\" height=\"150\" src=\"https:\/\/www.visit-ulcinj.com\/blog\/wp-content\/uploads\/2011\/02\/Shqiptarja_Lume-u-ba-Serbe.3-150x150.jpg\" class=\"attachment-thumbnail size-thumbnail\" alt=\"\" loading=\"lazy\" \/><\/a>\n\t\t\t<\/dt><\/dl><dl class='gallery-item'>\n\t\t\t<dt class='gallery-icon landscape'>\n\t\t\t\t<a href='https:\/\/www.visit-ulcinj.com\/blog\/wp-content\/uploads\/2011\/02\/Shqiptarja_Lume-u-ba-Serbe.4.jpg'><img width=\"150\" height=\"150\" src=\"https:\/\/www.visit-ulcinj.com\/blog\/wp-content\/uploads\/2011\/02\/Shqiptarja_Lume-u-ba-Serbe.4-150x150.jpg\" class=\"attachment-thumbnail size-thumbnail\" alt=\"\" loading=\"lazy\" \/><\/a>\n\t\t\t<\/dt><\/dl><dl class='gallery-item'>\n\t\t\t<dt class='gallery-icon landscape'>\n\t\t\t\t<a href='https:\/\/www.visit-ulcinj.com\/blog\/wp-content\/uploads\/2011\/02\/Shqiptarja-u-ba-Serbe.2.jpg'><img width=\"150\" height=\"150\" src=\"https:\/\/www.visit-ulcinj.com\/blog\/wp-content\/uploads\/2011\/02\/Shqiptarja-u-ba-Serbe.2-150x150.jpg\" class=\"attachment-thumbnail size-thumbnail\" alt=\"\" loading=\"lazy\" \/><\/a>\n\t\t\t<\/dt><\/dl><br style=\"clear: both\" \/>\n\t\t<\/div>\n<br \/>\n<\/strong>[flv]http:\/\/video1.top-channel.tv\/18754796\/flv\/kronika\/NUSET-SHQIPTARE18.flv[\/flv]<br \/>\n<a href=\"http:\/\/www.b92.net\/info\/vesti\/index.php?yyyy=2011&amp;mm=02&amp;dd=18&amp;nav_id=493774\" target=\"_blank\"><strong>VIDEO\u00a0 TV B92<\/strong><\/a><br \/>\n[flv]http:\/\/j1.video3.blip.tv\/0290005038946\/B92-DravljanstvoZaNevestuIzAlbanije392.flv[\/flv]<\/p>\n","protected":false},"excerpt":{"rendered":"<p>T\u00eb pakt\u00ebn 200 vajza nga Veriu i Shqip\u00ebris\u00eb jan\u00eb martuar n\u00eb zonat e thella t\u00eb Serbis\u00eb. Nj\u00ebra prej tyre, 32 vje\u00e7e nga Tropoja, ka marr\u00eb pasaport\u00ebn serbe nga Ministri i Policis\u00eb. Luma Millishevi\u00e7 humbi bashk\u00ebshortin pa mbushur ende tre vjet martes\u00eb dhe k\u00ebrkoi n\u00ebnshtet\u00ebsin\u00eb serbe p\u00ebr t\u00eb rritur e ve dy f\u00ebmij\u00ebt q\u00eb pati nga [&hellip;]<\/p>\n","protected":false},"author":1,"featured_media":0,"comment_status":"open","ping_status":"closed","sticky":false,"template":"","format":"standard","meta":{"spay_email":"","jetpack_publicize_message":"","jetpack_is_tweetstorm":false,"jetpack_publicize_feature_enabled":true},"categories":[1],"tags":[17408,17406,95,17407,50,4771],"jetpack_publicize_connections":[],"yoast_head":"<!-- This site is optimized with the Yoast SEO plugin v19.1 - https:\/\/yoast.com\/wordpress\/plugins\/seo\/ -->\n<title>Nuset shqiptare q\u00eb b\u00ebhen serbe - Video - Lajme nga Ulqini<\/title>\n<meta name=\"description\" content=\"T\u00eb pakt\u00ebn 200 vajza nga Veriu i Shqip\u00ebris\u00eb jan\u00eb martuar n\u00eb zonat e thella t\u00eb Serbis\u00eb. Nj\u00ebra prej tyre, 32 vje\u00e7e nga Tropoja, ka marr\u00eb pasaport\u00ebn serbe nga\" \/>\n<meta name=\"robots\" content=\"index, follow, max-snippet:-1, max-image-preview:large, max-video-preview:-1\" \/>\n<link rel=\"canonical\" href=\"https:\/\/www.visit-ulcinj.com\/blog\/2011\/02\/19\/nuset-shqiptare-qe-behen-serbe\/\" \/>\n<meta property=\"og:locale\" content=\"en_US\" \/>\n<meta property=\"og:type\" content=\"article\" \/>\n<meta property=\"og:title\" content=\"Nuset shqiptare q\u00eb b\u00ebhen serbe - Video - Lajme nga Ulqini\" \/>\n<meta property=\"og:description\" content=\"T\u00eb pakt\u00ebn 200 vajza nga Veriu i Shqip\u00ebris\u00eb jan\u00eb martuar n\u00eb zonat e thella t\u00eb Serbis\u00eb. Nj\u00ebra prej tyre, 32 vje\u00e7e nga Tropoja, ka marr\u00eb pasaport\u00ebn serbe nga\" \/>\n<meta property=\"og:url\" content=\"https:\/\/www.visit-ulcinj.com\/blog\/2011\/02\/19\/nuset-shqiptare-qe-behen-serbe\/\" \/>\n<meta property=\"og:site_name\" content=\"Lajme nga Ulqini\" \/>\n<meta property=\"article:published_time\" content=\"2011-02-19T09:19:22+00:00\" \/>\n<meta property=\"article:modified_time\" content=\"2011-02-19T13:25:48+00:00\" \/>\n<meta property=\"og:image\" content=\"https:\/\/www.visit-ulcinj.com\/blog\/wp-content\/uploads\/2011\/02\/Shqiptarja-u-ba-Serbe.1-150x150.jpg\" \/>\n<meta name=\"twitter:label1\" content=\"Written by\" \/>\n\t<meta name=\"twitter:data1\" content=\"ulqini\" \/>\n\t<meta name=\"twitter:label2\" content=\"Est. reading time\" \/>\n\t<meta name=\"twitter:data2\" content=\"1 minute\" \/>\n<script type=\"application\/ld+json\" class=\"yoast-schema-graph\">{\"@context\":\"https:\/\/schema.org\",\"@graph\":[{\"@type\":\"WebSite\",\"@id\":\"https:\/\/www.visit-ulcinj.com\/blog\/#website\",\"url\":\"https:\/\/www.visit-ulcinj.com\/blog\/\",\"name\":\"Lajme nga Ulqini\",\"description\":\"Lajme,Vijesti,Ulqini,Ulqin,Crna Gora,Mali i Zi\",\"potentialAction\":[{\"@type\":\"SearchAction\",\"target\":{\"@type\":\"EntryPoint\",\"urlTemplate\":\"https:\/\/www.visit-ulcinj.com\/blog\/?s={search_term_string}\"},\"query-input\":\"required name=search_term_string\"}],\"inLanguage\":\"en-US\"},{\"@type\":\"ImageObject\",\"inLanguage\":\"en-US\",\"@id\":\"https:\/\/www.visit-ulcinj.com\/blog\/2011\/02\/19\/nuset-shqiptare-qe-behen-serbe\/#primaryimage\",\"url\":\"https:\/\/www.visit-ulcinj.com\/blog\/wp-content\/uploads\/2011\/02\/Shqiptarja-u-ba-Serbe.1.jpg\",\"contentUrl\":\"https:\/\/www.visit-ulcinj.com\/blog\/wp-content\/uploads\/2011\/02\/Shqiptarja-u-ba-Serbe.1.jpg\",\"width\":\"632\",\"height\":\"474\"},{\"@type\":\"WebPage\",\"@id\":\"https:\/\/www.visit-ulcinj.com\/blog\/2011\/02\/19\/nuset-shqiptare-qe-behen-serbe\/#webpage\",\"url\":\"https:\/\/www.visit-ulcinj.com\/blog\/2011\/02\/19\/nuset-shqiptare-qe-behen-serbe\/\",\"name\":\"Nuset shqiptare q\u00eb b\u00ebhen serbe - Video - Lajme nga Ulqini\",\"isPartOf\":{\"@id\":\"https:\/\/www.visit-ulcinj.com\/blog\/#website\"},\"primaryImageOfPage\":{\"@id\":\"https:\/\/www.visit-ulcinj.com\/blog\/2011\/02\/19\/nuset-shqiptare-qe-behen-serbe\/#primaryimage\"},\"datePublished\":\"2011-02-19T09:19:22+00:00\",\"dateModified\":\"2011-02-19T13:25:48+00:00\",\"author\":{\"@id\":\"https:\/\/www.visit-ulcinj.com\/blog\/#\/schema\/person\/dcab619c614d3038751c63bc2aadc06d\"},\"description\":\"T\u00eb pakt\u00ebn 200 vajza nga Veriu i Shqip\u00ebris\u00eb jan\u00eb martuar n\u00eb zonat e thella t\u00eb Serbis\u00eb. Nj\u00ebra prej tyre, 32 vje\u00e7e nga Tropoja, ka marr\u00eb pasaport\u00ebn serbe nga\",\"breadcrumb\":{\"@id\":\"https:\/\/www.visit-ulcinj.com\/blog\/2011\/02\/19\/nuset-shqiptare-qe-behen-serbe\/#breadcrumb\"},\"inLanguage\":\"en-US\",\"potentialAction\":[{\"@type\":\"ReadAction\",\"target\":[\"https:\/\/www.visit-ulcinj.com\/blog\/2011\/02\/19\/nuset-shqiptare-qe-behen-serbe\/\"]}]},{\"@type\":\"BreadcrumbList\",\"@id\":\"https:\/\/www.visit-ulcinj.com\/blog\/2011\/02\/19\/nuset-shqiptare-qe-behen-serbe\/#breadcrumb\",\"itemListElement\":[{\"@type\":\"ListItem\",\"position\":1,\"name\":\"Nuset shqiptare q\u00eb b\u00ebhen serbe &#8211; Video\"}]},{\"@type\":\"Person\",\"@id\":\"https:\/\/www.visit-ulcinj.com\/blog\/#\/schema\/person\/dcab619c614d3038751c63bc2aadc06d\",\"name\":\"ulqini\",\"sameAs\":[\"http:\/\/www.visit-ulcinj.com\"],\"url\":\"https:\/\/www.visit-ulcinj.com\/blog\/author\/admin\/\"}]}<\/script>\n<!-- \/ Yoast SEO plugin. -->","yoast_head_json":{"title":"Nuset shqiptare q\u00eb b\u00ebhen serbe - Video - Lajme nga Ulqini","description":"T\u00eb pakt\u00ebn 200 vajza nga Veriu i Shqip\u00ebris\u00eb jan\u00eb martuar n\u00eb zonat e thella t\u00eb Serbis\u00eb. Nj\u00ebra prej tyre, 32 vje\u00e7e nga Tropoja, ka marr\u00eb pasaport\u00ebn serbe nga","robots":{"index":"index","follow":"follow","max-snippet":"max-snippet:-1","max-image-preview":"max-image-preview:large","max-video-preview":"max-video-preview:-1"},"canonical":"https:\/\/www.visit-ulcinj.com\/blog\/2011\/02\/19\/nuset-shqiptare-qe-behen-serbe\/","og_locale":"en_US","og_type":"article","og_title":"Nuset shqiptare q\u00eb b\u00ebhen serbe - Video - Lajme nga Ulqini","og_description":"T\u00eb pakt\u00ebn 200 vajza nga Veriu i Shqip\u00ebris\u00eb jan\u00eb martuar n\u00eb zonat e thella t\u00eb Serbis\u00eb. Nj\u00ebra prej tyre, 32 vje\u00e7e nga Tropoja, ka marr\u00eb pasaport\u00ebn serbe nga","og_url":"https:\/\/www.visit-ulcinj.com\/blog\/2011\/02\/19\/nuset-shqiptare-qe-behen-serbe\/","og_site_name":"Lajme nga Ulqini","article_published_time":"2011-02-19T09:19:22+00:00","article_modified_time":"2011-02-19T13:25:48+00:00","og_image":[{"url":"https:\/\/www.visit-ulcinj.com\/blog\/wp-content\/uploads\/2011\/02\/Shqiptarja-u-ba-Serbe.1-150x150.jpg"}],"twitter_misc":{"Written by":"ulqini","Est. reading time":"1 minute"},"schema":{"@context":"https:\/\/schema.org","@graph":[{"@type":"WebSite","@id":"https:\/\/www.visit-ulcinj.com\/blog\/#website","url":"https:\/\/www.visit-ulcinj.com\/blog\/","name":"Lajme nga Ulqini","description":"Lajme,Vijesti,Ulqini,Ulqin,Crna Gora,Mali i Zi","potentialAction":[{"@type":"SearchAction","target":{"@type":"EntryPoint","urlTemplate":"https:\/\/www.visit-ulcinj.com\/blog\/?s={search_term_string}"},"query-input":"required name=search_term_string"}],"inLanguage":"en-US"},{"@type":"ImageObject","inLanguage":"en-US","@id":"https:\/\/www.visit-ulcinj.com\/blog\/2011\/02\/19\/nuset-shqiptare-qe-behen-serbe\/#primaryimage","url":"https:\/\/www.visit-ulcinj.com\/blog\/wp-content\/uploads\/2011\/02\/Shqiptarja-u-ba-Serbe.1.jpg","contentUrl":"https:\/\/www.visit-ulcinj.com\/blog\/wp-content\/uploads\/2011\/02\/Shqiptarja-u-ba-Serbe.1.jpg","width":"632","height":"474"},{"@type":"WebPage","@id":"https:\/\/www.visit-ulcinj.com\/blog\/2011\/02\/19\/nuset-shqiptare-qe-behen-serbe\/#webpage","url":"https:\/\/www.visit-ulcinj.com\/blog\/2011\/02\/19\/nuset-shqiptare-qe-behen-serbe\/","name":"Nuset shqiptare q\u00eb b\u00ebhen serbe - Video - Lajme nga Ulqini","isPartOf":{"@id":"https:\/\/www.visit-ulcinj.com\/blog\/#website"},"primaryImageOfPage":{"@id":"https:\/\/www.visit-ulcinj.com\/blog\/2011\/02\/19\/nuset-shqiptare-qe-behen-serbe\/#primaryimage"},"datePublished":"2011-02-19T09:19:22+00:00","dateModified":"2011-02-19T13:25:48+00:00","author":{"@id":"https:\/\/www.visit-ulcinj.com\/blog\/#\/schema\/person\/dcab619c614d3038751c63bc2aadc06d"},"description":"T\u00eb pakt\u00ebn 200 vajza nga Veriu i Shqip\u00ebris\u00eb jan\u00eb martuar n\u00eb zonat e thella t\u00eb Serbis\u00eb. Nj\u00ebra prej tyre, 32 vje\u00e7e nga Tropoja, ka marr\u00eb pasaport\u00ebn serbe nga","breadcrumb":{"@id":"https:\/\/www.visit-ulcinj.com\/blog\/2011\/02\/19\/nuset-shqiptare-qe-behen-serbe\/#breadcrumb"},"inLanguage":"en-US","potentialAction":[{"@type":"ReadAction","target":["https:\/\/www.visit-ulcinj.com\/blog\/2011\/02\/19\/nuset-shqiptare-qe-behen-serbe\/"]}]},{"@type":"BreadcrumbList","@id":"https:\/\/www.visit-ulcinj.com\/blog\/2011\/02\/19\/nuset-shqiptare-qe-behen-serbe\/#breadcrumb","itemListElement":[{"@type":"ListItem","position":1,"name":"Nuset shqiptare q\u00eb b\u00ebhen serbe &#8211; Video"}]},{"@type":"Person","@id":"https:\/\/www.visit-ulcinj.com\/blog\/#\/schema\/person\/dcab619c614d3038751c63bc2aadc06d","name":"ulqini","sameAs":["http:\/\/www.visit-ulcinj.com"],"url":"https:\/\/www.visit-ulcinj.com\/blog\/author\/admin\/"}]}},"jetpack_featured_media_url":"","jetpack_sharing_enabled":true,"jetpack_shortlink":"https:\/\/wp.me\/pe6lTn-blM","_links":{"self":[{"href":"https:\/\/www.visit-ulcinj.com\/blog\/wp-json\/wp\/v2\/posts\/43634"}],"collection":[{"href":"https:\/\/www.visit-ulcinj.com\/blog\/wp-json\/wp\/v2\/posts"}],"about":[{"href":"https:\/\/www.visit-ulcinj.com\/blog\/wp-json\/wp\/v2\/types\/post"}],"author":[{"embeddable":true,"href":"https:\/\/www.visit-ulcinj.com\/blog\/wp-json\/wp\/v2\/users\/1"}],"replies":[{"embeddable":true,"href":"https:\/\/www.visit-ulcinj.com\/blog\/wp-json\/wp\/v2\/comments?post=43634"}],"version-history":[{"count":0,"href":"https:\/\/www.visit-ulcinj.com\/blog\/wp-json\/wp\/v2\/posts\/43634\/revisions"}],"wp:attachment":[{"href":"https:\/\/www.visit-ulcinj.com\/blog\/wp-json\/wp\/v2\/media?parent=43634"}],"wp:term":[{"taxonomy":"category","embeddable":true,"href":"https:\/\/www.visit-ulcinj.com\/blog\/wp-json\/wp\/v2\/categories?post=43634"},{"taxonomy":"post_tag","embeddable":true,"href":"https:\/\/www.visit-ulcinj.com\/blog\/wp-json\/wp\/v2\/tags?post=43634"}],"curies":[{"name":"wp","href":"https:\/\/api.w.org\/{rel}","templated":true}]}}