{"id":43666,"date":"2011-02-19T18:02:26","date_gmt":"2011-02-19T17:02:26","guid":{"rendered":"http:\/\/www.visit-ulcinj.com\/blog\/?p=43666"},"modified":"2011-02-19T18:03:02","modified_gmt":"2011-02-19T17:03:02","slug":"jehona-sopi-kete-vere-do-te-vesh-fustanin-e-bardhe","status":"publish","type":"post","link":"https:\/\/www.visit-ulcinj.com\/blog\/2011\/02\/19\/jehona-sopi-kete-vere-do-te-vesh-fustanin-e-bardhe\/","title":{"rendered":"Jehona Sopi: K\u00ebt\u00eb ver\u00eb do t\u00eb vesh fustanin e bardh\u00eb"},"content":{"rendered":"<p><strong><a href=\"http:\/\/www.visit-ulcinj.com\/blog\/wp-content\/uploads\/2011\/02\/Jehona-Sopi.jpg\"><img loading=\"lazy\" class=\"alignleft size-full wp-image-43667\" title=\"Jehona Sopi\" src=\"http:\/\/www.visit-ulcinj.com\/blog\/wp-content\/uploads\/2011\/02\/Jehona-Sopi.jpg\" alt=\"\" width=\"490\" height=\"620\" \/><\/a>\u201cI dashuri m\u00eb p\u00ebrkrah shum\u00eb n\u00eb muzik\u00eb, por un\u00eb nuk e v\u00eb n\u00eb rrezik familjen p\u00ebr karrier\u00ebn\u201d<\/strong><br \/>\nDy vjet m\u00eb par\u00eb, ajo fitoi \u00e7mimin \u201cBest vocal\u201d, me k\u00ebng\u00ebn \u201cFustani i bardh\u00eb\u201d n\u00eb Festivalin \u201cK\u00ebnga Magjike\u201d. K\u00ebnga hit, e preferuara edhe e vet\u00eb k\u00ebng\u00ebtares, nuk ka pasur t\u00eb b\u00ebnte me jet\u00ebn personale t\u00eb saj. Por ama, k\u00ebt\u00eb vit, k\u00ebng\u00ebtarja e mrekullueshme Jehona Sopi ka vendosur ta personalizoj\u00eb \u201cFustanin e Bardh\u00eb\u201d. Pik\u00ebrisht duke e veshur at\u00eb. Po, po, Jehona Sopi do t\u00eb martohet. Ajo ka vendosur t\u00eb celebroj\u00eb lidhjen e saj t\u00eb dashuris\u00eb n\u00eb martes\u00eb. P\u00ebr her\u00eb t\u00eb par\u00eb, Sopi rr\u00ebfen p\u00ebr jet\u00ebn e saj personale, ngaz\u00ebllimi i s\u00eb cil\u00ebs tashm\u00eb i lexohet n\u00eb sy dhe n\u00eb fjal\u00eb. E pranishme n\u00eb \u201cMiss Univers\u201d n\u00eb Zvic\u00ebr, fundjav\u00ebn q\u00eb lam\u00eb pas, pas emocioneve q\u00eb i fali publiku, Jehona ka ndar\u00eb me ne k\u00ebt\u00eb intervist\u00eb ekskluzive. Le ta shijojm\u00eb s\u00eb bashku\u2026<\/p>\n<p><strong>Jehona, si ka nisur ky vit p\u00ebr ju?<\/strong><\/p>\n<p>Ky vit ka nisur me shum\u00eb plane, q\u00eb besoj t\u00eb realizoj nj\u00eb pjes\u00eb t\u00eb madhe t\u00eb tyre. Jam shum\u00eb e relaksuar nga viti q\u00eb lam\u00eb pas, k\u00ebshtu q\u00eb besoj dhe shpresoj q\u00eb me pun\u00eb dhe d\u00ebshir\u00eb do t\u2019ia arrij.<\/p>\n<p><strong>Do t\u00eb jeni pjes\u00eb e festivaleve k\u00ebt\u00eb vit?<\/strong><\/p>\n<p>Ende nuk e kam vendosur, pasi e kam menduar si alternativ\u00eb, por nuk i dihet. Megjithat\u00eb, un\u00eb asnj\u00eb her\u00eb nuk them kurr\u00eb.<br \/>\n<a href=\"http:\/\/www.visit-ulcinj.com\/blog\/wp-content\/uploads\/2011\/02\/Jehona-Sopi.2.jpg\"><img loading=\"lazy\" class=\"alignleft size-medium wp-image-43668\" title=\"Jehona Sopi.2\" src=\"http:\/\/www.visit-ulcinj.com\/blog\/wp-content\/uploads\/2011\/02\/Jehona-Sopi.2-199x300.jpg\" alt=\"\" width=\"199\" height=\"300\" \/><\/a><\/p>\n<p><strong>Shum\u00eb nga k\u00ebng\u00ebt tuaja, p\u00ebrve\u00e7se kan\u00eb marr\u00eb \u00e7mime, jan\u00eb b\u00ebr\u00eb hite. Ju vet\u00eb, k\u00eb p\u00eblqeni prej tyre?<\/strong><\/p>\n<p>Normalisht do p\u00ebrs\u00ebris dhe un\u00eb refrenin q\u00eb t\u00eb gjitha k\u00ebng\u00ebt m\u00eb p\u00eblqejn\u00eb. Un\u00eb nuk jam pjes\u00eb e atyre q\u00eb b\u00ebjn\u00eb kompromis q\u00eb ta k\u00ebndojn\u00eb, edhe pse nuk jan\u00eb 100 p\u00ebr qind dakord p\u00ebr t\u00eb. Fillimisht, nj\u00eb k\u00ebng\u00eb duhet t\u00eb m\u00eb p\u00eblqej\u00eb mua, pastaj gjithmon\u00eb e them, q\u00eb ajo k\u00ebng\u00eb q\u00eb i p\u00eblqen edhe publikut, p\u00ebr mua \u00ebsht\u00eb mrekulli. Por nuk mund t\u00eb them se edhe nuk i ve\u00e7oj k\u00ebng\u00ebt e mia. Un\u00eb k\u00ebng\u00ebn \u201cFustani i bardh\u00eb\u201d gjithmon\u00eb e quaj nj\u00eb kapitull tep\u00ebr t\u00eb ve\u00e7ant\u00eb n\u00eb karrier\u00ebn time, e dua shum\u00eb si k\u00ebng\u00eb. Jo sepse gjithmon\u00eb kam pasur edhe pyetje nga njer\u00ebzit, q\u00eb a ka ndonj\u00eb gj\u00eb personale n\u00eb t\u00eb, po e sakt\u00ebsoj, se asnj\u00eb nga k\u00ebng\u00ebt e mia nuk ka p\u00ebrshkruar jet\u00ebn time, por si k\u00ebng\u00eb e si tekst e p\u00eblqej.<\/p>\n<p><strong>Por ama, mos ka ardhur koha q\u00eb Jehona t\u00eb vesh\u00eb \u201cFustanin e bardh\u00eb\u201d?<\/strong><\/p>\n<p>Shpresoj q\u00eb po.<\/p>\n<p><strong>K\u00ebt\u00eb vit?<\/strong><\/p>\n<p>Po, me kismet. Nuk do t\u00eb zbuloj asnj\u00eb gj\u00eb m\u00eb shum\u00eb, k\u00ebshtu q\u00eb mendoj se \u00ebsht\u00eb nj\u00eb ekskluzivitet ky lajm, pasi un\u00eb nuk jam tip q\u00eb flas p\u00ebr jet\u00ebn time personale, k\u00ebshtu q\u00eb mendoj se me kaq lexuesit e gazet\u00ebs \u201cMapo\u201d duhet t\u00eb k\u00ebnaqen.<\/p>\n<p><strong>Gjithsesi, ne nuk t\u00eb l\u00ebm\u00eb t\u00eb na ik\u00ebsh leht\u00eb. I dashuri juaj \u00ebsht\u00eb nj\u00eb fans i juaji n\u00eb muzik\u00eb?<\/strong><\/p>\n<p>Ai as nuk m\u00eb ka njohur si t\u00eb till\u00eb (qesh). N\u00eb fakt kishte pak vite q\u00eb ishte kthyer nga Anglia, dhe nuk ishte shum\u00eb i informuar p\u00ebr k\u00ebng\u00ebtar\u00ebt, sidomos k\u00ebng\u00ebtar\u00ebt e rinj. Ai kishte pak koh\u00eb q\u00eb m\u00eb kishte njohur si k\u00ebng\u00ebtare, por jo personalisht. Ne kemi 10 vite diferenc\u00eb dhe jam shum\u00eb e lumtur p\u00ebr k\u00ebt\u00eb. Por un\u00eb vet\u00eb, t\u2019u them t\u00eb drejt\u00ebn nuk e di q\u00eb ai ishte fans i imi, apo jo\u2026 (hahah)<\/p>\n<p><strong>T\u00eb kthehemi s\u00ebrish te muzika, do t\u00eb pranonit kompromis n\u00eb zgjedhjet tuaja muzikore?<\/strong><\/p>\n<p>Un\u00eb mendoj se puna e komer\u00e7ialitetit \u00ebsht\u00eb keqkuptuar shum\u00eb. Gjith\u00e7ka q\u00eb shitet \u00ebsht\u00eb komer\u00e7iale. Dhe jam shum\u00eb e g\u00ebzuar q\u00eb gjat\u00eb gjith\u00eb karrier\u00ebs sime, pa p\u00ebrs\u00ebritur veten, kam vazhduar dhe kam pasur sukses me k\u00ebng\u00ebt q\u00eb nuk jan\u00eb shum\u00eb, apo hi\u00e7, si t\u00eb tjerat. Un\u00eb mendoj se shumica e tyre jan\u00eb artistike dhe m\u00eb g\u00ebzon shum\u00eb ky fakt, sepse koh\u00ebt e fundit \u00ebsht\u00eb p\u00ebrzier\u00eb shum\u00eb muzika. Ka nj\u00eb kaos n\u00eb muzik\u00eb, tashm\u00eb ne jemi dy shtete, kemi dy problematik\u00eb, si shtet si funksionim. Pavar\u00ebsisht se nj\u00eb shtet q\u00eb kalon n\u00eb tranzicion, duhet ta kaloj\u00eb edhe k\u00ebt\u00eb faz\u00eb, q\u00eb p\u00ebrve\u00e7 gj\u00ebrave t\u00eb tjera, por edhe funksionimit ndonj\u00ebher\u00eb edhe t\u00eb gj\u00ebrave elementare rreth nj\u00eb individi n\u00eb mbijetes\u00eb, po kalon edhe faz\u00ebn e tranzicionit n\u00eb aspektin artistik.<\/p>\n<p><strong>Ju keni nj\u00eb look t\u00eb ve\u00e7ant\u00eb n\u00eb sken\u00eb dhe n\u00eb klipe, kujdeseni vet\u00eb p\u00ebr t\u00eb<\/strong>?<\/p>\n<p>Kryesisht po. M\u00eb p\u00eblqejn\u00eb disa gj\u00ebra, mir\u00ebpo vitet e fundit kam nj\u00eb ndihmes\u00eb jasht\u00ebzakonisht t\u00eb madhe nga stilisti im, Valdrin Sahiti, k\u00ebshtu q\u00eb e fal\u00ebnderoj shum\u00eb. Pasi m\u00eb duket se ndonj\u00ebher\u00eb m\u00eb lexon mendjen, k\u00ebshtu q\u00eb p\u00ebr mua \u00ebsht\u00eb nj\u00eb leht\u00ebsim mjaft i madh. Un\u00eb vet\u00eb gjithmon\u00eb jam kujdesur p\u00ebr secilin detaj. Kam shum\u00eb d\u00ebshir\u00eb q\u00eb veshja ime t\u00eb ket\u00eb personalitet, nuk dua q\u00eb t\u2019i ngjaj asnj\u00ebrit. Kam d\u00ebshir\u00eb thjesht t\u00eb kem origjinalitet!<\/p>\n<p>Dhe komplimente p\u00ebr k\u00ebt\u00eb, pasi ja arrini.<\/p>\n<p>Faleminderit. Tendenca ka qen\u00eb p\u00ebr t\u2019ia arritur, shpresoj q\u00eb t\u2019ia kem arritur v\u00ebrtet.<\/p>\n<p><strong><a href=\"http:\/\/www.visit-ulcinj.com\/blog\/wp-content\/uploads\/2011\/02\/Jehona-Sopi.1.jpg\"><img loading=\"lazy\" class=\"alignleft size-medium wp-image-43669\" title=\"Jehona Sopi.1\" src=\"http:\/\/www.visit-ulcinj.com\/blog\/wp-content\/uploads\/2011\/02\/Jehona-Sopi.1-199x300.jpg\" alt=\"\" width=\"199\" height=\"300\" \/><\/a>Cili \u00ebsht\u00eb emocioni n\u00eb sken\u00ebn shqiptare?<\/strong><\/p>\n<p>Un\u00eb nuk dua t\u2019i b\u00ebj k\u00ebto lloj dallimesh, sepse edhe n\u00eb Shqip\u00ebri un\u00eb e ndjej veten si n\u00eb Kosov\u00eb dhe kam ndjesin\u00eb e till\u00eb. Jam shum\u00eb komode.<\/p>\n<p><strong>\u00cbsht\u00eb n\u00eb planet tuaja nj\u00eb recital?<\/strong><\/p>\n<p>\u00cbsht\u00eb nj\u00eb \u00ebnd\u00ebrr e kahmotshme, mir\u00ebpo \u00ebndrra ime ka qen\u00eb gjithmon\u00eb t\u00eb kem nj\u00eb koncert t\u00eb madh, shum\u00eb t\u00eb p\u00ebrgatitur mir\u00eb, por besoj dhe do t\u00eb mundohem t\u00eb b\u00ebj di\u00e7ka.<\/p>\n<p><strong>K\u00ebt\u00eb vit?<\/strong><\/p>\n<p>Jo k\u00ebt\u00eb vit besoj, por shpejt.<\/p>\n<p><strong>Kjo pasi k\u00ebt\u00eb vit ja keni kushtuar jet\u00ebs personale\u2026<\/strong><\/p>\n<p>Po edhe dua t\u00eb them q\u00eb patjet\u00ebr jeta ime personale \u00ebsht\u00eb n\u00eb rend t\u00eb par\u00eb, primare \u00ebsht\u00eb familja ime dhe pastaj karriera. T\u00eb dyja jan\u00eb gj\u00ebra q\u00eb i dua shum\u00eb, por nuk e v\u00eb n\u00eb rrezik jet\u00ebn personale p\u00ebr karrier\u00ebn.<\/p>\n<p>Nuk do t\u00eb b\u00ebnit asnj\u00ebher\u00eb kompromise?<\/p>\n<p>Jo, nuk do ta rrezikoja jet\u00ebn private me karrier\u00ebn asnj\u00ebher\u00eb. Nuk e di si do t\u00eb kisha reaguar, n\u00ebse do t\u00eb gjendesha n\u00eb pozit\u00eb t\u00eb till\u00eb, por sa e njoh veten, n\u00ebse do t\u00eb isha v\u00ebn\u00eb n\u00eb nj\u00eb pozit\u00eb, se a dua m\u00eb shum\u00eb familjen apo muzik\u00ebn, apo nj\u00eb jet\u00eb e p\u00ebrkushtuar ndaj familjes, do zgjidhja familjen, sigurisht p\u00ebrsa e njoh veten. Jam shum\u00eb e lumtur p\u00ebr njer\u00ebzit q\u00eb kam p\u00ebrreth, p\u00ebr t\u00eb dashurin tim, q\u00eb \u00ebsht\u00eb i mrekulluesh\u00ebm dhe m\u00eb kupton n\u00eb \u00e7far\u00ebdo lloj vendimi, duke m\u00eb p\u00ebrkrahur jasht\u00ebzakonisht shum\u00eb.<\/p>\n<p><strong>Por profesioni juaj nuk ndalet vet\u00ebm te muzika, por edhe te psikologjia, apo jo\u2026<\/strong><\/p>\n<p>Po \u00ebsht\u00eb e v\u00ebrtet\u00eb. P\u00ebr sa i p\u00ebrket profesionit muzikor, un\u00eb do t\u00eb investoj. Por shpresoj q\u00eb k\u00ebt\u00eb vit, profesioni im kryesor do t\u00eb jet\u00eb psikologjia. Jam entuziaste, pasi k\u00ebt\u00eb vit do t\u00eb jet\u00eb nj\u00eb vendim shum\u00eb i madh, q\u00eb do t\u00eb filloj masterin n\u00eb shtator. Kam shum\u00eb d\u00ebshir\u00eb ta b\u00ebj n\u00eb Lond\u00ebr, k\u00ebshtu q\u00eb shpresoj q\u00eb k\u00ebt\u00eb vit t\u00eb realizohet. Do t\u00eb b\u00ebj master p\u00ebr psikologji klinike dhe kam d\u00ebshir\u00eb t\u00eb njihem me njer\u00ebzit, pasi i dua shum\u00eb. Para se t\u00eb filloja t\u00eb studioja psikologjin\u00eb, kam pasur shum\u00eb d\u00ebshir\u00eb t\u00eb lexoja librat psikologjik\u00eb edhe kam filluar t\u00eb lexoja nj\u00eb lib\u00ebr, q\u00eb 80 % t\u00eb librit nuk e kuptova dhe mendoj se kam b\u00ebr\u00eb nj\u00eb vendim shum\u00eb t\u00eb mir\u00eb q\u00eb p\u00ebrfundova studimet p\u00ebr psikologji, dhe e dua shum\u00eb si profesion, besoj q\u00eb do t\u00eb jem edhe e mir\u00eb.<\/p>\n<p><strong>Ilda Lumani<br \/>\nMAPO<br \/>\n<!--YouTube Error: bad URL entered--><\/strong><\/p>\n","protected":false},"excerpt":{"rendered":"<p>\u201cI dashuri m\u00eb p\u00ebrkrah shum\u00eb n\u00eb muzik\u00eb, por un\u00eb nuk e v\u00eb n\u00eb rrezik familjen p\u00ebr karrier\u00ebn\u201d Dy vjet m\u00eb par\u00eb, ajo fitoi \u00e7mimin \u201cBest vocal\u201d, me k\u00ebng\u00ebn \u201cFustani i bardh\u00eb\u201d n\u00eb Festivalin \u201cK\u00ebnga Magjike\u201d. K\u00ebnga hit, e preferuara edhe e vet\u00eb k\u00ebng\u00ebtares, nuk ka pasur t\u00eb b\u00ebnte me jet\u00ebn personale t\u00eb saj. Por ama, [&hellip;]<\/p>\n","protected":false},"author":1,"featured_media":0,"comment_status":"open","ping_status":"closed","sticky":false,"template":"","format":"standard","meta":{"spay_email":"","jetpack_publicize_message":"","jetpack_is_tweetstorm":false,"jetpack_publicize_feature_enabled":true},"categories":[1],"tags":[13000],"jetpack_publicize_connections":[],"yoast_head":"<!-- This site is optimized with the Yoast SEO plugin v19.1 - https:\/\/yoast.com\/wordpress\/plugins\/seo\/ -->\n<title>Jehona Sopi: K\u00ebt\u00eb ver\u00eb do t\u00eb vesh fustanin e bardh\u00eb - Lajme nga Ulqini<\/title>\n<meta name=\"description\" content=\"\u201cI dashuri m\u00eb p\u00ebrkrah shum\u00eb n\u00eb muzik\u00eb, por un\u00eb nuk e v\u00eb n\u00eb rrezik familjen p\u00ebr karrier\u00ebn\u201d Dy vjet m\u00eb par\u00eb, ajo fitoi \u00e7mimin \u201cBest vocal\u201d, me k\u00ebng\u00ebn\" \/>\n<meta name=\"robots\" content=\"index, follow, max-snippet:-1, max-image-preview:large, max-video-preview:-1\" \/>\n<link rel=\"canonical\" href=\"https:\/\/www.visit-ulcinj.com\/blog\/2011\/02\/19\/jehona-sopi-kete-vere-do-te-vesh-fustanin-e-bardhe\/\" \/>\n<meta property=\"og:locale\" content=\"en_US\" \/>\n<meta property=\"og:type\" content=\"article\" \/>\n<meta property=\"og:title\" content=\"Jehona Sopi: K\u00ebt\u00eb ver\u00eb do t\u00eb vesh fustanin e bardh\u00eb - Lajme nga Ulqini\" \/>\n<meta property=\"og:description\" content=\"\u201cI dashuri m\u00eb p\u00ebrkrah shum\u00eb n\u00eb muzik\u00eb, por un\u00eb nuk e v\u00eb n\u00eb rrezik familjen p\u00ebr karrier\u00ebn\u201d Dy vjet m\u00eb par\u00eb, ajo fitoi \u00e7mimin \u201cBest vocal\u201d, me k\u00ebng\u00ebn\" \/>\n<meta property=\"og:url\" content=\"https:\/\/www.visit-ulcinj.com\/blog\/2011\/02\/19\/jehona-sopi-kete-vere-do-te-vesh-fustanin-e-bardhe\/\" \/>\n<meta property=\"og:site_name\" content=\"Lajme nga Ulqini\" \/>\n<meta property=\"article:published_time\" content=\"2011-02-19T17:02:26+00:00\" \/>\n<meta property=\"article:modified_time\" content=\"2011-02-19T17:03:02+00:00\" \/>\n<meta property=\"og:image\" content=\"http:\/\/www.visit-ulcinj.com\/blog\/wp-content\/uploads\/2011\/02\/Jehona-Sopi.jpg\" \/>\n<meta name=\"twitter:label1\" content=\"Written by\" \/>\n\t<meta name=\"twitter:data1\" content=\"ulqini\" \/>\n\t<meta name=\"twitter:label2\" content=\"Est. reading time\" \/>\n\t<meta name=\"twitter:data2\" content=\"7 minutes\" \/>\n<script type=\"application\/ld+json\" class=\"yoast-schema-graph\">{\"@context\":\"https:\/\/schema.org\",\"@graph\":[{\"@type\":\"WebSite\",\"@id\":\"https:\/\/www.visit-ulcinj.com\/blog\/#website\",\"url\":\"https:\/\/www.visit-ulcinj.com\/blog\/\",\"name\":\"Lajme nga Ulqini\",\"description\":\"Lajme,Vijesti,Ulqini,Ulqin,Crna Gora,Mali i Zi\",\"potentialAction\":[{\"@type\":\"SearchAction\",\"target\":{\"@type\":\"EntryPoint\",\"urlTemplate\":\"https:\/\/www.visit-ulcinj.com\/blog\/?s={search_term_string}\"},\"query-input\":\"required name=search_term_string\"}],\"inLanguage\":\"en-US\"},{\"@type\":\"ImageObject\",\"inLanguage\":\"en-US\",\"@id\":\"https:\/\/www.visit-ulcinj.com\/blog\/2011\/02\/19\/jehona-sopi-kete-vere-do-te-vesh-fustanin-e-bardhe\/#primaryimage\",\"url\":\"http:\/\/www.visit-ulcinj.com\/blog\/wp-content\/uploads\/2011\/02\/Jehona-Sopi.jpg\",\"contentUrl\":\"http:\/\/www.visit-ulcinj.com\/blog\/wp-content\/uploads\/2011\/02\/Jehona-Sopi.jpg\"},{\"@type\":\"WebPage\",\"@id\":\"https:\/\/www.visit-ulcinj.com\/blog\/2011\/02\/19\/jehona-sopi-kete-vere-do-te-vesh-fustanin-e-bardhe\/#webpage\",\"url\":\"https:\/\/www.visit-ulcinj.com\/blog\/2011\/02\/19\/jehona-sopi-kete-vere-do-te-vesh-fustanin-e-bardhe\/\",\"name\":\"Jehona Sopi: K\u00ebt\u00eb ver\u00eb do t\u00eb vesh fustanin e bardh\u00eb - Lajme nga Ulqini\",\"isPartOf\":{\"@id\":\"https:\/\/www.visit-ulcinj.com\/blog\/#website\"},\"primaryImageOfPage\":{\"@id\":\"https:\/\/www.visit-ulcinj.com\/blog\/2011\/02\/19\/jehona-sopi-kete-vere-do-te-vesh-fustanin-e-bardhe\/#primaryimage\"},\"datePublished\":\"2011-02-19T17:02:26+00:00\",\"dateModified\":\"2011-02-19T17:03:02+00:00\",\"author\":{\"@id\":\"https:\/\/www.visit-ulcinj.com\/blog\/#\/schema\/person\/dcab619c614d3038751c63bc2aadc06d\"},\"description\":\"\u201cI dashuri m\u00eb p\u00ebrkrah shum\u00eb n\u00eb muzik\u00eb, por un\u00eb nuk e v\u00eb n\u00eb rrezik familjen p\u00ebr karrier\u00ebn\u201d Dy vjet m\u00eb par\u00eb, ajo fitoi \u00e7mimin \u201cBest vocal\u201d, me k\u00ebng\u00ebn\",\"breadcrumb\":{\"@id\":\"https:\/\/www.visit-ulcinj.com\/blog\/2011\/02\/19\/jehona-sopi-kete-vere-do-te-vesh-fustanin-e-bardhe\/#breadcrumb\"},\"inLanguage\":\"en-US\",\"potentialAction\":[{\"@type\":\"ReadAction\",\"target\":[\"https:\/\/www.visit-ulcinj.com\/blog\/2011\/02\/19\/jehona-sopi-kete-vere-do-te-vesh-fustanin-e-bardhe\/\"]}]},{\"@type\":\"BreadcrumbList\",\"@id\":\"https:\/\/www.visit-ulcinj.com\/blog\/2011\/02\/19\/jehona-sopi-kete-vere-do-te-vesh-fustanin-e-bardhe\/#breadcrumb\",\"itemListElement\":[{\"@type\":\"ListItem\",\"position\":1,\"name\":\"Jehona Sopi: K\u00ebt\u00eb ver\u00eb do t\u00eb vesh fustanin e bardh\u00eb\"}]},{\"@type\":\"Person\",\"@id\":\"https:\/\/www.visit-ulcinj.com\/blog\/#\/schema\/person\/dcab619c614d3038751c63bc2aadc06d\",\"name\":\"ulqini\",\"sameAs\":[\"http:\/\/www.visit-ulcinj.com\"],\"url\":\"https:\/\/www.visit-ulcinj.com\/blog\/author\/admin\/\"}]}<\/script>\n<!-- \/ Yoast SEO plugin. -->","yoast_head_json":{"title":"Jehona Sopi: K\u00ebt\u00eb ver\u00eb do t\u00eb vesh fustanin e bardh\u00eb - Lajme nga Ulqini","description":"\u201cI dashuri m\u00eb p\u00ebrkrah shum\u00eb n\u00eb muzik\u00eb, por un\u00eb nuk e v\u00eb n\u00eb rrezik familjen p\u00ebr karrier\u00ebn\u201d Dy vjet m\u00eb par\u00eb, ajo fitoi \u00e7mimin \u201cBest vocal\u201d, me k\u00ebng\u00ebn","robots":{"index":"index","follow":"follow","max-snippet":"max-snippet:-1","max-image-preview":"max-image-preview:large","max-video-preview":"max-video-preview:-1"},"canonical":"https:\/\/www.visit-ulcinj.com\/blog\/2011\/02\/19\/jehona-sopi-kete-vere-do-te-vesh-fustanin-e-bardhe\/","og_locale":"en_US","og_type":"article","og_title":"Jehona Sopi: K\u00ebt\u00eb ver\u00eb do t\u00eb vesh fustanin e bardh\u00eb - Lajme nga Ulqini","og_description":"\u201cI dashuri m\u00eb p\u00ebrkrah shum\u00eb n\u00eb muzik\u00eb, por un\u00eb nuk e v\u00eb n\u00eb rrezik familjen p\u00ebr karrier\u00ebn\u201d Dy vjet m\u00eb par\u00eb, ajo fitoi \u00e7mimin \u201cBest vocal\u201d, me k\u00ebng\u00ebn","og_url":"https:\/\/www.visit-ulcinj.com\/blog\/2011\/02\/19\/jehona-sopi-kete-vere-do-te-vesh-fustanin-e-bardhe\/","og_site_name":"Lajme nga Ulqini","article_published_time":"2011-02-19T17:02:26+00:00","article_modified_time":"2011-02-19T17:03:02+00:00","og_image":[{"url":"http:\/\/www.visit-ulcinj.com\/blog\/wp-content\/uploads\/2011\/02\/Jehona-Sopi.jpg"}],"twitter_misc":{"Written by":"ulqini","Est. reading time":"7 minutes"},"schema":{"@context":"https:\/\/schema.org","@graph":[{"@type":"WebSite","@id":"https:\/\/www.visit-ulcinj.com\/blog\/#website","url":"https:\/\/www.visit-ulcinj.com\/blog\/","name":"Lajme nga Ulqini","description":"Lajme,Vijesti,Ulqini,Ulqin,Crna Gora,Mali i Zi","potentialAction":[{"@type":"SearchAction","target":{"@type":"EntryPoint","urlTemplate":"https:\/\/www.visit-ulcinj.com\/blog\/?s={search_term_string}"},"query-input":"required name=search_term_string"}],"inLanguage":"en-US"},{"@type":"ImageObject","inLanguage":"en-US","@id":"https:\/\/www.visit-ulcinj.com\/blog\/2011\/02\/19\/jehona-sopi-kete-vere-do-te-vesh-fustanin-e-bardhe\/#primaryimage","url":"http:\/\/www.visit-ulcinj.com\/blog\/wp-content\/uploads\/2011\/02\/Jehona-Sopi.jpg","contentUrl":"http:\/\/www.visit-ulcinj.com\/blog\/wp-content\/uploads\/2011\/02\/Jehona-Sopi.jpg"},{"@type":"WebPage","@id":"https:\/\/www.visit-ulcinj.com\/blog\/2011\/02\/19\/jehona-sopi-kete-vere-do-te-vesh-fustanin-e-bardhe\/#webpage","url":"https:\/\/www.visit-ulcinj.com\/blog\/2011\/02\/19\/jehona-sopi-kete-vere-do-te-vesh-fustanin-e-bardhe\/","name":"Jehona Sopi: K\u00ebt\u00eb ver\u00eb do t\u00eb vesh fustanin e bardh\u00eb - Lajme nga Ulqini","isPartOf":{"@id":"https:\/\/www.visit-ulcinj.com\/blog\/#website"},"primaryImageOfPage":{"@id":"https:\/\/www.visit-ulcinj.com\/blog\/2011\/02\/19\/jehona-sopi-kete-vere-do-te-vesh-fustanin-e-bardhe\/#primaryimage"},"datePublished":"2011-02-19T17:02:26+00:00","dateModified":"2011-02-19T17:03:02+00:00","author":{"@id":"https:\/\/www.visit-ulcinj.com\/blog\/#\/schema\/person\/dcab619c614d3038751c63bc2aadc06d"},"description":"\u201cI dashuri m\u00eb p\u00ebrkrah shum\u00eb n\u00eb muzik\u00eb, por un\u00eb nuk e v\u00eb n\u00eb rrezik familjen p\u00ebr karrier\u00ebn\u201d Dy vjet m\u00eb par\u00eb, ajo fitoi \u00e7mimin \u201cBest vocal\u201d, me k\u00ebng\u00ebn","breadcrumb":{"@id":"https:\/\/www.visit-ulcinj.com\/blog\/2011\/02\/19\/jehona-sopi-kete-vere-do-te-vesh-fustanin-e-bardhe\/#breadcrumb"},"inLanguage":"en-US","potentialAction":[{"@type":"ReadAction","target":["https:\/\/www.visit-ulcinj.com\/blog\/2011\/02\/19\/jehona-sopi-kete-vere-do-te-vesh-fustanin-e-bardhe\/"]}]},{"@type":"BreadcrumbList","@id":"https:\/\/www.visit-ulcinj.com\/blog\/2011\/02\/19\/jehona-sopi-kete-vere-do-te-vesh-fustanin-e-bardhe\/#breadcrumb","itemListElement":[{"@type":"ListItem","position":1,"name":"Jehona Sopi: K\u00ebt\u00eb ver\u00eb do t\u00eb vesh fustanin e bardh\u00eb"}]},{"@type":"Person","@id":"https:\/\/www.visit-ulcinj.com\/blog\/#\/schema\/person\/dcab619c614d3038751c63bc2aadc06d","name":"ulqini","sameAs":["http:\/\/www.visit-ulcinj.com"],"url":"https:\/\/www.visit-ulcinj.com\/blog\/author\/admin\/"}]}},"jetpack_featured_media_url":"","jetpack_sharing_enabled":true,"jetpack_shortlink":"https:\/\/wp.me\/pe6lTn-bmi","_links":{"self":[{"href":"https:\/\/www.visit-ulcinj.com\/blog\/wp-json\/wp\/v2\/posts\/43666"}],"collection":[{"href":"https:\/\/www.visit-ulcinj.com\/blog\/wp-json\/wp\/v2\/posts"}],"about":[{"href":"https:\/\/www.visit-ulcinj.com\/blog\/wp-json\/wp\/v2\/types\/post"}],"author":[{"embeddable":true,"href":"https:\/\/www.visit-ulcinj.com\/blog\/wp-json\/wp\/v2\/users\/1"}],"replies":[{"embeddable":true,"href":"https:\/\/www.visit-ulcinj.com\/blog\/wp-json\/wp\/v2\/comments?post=43666"}],"version-history":[{"count":0,"href":"https:\/\/www.visit-ulcinj.com\/blog\/wp-json\/wp\/v2\/posts\/43666\/revisions"}],"wp:attachment":[{"href":"https:\/\/www.visit-ulcinj.com\/blog\/wp-json\/wp\/v2\/media?parent=43666"}],"wp:term":[{"taxonomy":"category","embeddable":true,"href":"https:\/\/www.visit-ulcinj.com\/blog\/wp-json\/wp\/v2\/categories?post=43666"},{"taxonomy":"post_tag","embeddable":true,"href":"https:\/\/www.visit-ulcinj.com\/blog\/wp-json\/wp\/v2\/tags?post=43666"}],"curies":[{"name":"wp","href":"https:\/\/api.w.org\/{rel}","templated":true}]}}