{"id":43673,"date":"2011-02-19T18:15:38","date_gmt":"2011-02-19T17:15:38","guid":{"rendered":"http:\/\/www.visit-ulcinj.com\/blog\/?p=43673"},"modified":"2011-02-19T18:16:13","modified_gmt":"2011-02-19T17:16:13","slug":"dj-blunt-bashkepunim-me-unikkatil","status":"publish","type":"post","link":"https:\/\/www.visit-ulcinj.com\/blog\/2011\/02\/19\/dj-blunt-bashkepunim-me-unikkatil\/","title":{"rendered":"Dj Blunt bashk\u00ebpunim me Unikkatil"},"content":{"rendered":"<p><a href=\"http:\/\/www.visit-ulcinj.com\/blog\/wp-content\/uploads\/2011\/02\/Dj-Blunt.jpg\"><img loading=\"lazy\" class=\"alignleft size-full wp-image-43674\" title=\"Dj Blunt\" src=\"http:\/\/www.visit-ulcinj.com\/blog\/wp-content\/uploads\/2011\/02\/Dj-Blunt.jpg\" alt=\"\" width=\"508\" height=\"327\" \/><\/a>Trevjetorin e Shpalljes s\u00eb Pavar\u00ebsis\u00eb s\u00eb Kosov\u00ebs, \u201cDj Blunt\u201d s\u00eb bashku me \u201cReal 1\u201d e kan\u00eb kaluar n\u00eb sall\u00ebn \u201c1 Tetori\u201d ku kan\u00eb k\u00ebnduar dhe performuar muzik\u00eb para se t\u00eb dal n\u00eb sken\u00eb reperi i njohur n\u00eb bot\u00eb, Frontman Scoop i cili kishte ardhur p\u00ebr t\u00eb k\u00ebnduar p\u00ebr nder t\u00eb fest\u00ebs s\u00eb 17 shkurtit.<\/p>\n<p>Dj Blunt ka th\u00ebn\u00eb p\u00ebr gazet\u00ebn \u201cZ\u00ebri\u201d se mbr\u00ebmja e s\u00eb enjtes ka qen\u00eb shum\u00eb madh\u00ebshtore. \u201cIshte nj\u00eb mbr\u00ebmje fantastike. Kishte shum\u00eb t\u00eb pranish\u00ebm q\u00eb kishin ardhur p\u00ebr t\u00eb na d\u00ebgjuar neve dhe reperin m\u00eb fam\u00eb bot\u00ebrore Frontman Scoop\u201d, thot\u00eb ai duke shtuar se m\u00eb pas kan\u00eb vijuar p\u00ebr t\u00eb arg\u00ebtuar t\u00eb pranishmit n\u00eb klubin muzikor \u201cFull House\u201d.<\/p>\n<p>Nd\u00ebrkoh\u00eb \u201cBlunt\u201d n\u00eb prononcimin dh\u00ebn\u00eb gazet\u00ebs son\u00eb tregon edhe p\u00ebr angazhimet e tij muzikore. Ai thot\u00eb se ka p\u00ebrgatitur nj\u00eb k\u00ebng\u00eb t\u00eb re me \u201cReal 1\u201d, \u201cCapital T\u201d dhe \u201c2 po 2\u201d t\u00eb cil\u00ebs gjat\u00eb jav\u00ebve t\u00eb ardhshme do t\u00eb ia realizojn\u00eb edhe videoklipin, nd\u00ebrsa kjo do t\u00eb jet\u00eb edhe k\u00ebng\u00eb p\u00ebrb\u00ebr\u00ebse e albumit t\u00eb cil\u00ebn ai dhe \u201cReal 1\u201d do editojn\u00eb gjat\u00eb muajve t\u00eb ver\u00ebs.<\/p>\n<p>\u201cKudo ku jam un\u00eb \u00ebsht\u00eb edhe \u201cReal 1\u201d. Pra ne jemi nj\u00eb. K\u00ebnga n\u00eb bashk\u00ebpunim me \u201cCapital T\u201d dhe \u201c2 po 2\u201d titullohet \u201cHello Hello\u201d e cila ka dal\u00eb shum\u00eb e mir\u00eb. Jemi duke e pritur q\u00eb t\u00eb kthehet \u201c2 po 2\u201d nga Franca dhe t\u00eb ia realizojm\u00eb edhe videoklipin\u201d, \u00ebsht\u00eb shprehur ai.<\/p>\n<p>Por, nuk do t\u00eb jen\u00eb k\u00ebta t\u00eb vetmit k\u00ebng\u00ebtar\u00eb m\u00eb t\u00eb cil\u00ebt \u201cBlunt\u201d \u00ebsht\u00eb duke punuar p\u00ebr albumin e tret\u00eb t\u00eb tij. \u201cDo t\u00eb jan\u00eb diku 10 -12 k\u00ebng\u00eb. N\u00eb album do t\u00eb i fusim edhe k\u00ebng\u00ebt q\u00eb kan\u00eb qen\u00eb n\u00eb bashk\u00ebpunim si ajo me Noizyn e disa t\u00eb tjera, por shumica do t\u00eb jan\u00eb k\u00ebng\u00eb t\u00eb reja. N\u00eb album do t\u00eb k\u00ebt\u00eb shum\u00eb bashk\u00ebpunime si me: Mc Kreshen, Kaos, Lyrical Son, Noizyn, Dafina Zeqirin, Big Basta, nd\u00ebrkaq jemi n\u00eb bisedime edhe me Samanta Karavellon si dhe po ashtu surpriz\u00eb p\u00ebr adhuruesit besojm\u00eb se do t\u00eb jet\u00eb bashk\u00ebpunimi me Unikkatilin.<\/p>\n<p>Nuk e di a do t\u00eb jam un\u00eb pjes\u00eb e albumit t\u00eb tij, apo ai do t\u00eb jet\u00eb mysafir n\u00eb albumin tim, por kryesorja q\u00eb do ta b\u00ebjm\u00eb nj\u00eb bashk\u00ebpunim\u201d, ka theksuar ai. Mir\u00ebpo mosmarr\u00ebveshjet e ndodhura koh\u00eb m\u00eb par\u00eb mes tij dhe \u201cTingullit trent\u201d ende nuk kan\u00eb gjetur rehatin\u00eb.<\/p>\n<p>\u201cNuk i kemi rregulluar raportet. Ata jan\u00eb n\u00eb pun\u00eb t\u00eb tyre ne n\u00eb pun\u00eb ton\u00eb. Problemi nuk \u00ebsht\u00eb tek ne, por tek ata, sepse t\u00eb gjith\u00eb reper\u00ebt kan\u00eb problem me ta\u201d, ka th\u00ebn\u00eb ai.<\/p>\n<p>Shpreson t\u00eb merr pjes\u00eb n\u00eb nj\u00eb festival n\u00eb Zvic\u00ebr<\/p>\n<p>Me tej \u201cBlunt\u201d deklaroi se nuk do t\u00eb jet\u00eb pjes\u00eb e asnj\u00eb festival shqiptar\u00eb. Synimet e tij jan\u00eb q\u00eb t\u00eb merr pjes\u00eb n\u00eb nj\u00eb festival nd\u00ebrkomb\u00ebtar\u00eb q\u00eb mbahet \u00e7do vit n\u00eb Zvic\u00ebr.<\/p>\n<p>\u201cP\u00ebrmes nj\u00eb mikut tim, jam duke biseduar q\u00eb t\u00eb marr pjes\u00eb n\u00eb nj\u00eb festival q\u00eb \u00ebsht\u00eb m\u00eb i madhi n\u00eb Zvic\u00ebr dhe n\u00eb t\u00eb cilin marrin pjes\u00eb k\u00ebng\u00ebtar\u00ebt m\u00eb t\u00eb m\u00ebdhenj bot\u00ebror\u00eb. Vitin e kaluar ishte, Rihanna, Jay \u2013Z, Eminem, e shum\u00eb t\u00eb tjer\u00eb.<\/p>\n<p>Po shpresoj q\u00eb t\u00eb m\u00eb jepet mund\u00ebsia p\u00ebr t\u00eb b\u00ebr\u00eb t\u00eb pakt\u00ebn gjysm\u00eb or\u00eb muzik\u00eb para nj\u00eb publiku afro 50 mij\u00eb njer\u00ebz\u201d, ka p\u00ebrfunduar nj\u00ebri nga DJ-\u00ebt m\u00eb t\u00eb njohur n\u00eb trojet shqiptare.<\/p>\n<p><strong>Z\u00cbRI<\/strong><br \/>\n<!--YouTube Error: bad URL entered--><\/p>\n","protected":false},"excerpt":{"rendered":"<p>Trevjetorin e Shpalljes s\u00eb Pavar\u00ebsis\u00eb s\u00eb Kosov\u00ebs, \u201cDj Blunt\u201d s\u00eb bashku me \u201cReal 1\u201d e kan\u00eb kaluar n\u00eb sall\u00ebn \u201c1 Tetori\u201d ku kan\u00eb k\u00ebnduar dhe performuar muzik\u00eb para se t\u00eb dal n\u00eb sken\u00eb reperi i njohur n\u00eb bot\u00eb, Frontman Scoop i cili kishte ardhur p\u00ebr t\u00eb k\u00ebnduar p\u00ebr nder t\u00eb fest\u00ebs s\u00eb 17 shkurtit. Dj [&hellip;]<\/p>\n","protected":false},"author":1,"featured_media":0,"comment_status":"open","ping_status":"closed","sticky":false,"template":"","format":"standard","meta":{"spay_email":"","jetpack_publicize_message":"","jetpack_is_tweetstorm":false,"jetpack_publicize_feature_enabled":true},"categories":[1],"tags":[12759,17412,4007],"jetpack_publicize_connections":[],"yoast_head":"<!-- This site is optimized with the Yoast SEO plugin v19.1 - https:\/\/yoast.com\/wordpress\/plugins\/seo\/ -->\n<title>Dj Blunt bashk\u00ebpunim me Unikkatil - Lajme nga Ulqini<\/title>\n<meta name=\"description\" content=\"Trevjetorin e Shpalljes s\u00eb Pavar\u00ebsis\u00eb s\u00eb Kosov\u00ebs, \u201cDj Blunt\u201d s\u00eb bashku me \u201cReal 1\u201d e kan\u00eb kaluar n\u00eb sall\u00ebn \u201c1 Tetori\u201d ku kan\u00eb k\u00ebnduar dhe performuar\" \/>\n<meta name=\"robots\" content=\"index, follow, max-snippet:-1, max-image-preview:large, max-video-preview:-1\" \/>\n<link rel=\"canonical\" href=\"https:\/\/www.visit-ulcinj.com\/blog\/2011\/02\/19\/dj-blunt-bashkepunim-me-unikkatil\/\" \/>\n<meta property=\"og:locale\" content=\"en_US\" \/>\n<meta property=\"og:type\" content=\"article\" \/>\n<meta property=\"og:title\" content=\"Dj Blunt bashk\u00ebpunim me Unikkatil - Lajme nga Ulqini\" \/>\n<meta property=\"og:description\" content=\"Trevjetorin e Shpalljes s\u00eb Pavar\u00ebsis\u00eb s\u00eb Kosov\u00ebs, \u201cDj Blunt\u201d s\u00eb bashku me \u201cReal 1\u201d e kan\u00eb kaluar n\u00eb sall\u00ebn \u201c1 Tetori\u201d ku kan\u00eb k\u00ebnduar dhe performuar\" \/>\n<meta property=\"og:url\" content=\"https:\/\/www.visit-ulcinj.com\/blog\/2011\/02\/19\/dj-blunt-bashkepunim-me-unikkatil\/\" \/>\n<meta property=\"og:site_name\" content=\"Lajme nga Ulqini\" \/>\n<meta property=\"article:published_time\" content=\"2011-02-19T17:15:38+00:00\" \/>\n<meta property=\"article:modified_time\" content=\"2011-02-19T17:16:13+00:00\" \/>\n<meta property=\"og:image\" content=\"http:\/\/www.visit-ulcinj.com\/blog\/wp-content\/uploads\/2011\/02\/Dj-Blunt.jpg\" \/>\n<meta name=\"twitter:label1\" content=\"Written by\" \/>\n\t<meta name=\"twitter:data1\" content=\"ulqini\" \/>\n\t<meta name=\"twitter:label2\" content=\"Est. reading time\" \/>\n\t<meta name=\"twitter:data2\" content=\"3 minutes\" \/>\n<script type=\"application\/ld+json\" class=\"yoast-schema-graph\">{\"@context\":\"https:\/\/schema.org\",\"@graph\":[{\"@type\":\"WebSite\",\"@id\":\"https:\/\/www.visit-ulcinj.com\/blog\/#website\",\"url\":\"https:\/\/www.visit-ulcinj.com\/blog\/\",\"name\":\"Lajme nga Ulqini\",\"description\":\"Lajme,Vijesti,Ulqini,Ulqin,Crna Gora,Mali i Zi\",\"potentialAction\":[{\"@type\":\"SearchAction\",\"target\":{\"@type\":\"EntryPoint\",\"urlTemplate\":\"https:\/\/www.visit-ulcinj.com\/blog\/?s={search_term_string}\"},\"query-input\":\"required name=search_term_string\"}],\"inLanguage\":\"en-US\"},{\"@type\":\"ImageObject\",\"inLanguage\":\"en-US\",\"@id\":\"https:\/\/www.visit-ulcinj.com\/blog\/2011\/02\/19\/dj-blunt-bashkepunim-me-unikkatil\/#primaryimage\",\"url\":\"http:\/\/www.visit-ulcinj.com\/blog\/wp-content\/uploads\/2011\/02\/Dj-Blunt.jpg\",\"contentUrl\":\"http:\/\/www.visit-ulcinj.com\/blog\/wp-content\/uploads\/2011\/02\/Dj-Blunt.jpg\"},{\"@type\":\"WebPage\",\"@id\":\"https:\/\/www.visit-ulcinj.com\/blog\/2011\/02\/19\/dj-blunt-bashkepunim-me-unikkatil\/#webpage\",\"url\":\"https:\/\/www.visit-ulcinj.com\/blog\/2011\/02\/19\/dj-blunt-bashkepunim-me-unikkatil\/\",\"name\":\"Dj Blunt bashk\u00ebpunim me Unikkatil - Lajme nga Ulqini\",\"isPartOf\":{\"@id\":\"https:\/\/www.visit-ulcinj.com\/blog\/#website\"},\"primaryImageOfPage\":{\"@id\":\"https:\/\/www.visit-ulcinj.com\/blog\/2011\/02\/19\/dj-blunt-bashkepunim-me-unikkatil\/#primaryimage\"},\"datePublished\":\"2011-02-19T17:15:38+00:00\",\"dateModified\":\"2011-02-19T17:16:13+00:00\",\"author\":{\"@id\":\"https:\/\/www.visit-ulcinj.com\/blog\/#\/schema\/person\/dcab619c614d3038751c63bc2aadc06d\"},\"description\":\"Trevjetorin e Shpalljes s\u00eb Pavar\u00ebsis\u00eb s\u00eb Kosov\u00ebs, \u201cDj Blunt\u201d s\u00eb bashku me \u201cReal 1\u201d e kan\u00eb kaluar n\u00eb sall\u00ebn \u201c1 Tetori\u201d ku kan\u00eb k\u00ebnduar dhe performuar\",\"breadcrumb\":{\"@id\":\"https:\/\/www.visit-ulcinj.com\/blog\/2011\/02\/19\/dj-blunt-bashkepunim-me-unikkatil\/#breadcrumb\"},\"inLanguage\":\"en-US\",\"potentialAction\":[{\"@type\":\"ReadAction\",\"target\":[\"https:\/\/www.visit-ulcinj.com\/blog\/2011\/02\/19\/dj-blunt-bashkepunim-me-unikkatil\/\"]}]},{\"@type\":\"BreadcrumbList\",\"@id\":\"https:\/\/www.visit-ulcinj.com\/blog\/2011\/02\/19\/dj-blunt-bashkepunim-me-unikkatil\/#breadcrumb\",\"itemListElement\":[{\"@type\":\"ListItem\",\"position\":1,\"name\":\"Dj Blunt bashk\u00ebpunim me Unikkatil\"}]},{\"@type\":\"Person\",\"@id\":\"https:\/\/www.visit-ulcinj.com\/blog\/#\/schema\/person\/dcab619c614d3038751c63bc2aadc06d\",\"name\":\"ulqini\",\"sameAs\":[\"http:\/\/www.visit-ulcinj.com\"],\"url\":\"https:\/\/www.visit-ulcinj.com\/blog\/author\/admin\/\"}]}<\/script>\n<!-- \/ Yoast SEO plugin. -->","yoast_head_json":{"title":"Dj Blunt bashk\u00ebpunim me Unikkatil - Lajme nga Ulqini","description":"Trevjetorin e Shpalljes s\u00eb Pavar\u00ebsis\u00eb s\u00eb Kosov\u00ebs, \u201cDj Blunt\u201d s\u00eb bashku me \u201cReal 1\u201d e kan\u00eb kaluar n\u00eb sall\u00ebn \u201c1 Tetori\u201d ku kan\u00eb k\u00ebnduar dhe performuar","robots":{"index":"index","follow":"follow","max-snippet":"max-snippet:-1","max-image-preview":"max-image-preview:large","max-video-preview":"max-video-preview:-1"},"canonical":"https:\/\/www.visit-ulcinj.com\/blog\/2011\/02\/19\/dj-blunt-bashkepunim-me-unikkatil\/","og_locale":"en_US","og_type":"article","og_title":"Dj Blunt bashk\u00ebpunim me Unikkatil - Lajme nga Ulqini","og_description":"Trevjetorin e Shpalljes s\u00eb Pavar\u00ebsis\u00eb s\u00eb Kosov\u00ebs, \u201cDj Blunt\u201d s\u00eb bashku me \u201cReal 1\u201d e kan\u00eb kaluar n\u00eb sall\u00ebn \u201c1 Tetori\u201d ku kan\u00eb k\u00ebnduar dhe performuar","og_url":"https:\/\/www.visit-ulcinj.com\/blog\/2011\/02\/19\/dj-blunt-bashkepunim-me-unikkatil\/","og_site_name":"Lajme nga Ulqini","article_published_time":"2011-02-19T17:15:38+00:00","article_modified_time":"2011-02-19T17:16:13+00:00","og_image":[{"url":"http:\/\/www.visit-ulcinj.com\/blog\/wp-content\/uploads\/2011\/02\/Dj-Blunt.jpg"}],"twitter_misc":{"Written by":"ulqini","Est. reading time":"3 minutes"},"schema":{"@context":"https:\/\/schema.org","@graph":[{"@type":"WebSite","@id":"https:\/\/www.visit-ulcinj.com\/blog\/#website","url":"https:\/\/www.visit-ulcinj.com\/blog\/","name":"Lajme nga Ulqini","description":"Lajme,Vijesti,Ulqini,Ulqin,Crna Gora,Mali i Zi","potentialAction":[{"@type":"SearchAction","target":{"@type":"EntryPoint","urlTemplate":"https:\/\/www.visit-ulcinj.com\/blog\/?s={search_term_string}"},"query-input":"required name=search_term_string"}],"inLanguage":"en-US"},{"@type":"ImageObject","inLanguage":"en-US","@id":"https:\/\/www.visit-ulcinj.com\/blog\/2011\/02\/19\/dj-blunt-bashkepunim-me-unikkatil\/#primaryimage","url":"http:\/\/www.visit-ulcinj.com\/blog\/wp-content\/uploads\/2011\/02\/Dj-Blunt.jpg","contentUrl":"http:\/\/www.visit-ulcinj.com\/blog\/wp-content\/uploads\/2011\/02\/Dj-Blunt.jpg"},{"@type":"WebPage","@id":"https:\/\/www.visit-ulcinj.com\/blog\/2011\/02\/19\/dj-blunt-bashkepunim-me-unikkatil\/#webpage","url":"https:\/\/www.visit-ulcinj.com\/blog\/2011\/02\/19\/dj-blunt-bashkepunim-me-unikkatil\/","name":"Dj Blunt bashk\u00ebpunim me Unikkatil - Lajme nga Ulqini","isPartOf":{"@id":"https:\/\/www.visit-ulcinj.com\/blog\/#website"},"primaryImageOfPage":{"@id":"https:\/\/www.visit-ulcinj.com\/blog\/2011\/02\/19\/dj-blunt-bashkepunim-me-unikkatil\/#primaryimage"},"datePublished":"2011-02-19T17:15:38+00:00","dateModified":"2011-02-19T17:16:13+00:00","author":{"@id":"https:\/\/www.visit-ulcinj.com\/blog\/#\/schema\/person\/dcab619c614d3038751c63bc2aadc06d"},"description":"Trevjetorin e Shpalljes s\u00eb Pavar\u00ebsis\u00eb s\u00eb Kosov\u00ebs, \u201cDj Blunt\u201d s\u00eb bashku me \u201cReal 1\u201d e kan\u00eb kaluar n\u00eb sall\u00ebn \u201c1 Tetori\u201d ku kan\u00eb k\u00ebnduar dhe performuar","breadcrumb":{"@id":"https:\/\/www.visit-ulcinj.com\/blog\/2011\/02\/19\/dj-blunt-bashkepunim-me-unikkatil\/#breadcrumb"},"inLanguage":"en-US","potentialAction":[{"@type":"ReadAction","target":["https:\/\/www.visit-ulcinj.com\/blog\/2011\/02\/19\/dj-blunt-bashkepunim-me-unikkatil\/"]}]},{"@type":"BreadcrumbList","@id":"https:\/\/www.visit-ulcinj.com\/blog\/2011\/02\/19\/dj-blunt-bashkepunim-me-unikkatil\/#breadcrumb","itemListElement":[{"@type":"ListItem","position":1,"name":"Dj Blunt bashk\u00ebpunim me Unikkatil"}]},{"@type":"Person","@id":"https:\/\/www.visit-ulcinj.com\/blog\/#\/schema\/person\/dcab619c614d3038751c63bc2aadc06d","name":"ulqini","sameAs":["http:\/\/www.visit-ulcinj.com"],"url":"https:\/\/www.visit-ulcinj.com\/blog\/author\/admin\/"}]}},"jetpack_featured_media_url":"","jetpack_sharing_enabled":true,"jetpack_shortlink":"https:\/\/wp.me\/pe6lTn-bmp","_links":{"self":[{"href":"https:\/\/www.visit-ulcinj.com\/blog\/wp-json\/wp\/v2\/posts\/43673"}],"collection":[{"href":"https:\/\/www.visit-ulcinj.com\/blog\/wp-json\/wp\/v2\/posts"}],"about":[{"href":"https:\/\/www.visit-ulcinj.com\/blog\/wp-json\/wp\/v2\/types\/post"}],"author":[{"embeddable":true,"href":"https:\/\/www.visit-ulcinj.com\/blog\/wp-json\/wp\/v2\/users\/1"}],"replies":[{"embeddable":true,"href":"https:\/\/www.visit-ulcinj.com\/blog\/wp-json\/wp\/v2\/comments?post=43673"}],"version-history":[{"count":0,"href":"https:\/\/www.visit-ulcinj.com\/blog\/wp-json\/wp\/v2\/posts\/43673\/revisions"}],"wp:attachment":[{"href":"https:\/\/www.visit-ulcinj.com\/blog\/wp-json\/wp\/v2\/media?parent=43673"}],"wp:term":[{"taxonomy":"category","embeddable":true,"href":"https:\/\/www.visit-ulcinj.com\/blog\/wp-json\/wp\/v2\/categories?post=43673"},{"taxonomy":"post_tag","embeddable":true,"href":"https:\/\/www.visit-ulcinj.com\/blog\/wp-json\/wp\/v2\/tags?post=43673"}],"curies":[{"name":"wp","href":"https:\/\/api.w.org\/{rel}","templated":true}]}}